{"id":111280,"date":"2024-04-02T18:57:54","date_gmt":"2024-04-03T00:57:54","guid":{"rendered":"https:\/\/reporteroshoy.mx\/noticias\/?p=111280"},"modified":"2024-04-02T18:57:54","modified_gmt":"2024-04-03T00:57:54","slug":"merida-refrendan-compromiso-con-inclusion-de-personas-con-autismo","status":"publish","type":"post","link":"https:\/\/reporteroshoy.mx\/noticias\/merida-refrendan-compromiso-con-inclusion-de-personas-con-autismo\/","title":{"rendered":"M\u00e9rida refrendan compromiso con inclusi\u00f3n de personas con autismo"},"content":{"rendered":"<p style=\"text-align: justify;\" data-sourcepos=\"20:1-20:316\"><span style=\"color: #000000;\">El Ayuntamiento de M\u00e9rida, encabezado por el alcalde <span style=\"text-decoration: underline; color: #0000ff;\"><strong><a style=\"color: #0000ff; text-decoration: underline;\" href=\"https:\/\/www.merida.gob.mx\/municipio\/portal\/gobierno\/directorio.php\">Alejandro Ruz Castro<\/a><\/strong><\/span>, refrend\u00f3 su compromiso con la salud mental y el desarrollo integral de las familias, al destacar las acciones que se realizan a trav\u00e9s del Centro de Salud Mental \u00abAlma Nova\u00bb y el Centro de Orientaci\u00f3n para la Primera Infancia (COPI) \u00abOruga\u00bb, en e<\/span><span style=\"color: #000000;\">l marco del D\u00eda Mundial de Concienciaci\u00f3n sobre el <span style=\"text-decoration: underline; color: #0000ff;\"><strong><a style=\"color: #0000ff; text-decoration: underline;\" href=\"https:\/\/reporteroshoy.mx\/noticias\/concluye-congreso-para-sensibilizar-sobre-el-autismo\/\">Autismo<\/a><\/strong><\/span>.<\/span><\/p>\n<p style=\"text-align: justify;\" data-sourcepos=\"20:1-20:316\"><span style=\"color: #000000;\">Ruz Castro se\u00f1al\u00f3 que, si bien el tema de la salud no compete de forma directa al Ayuntamiento, la Comuna no puede ser indiferente a las necesidades en materia de salud mental que engloba tantos temas y condiciones.<\/span><\/p>\n<p style=\"text-align: justify;\" data-sourcepos=\"24:1-24:209\"><span style=\"color: #000000;\">\u00abHoy, esta M\u00e9rida sensible y solidaria cuenta con el Centro de Salud Mental \u2018Alma Nova\u2019 que surgi\u00f3 de las necesidades detectadas durante la pandemia para brindar atenci\u00f3n y contenci\u00f3n a las personas\u201d, expres\u00f3.<\/span><\/p>\n<p style=\"text-align: justify;\" data-sourcepos=\"24:1-24:209\"><img loading=\"lazy\" decoding=\"async\" class=\"wp-image-111281 aligncenter\" src=\"https:\/\/reporteroshoy.mx\/noticias\/wp-content\/uploads\/2024\/04\/AUTISMO-MERIDA-SIMPOSIO-1-scaled.jpeg\" alt=\"Autismo M\u00e9rida Simposio\" width=\"639\" height=\"413\" \/> <span style=\"color: #000000;\">En este sentido, el Alcalde mencion\u00f3 que en lo que va de la administraci\u00f3n se han atendido a m\u00e1s de 70 mil personas a trav\u00e9s del Departamento de Psicolog\u00eda del Centro \u00abAlma Nova\u00bb, lo que demuestra la gran demanda de atenci\u00f3n en materia de salud mental.<\/span><\/p>\n<p style=\"text-align: justify;\" data-sourcepos=\"28:1-28:274\"><span style=\"color: #000000;\">Asimismo, Ruz Castro destac\u00f3 la apertura del COPI \u00abOruga\u00bb, a cargo del DIF M\u00e9rida, que se especializa en la atenci\u00f3n de ni\u00f1as y ni\u00f1os, brindando una atenci\u00f3n integral a la primera infancia, incluyendo la detecci\u00f3n oportuna de condiciones como autismo, TDAH e hiperactividad.<\/span><\/p>\n<h4 data-sourcepos=\"28:1-28:274\"><strong>Detecci\u00f3n de posibles trastornos en COPI Oruga<\/strong><\/h4>\n<p style=\"text-align: justify;\" data-sourcepos=\"30:1-30:263\"><span style=\"color: #000000;\">\u00abA la fecha, en el COPI \u2018Oruga\u2019 hemos detectado s\u00edntomas de posibles trastornos neurodivergentes en 24 beneficiarias y beneficiarios, que ya fueron canalizados con especialistas quienes determinar\u00e1n el diagn\u00f3stico y, en su caso, el tratamiento necesario\u201d, afirm\u00f3.<\/span><\/p>\n<p style=\"text-align: justify;\" data-sourcepos=\"32:1-32:352\"><span style=\"color: #000000;\">El Alcalde tambi\u00e9n mencion\u00f3 la reciente adhesi\u00f3n de M\u00e9rida a la Red Mundial de Ciudades del Aprendizaje de la UNESCO, as\u00ed como el premio \u00abCiudades Amigas de la Ni\u00f1ez\u00bb en la categor\u00eda de \u00abSalud mental\u00bb por la labor del COPI \u00abOruga\u00bb, como muestra del compromiso del Ayuntamiento con la educaci\u00f3n, la salud mental y el desarrollo integral de las familias.<\/span><\/p>\n<p data-sourcepos=\"32:1-32:352\"><img loading=\"lazy\" decoding=\"async\" class=\"wp-image-111282 aligncenter\" src=\"https:\/\/reporteroshoy.mx\/noticias\/wp-content\/uploads\/2024\/04\/AUTISMO-MERIDA-SIMPOSIO-2-scaled.jpeg\" alt=\"Autismo M\u00e9rida Simposio\" width=\"622\" height=\"388\" \/><\/p>\n<p style=\"text-align: justify;\" data-sourcepos=\"34:1-34:323\"><span style=\"color: #000000;\">En el marco del D\u00eda Mundial de Concienciaci\u00f3n sobre el Autismo, el Alcalde Alejandro Ruz Castro refrend\u00f3 el compromiso del Ayuntamiento con la inclusi\u00f3n y la atenci\u00f3n a las personas con discapacidad, al asegurar que se seguir\u00e1 trabajando en equipo y formando alianzas para construir una sociedad m\u00e1s incluyente y solidaria.<\/span><\/p>\n<p style=\"text-align: justify;\" data-sourcepos=\"36:1-36:112\"><span style=\"color: #000000;\">Como s\u00edmbolo de apoyo a las personas que viven con autismo, el Palacio Municipal se ilumin\u00f3 de azul en este d\u00eda.<\/span><\/p>\n<p style=\"text-align: justify;\" data-sourcepos=\"38:1-38:307\"><span style=\"color: #000000;\">En el evento estuvieron presentes Silvia Sarti Gonz\u00e1lez, directora del DIF M\u00e9rida; Juan Miguel Vera Santos, encargado del Centro de Rehabilitaci\u00f3n y Educaci\u00f3n Especial (CREE); e Ileana Braga, en representaci\u00f3n de Gustavo Arjona Canto de la Comisi\u00f3n Estatal de Derechos Humanos del Estado de Yucat\u00e1n (CODHEY).<\/span><\/p>\n","protected":false},"excerpt":{"rendered":"<p>En el marco del D\u00eda Mundial de Concienciaci\u00f3n sobre el Autismo, el alcalde Alejandro Ruz Castro refrend\u00f3 el compromiso del Ayuntamiento con la inclusi\u00f3n y la atenci\u00f3n a las personas con discapacidad.<\/p>\n","protected":false},"author":2,"featured_media":111282,"comment_status":"open","ping_status":"closed","sticky":false,"template":"","format":"standard","meta":{"footnotes":""},"categories":[24379],"tags":[2200,24,20643,5023,7319],"class_list":["post-111280","post","type-post","status-publish","format-standard","has-post-thumbnail","hentry","category-merida","tag-autismo","tag-ayuntamiento-de-merida","tag-inclusion-de-personas-con-discapacidad","tag-personas-con-discapacidad","tag-salud-mental"],"yoast_head":"<!-- This site is optimized with the Yoast SEO plugin v28.3 - https:\/\/yoast.com\/product\/yoast-seo-wordpress\/ -->\n<title>M\u00e9rida refrendan compromiso con inclusi\u00f3n de personas con autismo<\/title>\n<meta name=\"description\" content=\"En el marco del D\u00eda Mundial de Concienciaci\u00f3n sobre el Autismo, el alcalde Alejandro Ruz Castro refrend\u00f3 el compromiso del Ayuntamiento con la inclusi\u00f3n y la atenci\u00f3n a las personas con discapacidad.\" \/>\n<meta name=\"robots\" content=\"index, follow, max-snippet:-1, max-image-preview:large, max-video-preview:-1\" \/>\n<link rel=\"canonical\" href=\"https:\/\/reporteroshoy.mx\/noticias\/merida-refrendan-compromiso-con-inclusion-de-personas-con-autismo\/\" \/>\n<meta property=\"og:locale\" content=\"es_ES\" \/>\n<meta property=\"og:type\" content=\"article\" \/>\n<meta property=\"og:title\" content=\"M\u00e9rida refrendan compromiso con inclusi\u00f3n de personas con autismo\" \/>\n<meta property=\"og:description\" content=\"En el marco del D\u00eda Mundial de Concienciaci\u00f3n sobre el Autismo, el alcalde Alejandro Ruz Castro refrend\u00f3 el compromiso del Ayuntamiento con la inclusi\u00f3n y la atenci\u00f3n a las personas con discapacidad.\" \/>\n<meta property=\"og:url\" content=\"https:\/\/reporteroshoy.mx\/noticias\/merida-refrendan-compromiso-con-inclusion-de-personas-con-autismo\/\" \/>\n<meta property=\"og:site_name\" content=\"Reporteros Hoy | Noticias de Yucat\u00e1n\" \/>\n<meta property=\"article:publisher\" content=\"http:\/\/www.facebook.com\/reporteroshoymx\" \/>\n<meta property=\"article:published_time\" content=\"2024-04-03T00:57:54+00:00\" \/>\n<meta property=\"og:image\" content=\"https:\/\/reporteroshoy.mx\/noticias\/wp-content\/uploads\/2024\/04\/AUTISMO-MERIDA-SIMPOSIO-2-scaled.jpeg\" \/>\n\t<meta property=\"og:image:width\" content=\"768\" \/>\n\t<meta property=\"og:image:height\" content=\"479\" \/>\n\t<meta property=\"og:image:type\" content=\"image\/jpeg\" \/>\n<meta name=\"author\" content=\"Reporteros Hoy HY\" \/>\n<meta name=\"twitter:card\" content=\"summary_large_image\" \/>\n<meta name=\"twitter:creator\" content=\"@reporteroshoy\" \/>\n<meta name=\"twitter:site\" content=\"@reporteroshoy\" \/>\n<meta name=\"twitter:label1\" content=\"Escrito por\" \/>\n\t<meta name=\"twitter:data1\" content=\"Reporteros Hoy HY\" \/>\n\t<meta name=\"twitter:label2\" content=\"Tiempo de lectura\" \/>\n\t<meta name=\"twitter:data2\" content=\"3 minutos\" \/>\n<script type=\"application\/ld+json\" class=\"yoast-schema-graph\">{\"@context\":\"https:\\\/\\\/schema.org\",\"@graph\":[{\"@type\":\"Article\",\"@id\":\"https:\\\/\\\/reporteroshoy.mx\\\/noticias\\\/merida-refrendan-compromiso-con-inclusion-de-personas-con-autismo\\\/#article\",\"isPartOf\":{\"@id\":\"https:\\\/\\\/reporteroshoy.mx\\\/noticias\\\/merida-refrendan-compromiso-con-inclusion-de-personas-con-autismo\\\/\"},\"author\":{\"name\":\"Reporteros Hoy HY\",\"@id\":\"https:\\\/\\\/reporteroshoy.mx\\\/noticias\\\/#\\\/schema\\\/person\\\/d32189074678a9d41498d4248e29aac3\"},\"headline\":\"M\u00e9rida refrendan compromiso con inclusi\u00f3n de personas con autismo\",\"datePublished\":\"2024-04-03T00:57:54+00:00\",\"mainEntityOfPage\":{\"@id\":\"https:\\\/\\\/reporteroshoy.mx\\\/noticias\\\/merida-refrendan-compromiso-con-inclusion-de-personas-con-autismo\\\/\"},\"wordCount\":499,\"commentCount\":0,\"image\":{\"@id\":\"https:\\\/\\\/reporteroshoy.mx\\\/noticias\\\/merida-refrendan-compromiso-con-inclusion-de-personas-con-autismo\\\/#primaryimage\"},\"thumbnailUrl\":\"https:\\\/\\\/reporteroshoy.mx\\\/noticias\\\/wp-content\\\/uploads\\\/2024\\\/04\\\/AUTISMO-MERIDA-SIMPOSIO-2-scaled.jpeg\",\"keywords\":[\"Autismo\",\"ayuntamiento de merida\",\"inclusi\u00f3n de personas con discapacidad\",\"Personas con discapacidad\",\"Salud Mental\"],\"articleSection\":[\"M\u00e9rida\"],\"inLanguage\":\"es\",\"potentialAction\":[{\"@type\":\"CommentAction\",\"name\":\"Comment\",\"target\":[\"https:\\\/\\\/reporteroshoy.mx\\\/noticias\\\/merida-refrendan-compromiso-con-inclusion-de-personas-con-autismo\\\/#respond\"]}]},{\"@type\":\"WebPage\",\"@id\":\"https:\\\/\\\/reporteroshoy.mx\\\/noticias\\\/merida-refrendan-compromiso-con-inclusion-de-personas-con-autismo\\\/\",\"url\":\"https:\\\/\\\/reporteroshoy.mx\\\/noticias\\\/merida-refrendan-compromiso-con-inclusion-de-personas-con-autismo\\\/\",\"name\":\"M\u00e9rida refrendan compromiso con inclusi\u00f3n de personas con autismo\",\"isPartOf\":{\"@id\":\"https:\\\/\\\/reporteroshoy.mx\\\/noticias\\\/#website\"},\"primaryImageOfPage\":{\"@id\":\"https:\\\/\\\/reporteroshoy.mx\\\/noticias\\\/merida-refrendan-compromiso-con-inclusion-de-personas-con-autismo\\\/#primaryimage\"},\"image\":{\"@id\":\"https:\\\/\\\/reporteroshoy.mx\\\/noticias\\\/merida-refrendan-compromiso-con-inclusion-de-personas-con-autismo\\\/#primaryimage\"},\"thumbnailUrl\":\"https:\\\/\\\/reporteroshoy.mx\\\/noticias\\\/wp-content\\\/uploads\\\/2024\\\/04\\\/AUTISMO-MERIDA-SIMPOSIO-2-scaled.jpeg\",\"datePublished\":\"2024-04-03T00:57:54+00:00\",\"author\":{\"@id\":\"https:\\\/\\\/reporteroshoy.mx\\\/noticias\\\/#\\\/schema\\\/person\\\/d32189074678a9d41498d4248e29aac3\"},\"description\":\"En el marco del D\u00eda Mundial de Concienciaci\u00f3n sobre el Autismo, el alcalde Alejandro Ruz Castro refrend\u00f3 el compromiso del Ayuntamiento con la inclusi\u00f3n y la atenci\u00f3n a las personas con discapacidad.\",\"breadcrumb\":{\"@id\":\"https:\\\/\\\/reporteroshoy.mx\\\/noticias\\\/merida-refrendan-compromiso-con-inclusion-de-personas-con-autismo\\\/#breadcrumb\"},\"inLanguage\":\"es\",\"potentialAction\":[{\"@type\":\"ReadAction\",\"target\":[\"https:\\\/\\\/reporteroshoy.mx\\\/noticias\\\/merida-refrendan-compromiso-con-inclusion-de-personas-con-autismo\\\/\"]}]},{\"@type\":\"ImageObject\",\"inLanguage\":\"es\",\"@id\":\"https:\\\/\\\/reporteroshoy.mx\\\/noticias\\\/merida-refrendan-compromiso-con-inclusion-de-personas-con-autismo\\\/#primaryimage\",\"url\":\"https:\\\/\\\/reporteroshoy.mx\\\/noticias\\\/wp-content\\\/uploads\\\/2024\\\/04\\\/AUTISMO-MERIDA-SIMPOSIO-2-scaled.jpeg\",\"contentUrl\":\"https:\\\/\\\/reporteroshoy.mx\\\/noticias\\\/wp-content\\\/uploads\\\/2024\\\/04\\\/AUTISMO-MERIDA-SIMPOSIO-2-scaled.jpeg\",\"width\":768,\"height\":479,\"caption\":\"Autismo M\u00e9rida Simposio\"},{\"@type\":\"BreadcrumbList\",\"@id\":\"https:\\\/\\\/reporteroshoy.mx\\\/noticias\\\/merida-refrendan-compromiso-con-inclusion-de-personas-con-autismo\\\/#breadcrumb\",\"itemListElement\":[{\"@type\":\"ListItem\",\"position\":1,\"name\":\"Portada\",\"item\":\"https:\\\/\\\/reporteroshoy.mx\\\/noticias\\\/\"},{\"@type\":\"ListItem\",\"position\":2,\"name\":\"M\u00e9rida refrendan compromiso con inclusi\u00f3n de personas con autismo\"}]},{\"@type\":\"WebSite\",\"@id\":\"https:\\\/\\\/reporteroshoy.mx\\\/noticias\\\/#website\",\"url\":\"https:\\\/\\\/reporteroshoy.mx\\\/noticias\\\/\",\"name\":\"Reporteros Hoy | Noticias de Yucat\u00e1n\",\"description\":\"Peri\u00f3dico digital con noticias diarias desde M\u00e9rida, Yucat\u00e1n para el mundo.\",\"potentialAction\":[{\"@type\":\"SearchAction\",\"target\":{\"@type\":\"EntryPoint\",\"urlTemplate\":\"https:\\\/\\\/reporteroshoy.mx\\\/noticias\\\/?s={search_term_string}\"},\"query-input\":{\"@type\":\"PropertyValueSpecification\",\"valueRequired\":true,\"valueName\":\"search_term_string\"}}],\"inLanguage\":\"es\"},{\"@type\":\"Person\",\"@id\":\"https:\\\/\\\/reporteroshoy.mx\\\/noticias\\\/#\\\/schema\\\/person\\\/d32189074678a9d41498d4248e29aac3\",\"name\":\"Reporteros Hoy HY\",\"image\":{\"@type\":\"ImageObject\",\"inLanguage\":\"es\",\"@id\":\"https:\\\/\\\/secure.gravatar.com\\\/avatar\\\/c539a82770f256437b35bda44650bb50f5fd4b7017f8b29672ed9f27a43cec47?s=96&d=mm&r=g\",\"url\":\"https:\\\/\\\/secure.gravatar.com\\\/avatar\\\/c539a82770f256437b35bda44650bb50f5fd4b7017f8b29672ed9f27a43cec47?s=96&d=mm&r=g\",\"contentUrl\":\"https:\\\/\\\/secure.gravatar.com\\\/avatar\\\/c539a82770f256437b35bda44650bb50f5fd4b7017f8b29672ed9f27a43cec47?s=96&d=mm&r=g\",\"caption\":\"Reporteros Hoy HY\"},\"url\":\"https:\\\/\\\/reporteroshoy.mx\\\/noticias\\\/author\\\/thelmo\\\/\"}]}<\/script>\n<!-- \/ Yoast SEO plugin. -->","yoast_head_json":{"title":"M\u00e9rida refrendan compromiso con inclusi\u00f3n de personas con autismo","description":"En el marco del D\u00eda Mundial de Concienciaci\u00f3n sobre el Autismo, el alcalde Alejandro Ruz Castro refrend\u00f3 el compromiso del Ayuntamiento con la inclusi\u00f3n y la atenci\u00f3n a las personas con discapacidad.","robots":{"index":"index","follow":"follow","max-snippet":"max-snippet:-1","max-image-preview":"max-image-preview:large","max-video-preview":"max-video-preview:-1"},"canonical":"https:\/\/reporteroshoy.mx\/noticias\/merida-refrendan-compromiso-con-inclusion-de-personas-con-autismo\/","og_locale":"es_ES","og_type":"article","og_title":"M\u00e9rida refrendan compromiso con inclusi\u00f3n de personas con autismo","og_description":"En el marco del D\u00eda Mundial de Concienciaci\u00f3n sobre el Autismo, el alcalde Alejandro Ruz Castro refrend\u00f3 el compromiso del Ayuntamiento con la inclusi\u00f3n y la atenci\u00f3n a las personas con discapacidad.","og_url":"https:\/\/reporteroshoy.mx\/noticias\/merida-refrendan-compromiso-con-inclusion-de-personas-con-autismo\/","og_site_name":"Reporteros Hoy | Noticias de Yucat\u00e1n","article_publisher":"http:\/\/www.facebook.com\/reporteroshoymx","article_published_time":"2024-04-03T00:57:54+00:00","og_image":[{"width":768,"height":479,"url":"https:\/\/reporteroshoy.mx\/noticias\/wp-content\/uploads\/2024\/04\/AUTISMO-MERIDA-SIMPOSIO-2-scaled.jpeg","type":"image\/jpeg"}],"author":"Reporteros Hoy HY","twitter_card":"summary_large_image","twitter_creator":"@reporteroshoy","twitter_site":"@reporteroshoy","twitter_misc":{"Escrito por":"Reporteros Hoy HY","Tiempo de lectura":"3 minutos"},"schema":{"@context":"https:\/\/schema.org","@graph":[{"@type":"Article","@id":"https:\/\/reporteroshoy.mx\/noticias\/merida-refrendan-compromiso-con-inclusion-de-personas-con-autismo\/#article","isPartOf":{"@id":"https:\/\/reporteroshoy.mx\/noticias\/merida-refrendan-compromiso-con-inclusion-de-personas-con-autismo\/"},"author":{"name":"Reporteros Hoy HY","@id":"https:\/\/reporteroshoy.mx\/noticias\/#\/schema\/person\/d32189074678a9d41498d4248e29aac3"},"headline":"M\u00e9rida refrendan compromiso con inclusi\u00f3n de personas con autismo","datePublished":"2024-04-03T00:57:54+00:00","mainEntityOfPage":{"@id":"https:\/\/reporteroshoy.mx\/noticias\/merida-refrendan-compromiso-con-inclusion-de-personas-con-autismo\/"},"wordCount":499,"commentCount":0,"image":{"@id":"https:\/\/reporteroshoy.mx\/noticias\/merida-refrendan-compromiso-con-inclusion-de-personas-con-autismo\/#primaryimage"},"thumbnailUrl":"https:\/\/reporteroshoy.mx\/noticias\/wp-content\/uploads\/2024\/04\/AUTISMO-MERIDA-SIMPOSIO-2-scaled.jpeg","keywords":["Autismo","ayuntamiento de merida","inclusi\u00f3n de personas con discapacidad","Personas con discapacidad","Salud Mental"],"articleSection":["M\u00e9rida"],"inLanguage":"es","potentialAction":[{"@type":"CommentAction","name":"Comment","target":["https:\/\/reporteroshoy.mx\/noticias\/merida-refrendan-compromiso-con-inclusion-de-personas-con-autismo\/#respond"]}]},{"@type":"WebPage","@id":"https:\/\/reporteroshoy.mx\/noticias\/merida-refrendan-compromiso-con-inclusion-de-personas-con-autismo\/","url":"https:\/\/reporteroshoy.mx\/noticias\/merida-refrendan-compromiso-con-inclusion-de-personas-con-autismo\/","name":"M\u00e9rida refrendan compromiso con inclusi\u00f3n de personas con autismo","isPartOf":{"@id":"https:\/\/reporteroshoy.mx\/noticias\/#website"},"primaryImageOfPage":{"@id":"https:\/\/reporteroshoy.mx\/noticias\/merida-refrendan-compromiso-con-inclusion-de-personas-con-autismo\/#primaryimage"},"image":{"@id":"https:\/\/reporteroshoy.mx\/noticias\/merida-refrendan-compromiso-con-inclusion-de-personas-con-autismo\/#primaryimage"},"thumbnailUrl":"https:\/\/reporteroshoy.mx\/noticias\/wp-content\/uploads\/2024\/04\/AUTISMO-MERIDA-SIMPOSIO-2-scaled.jpeg","datePublished":"2024-04-03T00:57:54+00:00","author":{"@id":"https:\/\/reporteroshoy.mx\/noticias\/#\/schema\/person\/d32189074678a9d41498d4248e29aac3"},"description":"En el marco del D\u00eda Mundial de Concienciaci\u00f3n sobre el Autismo, el alcalde Alejandro Ruz Castro refrend\u00f3 el compromiso del Ayuntamiento con la inclusi\u00f3n y la atenci\u00f3n a las personas con discapacidad.","breadcrumb":{"@id":"https:\/\/reporteroshoy.mx\/noticias\/merida-refrendan-compromiso-con-inclusion-de-personas-con-autismo\/#breadcrumb"},"inLanguage":"es","potentialAction":[{"@type":"ReadAction","target":["https:\/\/reporteroshoy.mx\/noticias\/merida-refrendan-compromiso-con-inclusion-de-personas-con-autismo\/"]}]},{"@type":"ImageObject","inLanguage":"es","@id":"https:\/\/reporteroshoy.mx\/noticias\/merida-refrendan-compromiso-con-inclusion-de-personas-con-autismo\/#primaryimage","url":"https:\/\/reporteroshoy.mx\/noticias\/wp-content\/uploads\/2024\/04\/AUTISMO-MERIDA-SIMPOSIO-2-scaled.jpeg","contentUrl":"https:\/\/reporteroshoy.mx\/noticias\/wp-content\/uploads\/2024\/04\/AUTISMO-MERIDA-SIMPOSIO-2-scaled.jpeg","width":768,"height":479,"caption":"Autismo M\u00e9rida Simposio"},{"@type":"BreadcrumbList","@id":"https:\/\/reporteroshoy.mx\/noticias\/merida-refrendan-compromiso-con-inclusion-de-personas-con-autismo\/#breadcrumb","itemListElement":[{"@type":"ListItem","position":1,"name":"Portada","item":"https:\/\/reporteroshoy.mx\/noticias\/"},{"@type":"ListItem","position":2,"name":"M\u00e9rida refrendan compromiso con inclusi\u00f3n de personas con autismo"}]},{"@type":"WebSite","@id":"https:\/\/reporteroshoy.mx\/noticias\/#website","url":"https:\/\/reporteroshoy.mx\/noticias\/","name":"Reporteros Hoy | Noticias de Yucat\u00e1n","description":"Peri\u00f3dico digital con noticias diarias desde M\u00e9rida, Yucat\u00e1n para el mundo.","potentialAction":[{"@type":"SearchAction","target":{"@type":"EntryPoint","urlTemplate":"https:\/\/reporteroshoy.mx\/noticias\/?s={search_term_string}"},"query-input":{"@type":"PropertyValueSpecification","valueRequired":true,"valueName":"search_term_string"}}],"inLanguage":"es"},{"@type":"Person","@id":"https:\/\/reporteroshoy.mx\/noticias\/#\/schema\/person\/d32189074678a9d41498d4248e29aac3","name":"Reporteros Hoy HY","image":{"@type":"ImageObject","inLanguage":"es","@id":"https:\/\/secure.gravatar.com\/avatar\/c539a82770f256437b35bda44650bb50f5fd4b7017f8b29672ed9f27a43cec47?s=96&d=mm&r=g","url":"https:\/\/secure.gravatar.com\/avatar\/c539a82770f256437b35bda44650bb50f5fd4b7017f8b29672ed9f27a43cec47?s=96&d=mm&r=g","contentUrl":"https:\/\/secure.gravatar.com\/avatar\/c539a82770f256437b35bda44650bb50f5fd4b7017f8b29672ed9f27a43cec47?s=96&d=mm&r=g","caption":"Reporteros Hoy HY"},"url":"https:\/\/reporteroshoy.mx\/noticias\/author\/thelmo\/"}]}},"_links":{"self":[{"href":"https:\/\/reporteroshoy.mx\/noticias\/wp-json\/wp\/v2\/posts\/111280","targetHints":{"allow":["GET"]}}],"collection":[{"href":"https:\/\/reporteroshoy.mx\/noticias\/wp-json\/wp\/v2\/posts"}],"about":[{"href":"https:\/\/reporteroshoy.mx\/noticias\/wp-json\/wp\/v2\/types\/post"}],"author":[{"embeddable":true,"href":"https:\/\/reporteroshoy.mx\/noticias\/wp-json\/wp\/v2\/users\/2"}],"replies":[{"embeddable":true,"href":"https:\/\/reporteroshoy.mx\/noticias\/wp-json\/wp\/v2\/comments?post=111280"}],"version-history":[{"count":0,"href":"https:\/\/reporteroshoy.mx\/noticias\/wp-json\/wp\/v2\/posts\/111280\/revisions"}],"wp:featuredmedia":[{"embeddable":true,"href":"https:\/\/reporteroshoy.mx\/noticias\/wp-json\/wp\/v2\/media\/111282"}],"wp:attachment":[{"href":"https:\/\/reporteroshoy.mx\/noticias\/wp-json\/wp\/v2\/media?parent=111280"}],"wp:term":[{"taxonomy":"category","embeddable":true,"href":"https:\/\/reporteroshoy.mx\/noticias\/wp-json\/wp\/v2\/categories?post=111280"},{"taxonomy":"post_tag","embeddable":true,"href":"https:\/\/reporteroshoy.mx\/noticias\/wp-json\/wp\/v2\/tags?post=111280"}],"curies":[{"name":"wp","href":"https:\/\/api.w.org\/{rel}","templated":true}]}}