{"id":111518,"date":"2024-04-08T14:55:40","date_gmt":"2024-04-08T20:55:40","guid":{"rendered":"https:\/\/reporteroshoy.mx\/noticias\/?p=111518"},"modified":"2024-04-08T14:55:40","modified_gmt":"2024-04-08T20:55:40","slug":"diputados-aprueban-declarar-vaqueria-como-patrimonio-cultural","status":"publish","type":"post","link":"https:\/\/reporteroshoy.mx\/noticias\/diputados-aprueban-declarar-vaqueria-como-patrimonio-cultural\/","title":{"rendered":"Diputados aprueban declarar Vaquer\u00eda como Patrimonio Cultural"},"content":{"rendered":"<p style=\"text-align: justify;\">En sesi\u00f3n de la comisi\u00f3n de Arte y Cultura, las y los diputados aprobaron por unanimidad el proyecto de dictamen que contiene la iniciativa para declarar a la Vaquer\u00eda, Patrimonio Cultural Intangible del Estado, enalteciendo las tradiciones que caracterizan a Yucat\u00e1n.<\/p>\n<p style=\"text-align: justify;\">Tambi\u00e9n, aprobaron los proyectos de dict\u00e1menes para declarar al Janal Pix\u00e1n, y al levantamiento popular acontecido el 4 de junio de 1910 en Valladolid, conocido como \u201cLa chispa de la rebeli\u00f3n de Valladolid\u201d, precursor de la Revoluci\u00f3n Social Mexicana, como Patrimonios Culturales Intangibles para el Estado.<\/p>\n<p style=\"text-align: justify;\">La diputada Carmen Gonz\u00e1lez Mart\u00edn expres\u00f3 que con esto la cultura y tradiciones del estado, no solamente sean valoradas por las y los yucatecos, sino que trascienda nacional e internacionalmente.<\/p>\n<p style=\"text-align: justify;\">Al respecto, la diputada Manuela Cocom Bolio se\u00f1al\u00f3 que estas acciones permiten dar una mayor importancia y realce al estado, especialmente a nuestra identidad cultural.<\/p>\n<p><img loading=\"lazy\" decoding=\"async\" class=\"wp-image-111519 aligncenter\" src=\"https:\/\/reporteroshoy.mx\/noticias\/wp-content\/uploads\/2024\/04\/Vaqueria-scaled.jpg\" alt=\"\" width=\"600\" height=\"338\" \/><\/p>\n<h4><strong>Ley de Emprendedores del Estado<\/strong><\/h4>\n<p style=\"text-align: justify;\">Como parte de las actividades legislativas, en la comisi\u00f3n de Desarrollo Econ\u00f3mico y Fomento al Empleo se aprob\u00f3 por unanimidad las iniciativas para reformar la Ley de Emprendedores del Estado, referente al emprendimiento con perspectiva de g\u00e9nero y otra, con relaci\u00f3n a j\u00f3venes emprendedores.<\/p>\n<p style=\"text-align: justify;\">Se distribuy\u00f3 el proyecto para reformar la Ley de los Trabajadores al Servicio del Estado referente a la prevenci\u00f3n de acoso y hostigamiento laboral en dependencias gubernamentales.<\/p>\n<p style=\"text-align: justify;\">En otra sesi\u00f3n, de la comisi\u00f3n de Puntos Constitucionales y Gobernaci\u00f3n solicitaron diversos proyectos de dictamen para su an\u00e1lisis y aprobaci\u00f3n.<\/p>\n<p style=\"text-align: justify;\">Primero, aprobaron el proyecto de dictamen para crear el reconocimiento \u201cEnfermera Refugio Esteves Reyes\u201d del H. Congreso del Estado.<\/p>\n<h4><strong>Gerardo D\u00edaz de Zavala<\/strong><\/h4>\n<p style=\"text-align: justify;\">Continuando con el orden del d\u00eda, aprobaron el proyecto de dictamen en el que ratifican a Gerardo D\u00edaz de Zavala, propuesto por el Gobierno del Estado, para ocupar el cargo de titular de la Direcci\u00f3n General de la empresa p\u00fablica Operadora Energ\u00e9tica y Mar\u00edtima de Yucat\u00e1n por un lapso de 10 a\u00f1os.<\/p>\n<p style=\"text-align: justify;\">Otro, proyecto de dictamen aprobado fue referente al oficio que contiene la designaci\u00f3n de Consejeros Independientes del Consejo de Administraci\u00f3n de la empresa p\u00fablica Operadora Energ\u00e9tica y Mar\u00edtima de Yucat\u00e1n, Sociedad An\u00f3nima de Capital Variable de Participaci\u00f3n Estatal Mayoritaria, en el que el Congreso ratifica la propuesta del Gobierno del estado para que los cargos sean ocupados por Alejandro Guerrero Lozano, \u00c1lvaro Garza de la Gala, Jorge Carlos Macari Ponce, Jorge Charruf C\u00e1ceres y Henry Gonz\u00e1lez Duarte.<\/p>\n<p><em><strong>Te interesa:\u00a0<a href=\"https:\/\/reporteroshoy.mx\/noticias\/la-gran-vaqueria-de-carnaval-engalana-merida\/\">\u00abLa Gran Vaquer\u00eda de Carnaval\u00bb engalana M\u00e9rida<\/a><\/strong><\/em><\/p>\n<p style=\"text-align: justify;\">Se continu\u00f3 con el an\u00e1lisis de la iniciativa para modificar la Constituci\u00f3n y la Ley de Fiscalizaci\u00f3n de la Cuenta P\u00fablica del Estado; y solicitaron el proyecto de dictamen para modificar la Constituci\u00f3n en materia de mejora regulatoria.<\/p>\n<h4><strong> Ley de Acceso de las Mujeres a una Vida Libre de Violencia<\/strong><\/h4>\n<p style=\"text-align: justify;\">Tambi\u00e9n, solicitaron los dict\u00e1menes para expedir las leyes de Coordinaci\u00f3n Metropolitana, Desarrollo Regional y Asociatividad Intermunicipal, y para la Prevenci\u00f3n Social de la Violencia y la Delincuencia, as\u00ed como modificaciones a la Ley de Prevenci\u00f3n y Atenci\u00f3n Integral de las Adicciones.<\/p>\n<p style=\"text-align: justify;\">Por \u00faltimo, en la comisi\u00f3n de Justicia y Seguridad P\u00fablica solicitaron el proyecto de dictamen para modificar disposiciones a la Ley de Acceso de las Mujeres a una Vida Libre de Violencia y al C\u00f3digo Penal en materia de tentativa de feminicidio causada por \u00e1cidos o sustancias corrosivas.<\/p>\n<p style=\"text-align: justify;\">En esta distribuyeron, las iniciativas para modificaciones al C\u00f3digo Penal del Estado, referente al incumplimiento de obligaciones de asistencia familiar, y a la Ley del Sistema Estatal de Seguridad P\u00fablica.<\/p>\n","protected":false},"excerpt":{"rendered":"<p>En sesi\u00f3n de la comisi\u00f3n de Arte y Cultura, los diputados aprobaron por unanimidad declarar la Vaquer\u00eda como Patrimonio Cultural.<\/p>\n","protected":false},"author":9,"featured_media":111519,"comment_status":"open","ping_status":"closed","sticky":false,"template":"","format":"standard","meta":{"footnotes":""},"categories":[24410],"tags":[321,2254,25107,1378],"class_list":["post-111518","post","type-post","status-publish","format-standard","has-post-thumbnail","hentry","category-politica","tag-congreso-de-yucatan","tag-diputados","tag-patrimonio-cultural","tag-vaqueria"],"yoast_head":"<!-- This site is optimized with the Yoast SEO plugin v28.4 - https:\/\/yoast.com\/product\/yoast-seo-wordpress\/ -->\n<title>Diputados aprueban declarar Vaquer\u00eda como Patrimonio Cultural<\/title>\n<meta name=\"description\" content=\"En sesi\u00f3n de la comisi\u00f3n de Arte y Cultura, los diputados aprobaron por unanimidad declarar la Vaquer\u00eda como Patrimonio Cultural.\" \/>\n<meta name=\"robots\" content=\"index, follow, max-snippet:-1, max-image-preview:large, max-video-preview:-1\" \/>\n<link rel=\"canonical\" href=\"https:\/\/reporteroshoy.mx\/noticias\/diputados-aprueban-declarar-vaqueria-como-patrimonio-cultural\/\" \/>\n<meta property=\"og:locale\" content=\"es_ES\" \/>\n<meta property=\"og:type\" content=\"article\" \/>\n<meta property=\"og:title\" content=\"Diputados aprueban declarar Vaquer\u00eda como Patrimonio Cultural\" \/>\n<meta property=\"og:description\" content=\"En sesi\u00f3n de la comisi\u00f3n de Arte y Cultura, los diputados aprobaron por unanimidad declarar la Vaquer\u00eda como Patrimonio Cultural.\" \/>\n<meta property=\"og:url\" content=\"https:\/\/reporteroshoy.mx\/noticias\/diputados-aprueban-declarar-vaqueria-como-patrimonio-cultural\/\" \/>\n<meta property=\"og:site_name\" content=\"Reporteros Hoy | Noticias de Yucat\u00e1n\" \/>\n<meta property=\"article:publisher\" content=\"http:\/\/www.facebook.com\/reporteroshoymx\" \/>\n<meta property=\"article:published_time\" content=\"2024-04-08T20:55:40+00:00\" \/>\n<meta property=\"og:image\" content=\"https:\/\/reporteroshoy.mx\/noticias\/wp-content\/uploads\/2024\/04\/Vaqueria-scaled.jpg\" \/>\n\t<meta property=\"og:image:width\" content=\"768\" \/>\n\t<meta property=\"og:image:height\" content=\"432\" \/>\n\t<meta property=\"og:image:type\" content=\"image\/jpeg\" \/>\n<meta name=\"author\" content=\"Reporteros Hoy WP\" \/>\n<meta name=\"twitter:card\" content=\"summary_large_image\" \/>\n<meta name=\"twitter:creator\" content=\"@reporteroshoy\" \/>\n<meta name=\"twitter:site\" content=\"@reporteroshoy\" \/>\n<meta name=\"twitter:label1\" content=\"Escrito por\" \/>\n\t<meta name=\"twitter:data1\" content=\"Reporteros Hoy WP\" \/>\n\t<meta name=\"twitter:label2\" content=\"Tiempo de lectura\" \/>\n\t<meta name=\"twitter:data2\" content=\"4 minutos\" \/>\n<script type=\"application\/ld+json\" class=\"yoast-schema-graph\">{\"@context\":\"https:\\\/\\\/schema.org\",\"@graph\":[{\"@type\":\"Article\",\"@id\":\"https:\\\/\\\/reporteroshoy.mx\\\/noticias\\\/diputados-aprueban-declarar-vaqueria-como-patrimonio-cultural\\\/#article\",\"isPartOf\":{\"@id\":\"https:\\\/\\\/reporteroshoy.mx\\\/noticias\\\/diputados-aprueban-declarar-vaqueria-como-patrimonio-cultural\\\/\"},\"author\":{\"name\":\"Reporteros Hoy WP\",\"@id\":\"https:\\\/\\\/reporteroshoy.mx\\\/noticias\\\/#\\\/schema\\\/person\\\/c977527e57c958a62c5cefe8fe47876e\"},\"headline\":\"Diputados aprueban declarar Vaquer\u00eda como Patrimonio Cultural\",\"datePublished\":\"2024-04-08T20:55:40+00:00\",\"mainEntityOfPage\":{\"@id\":\"https:\\\/\\\/reporteroshoy.mx\\\/noticias\\\/diputados-aprueban-declarar-vaqueria-como-patrimonio-cultural\\\/\"},\"wordCount\":634,\"commentCount\":0,\"image\":{\"@id\":\"https:\\\/\\\/reporteroshoy.mx\\\/noticias\\\/diputados-aprueban-declarar-vaqueria-como-patrimonio-cultural\\\/#primaryimage\"},\"thumbnailUrl\":\"https:\\\/\\\/reporteroshoy.mx\\\/noticias\\\/wp-content\\\/uploads\\\/2024\\\/04\\\/Vaqueria-scaled.jpg\",\"keywords\":[\"congreso de yucat\u00e1n\",\"diputados\",\"Patrimonio cultural\",\"Vaquer\u00eda\"],\"articleSection\":[\"Pol\u00edtica\"],\"inLanguage\":\"es\",\"potentialAction\":[{\"@type\":\"CommentAction\",\"name\":\"Comment\",\"target\":[\"https:\\\/\\\/reporteroshoy.mx\\\/noticias\\\/diputados-aprueban-declarar-vaqueria-como-patrimonio-cultural\\\/#respond\"]}]},{\"@type\":\"WebPage\",\"@id\":\"https:\\\/\\\/reporteroshoy.mx\\\/noticias\\\/diputados-aprueban-declarar-vaqueria-como-patrimonio-cultural\\\/\",\"url\":\"https:\\\/\\\/reporteroshoy.mx\\\/noticias\\\/diputados-aprueban-declarar-vaqueria-como-patrimonio-cultural\\\/\",\"name\":\"Diputados aprueban declarar Vaquer\u00eda como Patrimonio Cultural\",\"isPartOf\":{\"@id\":\"https:\\\/\\\/reporteroshoy.mx\\\/noticias\\\/#website\"},\"primaryImageOfPage\":{\"@id\":\"https:\\\/\\\/reporteroshoy.mx\\\/noticias\\\/diputados-aprueban-declarar-vaqueria-como-patrimonio-cultural\\\/#primaryimage\"},\"image\":{\"@id\":\"https:\\\/\\\/reporteroshoy.mx\\\/noticias\\\/diputados-aprueban-declarar-vaqueria-como-patrimonio-cultural\\\/#primaryimage\"},\"thumbnailUrl\":\"https:\\\/\\\/reporteroshoy.mx\\\/noticias\\\/wp-content\\\/uploads\\\/2024\\\/04\\\/Vaqueria-scaled.jpg\",\"datePublished\":\"2024-04-08T20:55:40+00:00\",\"author\":{\"@id\":\"https:\\\/\\\/reporteroshoy.mx\\\/noticias\\\/#\\\/schema\\\/person\\\/c977527e57c958a62c5cefe8fe47876e\"},\"description\":\"En sesi\u00f3n de la comisi\u00f3n de Arte y Cultura, los diputados aprobaron por unanimidad declarar la Vaquer\u00eda como Patrimonio Cultural.\",\"breadcrumb\":{\"@id\":\"https:\\\/\\\/reporteroshoy.mx\\\/noticias\\\/diputados-aprueban-declarar-vaqueria-como-patrimonio-cultural\\\/#breadcrumb\"},\"inLanguage\":\"es\",\"potentialAction\":[{\"@type\":\"ReadAction\",\"target\":[\"https:\\\/\\\/reporteroshoy.mx\\\/noticias\\\/diputados-aprueban-declarar-vaqueria-como-patrimonio-cultural\\\/\"]}]},{\"@type\":\"ImageObject\",\"inLanguage\":\"es\",\"@id\":\"https:\\\/\\\/reporteroshoy.mx\\\/noticias\\\/diputados-aprueban-declarar-vaqueria-como-patrimonio-cultural\\\/#primaryimage\",\"url\":\"https:\\\/\\\/reporteroshoy.mx\\\/noticias\\\/wp-content\\\/uploads\\\/2024\\\/04\\\/Vaqueria-scaled.jpg\",\"contentUrl\":\"https:\\\/\\\/reporteroshoy.mx\\\/noticias\\\/wp-content\\\/uploads\\\/2024\\\/04\\\/Vaqueria-scaled.jpg\",\"width\":768,\"height\":432},{\"@type\":\"BreadcrumbList\",\"@id\":\"https:\\\/\\\/reporteroshoy.mx\\\/noticias\\\/diputados-aprueban-declarar-vaqueria-como-patrimonio-cultural\\\/#breadcrumb\",\"itemListElement\":[{\"@type\":\"ListItem\",\"position\":1,\"name\":\"Portada\",\"item\":\"https:\\\/\\\/reporteroshoy.mx\\\/noticias\\\/\"},{\"@type\":\"ListItem\",\"position\":2,\"name\":\"Diputados aprueban declarar Vaquer\u00eda como Patrimonio Cultural\"}]},{\"@type\":\"WebSite\",\"@id\":\"https:\\\/\\\/reporteroshoy.mx\\\/noticias\\\/#website\",\"url\":\"https:\\\/\\\/reporteroshoy.mx\\\/noticias\\\/\",\"name\":\"Reporteros Hoy | Noticias de Yucat\u00e1n\",\"description\":\"Peri\u00f3dico digital con noticias diarias desde M\u00e9rida, Yucat\u00e1n para el mundo.\",\"potentialAction\":[{\"@type\":\"SearchAction\",\"target\":{\"@type\":\"EntryPoint\",\"urlTemplate\":\"https:\\\/\\\/reporteroshoy.mx\\\/noticias\\\/?s={search_term_string}\"},\"query-input\":{\"@type\":\"PropertyValueSpecification\",\"valueRequired\":true,\"valueName\":\"search_term_string\"}}],\"inLanguage\":\"es\"},{\"@type\":\"Person\",\"@id\":\"https:\\\/\\\/reporteroshoy.mx\\\/noticias\\\/#\\\/schema\\\/person\\\/c977527e57c958a62c5cefe8fe47876e\",\"name\":\"Reporteros Hoy WP\",\"image\":{\"@type\":\"ImageObject\",\"inLanguage\":\"es\",\"@id\":\"https:\\\/\\\/secure.gravatar.com\\\/avatar\\\/fd2917f79a7dae30f8ac9ddc2f35e1756bb59e25e01d1cd09deaa64df7b2f73e?s=96&d=mm&r=g\",\"url\":\"https:\\\/\\\/secure.gravatar.com\\\/avatar\\\/fd2917f79a7dae30f8ac9ddc2f35e1756bb59e25e01d1cd09deaa64df7b2f73e?s=96&d=mm&r=g\",\"contentUrl\":\"https:\\\/\\\/secure.gravatar.com\\\/avatar\\\/fd2917f79a7dae30f8ac9ddc2f35e1756bb59e25e01d1cd09deaa64df7b2f73e?s=96&d=mm&r=g\",\"caption\":\"Reporteros Hoy WP\"},\"url\":\"https:\\\/\\\/reporteroshoy.mx\\\/noticias\\\/author\\\/walfer\\\/\"}]}<\/script>\n<!-- \/ Yoast SEO plugin. -->","yoast_head_json":{"title":"Diputados aprueban declarar Vaquer\u00eda como Patrimonio Cultural","description":"En sesi\u00f3n de la comisi\u00f3n de Arte y Cultura, los diputados aprobaron por unanimidad declarar la Vaquer\u00eda como Patrimonio Cultural.","robots":{"index":"index","follow":"follow","max-snippet":"max-snippet:-1","max-image-preview":"max-image-preview:large","max-video-preview":"max-video-preview:-1"},"canonical":"https:\/\/reporteroshoy.mx\/noticias\/diputados-aprueban-declarar-vaqueria-como-patrimonio-cultural\/","og_locale":"es_ES","og_type":"article","og_title":"Diputados aprueban declarar Vaquer\u00eda como Patrimonio Cultural","og_description":"En sesi\u00f3n de la comisi\u00f3n de Arte y Cultura, los diputados aprobaron por unanimidad declarar la Vaquer\u00eda como Patrimonio Cultural.","og_url":"https:\/\/reporteroshoy.mx\/noticias\/diputados-aprueban-declarar-vaqueria-como-patrimonio-cultural\/","og_site_name":"Reporteros Hoy | Noticias de Yucat\u00e1n","article_publisher":"http:\/\/www.facebook.com\/reporteroshoymx","article_published_time":"2024-04-08T20:55:40+00:00","og_image":[{"width":768,"height":432,"url":"https:\/\/reporteroshoy.mx\/noticias\/wp-content\/uploads\/2024\/04\/Vaqueria-scaled.jpg","type":"image\/jpeg"}],"author":"Reporteros Hoy WP","twitter_card":"summary_large_image","twitter_creator":"@reporteroshoy","twitter_site":"@reporteroshoy","twitter_misc":{"Escrito por":"Reporteros Hoy WP","Tiempo de lectura":"4 minutos"},"schema":{"@context":"https:\/\/schema.org","@graph":[{"@type":"Article","@id":"https:\/\/reporteroshoy.mx\/noticias\/diputados-aprueban-declarar-vaqueria-como-patrimonio-cultural\/#article","isPartOf":{"@id":"https:\/\/reporteroshoy.mx\/noticias\/diputados-aprueban-declarar-vaqueria-como-patrimonio-cultural\/"},"author":{"name":"Reporteros Hoy WP","@id":"https:\/\/reporteroshoy.mx\/noticias\/#\/schema\/person\/c977527e57c958a62c5cefe8fe47876e"},"headline":"Diputados aprueban declarar Vaquer\u00eda como Patrimonio Cultural","datePublished":"2024-04-08T20:55:40+00:00","mainEntityOfPage":{"@id":"https:\/\/reporteroshoy.mx\/noticias\/diputados-aprueban-declarar-vaqueria-como-patrimonio-cultural\/"},"wordCount":634,"commentCount":0,"image":{"@id":"https:\/\/reporteroshoy.mx\/noticias\/diputados-aprueban-declarar-vaqueria-como-patrimonio-cultural\/#primaryimage"},"thumbnailUrl":"https:\/\/reporteroshoy.mx\/noticias\/wp-content\/uploads\/2024\/04\/Vaqueria-scaled.jpg","keywords":["congreso de yucat\u00e1n","diputados","Patrimonio cultural","Vaquer\u00eda"],"articleSection":["Pol\u00edtica"],"inLanguage":"es","potentialAction":[{"@type":"CommentAction","name":"Comment","target":["https:\/\/reporteroshoy.mx\/noticias\/diputados-aprueban-declarar-vaqueria-como-patrimonio-cultural\/#respond"]}]},{"@type":"WebPage","@id":"https:\/\/reporteroshoy.mx\/noticias\/diputados-aprueban-declarar-vaqueria-como-patrimonio-cultural\/","url":"https:\/\/reporteroshoy.mx\/noticias\/diputados-aprueban-declarar-vaqueria-como-patrimonio-cultural\/","name":"Diputados aprueban declarar Vaquer\u00eda como Patrimonio Cultural","isPartOf":{"@id":"https:\/\/reporteroshoy.mx\/noticias\/#website"},"primaryImageOfPage":{"@id":"https:\/\/reporteroshoy.mx\/noticias\/diputados-aprueban-declarar-vaqueria-como-patrimonio-cultural\/#primaryimage"},"image":{"@id":"https:\/\/reporteroshoy.mx\/noticias\/diputados-aprueban-declarar-vaqueria-como-patrimonio-cultural\/#primaryimage"},"thumbnailUrl":"https:\/\/reporteroshoy.mx\/noticias\/wp-content\/uploads\/2024\/04\/Vaqueria-scaled.jpg","datePublished":"2024-04-08T20:55:40+00:00","author":{"@id":"https:\/\/reporteroshoy.mx\/noticias\/#\/schema\/person\/c977527e57c958a62c5cefe8fe47876e"},"description":"En sesi\u00f3n de la comisi\u00f3n de Arte y Cultura, los diputados aprobaron por unanimidad declarar la Vaquer\u00eda como Patrimonio Cultural.","breadcrumb":{"@id":"https:\/\/reporteroshoy.mx\/noticias\/diputados-aprueban-declarar-vaqueria-como-patrimonio-cultural\/#breadcrumb"},"inLanguage":"es","potentialAction":[{"@type":"ReadAction","target":["https:\/\/reporteroshoy.mx\/noticias\/diputados-aprueban-declarar-vaqueria-como-patrimonio-cultural\/"]}]},{"@type":"ImageObject","inLanguage":"es","@id":"https:\/\/reporteroshoy.mx\/noticias\/diputados-aprueban-declarar-vaqueria-como-patrimonio-cultural\/#primaryimage","url":"https:\/\/reporteroshoy.mx\/noticias\/wp-content\/uploads\/2024\/04\/Vaqueria-scaled.jpg","contentUrl":"https:\/\/reporteroshoy.mx\/noticias\/wp-content\/uploads\/2024\/04\/Vaqueria-scaled.jpg","width":768,"height":432},{"@type":"BreadcrumbList","@id":"https:\/\/reporteroshoy.mx\/noticias\/diputados-aprueban-declarar-vaqueria-como-patrimonio-cultural\/#breadcrumb","itemListElement":[{"@type":"ListItem","position":1,"name":"Portada","item":"https:\/\/reporteroshoy.mx\/noticias\/"},{"@type":"ListItem","position":2,"name":"Diputados aprueban declarar Vaquer\u00eda como Patrimonio Cultural"}]},{"@type":"WebSite","@id":"https:\/\/reporteroshoy.mx\/noticias\/#website","url":"https:\/\/reporteroshoy.mx\/noticias\/","name":"Reporteros Hoy | Noticias de Yucat\u00e1n","description":"Peri\u00f3dico digital con noticias diarias desde M\u00e9rida, Yucat\u00e1n para el mundo.","potentialAction":[{"@type":"SearchAction","target":{"@type":"EntryPoint","urlTemplate":"https:\/\/reporteroshoy.mx\/noticias\/?s={search_term_string}"},"query-input":{"@type":"PropertyValueSpecification","valueRequired":true,"valueName":"search_term_string"}}],"inLanguage":"es"},{"@type":"Person","@id":"https:\/\/reporteroshoy.mx\/noticias\/#\/schema\/person\/c977527e57c958a62c5cefe8fe47876e","name":"Reporteros Hoy WP","image":{"@type":"ImageObject","inLanguage":"es","@id":"https:\/\/secure.gravatar.com\/avatar\/fd2917f79a7dae30f8ac9ddc2f35e1756bb59e25e01d1cd09deaa64df7b2f73e?s=96&d=mm&r=g","url":"https:\/\/secure.gravatar.com\/avatar\/fd2917f79a7dae30f8ac9ddc2f35e1756bb59e25e01d1cd09deaa64df7b2f73e?s=96&d=mm&r=g","contentUrl":"https:\/\/secure.gravatar.com\/avatar\/fd2917f79a7dae30f8ac9ddc2f35e1756bb59e25e01d1cd09deaa64df7b2f73e?s=96&d=mm&r=g","caption":"Reporteros Hoy WP"},"url":"https:\/\/reporteroshoy.mx\/noticias\/author\/walfer\/"}]}},"_links":{"self":[{"href":"https:\/\/reporteroshoy.mx\/noticias\/wp-json\/wp\/v2\/posts\/111518","targetHints":{"allow":["GET"]}}],"collection":[{"href":"https:\/\/reporteroshoy.mx\/noticias\/wp-json\/wp\/v2\/posts"}],"about":[{"href":"https:\/\/reporteroshoy.mx\/noticias\/wp-json\/wp\/v2\/types\/post"}],"author":[{"embeddable":true,"href":"https:\/\/reporteroshoy.mx\/noticias\/wp-json\/wp\/v2\/users\/9"}],"replies":[{"embeddable":true,"href":"https:\/\/reporteroshoy.mx\/noticias\/wp-json\/wp\/v2\/comments?post=111518"}],"version-history":[{"count":0,"href":"https:\/\/reporteroshoy.mx\/noticias\/wp-json\/wp\/v2\/posts\/111518\/revisions"}],"wp:featuredmedia":[{"embeddable":true,"href":"https:\/\/reporteroshoy.mx\/noticias\/wp-json\/wp\/v2\/media\/111519"}],"wp:attachment":[{"href":"https:\/\/reporteroshoy.mx\/noticias\/wp-json\/wp\/v2\/media?parent=111518"}],"wp:term":[{"taxonomy":"category","embeddable":true,"href":"https:\/\/reporteroshoy.mx\/noticias\/wp-json\/wp\/v2\/categories?post=111518"},{"taxonomy":"post_tag","embeddable":true,"href":"https:\/\/reporteroshoy.mx\/noticias\/wp-json\/wp\/v2\/tags?post=111518"}],"curies":[{"name":"wp","href":"https:\/\/api.w.org\/{rel}","templated":true}]}}