{"id":112266,"date":"2024-04-28T16:36:13","date_gmt":"2024-04-28T22:36:13","guid":{"rendered":"https:\/\/reporteroshoy.mx\/noticias\/?p=112266"},"modified":"2024-04-30T04:43:31","modified_gmt":"2024-04-30T10:43:31","slug":"yucatan-segundo-lugar-con-menor-tasa-de-desempleo","status":"publish","type":"post","link":"https:\/\/reporteroshoy.mx\/noticias\/yucatan-segundo-lugar-con-menor-tasa-de-desempleo\/","title":{"rendered":"Yucat\u00e1n segundo lugar con menor tasa de desempleo"},"content":{"rendered":"<p style=\"text-align: justify;\">Yucat\u00e1n se coloc\u00f3 en el segundo lugar de todo el pa\u00eds con menor tasa de desempleo al registrar una tasa de desocupaci\u00f3n de 1.0%, que es menor a la nacional de 2.3%, lo cual refleja los resultados de las pol\u00edticas econ\u00f3micas que impulsa el Gobernador Mauricio Vila Dosal y cuyo objetivo es ofrecer fuentes de trabajo de calidad, mejor pagados y con seguridad social para las y los yucatecos.<\/p>\n<p><img loading=\"lazy\" decoding=\"async\" class=\"alignnone size-full wp-image-83821\" src=\"https:\/\/reporteroshoy.mx\/noticias\/wp-content\/uploads\/2022\/04\/EMPLEOS_FABRICAS-3.jpeg\" alt=\"\" width=\"768\" height=\"511\" \/><\/p>\n<p style=\"text-align: justify;\">En el reporte de desocupaci\u00f3n emitido por el Instituto Nacional de Estad\u00edstica y Geograf\u00eda <a href=\"https:\/\/www.inegi.org.mx\/\">INEGI<\/a> correspondiente al mes de marzo, se informa que, lo anterior signific\u00f3 una reducci\u00f3n de -1.2 puntos porcentuales en la desocupaci\u00f3n y un avance de 9 posiciones en el ranking nacional respecto al mismo mes de 2023.<\/p>\n<p style=\"text-align: justify;\">El instituto nacional destac\u00f3 que en el comparativo mensual, Yucat\u00e1n registr\u00f3 un decremento de -0.33 puntos porcentuales y un avance de 3 posiciones respecto del mes anterior, es decir, febrero de este a\u00f1o.<\/p>\n<p style=\"text-align: justify;\">De esta manera, esos resultados demuestran la historia de cambio y transformaci\u00f3n que se escribe en Yucat\u00e1n con un impulso hist\u00f3rico a la econom\u00eda del estado, promocionando sus ventajas y bondades para atraer m\u00e1s empresas de talla mundial que ofrezcan m\u00e1s y mejores empleos a las y los yucatecos, lo que les permite incrementar su calidad de vida.<\/p>\n<p style=\"text-align: justify;\">\n","protected":false},"excerpt":{"rendered":"<p>La entidad se coloc\u00f3 entre los primeros dos estados del pa\u00eds con menor tasa de desocupaci\u00f3n de acuerdo con el Inegi.<\/p>\n","protected":false},"author":5,"featured_media":83821,"comment_status":"open","ping_status":"closed","sticky":false,"template":"","format":"standard","meta":{"footnotes":""},"categories":[17],"tags":[3152,2247,23],"class_list":["post-112266","post","type-post","status-publish","format-standard","has-post-thumbnail","hentry","category-yucatan","tag-desempleo","tag-inegi","tag-yucatan"],"yoast_head":"<!-- This site is optimized with the Yoast SEO plugin v28.4 - https:\/\/yoast.com\/product\/yoast-seo-wordpress\/ -->\n<title>Yucat\u00e1n segundo lugar con menor tasa de desempleo<\/title>\n<meta name=\"description\" content=\"La entidad se coloc\u00f3 entre los primeros dos estados del pa\u00eds con menor tasa de desocupaci\u00f3n de acuerdo con el Inegi.\" \/>\n<meta name=\"robots\" content=\"index, follow, max-snippet:-1, max-image-preview:large, max-video-preview:-1\" \/>\n<link rel=\"canonical\" href=\"https:\/\/reporteroshoy.mx\/noticias\/yucatan-segundo-lugar-con-menor-tasa-de-desempleo\/\" \/>\n<meta property=\"og:locale\" content=\"es_ES\" \/>\n<meta property=\"og:type\" content=\"article\" \/>\n<meta property=\"og:title\" content=\"Yucat\u00e1n segundo lugar con menor tasa de desempleo\" \/>\n<meta property=\"og:description\" content=\"La entidad se coloc\u00f3 entre los primeros dos estados del pa\u00eds con menor tasa de desocupaci\u00f3n de acuerdo con el Inegi.\" \/>\n<meta property=\"og:url\" content=\"https:\/\/reporteroshoy.mx\/noticias\/yucatan-segundo-lugar-con-menor-tasa-de-desempleo\/\" \/>\n<meta property=\"og:site_name\" content=\"Reporteros Hoy | Noticias de Yucat\u00e1n\" \/>\n<meta property=\"article:publisher\" content=\"http:\/\/www.facebook.com\/reporteroshoymx\" \/>\n<meta property=\"article:published_time\" content=\"2024-04-28T22:36:13+00:00\" \/>\n<meta property=\"article:modified_time\" content=\"2024-04-30T10:43:31+00:00\" \/>\n<meta property=\"og:image\" content=\"https:\/\/reporteroshoy.mx\/noticias\/wp-content\/uploads\/2022\/04\/EMPLEOS_FABRICAS-3.jpeg\" \/>\n\t<meta property=\"og:image:width\" content=\"768\" \/>\n\t<meta property=\"og:image:height\" content=\"511\" \/>\n\t<meta property=\"og:image:type\" content=\"image\/jpeg\" \/>\n<meta name=\"author\" content=\"Reporteros Hoy IM\" \/>\n<meta name=\"twitter:card\" content=\"summary_large_image\" \/>\n<meta name=\"twitter:creator\" content=\"@reporteroshoy\" \/>\n<meta name=\"twitter:site\" content=\"@reporteroshoy\" \/>\n<meta name=\"twitter:label1\" content=\"Escrito por\" \/>\n\t<meta name=\"twitter:data1\" content=\"Reporteros Hoy IM\" \/>\n\t<meta name=\"twitter:label2\" content=\"Tiempo de lectura\" \/>\n\t<meta name=\"twitter:data2\" content=\"2 minutos\" \/>\n<script type=\"application\/ld+json\" class=\"yoast-schema-graph\">{\"@context\":\"https:\\\/\\\/schema.org\",\"@graph\":[{\"@type\":\"Article\",\"@id\":\"https:\\\/\\\/reporteroshoy.mx\\\/noticias\\\/yucatan-segundo-lugar-con-menor-tasa-de-desempleo\\\/#article\",\"isPartOf\":{\"@id\":\"https:\\\/\\\/reporteroshoy.mx\\\/noticias\\\/yucatan-segundo-lugar-con-menor-tasa-de-desempleo\\\/\"},\"author\":{\"name\":\"Reporteros Hoy IM\",\"@id\":\"https:\\\/\\\/reporteroshoy.mx\\\/noticias\\\/#\\\/schema\\\/person\\\/948520f0d88b01be2e5266bc4acbbc15\"},\"headline\":\"Yucat\u00e1n segundo lugar con menor tasa de desempleo\",\"datePublished\":\"2024-04-28T22:36:13+00:00\",\"dateModified\":\"2024-04-30T10:43:31+00:00\",\"mainEntityOfPage\":{\"@id\":\"https:\\\/\\\/reporteroshoy.mx\\\/noticias\\\/yucatan-segundo-lugar-con-menor-tasa-de-desempleo\\\/\"},\"wordCount\":233,\"commentCount\":0,\"image\":{\"@id\":\"https:\\\/\\\/reporteroshoy.mx\\\/noticias\\\/yucatan-segundo-lugar-con-menor-tasa-de-desempleo\\\/#primaryimage\"},\"thumbnailUrl\":\"https:\\\/\\\/reporteroshoy.mx\\\/noticias\\\/wp-content\\\/uploads\\\/2022\\\/04\\\/EMPLEOS_FABRICAS-3.jpeg\",\"keywords\":[\"Desempleo\",\"Inegi\",\"Yucat\u00e1n\"],\"articleSection\":[\"Yucat\u00e1n\"],\"inLanguage\":\"es\",\"potentialAction\":[{\"@type\":\"CommentAction\",\"name\":\"Comment\",\"target\":[\"https:\\\/\\\/reporteroshoy.mx\\\/noticias\\\/yucatan-segundo-lugar-con-menor-tasa-de-desempleo\\\/#respond\"]}]},{\"@type\":\"WebPage\",\"@id\":\"https:\\\/\\\/reporteroshoy.mx\\\/noticias\\\/yucatan-segundo-lugar-con-menor-tasa-de-desempleo\\\/\",\"url\":\"https:\\\/\\\/reporteroshoy.mx\\\/noticias\\\/yucatan-segundo-lugar-con-menor-tasa-de-desempleo\\\/\",\"name\":\"Yucat\u00e1n segundo lugar con menor tasa de desempleo\",\"isPartOf\":{\"@id\":\"https:\\\/\\\/reporteroshoy.mx\\\/noticias\\\/#website\"},\"primaryImageOfPage\":{\"@id\":\"https:\\\/\\\/reporteroshoy.mx\\\/noticias\\\/yucatan-segundo-lugar-con-menor-tasa-de-desempleo\\\/#primaryimage\"},\"image\":{\"@id\":\"https:\\\/\\\/reporteroshoy.mx\\\/noticias\\\/yucatan-segundo-lugar-con-menor-tasa-de-desempleo\\\/#primaryimage\"},\"thumbnailUrl\":\"https:\\\/\\\/reporteroshoy.mx\\\/noticias\\\/wp-content\\\/uploads\\\/2022\\\/04\\\/EMPLEOS_FABRICAS-3.jpeg\",\"datePublished\":\"2024-04-28T22:36:13+00:00\",\"dateModified\":\"2024-04-30T10:43:31+00:00\",\"author\":{\"@id\":\"https:\\\/\\\/reporteroshoy.mx\\\/noticias\\\/#\\\/schema\\\/person\\\/948520f0d88b01be2e5266bc4acbbc15\"},\"description\":\"La entidad se coloc\u00f3 entre los primeros dos estados del pa\u00eds con menor tasa de desocupaci\u00f3n de acuerdo con el Inegi.\",\"breadcrumb\":{\"@id\":\"https:\\\/\\\/reporteroshoy.mx\\\/noticias\\\/yucatan-segundo-lugar-con-menor-tasa-de-desempleo\\\/#breadcrumb\"},\"inLanguage\":\"es\",\"potentialAction\":[{\"@type\":\"ReadAction\",\"target\":[\"https:\\\/\\\/reporteroshoy.mx\\\/noticias\\\/yucatan-segundo-lugar-con-menor-tasa-de-desempleo\\\/\"]}]},{\"@type\":\"ImageObject\",\"inLanguage\":\"es\",\"@id\":\"https:\\\/\\\/reporteroshoy.mx\\\/noticias\\\/yucatan-segundo-lugar-con-menor-tasa-de-desempleo\\\/#primaryimage\",\"url\":\"https:\\\/\\\/reporteroshoy.mx\\\/noticias\\\/wp-content\\\/uploads\\\/2022\\\/04\\\/EMPLEOS_FABRICAS-3.jpeg\",\"contentUrl\":\"https:\\\/\\\/reporteroshoy.mx\\\/noticias\\\/wp-content\\\/uploads\\\/2022\\\/04\\\/EMPLEOS_FABRICAS-3.jpeg\",\"width\":768,\"height\":511},{\"@type\":\"BreadcrumbList\",\"@id\":\"https:\\\/\\\/reporteroshoy.mx\\\/noticias\\\/yucatan-segundo-lugar-con-menor-tasa-de-desempleo\\\/#breadcrumb\",\"itemListElement\":[{\"@type\":\"ListItem\",\"position\":1,\"name\":\"Portada\",\"item\":\"https:\\\/\\\/reporteroshoy.mx\\\/noticias\\\/\"},{\"@type\":\"ListItem\",\"position\":2,\"name\":\"Yucat\u00e1n segundo lugar con menor tasa de desempleo\"}]},{\"@type\":\"WebSite\",\"@id\":\"https:\\\/\\\/reporteroshoy.mx\\\/noticias\\\/#website\",\"url\":\"https:\\\/\\\/reporteroshoy.mx\\\/noticias\\\/\",\"name\":\"Reporteros Hoy | Noticias de Yucat\u00e1n\",\"description\":\"Peri\u00f3dico digital con noticias diarias desde M\u00e9rida, Yucat\u00e1n para el mundo.\",\"potentialAction\":[{\"@type\":\"SearchAction\",\"target\":{\"@type\":\"EntryPoint\",\"urlTemplate\":\"https:\\\/\\\/reporteroshoy.mx\\\/noticias\\\/?s={search_term_string}\"},\"query-input\":{\"@type\":\"PropertyValueSpecification\",\"valueRequired\":true,\"valueName\":\"search_term_string\"}}],\"inLanguage\":\"es\"},{\"@type\":\"Person\",\"@id\":\"https:\\\/\\\/reporteroshoy.mx\\\/noticias\\\/#\\\/schema\\\/person\\\/948520f0d88b01be2e5266bc4acbbc15\",\"name\":\"Reporteros Hoy IM\",\"image\":{\"@type\":\"ImageObject\",\"inLanguage\":\"es\",\"@id\":\"https:\\\/\\\/secure.gravatar.com\\\/avatar\\\/d843030b96552826ac048bdfe26f2895604b800ed0c880ee55765a74d95dfc65?s=96&d=mm&r=g\",\"url\":\"https:\\\/\\\/secure.gravatar.com\\\/avatar\\\/d843030b96552826ac048bdfe26f2895604b800ed0c880ee55765a74d95dfc65?s=96&d=mm&r=g\",\"contentUrl\":\"https:\\\/\\\/secure.gravatar.com\\\/avatar\\\/d843030b96552826ac048bdfe26f2895604b800ed0c880ee55765a74d95dfc65?s=96&d=mm&r=g\",\"caption\":\"Reporteros Hoy IM\"},\"url\":\"https:\\\/\\\/reporteroshoy.mx\\\/noticias\\\/author\\\/israel\\\/\"}]}<\/script>\n<!-- \/ Yoast SEO plugin. -->","yoast_head_json":{"title":"Yucat\u00e1n segundo lugar con menor tasa de desempleo","description":"La entidad se coloc\u00f3 entre los primeros dos estados del pa\u00eds con menor tasa de desocupaci\u00f3n de acuerdo con el Inegi.","robots":{"index":"index","follow":"follow","max-snippet":"max-snippet:-1","max-image-preview":"max-image-preview:large","max-video-preview":"max-video-preview:-1"},"canonical":"https:\/\/reporteroshoy.mx\/noticias\/yucatan-segundo-lugar-con-menor-tasa-de-desempleo\/","og_locale":"es_ES","og_type":"article","og_title":"Yucat\u00e1n segundo lugar con menor tasa de desempleo","og_description":"La entidad se coloc\u00f3 entre los primeros dos estados del pa\u00eds con menor tasa de desocupaci\u00f3n de acuerdo con el Inegi.","og_url":"https:\/\/reporteroshoy.mx\/noticias\/yucatan-segundo-lugar-con-menor-tasa-de-desempleo\/","og_site_name":"Reporteros Hoy | Noticias de Yucat\u00e1n","article_publisher":"http:\/\/www.facebook.com\/reporteroshoymx","article_published_time":"2024-04-28T22:36:13+00:00","article_modified_time":"2024-04-30T10:43:31+00:00","og_image":[{"width":768,"height":511,"url":"https:\/\/reporteroshoy.mx\/noticias\/wp-content\/uploads\/2022\/04\/EMPLEOS_FABRICAS-3.jpeg","type":"image\/jpeg"}],"author":"Reporteros Hoy IM","twitter_card":"summary_large_image","twitter_creator":"@reporteroshoy","twitter_site":"@reporteroshoy","twitter_misc":{"Escrito por":"Reporteros Hoy IM","Tiempo de lectura":"2 minutos"},"schema":{"@context":"https:\/\/schema.org","@graph":[{"@type":"Article","@id":"https:\/\/reporteroshoy.mx\/noticias\/yucatan-segundo-lugar-con-menor-tasa-de-desempleo\/#article","isPartOf":{"@id":"https:\/\/reporteroshoy.mx\/noticias\/yucatan-segundo-lugar-con-menor-tasa-de-desempleo\/"},"author":{"name":"Reporteros Hoy IM","@id":"https:\/\/reporteroshoy.mx\/noticias\/#\/schema\/person\/948520f0d88b01be2e5266bc4acbbc15"},"headline":"Yucat\u00e1n segundo lugar con menor tasa de desempleo","datePublished":"2024-04-28T22:36:13+00:00","dateModified":"2024-04-30T10:43:31+00:00","mainEntityOfPage":{"@id":"https:\/\/reporteroshoy.mx\/noticias\/yucatan-segundo-lugar-con-menor-tasa-de-desempleo\/"},"wordCount":233,"commentCount":0,"image":{"@id":"https:\/\/reporteroshoy.mx\/noticias\/yucatan-segundo-lugar-con-menor-tasa-de-desempleo\/#primaryimage"},"thumbnailUrl":"https:\/\/reporteroshoy.mx\/noticias\/wp-content\/uploads\/2022\/04\/EMPLEOS_FABRICAS-3.jpeg","keywords":["Desempleo","Inegi","Yucat\u00e1n"],"articleSection":["Yucat\u00e1n"],"inLanguage":"es","potentialAction":[{"@type":"CommentAction","name":"Comment","target":["https:\/\/reporteroshoy.mx\/noticias\/yucatan-segundo-lugar-con-menor-tasa-de-desempleo\/#respond"]}]},{"@type":"WebPage","@id":"https:\/\/reporteroshoy.mx\/noticias\/yucatan-segundo-lugar-con-menor-tasa-de-desempleo\/","url":"https:\/\/reporteroshoy.mx\/noticias\/yucatan-segundo-lugar-con-menor-tasa-de-desempleo\/","name":"Yucat\u00e1n segundo lugar con menor tasa de desempleo","isPartOf":{"@id":"https:\/\/reporteroshoy.mx\/noticias\/#website"},"primaryImageOfPage":{"@id":"https:\/\/reporteroshoy.mx\/noticias\/yucatan-segundo-lugar-con-menor-tasa-de-desempleo\/#primaryimage"},"image":{"@id":"https:\/\/reporteroshoy.mx\/noticias\/yucatan-segundo-lugar-con-menor-tasa-de-desempleo\/#primaryimage"},"thumbnailUrl":"https:\/\/reporteroshoy.mx\/noticias\/wp-content\/uploads\/2022\/04\/EMPLEOS_FABRICAS-3.jpeg","datePublished":"2024-04-28T22:36:13+00:00","dateModified":"2024-04-30T10:43:31+00:00","author":{"@id":"https:\/\/reporteroshoy.mx\/noticias\/#\/schema\/person\/948520f0d88b01be2e5266bc4acbbc15"},"description":"La entidad se coloc\u00f3 entre los primeros dos estados del pa\u00eds con menor tasa de desocupaci\u00f3n de acuerdo con el Inegi.","breadcrumb":{"@id":"https:\/\/reporteroshoy.mx\/noticias\/yucatan-segundo-lugar-con-menor-tasa-de-desempleo\/#breadcrumb"},"inLanguage":"es","potentialAction":[{"@type":"ReadAction","target":["https:\/\/reporteroshoy.mx\/noticias\/yucatan-segundo-lugar-con-menor-tasa-de-desempleo\/"]}]},{"@type":"ImageObject","inLanguage":"es","@id":"https:\/\/reporteroshoy.mx\/noticias\/yucatan-segundo-lugar-con-menor-tasa-de-desempleo\/#primaryimage","url":"https:\/\/reporteroshoy.mx\/noticias\/wp-content\/uploads\/2022\/04\/EMPLEOS_FABRICAS-3.jpeg","contentUrl":"https:\/\/reporteroshoy.mx\/noticias\/wp-content\/uploads\/2022\/04\/EMPLEOS_FABRICAS-3.jpeg","width":768,"height":511},{"@type":"BreadcrumbList","@id":"https:\/\/reporteroshoy.mx\/noticias\/yucatan-segundo-lugar-con-menor-tasa-de-desempleo\/#breadcrumb","itemListElement":[{"@type":"ListItem","position":1,"name":"Portada","item":"https:\/\/reporteroshoy.mx\/noticias\/"},{"@type":"ListItem","position":2,"name":"Yucat\u00e1n segundo lugar con menor tasa de desempleo"}]},{"@type":"WebSite","@id":"https:\/\/reporteroshoy.mx\/noticias\/#website","url":"https:\/\/reporteroshoy.mx\/noticias\/","name":"Reporteros Hoy | Noticias de Yucat\u00e1n","description":"Peri\u00f3dico digital con noticias diarias desde M\u00e9rida, Yucat\u00e1n para el mundo.","potentialAction":[{"@type":"SearchAction","target":{"@type":"EntryPoint","urlTemplate":"https:\/\/reporteroshoy.mx\/noticias\/?s={search_term_string}"},"query-input":{"@type":"PropertyValueSpecification","valueRequired":true,"valueName":"search_term_string"}}],"inLanguage":"es"},{"@type":"Person","@id":"https:\/\/reporteroshoy.mx\/noticias\/#\/schema\/person\/948520f0d88b01be2e5266bc4acbbc15","name":"Reporteros Hoy IM","image":{"@type":"ImageObject","inLanguage":"es","@id":"https:\/\/secure.gravatar.com\/avatar\/d843030b96552826ac048bdfe26f2895604b800ed0c880ee55765a74d95dfc65?s=96&d=mm&r=g","url":"https:\/\/secure.gravatar.com\/avatar\/d843030b96552826ac048bdfe26f2895604b800ed0c880ee55765a74d95dfc65?s=96&d=mm&r=g","contentUrl":"https:\/\/secure.gravatar.com\/avatar\/d843030b96552826ac048bdfe26f2895604b800ed0c880ee55765a74d95dfc65?s=96&d=mm&r=g","caption":"Reporteros Hoy IM"},"url":"https:\/\/reporteroshoy.mx\/noticias\/author\/israel\/"}]}},"_links":{"self":[{"href":"https:\/\/reporteroshoy.mx\/noticias\/wp-json\/wp\/v2\/posts\/112266","targetHints":{"allow":["GET"]}}],"collection":[{"href":"https:\/\/reporteroshoy.mx\/noticias\/wp-json\/wp\/v2\/posts"}],"about":[{"href":"https:\/\/reporteroshoy.mx\/noticias\/wp-json\/wp\/v2\/types\/post"}],"author":[{"embeddable":true,"href":"https:\/\/reporteroshoy.mx\/noticias\/wp-json\/wp\/v2\/users\/5"}],"replies":[{"embeddable":true,"href":"https:\/\/reporteroshoy.mx\/noticias\/wp-json\/wp\/v2\/comments?post=112266"}],"version-history":[{"count":0,"href":"https:\/\/reporteroshoy.mx\/noticias\/wp-json\/wp\/v2\/posts\/112266\/revisions"}],"wp:featuredmedia":[{"embeddable":true,"href":"https:\/\/reporteroshoy.mx\/noticias\/wp-json\/wp\/v2\/media\/83821"}],"wp:attachment":[{"href":"https:\/\/reporteroshoy.mx\/noticias\/wp-json\/wp\/v2\/media?parent=112266"}],"wp:term":[{"taxonomy":"category","embeddable":true,"href":"https:\/\/reporteroshoy.mx\/noticias\/wp-json\/wp\/v2\/categories?post=112266"},{"taxonomy":"post_tag","embeddable":true,"href":"https:\/\/reporteroshoy.mx\/noticias\/wp-json\/wp\/v2\/tags?post=112266"}],"curies":[{"name":"wp","href":"https:\/\/api.w.org\/{rel}","templated":true}]}}