{"id":112621,"date":"2024-05-09T13:28:52","date_gmt":"2024-05-09T19:28:52","guid":{"rendered":"https:\/\/reporteroshoy.mx\/noticias\/?p=112621"},"modified":"2024-05-09T13:28:52","modified_gmt":"2024-05-09T19:28:52","slug":"iniciativas-distribuidas-y-analizadas-en-comisiones","status":"publish","type":"post","link":"https:\/\/reporteroshoy.mx\/noticias\/iniciativas-distribuidas-y-analizadas-en-comisiones\/","title":{"rendered":"Iniciativas distribuidas y analizadas en Comisiones"},"content":{"rendered":"<p style=\"text-align: justify;\">En sesi\u00f3n de la comisi\u00f3n de Puntos Constitucionales y Gobernaci\u00f3n distribuyeron el oficio de la Secretar\u00eda General de Acuerdos de la Suprema Corte de Justicia de la Naci\u00f3n, Secci\u00f3n de Tr\u00e1mite de Controversias Constitucionales y de Acciones de Inconstitucionalidad, mediante el cual se notificaron los puntos resolutivos de la sentencia dictada en la Acci\u00f3n de Inconstitucionalidad, promovida por la Comisi\u00f3n Nacional de los Derechos Humanos.<\/p>\n<p style=\"text-align: justify;\">En este punto, la presidenta de la comisi\u00f3n, diputada Carmen Gonz\u00e1lez Mart\u00edn explic\u00f3 que esta acci\u00f3n corresponde a la Legislatura pasada mediante la cual se declara la invalidez de un decreto referente a la modificaci\u00f3n de la Ley de los Trabajadores al Servicio del Estado y Municipios y la de Protecci\u00f3n de los Derechos de las Personas con Discapacidad, en materia de mejores condiciones laborales y salvaguarda.<\/p>\n<p style=\"text-align: justify;\">A su vez, solicitaron la elaboraci\u00f3n de un proyecto de protocolo de consulta para dar cumplimiento a la sentencia.<\/p>\n<p><img loading=\"lazy\" decoding=\"async\" class=\"wp-image-112622 aligncenter\" src=\"https:\/\/reporteroshoy.mx\/noticias\/wp-content\/uploads\/2024\/05\/Iniciativas-scaled.jpg\" alt=\"\" width=\"598\" height=\"337\" \/><\/p>\n<h4><strong>M\u00e1s iniciativas<\/strong><\/h4>\n<p style=\"text-align: justify;\">En la comisi\u00f3n solicitaron la elaboraci\u00f3n de los proyectos de dictamen para expedir la Ley de Coordinaci\u00f3n Metropolitana, Desarrollo Regional y Asociatividad Intermunicipal; de las iniciativas para modificar la Ley de Catastro, la Ley que crea el Instituto de Seguridad Jur\u00eddica Patrimonial y la Ley de Gobierno de los Municipios, todas de Yucat\u00e1n.<\/p>\n<p style=\"text-align: justify;\">Posteriormente, en la comisi\u00f3n de Presupuesto, Patrimonio Estatal y Municipal se llev\u00f3 a cabo la distribuci\u00f3n de la iniciativa para reformar la Ley General de Hacienda en materia de impuesto cedular en las actividades empresariales.<\/p>\n<p><em><strong>Te interesa:\u00a0<a href=\"https:\/\/reporteroshoy.mx\/noticias\/salud-mental-en-ninos-y-adolescentes-prioridad-en-yucatan\/\">Salud mental en ni\u00f1os y adolescentes prioridad en Yucat\u00e1n<\/a><\/strong><\/em><\/p>\n<p style=\"text-align: justify;\">Tambi\u00e9n, las iniciativas para reformar la Ley de Hacienda estatal, y la de Tr\u00e1nsito y Vialidad para crear la licencia de conducir permanente.<\/p>\n<p style=\"text-align: justify;\">Las y los diputados iniciaron con el an\u00e1lisis de las iniciativas para autorizar la donaci\u00f3n de cuatro inmuebles a favor de la empresa de participaci\u00f3n estatal mayoritaria denominada Tren Maya S.A de C.V, y para la donaci\u00f3n de tres bienes inmuebles a favor del Poder Judicial del Estado.<\/p>\n","protected":false},"excerpt":{"rendered":"<p>Los diputados comenzaron a analizar las iniciativas para autorizar la donaci\u00f3n de inmuebles a Tren Maya y al Poder Judicial.<\/p>\n","protected":false},"author":9,"featured_media":112622,"comment_status":"open","ping_status":"closed","sticky":false,"template":"","format":"standard","meta":{"footnotes":""},"categories":[24410],"tags":[3799,321,1571],"class_list":["post-112621","post","type-post","status-publish","format-standard","has-post-thumbnail","hentry","category-politica","tag-comisiones","tag-congreso-de-yucatan","tag-iniciativas"],"yoast_head":"<!-- This site is optimized with the Yoast SEO plugin v28.3 - https:\/\/yoast.com\/product\/yoast-seo-wordpress\/ -->\n<title>Iniciativas distribuidas y analizadas en Comisiones<\/title>\n<meta name=\"description\" content=\"Los diputados comenzaron a analizar las iniciativas para autorizar la donaci\u00f3n de inmuebles a Tren Maya y al Poder Judicial.\" \/>\n<meta name=\"robots\" content=\"index, follow, max-snippet:-1, max-image-preview:large, max-video-preview:-1\" \/>\n<link rel=\"canonical\" href=\"https:\/\/reporteroshoy.mx\/noticias\/iniciativas-distribuidas-y-analizadas-en-comisiones\/\" \/>\n<meta property=\"og:locale\" content=\"es_ES\" \/>\n<meta property=\"og:type\" content=\"article\" \/>\n<meta property=\"og:title\" content=\"Iniciativas distribuidas y analizadas en Comisiones\" \/>\n<meta property=\"og:description\" content=\"Los diputados comenzaron a analizar las iniciativas para autorizar la donaci\u00f3n de inmuebles a Tren Maya y al Poder Judicial.\" \/>\n<meta property=\"og:url\" content=\"https:\/\/reporteroshoy.mx\/noticias\/iniciativas-distribuidas-y-analizadas-en-comisiones\/\" \/>\n<meta property=\"og:site_name\" content=\"Reporteros Hoy | Noticias de Yucat\u00e1n\" \/>\n<meta property=\"article:publisher\" content=\"http:\/\/www.facebook.com\/reporteroshoymx\" \/>\n<meta property=\"article:published_time\" content=\"2024-05-09T19:28:52+00:00\" \/>\n<meta property=\"og:image\" content=\"https:\/\/reporteroshoy.mx\/noticias\/wp-content\/uploads\/2024\/05\/Iniciativas-scaled.jpg\" \/>\n\t<meta property=\"og:image:width\" content=\"768\" \/>\n\t<meta property=\"og:image:height\" content=\"432\" \/>\n\t<meta property=\"og:image:type\" content=\"image\/jpeg\" \/>\n<meta name=\"author\" content=\"Reporteros Hoy WP\" \/>\n<meta name=\"twitter:card\" content=\"summary_large_image\" \/>\n<meta name=\"twitter:creator\" content=\"@reporteroshoy\" \/>\n<meta name=\"twitter:site\" content=\"@reporteroshoy\" \/>\n<meta name=\"twitter:label1\" content=\"Escrito por\" \/>\n\t<meta name=\"twitter:data1\" content=\"Reporteros Hoy WP\" \/>\n\t<meta name=\"twitter:label2\" content=\"Tiempo de lectura\" \/>\n\t<meta name=\"twitter:data2\" content=\"2 minutos\" \/>\n<script type=\"application\/ld+json\" class=\"yoast-schema-graph\">{\"@context\":\"https:\\\/\\\/schema.org\",\"@graph\":[{\"@type\":\"Article\",\"@id\":\"https:\\\/\\\/reporteroshoy.mx\\\/noticias\\\/iniciativas-distribuidas-y-analizadas-en-comisiones\\\/#article\",\"isPartOf\":{\"@id\":\"https:\\\/\\\/reporteroshoy.mx\\\/noticias\\\/iniciativas-distribuidas-y-analizadas-en-comisiones\\\/\"},\"author\":{\"name\":\"Reporteros Hoy WP\",\"@id\":\"https:\\\/\\\/reporteroshoy.mx\\\/noticias\\\/#\\\/schema\\\/person\\\/c977527e57c958a62c5cefe8fe47876e\"},\"headline\":\"Iniciativas distribuidas y analizadas en Comisiones\",\"datePublished\":\"2024-05-09T19:28:52+00:00\",\"mainEntityOfPage\":{\"@id\":\"https:\\\/\\\/reporteroshoy.mx\\\/noticias\\\/iniciativas-distribuidas-y-analizadas-en-comisiones\\\/\"},\"wordCount\":363,\"commentCount\":0,\"image\":{\"@id\":\"https:\\\/\\\/reporteroshoy.mx\\\/noticias\\\/iniciativas-distribuidas-y-analizadas-en-comisiones\\\/#primaryimage\"},\"thumbnailUrl\":\"https:\\\/\\\/reporteroshoy.mx\\\/noticias\\\/wp-content\\\/uploads\\\/2024\\\/05\\\/Iniciativas-scaled.jpg\",\"keywords\":[\"Comisiones\",\"congreso de yucat\u00e1n\",\"Iniciativas\"],\"articleSection\":[\"Pol\u00edtica\"],\"inLanguage\":\"es\",\"potentialAction\":[{\"@type\":\"CommentAction\",\"name\":\"Comment\",\"target\":[\"https:\\\/\\\/reporteroshoy.mx\\\/noticias\\\/iniciativas-distribuidas-y-analizadas-en-comisiones\\\/#respond\"]}]},{\"@type\":\"WebPage\",\"@id\":\"https:\\\/\\\/reporteroshoy.mx\\\/noticias\\\/iniciativas-distribuidas-y-analizadas-en-comisiones\\\/\",\"url\":\"https:\\\/\\\/reporteroshoy.mx\\\/noticias\\\/iniciativas-distribuidas-y-analizadas-en-comisiones\\\/\",\"name\":\"Iniciativas distribuidas y analizadas en Comisiones\",\"isPartOf\":{\"@id\":\"https:\\\/\\\/reporteroshoy.mx\\\/noticias\\\/#website\"},\"primaryImageOfPage\":{\"@id\":\"https:\\\/\\\/reporteroshoy.mx\\\/noticias\\\/iniciativas-distribuidas-y-analizadas-en-comisiones\\\/#primaryimage\"},\"image\":{\"@id\":\"https:\\\/\\\/reporteroshoy.mx\\\/noticias\\\/iniciativas-distribuidas-y-analizadas-en-comisiones\\\/#primaryimage\"},\"thumbnailUrl\":\"https:\\\/\\\/reporteroshoy.mx\\\/noticias\\\/wp-content\\\/uploads\\\/2024\\\/05\\\/Iniciativas-scaled.jpg\",\"datePublished\":\"2024-05-09T19:28:52+00:00\",\"author\":{\"@id\":\"https:\\\/\\\/reporteroshoy.mx\\\/noticias\\\/#\\\/schema\\\/person\\\/c977527e57c958a62c5cefe8fe47876e\"},\"description\":\"Los diputados comenzaron a analizar las iniciativas para autorizar la donaci\u00f3n de inmuebles a Tren Maya y al Poder Judicial.\",\"breadcrumb\":{\"@id\":\"https:\\\/\\\/reporteroshoy.mx\\\/noticias\\\/iniciativas-distribuidas-y-analizadas-en-comisiones\\\/#breadcrumb\"},\"inLanguage\":\"es\",\"potentialAction\":[{\"@type\":\"ReadAction\",\"target\":[\"https:\\\/\\\/reporteroshoy.mx\\\/noticias\\\/iniciativas-distribuidas-y-analizadas-en-comisiones\\\/\"]}]},{\"@type\":\"ImageObject\",\"inLanguage\":\"es\",\"@id\":\"https:\\\/\\\/reporteroshoy.mx\\\/noticias\\\/iniciativas-distribuidas-y-analizadas-en-comisiones\\\/#primaryimage\",\"url\":\"https:\\\/\\\/reporteroshoy.mx\\\/noticias\\\/wp-content\\\/uploads\\\/2024\\\/05\\\/Iniciativas-scaled.jpg\",\"contentUrl\":\"https:\\\/\\\/reporteroshoy.mx\\\/noticias\\\/wp-content\\\/uploads\\\/2024\\\/05\\\/Iniciativas-scaled.jpg\",\"width\":768,\"height\":432,\"caption\":\"Iniciativas distribuidas y analizadas en Comisiones\"},{\"@type\":\"BreadcrumbList\",\"@id\":\"https:\\\/\\\/reporteroshoy.mx\\\/noticias\\\/iniciativas-distribuidas-y-analizadas-en-comisiones\\\/#breadcrumb\",\"itemListElement\":[{\"@type\":\"ListItem\",\"position\":1,\"name\":\"Portada\",\"item\":\"https:\\\/\\\/reporteroshoy.mx\\\/noticias\\\/\"},{\"@type\":\"ListItem\",\"position\":2,\"name\":\"Iniciativas distribuidas y analizadas en Comisiones\"}]},{\"@type\":\"WebSite\",\"@id\":\"https:\\\/\\\/reporteroshoy.mx\\\/noticias\\\/#website\",\"url\":\"https:\\\/\\\/reporteroshoy.mx\\\/noticias\\\/\",\"name\":\"Reporteros Hoy | Noticias de Yucat\u00e1n\",\"description\":\"Peri\u00f3dico digital con noticias diarias desde M\u00e9rida, Yucat\u00e1n para el mundo.\",\"potentialAction\":[{\"@type\":\"SearchAction\",\"target\":{\"@type\":\"EntryPoint\",\"urlTemplate\":\"https:\\\/\\\/reporteroshoy.mx\\\/noticias\\\/?s={search_term_string}\"},\"query-input\":{\"@type\":\"PropertyValueSpecification\",\"valueRequired\":true,\"valueName\":\"search_term_string\"}}],\"inLanguage\":\"es\"},{\"@type\":\"Person\",\"@id\":\"https:\\\/\\\/reporteroshoy.mx\\\/noticias\\\/#\\\/schema\\\/person\\\/c977527e57c958a62c5cefe8fe47876e\",\"name\":\"Reporteros Hoy WP\",\"image\":{\"@type\":\"ImageObject\",\"inLanguage\":\"es\",\"@id\":\"https:\\\/\\\/secure.gravatar.com\\\/avatar\\\/fd2917f79a7dae30f8ac9ddc2f35e1756bb59e25e01d1cd09deaa64df7b2f73e?s=96&d=mm&r=g\",\"url\":\"https:\\\/\\\/secure.gravatar.com\\\/avatar\\\/fd2917f79a7dae30f8ac9ddc2f35e1756bb59e25e01d1cd09deaa64df7b2f73e?s=96&d=mm&r=g\",\"contentUrl\":\"https:\\\/\\\/secure.gravatar.com\\\/avatar\\\/fd2917f79a7dae30f8ac9ddc2f35e1756bb59e25e01d1cd09deaa64df7b2f73e?s=96&d=mm&r=g\",\"caption\":\"Reporteros Hoy WP\"},\"url\":\"https:\\\/\\\/reporteroshoy.mx\\\/noticias\\\/author\\\/walfer\\\/\"}]}<\/script>\n<!-- \/ Yoast SEO plugin. -->","yoast_head_json":{"title":"Iniciativas distribuidas y analizadas en Comisiones","description":"Los diputados comenzaron a analizar las iniciativas para autorizar la donaci\u00f3n de inmuebles a Tren Maya y al Poder Judicial.","robots":{"index":"index","follow":"follow","max-snippet":"max-snippet:-1","max-image-preview":"max-image-preview:large","max-video-preview":"max-video-preview:-1"},"canonical":"https:\/\/reporteroshoy.mx\/noticias\/iniciativas-distribuidas-y-analizadas-en-comisiones\/","og_locale":"es_ES","og_type":"article","og_title":"Iniciativas distribuidas y analizadas en Comisiones","og_description":"Los diputados comenzaron a analizar las iniciativas para autorizar la donaci\u00f3n de inmuebles a Tren Maya y al Poder Judicial.","og_url":"https:\/\/reporteroshoy.mx\/noticias\/iniciativas-distribuidas-y-analizadas-en-comisiones\/","og_site_name":"Reporteros Hoy | Noticias de Yucat\u00e1n","article_publisher":"http:\/\/www.facebook.com\/reporteroshoymx","article_published_time":"2024-05-09T19:28:52+00:00","og_image":[{"width":768,"height":432,"url":"https:\/\/reporteroshoy.mx\/noticias\/wp-content\/uploads\/2024\/05\/Iniciativas-scaled.jpg","type":"image\/jpeg"}],"author":"Reporteros Hoy WP","twitter_card":"summary_large_image","twitter_creator":"@reporteroshoy","twitter_site":"@reporteroshoy","twitter_misc":{"Escrito por":"Reporteros Hoy WP","Tiempo de lectura":"2 minutos"},"schema":{"@context":"https:\/\/schema.org","@graph":[{"@type":"Article","@id":"https:\/\/reporteroshoy.mx\/noticias\/iniciativas-distribuidas-y-analizadas-en-comisiones\/#article","isPartOf":{"@id":"https:\/\/reporteroshoy.mx\/noticias\/iniciativas-distribuidas-y-analizadas-en-comisiones\/"},"author":{"name":"Reporteros Hoy WP","@id":"https:\/\/reporteroshoy.mx\/noticias\/#\/schema\/person\/c977527e57c958a62c5cefe8fe47876e"},"headline":"Iniciativas distribuidas y analizadas en Comisiones","datePublished":"2024-05-09T19:28:52+00:00","mainEntityOfPage":{"@id":"https:\/\/reporteroshoy.mx\/noticias\/iniciativas-distribuidas-y-analizadas-en-comisiones\/"},"wordCount":363,"commentCount":0,"image":{"@id":"https:\/\/reporteroshoy.mx\/noticias\/iniciativas-distribuidas-y-analizadas-en-comisiones\/#primaryimage"},"thumbnailUrl":"https:\/\/reporteroshoy.mx\/noticias\/wp-content\/uploads\/2024\/05\/Iniciativas-scaled.jpg","keywords":["Comisiones","congreso de yucat\u00e1n","Iniciativas"],"articleSection":["Pol\u00edtica"],"inLanguage":"es","potentialAction":[{"@type":"CommentAction","name":"Comment","target":["https:\/\/reporteroshoy.mx\/noticias\/iniciativas-distribuidas-y-analizadas-en-comisiones\/#respond"]}]},{"@type":"WebPage","@id":"https:\/\/reporteroshoy.mx\/noticias\/iniciativas-distribuidas-y-analizadas-en-comisiones\/","url":"https:\/\/reporteroshoy.mx\/noticias\/iniciativas-distribuidas-y-analizadas-en-comisiones\/","name":"Iniciativas distribuidas y analizadas en Comisiones","isPartOf":{"@id":"https:\/\/reporteroshoy.mx\/noticias\/#website"},"primaryImageOfPage":{"@id":"https:\/\/reporteroshoy.mx\/noticias\/iniciativas-distribuidas-y-analizadas-en-comisiones\/#primaryimage"},"image":{"@id":"https:\/\/reporteroshoy.mx\/noticias\/iniciativas-distribuidas-y-analizadas-en-comisiones\/#primaryimage"},"thumbnailUrl":"https:\/\/reporteroshoy.mx\/noticias\/wp-content\/uploads\/2024\/05\/Iniciativas-scaled.jpg","datePublished":"2024-05-09T19:28:52+00:00","author":{"@id":"https:\/\/reporteroshoy.mx\/noticias\/#\/schema\/person\/c977527e57c958a62c5cefe8fe47876e"},"description":"Los diputados comenzaron a analizar las iniciativas para autorizar la donaci\u00f3n de inmuebles a Tren Maya y al Poder Judicial.","breadcrumb":{"@id":"https:\/\/reporteroshoy.mx\/noticias\/iniciativas-distribuidas-y-analizadas-en-comisiones\/#breadcrumb"},"inLanguage":"es","potentialAction":[{"@type":"ReadAction","target":["https:\/\/reporteroshoy.mx\/noticias\/iniciativas-distribuidas-y-analizadas-en-comisiones\/"]}]},{"@type":"ImageObject","inLanguage":"es","@id":"https:\/\/reporteroshoy.mx\/noticias\/iniciativas-distribuidas-y-analizadas-en-comisiones\/#primaryimage","url":"https:\/\/reporteroshoy.mx\/noticias\/wp-content\/uploads\/2024\/05\/Iniciativas-scaled.jpg","contentUrl":"https:\/\/reporteroshoy.mx\/noticias\/wp-content\/uploads\/2024\/05\/Iniciativas-scaled.jpg","width":768,"height":432,"caption":"Iniciativas distribuidas y analizadas en Comisiones"},{"@type":"BreadcrumbList","@id":"https:\/\/reporteroshoy.mx\/noticias\/iniciativas-distribuidas-y-analizadas-en-comisiones\/#breadcrumb","itemListElement":[{"@type":"ListItem","position":1,"name":"Portada","item":"https:\/\/reporteroshoy.mx\/noticias\/"},{"@type":"ListItem","position":2,"name":"Iniciativas distribuidas y analizadas en Comisiones"}]},{"@type":"WebSite","@id":"https:\/\/reporteroshoy.mx\/noticias\/#website","url":"https:\/\/reporteroshoy.mx\/noticias\/","name":"Reporteros Hoy | Noticias de Yucat\u00e1n","description":"Peri\u00f3dico digital con noticias diarias desde M\u00e9rida, Yucat\u00e1n para el mundo.","potentialAction":[{"@type":"SearchAction","target":{"@type":"EntryPoint","urlTemplate":"https:\/\/reporteroshoy.mx\/noticias\/?s={search_term_string}"},"query-input":{"@type":"PropertyValueSpecification","valueRequired":true,"valueName":"search_term_string"}}],"inLanguage":"es"},{"@type":"Person","@id":"https:\/\/reporteroshoy.mx\/noticias\/#\/schema\/person\/c977527e57c958a62c5cefe8fe47876e","name":"Reporteros Hoy WP","image":{"@type":"ImageObject","inLanguage":"es","@id":"https:\/\/secure.gravatar.com\/avatar\/fd2917f79a7dae30f8ac9ddc2f35e1756bb59e25e01d1cd09deaa64df7b2f73e?s=96&d=mm&r=g","url":"https:\/\/secure.gravatar.com\/avatar\/fd2917f79a7dae30f8ac9ddc2f35e1756bb59e25e01d1cd09deaa64df7b2f73e?s=96&d=mm&r=g","contentUrl":"https:\/\/secure.gravatar.com\/avatar\/fd2917f79a7dae30f8ac9ddc2f35e1756bb59e25e01d1cd09deaa64df7b2f73e?s=96&d=mm&r=g","caption":"Reporteros Hoy WP"},"url":"https:\/\/reporteroshoy.mx\/noticias\/author\/walfer\/"}]}},"_links":{"self":[{"href":"https:\/\/reporteroshoy.mx\/noticias\/wp-json\/wp\/v2\/posts\/112621","targetHints":{"allow":["GET"]}}],"collection":[{"href":"https:\/\/reporteroshoy.mx\/noticias\/wp-json\/wp\/v2\/posts"}],"about":[{"href":"https:\/\/reporteroshoy.mx\/noticias\/wp-json\/wp\/v2\/types\/post"}],"author":[{"embeddable":true,"href":"https:\/\/reporteroshoy.mx\/noticias\/wp-json\/wp\/v2\/users\/9"}],"replies":[{"embeddable":true,"href":"https:\/\/reporteroshoy.mx\/noticias\/wp-json\/wp\/v2\/comments?post=112621"}],"version-history":[{"count":0,"href":"https:\/\/reporteroshoy.mx\/noticias\/wp-json\/wp\/v2\/posts\/112621\/revisions"}],"wp:featuredmedia":[{"embeddable":true,"href":"https:\/\/reporteroshoy.mx\/noticias\/wp-json\/wp\/v2\/media\/112622"}],"wp:attachment":[{"href":"https:\/\/reporteroshoy.mx\/noticias\/wp-json\/wp\/v2\/media?parent=112621"}],"wp:term":[{"taxonomy":"category","embeddable":true,"href":"https:\/\/reporteroshoy.mx\/noticias\/wp-json\/wp\/v2\/categories?post=112621"},{"taxonomy":"post_tag","embeddable":true,"href":"https:\/\/reporteroshoy.mx\/noticias\/wp-json\/wp\/v2\/tags?post=112621"}],"curies":[{"name":"wp","href":"https:\/\/api.w.org\/{rel}","templated":true}]}}