{"id":112739,"date":"2024-05-13T17:37:46","date_gmt":"2024-05-13T23:37:46","guid":{"rendered":"https:\/\/reporteroshoy.mx\/noticias\/?p=112739"},"modified":"2024-05-13T17:37:46","modified_gmt":"2024-05-13T23:37:46","slug":"increible-un-cerdo-le-quito-la-vida-a-mordeduras","status":"publish","type":"post","link":"https:\/\/reporteroshoy.mx\/noticias\/increible-un-cerdo-le-quito-la-vida-a-mordeduras\/","title":{"rendered":"Incre\u00edble: un cerdo le quit\u00f3 la vida a mordeduras"},"content":{"rendered":"<p style=\"text-align: justify;\">Un cerdo atac\u00f3 a su due\u00f1o y le quit\u00f3 la vida a mordeduras, en un predio de la colonia El Roble Agr\u00edcola.<\/p>\n<p style=\"text-align: justify;\">Los hechos ocurrieron en la calle 39 por 20 y 18 del mencionado ligar cuando el se\u00f1or Mariano T. E., de 70 a\u00f1os, estaba en sus chiqueros en la parte posterior de su casa.<\/p>\n<p style=\"text-align: justify;\">De repente, el cerdo verraco que se encontraba en celo, seg\u00fan dijeron vecinos del se\u00f1or, se alter\u00f3 y comenz\u00f3 atacar a mordeduras a don Mariano.<\/p>\n<p><img loading=\"lazy\" decoding=\"async\" class=\"alignnone size-full wp-image-112740\" src=\"https:\/\/reporteroshoy.mx\/noticias\/wp-content\/uploads\/2024\/05\/CERDO-scaled.jpg\" alt=\"\" width=\"768\" height=\"576\" srcset=\"https:\/\/reporteroshoy.mx\/noticias\/wp-content\/uploads\/2024\/05\/CERDO-scaled.jpg 768w, https:\/\/reporteroshoy.mx\/noticias\/wp-content\/uploads\/2024\/05\/CERDO-1536x1152.jpg 1536w\" sizes=\"auto, (max-width: 768px) 100vw, 768px\" \/><\/p>\n<p style=\"text-align: justify;\">Debido a su edad, el hombre cay\u00f3 y nada pudo hacer, porque el cochino sigui\u00f3 mordi\u00e9ndolo.<\/p>\n<p style=\"text-align: justify;\">Una familiar lleg\u00f3 al sitio y se dio cuenta que el hocico del cerdo estaba lleno de sangre.<\/p>\n<p style=\"text-align: justify;\">Posteriormente encontr\u00f3 tirado al septuagenario con su cuerpo mordisqueado, dando aviso a las autoridades<\/p>\n<p style=\"text-align: justify;\">Cuando llegaron los param\u00e9dicos de la\u00a0<a href=\"http:\/\/www.ssp.yucatan.gob.mx\/\">Secretar\u00eda de Seguridad P\u00fablica<\/a> (SSP)\u00a0 solo confirmaron el deceso.<\/p>\n<p style=\"text-align: justify;\">Cabe indicar que hace un par de a\u00f1os el difunto denunci\u00f3 que su hijo se escap\u00f3 del hospital psiqui\u00e1trico y, al llegar a su casa, lo agredi\u00f3 mordi\u00e9ndole la cabeza.<\/p>\n<p><strong>Leer tambi\u00e9n: <\/strong><strong><a href=\"https:\/\/reporteroshoy.mx\/noticias\/hallan-cadaver-en-estado-de-descomposicion-en-merida\/\">Hallan cad\u00e1ver en estado de descomposici\u00f3n en M\u00e9rida<\/a><\/strong><\/p>\n<p style=\"text-align: justify;\">La zona la aseguraron elementos polic\u00edacos para las diligencias correspondientes de la Fiscal\u00eda General de Yucat\u00e1n.<\/p>\n<p style=\"text-align: justify;\">El hecho gener\u00f3 consternaci\u00f3n entre los habitantes de la colonia El Roble Agr\u00edcola.<\/p>\n<p><em>ACOM<\/em><\/p>\n<p style=\"text-align: justify;\">\n<p>&nbsp;<\/p>\n","protected":false},"excerpt":{"rendered":"<p>De repente, el cerdo que se encontraba en celo, seg\u00fan vecinos, se alter\u00f3 y comenz\u00f3 atacar a mordeduras a don Mariano.<\/p>\n","protected":false},"author":5,"featured_media":112740,"comment_status":"open","ping_status":"closed","sticky":false,"template":"","format":"standard","meta":{"footnotes":""},"categories":[17],"tags":[8759,7516,26165],"class_list":["post-112739","post","type-post","status-publish","format-standard","has-post-thumbnail","hentry","category-yucatan","tag-cerdo","tag-el-roble-agricola","tag-mordeduras"],"yoast_head":"<!-- This site is optimized with the Yoast SEO plugin v28.4 - https:\/\/yoast.com\/product\/yoast-seo-wordpress\/ -->\n<title>Incre\u00edble: un cerdo le quit\u00f3 la vida a mordeduras<\/title>\n<meta name=\"description\" content=\"De repente, el cerdo que se encontraba en celo, seg\u00fan vecinos, se alter\u00f3 y comenz\u00f3 atacar a mordeduras a don Mariano.\" \/>\n<meta name=\"robots\" content=\"index, follow, max-snippet:-1, max-image-preview:large, max-video-preview:-1\" \/>\n<link rel=\"canonical\" href=\"https:\/\/reporteroshoy.mx\/noticias\/increible-un-cerdo-le-quito-la-vida-a-mordeduras\/\" \/>\n<meta property=\"og:locale\" content=\"es_ES\" \/>\n<meta property=\"og:type\" content=\"article\" \/>\n<meta property=\"og:title\" content=\"Incre\u00edble: un cerdo le quit\u00f3 la vida a mordeduras\" \/>\n<meta property=\"og:description\" content=\"De repente, el cerdo que se encontraba en celo, seg\u00fan vecinos, se alter\u00f3 y comenz\u00f3 atacar a mordeduras a don Mariano.\" \/>\n<meta property=\"og:url\" content=\"https:\/\/reporteroshoy.mx\/noticias\/increible-un-cerdo-le-quito-la-vida-a-mordeduras\/\" \/>\n<meta property=\"og:site_name\" content=\"Reporteros Hoy | Noticias de Yucat\u00e1n\" \/>\n<meta property=\"article:publisher\" content=\"http:\/\/www.facebook.com\/reporteroshoymx\" \/>\n<meta property=\"article:published_time\" content=\"2024-05-13T23:37:46+00:00\" \/>\n<meta property=\"og:image\" content=\"https:\/\/reporteroshoy.mx\/noticias\/wp-content\/uploads\/2024\/05\/CERDO-scaled.jpg\" \/>\n\t<meta property=\"og:image:width\" content=\"768\" \/>\n\t<meta property=\"og:image:height\" content=\"576\" \/>\n\t<meta property=\"og:image:type\" content=\"image\/jpeg\" \/>\n<meta name=\"author\" content=\"Reporteros Hoy IM\" \/>\n<meta name=\"twitter:card\" content=\"summary_large_image\" \/>\n<meta name=\"twitter:creator\" content=\"@reporteroshoy\" \/>\n<meta name=\"twitter:site\" content=\"@reporteroshoy\" \/>\n<meta name=\"twitter:label1\" content=\"Escrito por\" \/>\n\t<meta name=\"twitter:data1\" content=\"Reporteros Hoy IM\" \/>\n\t<meta name=\"twitter:label2\" content=\"Tiempo de lectura\" \/>\n\t<meta name=\"twitter:data2\" content=\"2 minutos\" \/>\n<script type=\"application\/ld+json\" class=\"yoast-schema-graph\">{\"@context\":\"https:\\\/\\\/schema.org\",\"@graph\":[{\"@type\":\"Article\",\"@id\":\"https:\\\/\\\/reporteroshoy.mx\\\/noticias\\\/increible-un-cerdo-le-quito-la-vida-a-mordeduras\\\/#article\",\"isPartOf\":{\"@id\":\"https:\\\/\\\/reporteroshoy.mx\\\/noticias\\\/increible-un-cerdo-le-quito-la-vida-a-mordeduras\\\/\"},\"author\":{\"name\":\"Reporteros Hoy IM\",\"@id\":\"https:\\\/\\\/reporteroshoy.mx\\\/noticias\\\/#\\\/schema\\\/person\\\/948520f0d88b01be2e5266bc4acbbc15\"},\"headline\":\"Incre\u00edble: un cerdo le quit\u00f3 la vida a mordeduras\",\"datePublished\":\"2024-05-13T23:37:46+00:00\",\"mainEntityOfPage\":{\"@id\":\"https:\\\/\\\/reporteroshoy.mx\\\/noticias\\\/increible-un-cerdo-le-quito-la-vida-a-mordeduras\\\/\"},\"wordCount\":243,\"commentCount\":0,\"image\":{\"@id\":\"https:\\\/\\\/reporteroshoy.mx\\\/noticias\\\/increible-un-cerdo-le-quito-la-vida-a-mordeduras\\\/#primaryimage\"},\"thumbnailUrl\":\"https:\\\/\\\/reporteroshoy.mx\\\/noticias\\\/wp-content\\\/uploads\\\/2024\\\/05\\\/CERDO-scaled.jpg\",\"keywords\":[\"cerdo\",\"El Roble Agr\u00edcola\",\"Mordeduras\"],\"articleSection\":[\"Yucat\u00e1n\"],\"inLanguage\":\"es\",\"potentialAction\":[{\"@type\":\"CommentAction\",\"name\":\"Comment\",\"target\":[\"https:\\\/\\\/reporteroshoy.mx\\\/noticias\\\/increible-un-cerdo-le-quito-la-vida-a-mordeduras\\\/#respond\"]}]},{\"@type\":\"WebPage\",\"@id\":\"https:\\\/\\\/reporteroshoy.mx\\\/noticias\\\/increible-un-cerdo-le-quito-la-vida-a-mordeduras\\\/\",\"url\":\"https:\\\/\\\/reporteroshoy.mx\\\/noticias\\\/increible-un-cerdo-le-quito-la-vida-a-mordeduras\\\/\",\"name\":\"Incre\u00edble: un cerdo le quit\u00f3 la vida a mordeduras\",\"isPartOf\":{\"@id\":\"https:\\\/\\\/reporteroshoy.mx\\\/noticias\\\/#website\"},\"primaryImageOfPage\":{\"@id\":\"https:\\\/\\\/reporteroshoy.mx\\\/noticias\\\/increible-un-cerdo-le-quito-la-vida-a-mordeduras\\\/#primaryimage\"},\"image\":{\"@id\":\"https:\\\/\\\/reporteroshoy.mx\\\/noticias\\\/increible-un-cerdo-le-quito-la-vida-a-mordeduras\\\/#primaryimage\"},\"thumbnailUrl\":\"https:\\\/\\\/reporteroshoy.mx\\\/noticias\\\/wp-content\\\/uploads\\\/2024\\\/05\\\/CERDO-scaled.jpg\",\"datePublished\":\"2024-05-13T23:37:46+00:00\",\"author\":{\"@id\":\"https:\\\/\\\/reporteroshoy.mx\\\/noticias\\\/#\\\/schema\\\/person\\\/948520f0d88b01be2e5266bc4acbbc15\"},\"description\":\"De repente, el cerdo que se encontraba en celo, seg\u00fan vecinos, se alter\u00f3 y comenz\u00f3 atacar a mordeduras a don Mariano.\",\"breadcrumb\":{\"@id\":\"https:\\\/\\\/reporteroshoy.mx\\\/noticias\\\/increible-un-cerdo-le-quito-la-vida-a-mordeduras\\\/#breadcrumb\"},\"inLanguage\":\"es\",\"potentialAction\":[{\"@type\":\"ReadAction\",\"target\":[\"https:\\\/\\\/reporteroshoy.mx\\\/noticias\\\/increible-un-cerdo-le-quito-la-vida-a-mordeduras\\\/\"]}]},{\"@type\":\"ImageObject\",\"inLanguage\":\"es\",\"@id\":\"https:\\\/\\\/reporteroshoy.mx\\\/noticias\\\/increible-un-cerdo-le-quito-la-vida-a-mordeduras\\\/#primaryimage\",\"url\":\"https:\\\/\\\/reporteroshoy.mx\\\/noticias\\\/wp-content\\\/uploads\\\/2024\\\/05\\\/CERDO-scaled.jpg\",\"contentUrl\":\"https:\\\/\\\/reporteroshoy.mx\\\/noticias\\\/wp-content\\\/uploads\\\/2024\\\/05\\\/CERDO-scaled.jpg\",\"width\":768,\"height\":576},{\"@type\":\"BreadcrumbList\",\"@id\":\"https:\\\/\\\/reporteroshoy.mx\\\/noticias\\\/increible-un-cerdo-le-quito-la-vida-a-mordeduras\\\/#breadcrumb\",\"itemListElement\":[{\"@type\":\"ListItem\",\"position\":1,\"name\":\"Portada\",\"item\":\"https:\\\/\\\/reporteroshoy.mx\\\/noticias\\\/\"},{\"@type\":\"ListItem\",\"position\":2,\"name\":\"Incre\u00edble: un cerdo le quit\u00f3 la vida a mordeduras\"}]},{\"@type\":\"WebSite\",\"@id\":\"https:\\\/\\\/reporteroshoy.mx\\\/noticias\\\/#website\",\"url\":\"https:\\\/\\\/reporteroshoy.mx\\\/noticias\\\/\",\"name\":\"Reporteros Hoy | Noticias de Yucat\u00e1n\",\"description\":\"Peri\u00f3dico digital con noticias diarias desde M\u00e9rida, Yucat\u00e1n para el mundo.\",\"potentialAction\":[{\"@type\":\"SearchAction\",\"target\":{\"@type\":\"EntryPoint\",\"urlTemplate\":\"https:\\\/\\\/reporteroshoy.mx\\\/noticias\\\/?s={search_term_string}\"},\"query-input\":{\"@type\":\"PropertyValueSpecification\",\"valueRequired\":true,\"valueName\":\"search_term_string\"}}],\"inLanguage\":\"es\"},{\"@type\":\"Person\",\"@id\":\"https:\\\/\\\/reporteroshoy.mx\\\/noticias\\\/#\\\/schema\\\/person\\\/948520f0d88b01be2e5266bc4acbbc15\",\"name\":\"Reporteros Hoy IM\",\"image\":{\"@type\":\"ImageObject\",\"inLanguage\":\"es\",\"@id\":\"https:\\\/\\\/secure.gravatar.com\\\/avatar\\\/d843030b96552826ac048bdfe26f2895604b800ed0c880ee55765a74d95dfc65?s=96&d=mm&r=g\",\"url\":\"https:\\\/\\\/secure.gravatar.com\\\/avatar\\\/d843030b96552826ac048bdfe26f2895604b800ed0c880ee55765a74d95dfc65?s=96&d=mm&r=g\",\"contentUrl\":\"https:\\\/\\\/secure.gravatar.com\\\/avatar\\\/d843030b96552826ac048bdfe26f2895604b800ed0c880ee55765a74d95dfc65?s=96&d=mm&r=g\",\"caption\":\"Reporteros Hoy IM\"},\"url\":\"https:\\\/\\\/reporteroshoy.mx\\\/noticias\\\/author\\\/israel\\\/\"}]}<\/script>\n<!-- \/ Yoast SEO plugin. -->","yoast_head_json":{"title":"Incre\u00edble: un cerdo le quit\u00f3 la vida a mordeduras","description":"De repente, el cerdo que se encontraba en celo, seg\u00fan vecinos, se alter\u00f3 y comenz\u00f3 atacar a mordeduras a don Mariano.","robots":{"index":"index","follow":"follow","max-snippet":"max-snippet:-1","max-image-preview":"max-image-preview:large","max-video-preview":"max-video-preview:-1"},"canonical":"https:\/\/reporteroshoy.mx\/noticias\/increible-un-cerdo-le-quito-la-vida-a-mordeduras\/","og_locale":"es_ES","og_type":"article","og_title":"Incre\u00edble: un cerdo le quit\u00f3 la vida a mordeduras","og_description":"De repente, el cerdo que se encontraba en celo, seg\u00fan vecinos, se alter\u00f3 y comenz\u00f3 atacar a mordeduras a don Mariano.","og_url":"https:\/\/reporteroshoy.mx\/noticias\/increible-un-cerdo-le-quito-la-vida-a-mordeduras\/","og_site_name":"Reporteros Hoy | Noticias de Yucat\u00e1n","article_publisher":"http:\/\/www.facebook.com\/reporteroshoymx","article_published_time":"2024-05-13T23:37:46+00:00","og_image":[{"width":768,"height":576,"url":"https:\/\/reporteroshoy.mx\/noticias\/wp-content\/uploads\/2024\/05\/CERDO-scaled.jpg","type":"image\/jpeg"}],"author":"Reporteros Hoy IM","twitter_card":"summary_large_image","twitter_creator":"@reporteroshoy","twitter_site":"@reporteroshoy","twitter_misc":{"Escrito por":"Reporteros Hoy IM","Tiempo de lectura":"2 minutos"},"schema":{"@context":"https:\/\/schema.org","@graph":[{"@type":"Article","@id":"https:\/\/reporteroshoy.mx\/noticias\/increible-un-cerdo-le-quito-la-vida-a-mordeduras\/#article","isPartOf":{"@id":"https:\/\/reporteroshoy.mx\/noticias\/increible-un-cerdo-le-quito-la-vida-a-mordeduras\/"},"author":{"name":"Reporteros Hoy IM","@id":"https:\/\/reporteroshoy.mx\/noticias\/#\/schema\/person\/948520f0d88b01be2e5266bc4acbbc15"},"headline":"Incre\u00edble: un cerdo le quit\u00f3 la vida a mordeduras","datePublished":"2024-05-13T23:37:46+00:00","mainEntityOfPage":{"@id":"https:\/\/reporteroshoy.mx\/noticias\/increible-un-cerdo-le-quito-la-vida-a-mordeduras\/"},"wordCount":243,"commentCount":0,"image":{"@id":"https:\/\/reporteroshoy.mx\/noticias\/increible-un-cerdo-le-quito-la-vida-a-mordeduras\/#primaryimage"},"thumbnailUrl":"https:\/\/reporteroshoy.mx\/noticias\/wp-content\/uploads\/2024\/05\/CERDO-scaled.jpg","keywords":["cerdo","El Roble Agr\u00edcola","Mordeduras"],"articleSection":["Yucat\u00e1n"],"inLanguage":"es","potentialAction":[{"@type":"CommentAction","name":"Comment","target":["https:\/\/reporteroshoy.mx\/noticias\/increible-un-cerdo-le-quito-la-vida-a-mordeduras\/#respond"]}]},{"@type":"WebPage","@id":"https:\/\/reporteroshoy.mx\/noticias\/increible-un-cerdo-le-quito-la-vida-a-mordeduras\/","url":"https:\/\/reporteroshoy.mx\/noticias\/increible-un-cerdo-le-quito-la-vida-a-mordeduras\/","name":"Incre\u00edble: un cerdo le quit\u00f3 la vida a mordeduras","isPartOf":{"@id":"https:\/\/reporteroshoy.mx\/noticias\/#website"},"primaryImageOfPage":{"@id":"https:\/\/reporteroshoy.mx\/noticias\/increible-un-cerdo-le-quito-la-vida-a-mordeduras\/#primaryimage"},"image":{"@id":"https:\/\/reporteroshoy.mx\/noticias\/increible-un-cerdo-le-quito-la-vida-a-mordeduras\/#primaryimage"},"thumbnailUrl":"https:\/\/reporteroshoy.mx\/noticias\/wp-content\/uploads\/2024\/05\/CERDO-scaled.jpg","datePublished":"2024-05-13T23:37:46+00:00","author":{"@id":"https:\/\/reporteroshoy.mx\/noticias\/#\/schema\/person\/948520f0d88b01be2e5266bc4acbbc15"},"description":"De repente, el cerdo que se encontraba en celo, seg\u00fan vecinos, se alter\u00f3 y comenz\u00f3 atacar a mordeduras a don Mariano.","breadcrumb":{"@id":"https:\/\/reporteroshoy.mx\/noticias\/increible-un-cerdo-le-quito-la-vida-a-mordeduras\/#breadcrumb"},"inLanguage":"es","potentialAction":[{"@type":"ReadAction","target":["https:\/\/reporteroshoy.mx\/noticias\/increible-un-cerdo-le-quito-la-vida-a-mordeduras\/"]}]},{"@type":"ImageObject","inLanguage":"es","@id":"https:\/\/reporteroshoy.mx\/noticias\/increible-un-cerdo-le-quito-la-vida-a-mordeduras\/#primaryimage","url":"https:\/\/reporteroshoy.mx\/noticias\/wp-content\/uploads\/2024\/05\/CERDO-scaled.jpg","contentUrl":"https:\/\/reporteroshoy.mx\/noticias\/wp-content\/uploads\/2024\/05\/CERDO-scaled.jpg","width":768,"height":576},{"@type":"BreadcrumbList","@id":"https:\/\/reporteroshoy.mx\/noticias\/increible-un-cerdo-le-quito-la-vida-a-mordeduras\/#breadcrumb","itemListElement":[{"@type":"ListItem","position":1,"name":"Portada","item":"https:\/\/reporteroshoy.mx\/noticias\/"},{"@type":"ListItem","position":2,"name":"Incre\u00edble: un cerdo le quit\u00f3 la vida a mordeduras"}]},{"@type":"WebSite","@id":"https:\/\/reporteroshoy.mx\/noticias\/#website","url":"https:\/\/reporteroshoy.mx\/noticias\/","name":"Reporteros Hoy | Noticias de Yucat\u00e1n","description":"Peri\u00f3dico digital con noticias diarias desde M\u00e9rida, Yucat\u00e1n para el mundo.","potentialAction":[{"@type":"SearchAction","target":{"@type":"EntryPoint","urlTemplate":"https:\/\/reporteroshoy.mx\/noticias\/?s={search_term_string}"},"query-input":{"@type":"PropertyValueSpecification","valueRequired":true,"valueName":"search_term_string"}}],"inLanguage":"es"},{"@type":"Person","@id":"https:\/\/reporteroshoy.mx\/noticias\/#\/schema\/person\/948520f0d88b01be2e5266bc4acbbc15","name":"Reporteros Hoy IM","image":{"@type":"ImageObject","inLanguage":"es","@id":"https:\/\/secure.gravatar.com\/avatar\/d843030b96552826ac048bdfe26f2895604b800ed0c880ee55765a74d95dfc65?s=96&d=mm&r=g","url":"https:\/\/secure.gravatar.com\/avatar\/d843030b96552826ac048bdfe26f2895604b800ed0c880ee55765a74d95dfc65?s=96&d=mm&r=g","contentUrl":"https:\/\/secure.gravatar.com\/avatar\/d843030b96552826ac048bdfe26f2895604b800ed0c880ee55765a74d95dfc65?s=96&d=mm&r=g","caption":"Reporteros Hoy IM"},"url":"https:\/\/reporteroshoy.mx\/noticias\/author\/israel\/"}]}},"_links":{"self":[{"href":"https:\/\/reporteroshoy.mx\/noticias\/wp-json\/wp\/v2\/posts\/112739","targetHints":{"allow":["GET"]}}],"collection":[{"href":"https:\/\/reporteroshoy.mx\/noticias\/wp-json\/wp\/v2\/posts"}],"about":[{"href":"https:\/\/reporteroshoy.mx\/noticias\/wp-json\/wp\/v2\/types\/post"}],"author":[{"embeddable":true,"href":"https:\/\/reporteroshoy.mx\/noticias\/wp-json\/wp\/v2\/users\/5"}],"replies":[{"embeddable":true,"href":"https:\/\/reporteroshoy.mx\/noticias\/wp-json\/wp\/v2\/comments?post=112739"}],"version-history":[{"count":0,"href":"https:\/\/reporteroshoy.mx\/noticias\/wp-json\/wp\/v2\/posts\/112739\/revisions"}],"wp:featuredmedia":[{"embeddable":true,"href":"https:\/\/reporteroshoy.mx\/noticias\/wp-json\/wp\/v2\/media\/112740"}],"wp:attachment":[{"href":"https:\/\/reporteroshoy.mx\/noticias\/wp-json\/wp\/v2\/media?parent=112739"}],"wp:term":[{"taxonomy":"category","embeddable":true,"href":"https:\/\/reporteroshoy.mx\/noticias\/wp-json\/wp\/v2\/categories?post=112739"},{"taxonomy":"post_tag","embeddable":true,"href":"https:\/\/reporteroshoy.mx\/noticias\/wp-json\/wp\/v2\/tags?post=112739"}],"curies":[{"name":"wp","href":"https:\/\/api.w.org\/{rel}","templated":true}]}}