{"id":113586,"date":"2024-06-09T20:01:05","date_gmt":"2024-06-10T02:01:05","guid":{"rendered":"https:\/\/reporteroshoy.mx\/noticias\/?p=113586"},"modified":"2024-06-10T05:13:17","modified_gmt":"2024-06-10T11:13:17","slug":"congreso-yucateco-dominado-por-la-4t-21-curules-locales","status":"publish","type":"post","link":"https:\/\/reporteroshoy.mx\/noticias\/congreso-yucateco-dominado-por-la-4t-21-curules-locales\/","title":{"rendered":"Congreso yucateco dominado por la 4T: 21 curules locales"},"content":{"rendered":"<p style=\"text-align: justify;\">Despu\u00e9s de la asignaci\u00f3n de las diputaciones plurinominales, el Congreso de Yucat\u00e1n ser\u00e1 dominado por la coalici\u00f3n \u201cSeguiremos Haciendo Historia\u201d con 21 curules locales.<\/p>\n<p style=\"text-align: justify;\">Durante la sesi\u00f3n del consejo general del Instituto Electoral y de Participaci\u00f3n Ciudadana (<a href=\"https:\/\/www.iepac.mx\/\">IEPAC<\/a>) se gener\u00f3 un debate sobre el tema.<\/p>\n<p><img loading=\"lazy\" decoding=\"async\" class=\"alignnone size-full wp-image-113587\" src=\"https:\/\/reporteroshoy.mx\/noticias\/wp-content\/uploads\/2024\/06\/CONGRESO_ASPECTOS_2_300920.jpg\" alt=\"\" width=\"768\" height=\"511\" \/><\/p>\n<p style=\"text-align: justify;\">El representante del PAN, Jorge Ortega Cruz, anticip\u00f3 que el blanquiazul impugnar\u00e1 la distribuci\u00f3n de\u00a0 las diputaciones de representaci\u00f3n proporcional.<\/p>\n<p style=\"text-align: justify;\">Por su parte, el representante de Moreno, Jacinto Sosa Novelo, consider\u00f3 que el PAN quiere ganar espacios en la Legislatura que no le concedi\u00f3 el electorado.<\/p>\n<p style=\"text-align: justify;\">En su intervenci\u00f3n, el consejero Jorge Vallejo Buenfil, se\u00f1al\u00f3 que cualquier fuerza pol\u00edtica est\u00e1 en su derecho de promover un recurso legal.<\/p>\n<p style=\"text-align: justify;\">Los candidatos plurinominales asignados por el sistema de representaci\u00f3n proporcional, junto con sus respectivos partidos, son los siguientes:<\/p>\n<p style=\"text-align: justify;\">Roger Torres Peniche &#8211; Partido Acci\u00f3n Nacional (PAN).<\/p>\n<p style=\"text-align: justify;\">Gaspar Quintal Parra &#8211; Partido Revolucionario Institucional (PRI).<\/p>\n<p style=\"text-align: justify;\">Harry Gerardo Rodr\u00edguez Botello Fierro &#8211; Partido Verde Ecologista de M\u00e9xico (PVEM).<\/p>\n<p style=\"text-align: justify;\">Francisco Rosas Villavicencio &#8211; Partido del Trabajo (PT).<\/p>\n<p style=\"text-align: justify;\">Javier Osante Sol\u00eds &#8211; Partido Movimiento Ciudadano (MC).<\/p>\n<p style=\"text-align: justify;\">\u00c1lvaro Cetina Puerto &#8211; Partido Acci\u00f3n Nacional (PAN).<\/p>\n<p style=\"text-align: justify;\">Zacil M\u00e9ndez Hern\u00e1ndez &#8211; Partido Acci\u00f3n Nacional (PAN).<\/p>\n<p style=\"text-align: justify;\">Rafael Montalvo Mata &#8211; Partido Acci\u00f3n Nacional (PAN).<\/p>\n<p style=\"text-align: justify;\">Rosana Cohuo Chan &#8211; Partido Revolucionario Institucional (PRI).<\/p>\n<p style=\"text-align: justify;\">Larissa Acosta Escalante &#8211; Partido Movimiento Ciudadano (MC).<\/p>\n<p style=\"text-align: justify;\">Natalia Mis Mex &#8211; Partido Verde Ecologista de M\u00e9xico (PVEM).<\/p>\n<p style=\"text-align: justify;\">Mar\u00eda Fernanda Vivas Sierra &#8211; Partido del Trabajo (PT).<\/p>\n<p style=\"text-align: justify;\">Marco Antonio Pasos Tec &#8211; Partido Acci\u00f3n Nacional (PAN).<\/p>\n<p style=\"text-align: justify;\">Manuela Cocom Bolio &#8211; Partido Acci\u00f3n Nacional (PAN).<\/p>\n<p><strong>Leer tambi\u00e9n: <\/strong><strong><a href=\"https:\/\/reporteroshoy.mx\/noticias\/iepac-confirma-triunfo-de-huacho-diaz\/\">IEPAC confirma triunfo de Huacho D\u00edaz<\/a><\/strong><\/p>\n<p style=\"text-align: justify;\">De tal manera, Morena, que no obtuvo curules plurinominales, se qued\u00f3 con 17 diputaciones de mayor\u00eda y el PAN con 4.<\/p>\n<p style=\"text-align: justify;\">Por la v\u00eda de la representaci\u00f3n proporcional qued\u00f3 as\u00ed: PAN (6), PRI (2), PVEM (2), PT (2) y MC (2).<\/p>\n<p style=\"text-align: justify;\">ISRAEL MEDINA<\/p>\n","protected":false},"excerpt":{"rendered":"<p>Las otras curules se repartieron as\u00ed: 10 para el PAN, 2 para el PRI, 2 para el PVEM, 2 para el PT y 2 para Movimiento Ciudadano. <\/p>\n","protected":false},"author":5,"featured_media":113587,"comment_status":"open","ping_status":"closed","sticky":false,"template":"","format":"standard","meta":{"footnotes":""},"categories":[24410],"tags":[321,26244,17991],"class_list":["post-113586","post","type-post","status-publish","format-standard","has-post-thumbnail","hentry","category-politica","tag-congreso-de-yucatan","tag-curules","tag-plurinominales"],"yoast_head":"<!-- This site is optimized with the Yoast SEO plugin v28.4 - https:\/\/yoast.com\/product\/yoast-seo-wordpress\/ -->\n<title>Congreso yucateco dominado por la 4T: 21 curules locales<\/title>\n<meta name=\"description\" content=\"Las otras curules se repartieron as\u00ed: 10 para el PAN, 2 para el PRI, 2 para el PVEM, 2 para el PT y 2 para Movimiento Ciudadano.\" \/>\n<meta name=\"robots\" content=\"index, follow, max-snippet:-1, max-image-preview:large, max-video-preview:-1\" \/>\n<link rel=\"canonical\" href=\"https:\/\/reporteroshoy.mx\/noticias\/congreso-yucateco-dominado-por-la-4t-21-curules-locales\/\" \/>\n<meta property=\"og:locale\" content=\"es_ES\" \/>\n<meta property=\"og:type\" content=\"article\" \/>\n<meta property=\"og:title\" content=\"Congreso yucateco dominado por la 4T: 21 curules locales\" \/>\n<meta property=\"og:description\" content=\"Las otras curules se repartieron as\u00ed: 10 para el PAN, 2 para el PRI, 2 para el PVEM, 2 para el PT y 2 para Movimiento Ciudadano.\" \/>\n<meta property=\"og:url\" content=\"https:\/\/reporteroshoy.mx\/noticias\/congreso-yucateco-dominado-por-la-4t-21-curules-locales\/\" \/>\n<meta property=\"og:site_name\" content=\"Reporteros Hoy | Noticias de Yucat\u00e1n\" \/>\n<meta property=\"article:publisher\" content=\"http:\/\/www.facebook.com\/reporteroshoymx\" \/>\n<meta property=\"article:published_time\" content=\"2024-06-10T02:01:05+00:00\" \/>\n<meta property=\"article:modified_time\" content=\"2024-06-10T11:13:17+00:00\" \/>\n<meta property=\"og:image\" content=\"https:\/\/reporteroshoy.mx\/noticias\/wp-content\/uploads\/2024\/06\/CONGRESO_ASPECTOS_2_300920.jpg\" \/>\n\t<meta property=\"og:image:width\" content=\"768\" \/>\n\t<meta property=\"og:image:height\" content=\"511\" \/>\n\t<meta property=\"og:image:type\" content=\"image\/jpeg\" \/>\n<meta name=\"author\" content=\"Reporteros Hoy IM\" \/>\n<meta name=\"twitter:card\" content=\"summary_large_image\" \/>\n<meta name=\"twitter:creator\" content=\"@reporteroshoy\" \/>\n<meta name=\"twitter:site\" content=\"@reporteroshoy\" \/>\n<meta name=\"twitter:label1\" content=\"Escrito por\" \/>\n\t<meta name=\"twitter:data1\" content=\"Reporteros Hoy IM\" \/>\n\t<meta name=\"twitter:label2\" content=\"Tiempo de lectura\" \/>\n\t<meta name=\"twitter:data2\" content=\"2 minutos\" \/>\n<script type=\"application\/ld+json\" class=\"yoast-schema-graph\">{\"@context\":\"https:\\\/\\\/schema.org\",\"@graph\":[{\"@type\":\"Article\",\"@id\":\"https:\\\/\\\/reporteroshoy.mx\\\/noticias\\\/congreso-yucateco-dominado-por-la-4t-21-curules-locales\\\/#article\",\"isPartOf\":{\"@id\":\"https:\\\/\\\/reporteroshoy.mx\\\/noticias\\\/congreso-yucateco-dominado-por-la-4t-21-curules-locales\\\/\"},\"author\":{\"name\":\"Reporteros Hoy IM\",\"@id\":\"https:\\\/\\\/reporteroshoy.mx\\\/noticias\\\/#\\\/schema\\\/person\\\/948520f0d88b01be2e5266bc4acbbc15\"},\"headline\":\"Congreso yucateco dominado por la 4T: 21 curules locales\",\"datePublished\":\"2024-06-10T02:01:05+00:00\",\"dateModified\":\"2024-06-10T11:13:17+00:00\",\"mainEntityOfPage\":{\"@id\":\"https:\\\/\\\/reporteroshoy.mx\\\/noticias\\\/congreso-yucateco-dominado-por-la-4t-21-curules-locales\\\/\"},\"wordCount\":332,\"commentCount\":0,\"image\":{\"@id\":\"https:\\\/\\\/reporteroshoy.mx\\\/noticias\\\/congreso-yucateco-dominado-por-la-4t-21-curules-locales\\\/#primaryimage\"},\"thumbnailUrl\":\"https:\\\/\\\/reporteroshoy.mx\\\/noticias\\\/wp-content\\\/uploads\\\/2024\\\/06\\\/CONGRESO_ASPECTOS_2_300920.jpg\",\"keywords\":[\"congreso de yucat\u00e1n\",\"Curules\",\"Plurinominales\"],\"articleSection\":[\"Pol\u00edtica\"],\"inLanguage\":\"es\",\"potentialAction\":[{\"@type\":\"CommentAction\",\"name\":\"Comment\",\"target\":[\"https:\\\/\\\/reporteroshoy.mx\\\/noticias\\\/congreso-yucateco-dominado-por-la-4t-21-curules-locales\\\/#respond\"]}]},{\"@type\":\"WebPage\",\"@id\":\"https:\\\/\\\/reporteroshoy.mx\\\/noticias\\\/congreso-yucateco-dominado-por-la-4t-21-curules-locales\\\/\",\"url\":\"https:\\\/\\\/reporteroshoy.mx\\\/noticias\\\/congreso-yucateco-dominado-por-la-4t-21-curules-locales\\\/\",\"name\":\"Congreso yucateco dominado por la 4T: 21 curules locales\",\"isPartOf\":{\"@id\":\"https:\\\/\\\/reporteroshoy.mx\\\/noticias\\\/#website\"},\"primaryImageOfPage\":{\"@id\":\"https:\\\/\\\/reporteroshoy.mx\\\/noticias\\\/congreso-yucateco-dominado-por-la-4t-21-curules-locales\\\/#primaryimage\"},\"image\":{\"@id\":\"https:\\\/\\\/reporteroshoy.mx\\\/noticias\\\/congreso-yucateco-dominado-por-la-4t-21-curules-locales\\\/#primaryimage\"},\"thumbnailUrl\":\"https:\\\/\\\/reporteroshoy.mx\\\/noticias\\\/wp-content\\\/uploads\\\/2024\\\/06\\\/CONGRESO_ASPECTOS_2_300920.jpg\",\"datePublished\":\"2024-06-10T02:01:05+00:00\",\"dateModified\":\"2024-06-10T11:13:17+00:00\",\"author\":{\"@id\":\"https:\\\/\\\/reporteroshoy.mx\\\/noticias\\\/#\\\/schema\\\/person\\\/948520f0d88b01be2e5266bc4acbbc15\"},\"description\":\"Las otras curules se repartieron as\u00ed: 10 para el PAN, 2 para el PRI, 2 para el PVEM, 2 para el PT y 2 para Movimiento Ciudadano.\",\"breadcrumb\":{\"@id\":\"https:\\\/\\\/reporteroshoy.mx\\\/noticias\\\/congreso-yucateco-dominado-por-la-4t-21-curules-locales\\\/#breadcrumb\"},\"inLanguage\":\"es\",\"potentialAction\":[{\"@type\":\"ReadAction\",\"target\":[\"https:\\\/\\\/reporteroshoy.mx\\\/noticias\\\/congreso-yucateco-dominado-por-la-4t-21-curules-locales\\\/\"]}]},{\"@type\":\"ImageObject\",\"inLanguage\":\"es\",\"@id\":\"https:\\\/\\\/reporteroshoy.mx\\\/noticias\\\/congreso-yucateco-dominado-por-la-4t-21-curules-locales\\\/#primaryimage\",\"url\":\"https:\\\/\\\/reporteroshoy.mx\\\/noticias\\\/wp-content\\\/uploads\\\/2024\\\/06\\\/CONGRESO_ASPECTOS_2_300920.jpg\",\"contentUrl\":\"https:\\\/\\\/reporteroshoy.mx\\\/noticias\\\/wp-content\\\/uploads\\\/2024\\\/06\\\/CONGRESO_ASPECTOS_2_300920.jpg\",\"width\":768,\"height\":511,\"caption\":\"Fuerte presencia femenina de Morena en el Congreso de Yucat\u00e1n\"},{\"@type\":\"BreadcrumbList\",\"@id\":\"https:\\\/\\\/reporteroshoy.mx\\\/noticias\\\/congreso-yucateco-dominado-por-la-4t-21-curules-locales\\\/#breadcrumb\",\"itemListElement\":[{\"@type\":\"ListItem\",\"position\":1,\"name\":\"Portada\",\"item\":\"https:\\\/\\\/reporteroshoy.mx\\\/noticias\\\/\"},{\"@type\":\"ListItem\",\"position\":2,\"name\":\"Congreso yucateco dominado por la 4T: 21 curules locales\"}]},{\"@type\":\"WebSite\",\"@id\":\"https:\\\/\\\/reporteroshoy.mx\\\/noticias\\\/#website\",\"url\":\"https:\\\/\\\/reporteroshoy.mx\\\/noticias\\\/\",\"name\":\"Reporteros Hoy | Noticias de Yucat\u00e1n\",\"description\":\"Peri\u00f3dico digital con noticias diarias desde M\u00e9rida, Yucat\u00e1n para el mundo.\",\"potentialAction\":[{\"@type\":\"SearchAction\",\"target\":{\"@type\":\"EntryPoint\",\"urlTemplate\":\"https:\\\/\\\/reporteroshoy.mx\\\/noticias\\\/?s={search_term_string}\"},\"query-input\":{\"@type\":\"PropertyValueSpecification\",\"valueRequired\":true,\"valueName\":\"search_term_string\"}}],\"inLanguage\":\"es\"},{\"@type\":\"Person\",\"@id\":\"https:\\\/\\\/reporteroshoy.mx\\\/noticias\\\/#\\\/schema\\\/person\\\/948520f0d88b01be2e5266bc4acbbc15\",\"name\":\"Reporteros Hoy IM\",\"image\":{\"@type\":\"ImageObject\",\"inLanguage\":\"es\",\"@id\":\"https:\\\/\\\/secure.gravatar.com\\\/avatar\\\/d843030b96552826ac048bdfe26f2895604b800ed0c880ee55765a74d95dfc65?s=96&d=mm&r=g\",\"url\":\"https:\\\/\\\/secure.gravatar.com\\\/avatar\\\/d843030b96552826ac048bdfe26f2895604b800ed0c880ee55765a74d95dfc65?s=96&d=mm&r=g\",\"contentUrl\":\"https:\\\/\\\/secure.gravatar.com\\\/avatar\\\/d843030b96552826ac048bdfe26f2895604b800ed0c880ee55765a74d95dfc65?s=96&d=mm&r=g\",\"caption\":\"Reporteros Hoy IM\"},\"url\":\"https:\\\/\\\/reporteroshoy.mx\\\/noticias\\\/author\\\/israel\\\/\"}]}<\/script>\n<!-- \/ Yoast SEO plugin. -->","yoast_head_json":{"title":"Congreso yucateco dominado por la 4T: 21 curules locales","description":"Las otras curules se repartieron as\u00ed: 10 para el PAN, 2 para el PRI, 2 para el PVEM, 2 para el PT y 2 para Movimiento Ciudadano.","robots":{"index":"index","follow":"follow","max-snippet":"max-snippet:-1","max-image-preview":"max-image-preview:large","max-video-preview":"max-video-preview:-1"},"canonical":"https:\/\/reporteroshoy.mx\/noticias\/congreso-yucateco-dominado-por-la-4t-21-curules-locales\/","og_locale":"es_ES","og_type":"article","og_title":"Congreso yucateco dominado por la 4T: 21 curules locales","og_description":"Las otras curules se repartieron as\u00ed: 10 para el PAN, 2 para el PRI, 2 para el PVEM, 2 para el PT y 2 para Movimiento Ciudadano.","og_url":"https:\/\/reporteroshoy.mx\/noticias\/congreso-yucateco-dominado-por-la-4t-21-curules-locales\/","og_site_name":"Reporteros Hoy | Noticias de Yucat\u00e1n","article_publisher":"http:\/\/www.facebook.com\/reporteroshoymx","article_published_time":"2024-06-10T02:01:05+00:00","article_modified_time":"2024-06-10T11:13:17+00:00","og_image":[{"width":768,"height":511,"url":"https:\/\/reporteroshoy.mx\/noticias\/wp-content\/uploads\/2024\/06\/CONGRESO_ASPECTOS_2_300920.jpg","type":"image\/jpeg"}],"author":"Reporteros Hoy IM","twitter_card":"summary_large_image","twitter_creator":"@reporteroshoy","twitter_site":"@reporteroshoy","twitter_misc":{"Escrito por":"Reporteros Hoy IM","Tiempo de lectura":"2 minutos"},"schema":{"@context":"https:\/\/schema.org","@graph":[{"@type":"Article","@id":"https:\/\/reporteroshoy.mx\/noticias\/congreso-yucateco-dominado-por-la-4t-21-curules-locales\/#article","isPartOf":{"@id":"https:\/\/reporteroshoy.mx\/noticias\/congreso-yucateco-dominado-por-la-4t-21-curules-locales\/"},"author":{"name":"Reporteros Hoy IM","@id":"https:\/\/reporteroshoy.mx\/noticias\/#\/schema\/person\/948520f0d88b01be2e5266bc4acbbc15"},"headline":"Congreso yucateco dominado por la 4T: 21 curules locales","datePublished":"2024-06-10T02:01:05+00:00","dateModified":"2024-06-10T11:13:17+00:00","mainEntityOfPage":{"@id":"https:\/\/reporteroshoy.mx\/noticias\/congreso-yucateco-dominado-por-la-4t-21-curules-locales\/"},"wordCount":332,"commentCount":0,"image":{"@id":"https:\/\/reporteroshoy.mx\/noticias\/congreso-yucateco-dominado-por-la-4t-21-curules-locales\/#primaryimage"},"thumbnailUrl":"https:\/\/reporteroshoy.mx\/noticias\/wp-content\/uploads\/2024\/06\/CONGRESO_ASPECTOS_2_300920.jpg","keywords":["congreso de yucat\u00e1n","Curules","Plurinominales"],"articleSection":["Pol\u00edtica"],"inLanguage":"es","potentialAction":[{"@type":"CommentAction","name":"Comment","target":["https:\/\/reporteroshoy.mx\/noticias\/congreso-yucateco-dominado-por-la-4t-21-curules-locales\/#respond"]}]},{"@type":"WebPage","@id":"https:\/\/reporteroshoy.mx\/noticias\/congreso-yucateco-dominado-por-la-4t-21-curules-locales\/","url":"https:\/\/reporteroshoy.mx\/noticias\/congreso-yucateco-dominado-por-la-4t-21-curules-locales\/","name":"Congreso yucateco dominado por la 4T: 21 curules locales","isPartOf":{"@id":"https:\/\/reporteroshoy.mx\/noticias\/#website"},"primaryImageOfPage":{"@id":"https:\/\/reporteroshoy.mx\/noticias\/congreso-yucateco-dominado-por-la-4t-21-curules-locales\/#primaryimage"},"image":{"@id":"https:\/\/reporteroshoy.mx\/noticias\/congreso-yucateco-dominado-por-la-4t-21-curules-locales\/#primaryimage"},"thumbnailUrl":"https:\/\/reporteroshoy.mx\/noticias\/wp-content\/uploads\/2024\/06\/CONGRESO_ASPECTOS_2_300920.jpg","datePublished":"2024-06-10T02:01:05+00:00","dateModified":"2024-06-10T11:13:17+00:00","author":{"@id":"https:\/\/reporteroshoy.mx\/noticias\/#\/schema\/person\/948520f0d88b01be2e5266bc4acbbc15"},"description":"Las otras curules se repartieron as\u00ed: 10 para el PAN, 2 para el PRI, 2 para el PVEM, 2 para el PT y 2 para Movimiento Ciudadano.","breadcrumb":{"@id":"https:\/\/reporteroshoy.mx\/noticias\/congreso-yucateco-dominado-por-la-4t-21-curules-locales\/#breadcrumb"},"inLanguage":"es","potentialAction":[{"@type":"ReadAction","target":["https:\/\/reporteroshoy.mx\/noticias\/congreso-yucateco-dominado-por-la-4t-21-curules-locales\/"]}]},{"@type":"ImageObject","inLanguage":"es","@id":"https:\/\/reporteroshoy.mx\/noticias\/congreso-yucateco-dominado-por-la-4t-21-curules-locales\/#primaryimage","url":"https:\/\/reporteroshoy.mx\/noticias\/wp-content\/uploads\/2024\/06\/CONGRESO_ASPECTOS_2_300920.jpg","contentUrl":"https:\/\/reporteroshoy.mx\/noticias\/wp-content\/uploads\/2024\/06\/CONGRESO_ASPECTOS_2_300920.jpg","width":768,"height":511,"caption":"Fuerte presencia femenina de Morena en el Congreso de Yucat\u00e1n"},{"@type":"BreadcrumbList","@id":"https:\/\/reporteroshoy.mx\/noticias\/congreso-yucateco-dominado-por-la-4t-21-curules-locales\/#breadcrumb","itemListElement":[{"@type":"ListItem","position":1,"name":"Portada","item":"https:\/\/reporteroshoy.mx\/noticias\/"},{"@type":"ListItem","position":2,"name":"Congreso yucateco dominado por la 4T: 21 curules locales"}]},{"@type":"WebSite","@id":"https:\/\/reporteroshoy.mx\/noticias\/#website","url":"https:\/\/reporteroshoy.mx\/noticias\/","name":"Reporteros Hoy | Noticias de Yucat\u00e1n","description":"Peri\u00f3dico digital con noticias diarias desde M\u00e9rida, Yucat\u00e1n para el mundo.","potentialAction":[{"@type":"SearchAction","target":{"@type":"EntryPoint","urlTemplate":"https:\/\/reporteroshoy.mx\/noticias\/?s={search_term_string}"},"query-input":{"@type":"PropertyValueSpecification","valueRequired":true,"valueName":"search_term_string"}}],"inLanguage":"es"},{"@type":"Person","@id":"https:\/\/reporteroshoy.mx\/noticias\/#\/schema\/person\/948520f0d88b01be2e5266bc4acbbc15","name":"Reporteros Hoy IM","image":{"@type":"ImageObject","inLanguage":"es","@id":"https:\/\/secure.gravatar.com\/avatar\/d843030b96552826ac048bdfe26f2895604b800ed0c880ee55765a74d95dfc65?s=96&d=mm&r=g","url":"https:\/\/secure.gravatar.com\/avatar\/d843030b96552826ac048bdfe26f2895604b800ed0c880ee55765a74d95dfc65?s=96&d=mm&r=g","contentUrl":"https:\/\/secure.gravatar.com\/avatar\/d843030b96552826ac048bdfe26f2895604b800ed0c880ee55765a74d95dfc65?s=96&d=mm&r=g","caption":"Reporteros Hoy IM"},"url":"https:\/\/reporteroshoy.mx\/noticias\/author\/israel\/"}]}},"_links":{"self":[{"href":"https:\/\/reporteroshoy.mx\/noticias\/wp-json\/wp\/v2\/posts\/113586","targetHints":{"allow":["GET"]}}],"collection":[{"href":"https:\/\/reporteroshoy.mx\/noticias\/wp-json\/wp\/v2\/posts"}],"about":[{"href":"https:\/\/reporteroshoy.mx\/noticias\/wp-json\/wp\/v2\/types\/post"}],"author":[{"embeddable":true,"href":"https:\/\/reporteroshoy.mx\/noticias\/wp-json\/wp\/v2\/users\/5"}],"replies":[{"embeddable":true,"href":"https:\/\/reporteroshoy.mx\/noticias\/wp-json\/wp\/v2\/comments?post=113586"}],"version-history":[{"count":0,"href":"https:\/\/reporteroshoy.mx\/noticias\/wp-json\/wp\/v2\/posts\/113586\/revisions"}],"wp:featuredmedia":[{"embeddable":true,"href":"https:\/\/reporteroshoy.mx\/noticias\/wp-json\/wp\/v2\/media\/113587"}],"wp:attachment":[{"href":"https:\/\/reporteroshoy.mx\/noticias\/wp-json\/wp\/v2\/media?parent=113586"}],"wp:term":[{"taxonomy":"category","embeddable":true,"href":"https:\/\/reporteroshoy.mx\/noticias\/wp-json\/wp\/v2\/categories?post=113586"},{"taxonomy":"post_tag","embeddable":true,"href":"https:\/\/reporteroshoy.mx\/noticias\/wp-json\/wp\/v2\/tags?post=113586"}],"curies":[{"name":"wp","href":"https:\/\/api.w.org\/{rel}","templated":true}]}}