{"id":113904,"date":"2024-06-20T16:16:04","date_gmt":"2024-06-20T22:16:04","guid":{"rendered":"https:\/\/reporteroshoy.mx\/noticias\/?p=113904"},"modified":"2024-06-21T05:48:35","modified_gmt":"2024-06-21T11:48:35","slug":"congreso-oficializa-yucatan-con-escudo-bandera-e-himno","status":"publish","type":"post","link":"https:\/\/reporteroshoy.mx\/noticias\/congreso-oficializa-yucatan-con-escudo-bandera-e-himno\/","title":{"rendered":"Congreso oficializa: Yucat\u00e1n con escudo, bandera e himno"},"content":{"rendered":"<p style=\"text-align: justify;\">El pleno del Congreso local aprob\u00f3 por mayor\u00eda la expedici\u00f3n de la Ley del Escudo, la Bandera y el Himno de Yucat\u00e1n, lo que oficializa la instauraci\u00f3n de los s\u00edmbolos yucatecos.<\/p>\n<p style=\"text-align: justify;\">Sin mayores discusiones y con el voto de las bancadas del PAN, PRI, Nueva Alianza, Verde Ecologista y Movimiento Ciudadano, la iniciativa del gobernador Mauricio Vila Dosal se aprob\u00f3.<\/p>\n<p><img loading=\"lazy\" decoding=\"async\" class=\"alignnone size-full wp-image-113910\" src=\"https:\/\/reporteroshoy.mx\/noticias\/wp-content\/uploads\/2024\/06\/Imagen-de-WhatsApp-2024-03-16-a-las-09.45.55_cbeb835b-scaled.jpg\" alt=\"\" width=\"768\" height=\"432\" \/><\/p>\n<p style=\"text-align: justify;\">La nueva legislaci\u00f3n dispone que la Secretar\u00eda de Educaci\u00f3n del Gobierno del Estado de Yucat\u00e1n (Segey) tendr\u00e1 la responsabilidad de la ense\u00f1anza de los s\u00edmbolos en las escuelas, adem\u00e1s de que no podr\u00e1n modificarse.<\/p>\n<p style=\"text-align: justify;\">Se precis\u00f3 que el escudo podr\u00e1 ser usado de manera oficial por las autoridades locales, tanto en documentos como sellos, logotipos, entre otras cuestiones.<\/p>\n<p style=\"text-align: justify;\">En cuanto a la bandera, podr\u00e1 ser empleada en homenajes c\u00edvicos, escolares, entre otras, siempre y cuando est\u00e9 presente la bandera nacional, rindi\u00e9ndole homenaje posterior a esta, y con un saludo en posici\u00f3n de firmes, adem\u00e1s de que qued\u00f3 establecido el 16 de marzo como el d\u00eda de la bandera yucateca.<\/p>\n<h3>Luis P\u00e9rez Sabido, autor del nuevo himno<\/h3>\n<p style=\"text-align: justify;\">El himno mantiene la m\u00fasica original establecida en 1891, aunque se aprob\u00f3 la nueva letra escrita por el poeta, Luis P\u00e9rez Sabido, la cual consta de 6 estrofas y un coro, en los que se resalta los valores del estado.<\/p>\n<p style=\"text-align: justify;\">Durante la sesi\u00f3n plenaria, la bancada de Morena consider\u00f3 que la medida carec\u00eda de socializaci\u00f3n.<\/p>\n<p style=\"text-align: justify;\">\u00abHubiera sido atinado darle m\u00e1s tiempo al estudio de esta norma. No es cosa menor, se trata del escudo, la bandera y el himno de Yucat\u00e1n. Es lamentable que la comisi\u00f3n permanente no haya pedido opini\u00f3n a la comisi\u00f3n de arte y cultura del Congreso\u00bb, se\u00f1al\u00f3 la diputada Fabiola Loeza Novelo.<\/p>\n<p>T<strong>e puede interesar: <\/strong><strong><a href=\"https:\/\/reporteroshoy.mx\/noticias\/ivonne-ortega-se-perfila-para-coordinar-bancada-de-mc\/\">Ivonne Ortega se perfila para coordinar bancada de MC<\/a><\/strong><\/p>\n<p style=\"text-align: justify;\">La nueva ley tambi\u00e9n comprende que habr\u00e1 sanciones para quien falte el respeto o haga un uso indebido de los s\u00edmbolos de Yucat\u00e1n, las cuales ser\u00edan una amonestaci\u00f3n, una multa de hasta 10 mil 857 pesos o un arresto de hasta 36 horas, dependiendo de la falta cometida.<\/p>\n<p style=\"text-align: justify;\">Una vez que la nueva ley entre en vigor, el Ejecutivo estatal tendr\u00e1 6 meses para publicar el reglamento que dar\u00e1 validez al funcionamiento de la misma.<\/p>\n","protected":false},"excerpt":{"rendered":"<p>La actualizaci\u00f3n de la letra del himno yucateco estuvo a cargo del poeta y compositor Luis P\u00e9rez Sabido. Consta de 6 estrofas y un coro. <\/p>\n","protected":false},"author":5,"featured_media":113918,"comment_status":"open","ping_status":"closed","sticky":false,"template":"","format":"standard","meta":{"footnotes":""},"categories":[24410],"tags":[813,321,26273,759],"class_list":["post-113904","post","type-post","status-publish","format-standard","has-post-thumbnail","hentry","category-politica","tag-bandera","tag-congreso-de-yucatan","tag-escudo","tag-himno"],"yoast_head":"<!-- This site is optimized with the Yoast SEO plugin v28.3 - https:\/\/yoast.com\/product\/yoast-seo-wordpress\/ -->\n<title>Congreso oficializa: Yucat\u00e1n con escudo, bandera e himno<\/title>\n<meta name=\"description\" content=\"La actualizaci\u00f3n de la letra del himno yucateco estuvo a cargo del poeta y compositor Luis P\u00e9rez Sabido. Consta de 6 estrofas y un coro.\" \/>\n<meta name=\"robots\" content=\"index, follow, max-snippet:-1, max-image-preview:large, max-video-preview:-1\" \/>\n<link rel=\"canonical\" href=\"https:\/\/reporteroshoy.mx\/noticias\/congreso-oficializa-yucatan-con-escudo-bandera-e-himno\/\" \/>\n<meta property=\"og:locale\" content=\"es_ES\" \/>\n<meta property=\"og:type\" content=\"article\" \/>\n<meta property=\"og:title\" content=\"Congreso oficializa: Yucat\u00e1n con escudo, bandera e himno\" \/>\n<meta property=\"og:description\" content=\"La actualizaci\u00f3n de la letra del himno yucateco estuvo a cargo del poeta y compositor Luis P\u00e9rez Sabido. Consta de 6 estrofas y un coro.\" \/>\n<meta property=\"og:url\" content=\"https:\/\/reporteroshoy.mx\/noticias\/congreso-oficializa-yucatan-con-escudo-bandera-e-himno\/\" \/>\n<meta property=\"og:site_name\" content=\"Reporteros Hoy | Noticias de Yucat\u00e1n\" \/>\n<meta property=\"article:publisher\" content=\"http:\/\/www.facebook.com\/reporteroshoymx\" \/>\n<meta property=\"article:published_time\" content=\"2024-06-20T22:16:04+00:00\" \/>\n<meta property=\"article:modified_time\" content=\"2024-06-21T11:48:35+00:00\" \/>\n<meta property=\"og:image\" content=\"https:\/\/reporteroshoy.mx\/noticias\/wp-content\/uploads\/2024\/06\/congo.png\" \/>\n\t<meta property=\"og:image:width\" content=\"768\" \/>\n\t<meta property=\"og:image:height\" content=\"461\" \/>\n\t<meta property=\"og:image:type\" content=\"image\/png\" \/>\n<meta name=\"author\" content=\"Reporteros Hoy IM\" \/>\n<meta name=\"twitter:card\" content=\"summary_large_image\" \/>\n<meta name=\"twitter:creator\" content=\"@reporteroshoy\" \/>\n<meta name=\"twitter:site\" content=\"@reporteroshoy\" \/>\n<meta name=\"twitter:label1\" content=\"Escrito por\" \/>\n\t<meta name=\"twitter:data1\" content=\"Reporteros Hoy IM\" \/>\n\t<meta name=\"twitter:label2\" content=\"Tiempo de lectura\" \/>\n\t<meta name=\"twitter:data2\" content=\"3 minutos\" \/>\n<script type=\"application\/ld+json\" class=\"yoast-schema-graph\">{\"@context\":\"https:\\\/\\\/schema.org\",\"@graph\":[{\"@type\":\"Article\",\"@id\":\"https:\\\/\\\/reporteroshoy.mx\\\/noticias\\\/congreso-oficializa-yucatan-con-escudo-bandera-e-himno\\\/#article\",\"isPartOf\":{\"@id\":\"https:\\\/\\\/reporteroshoy.mx\\\/noticias\\\/congreso-oficializa-yucatan-con-escudo-bandera-e-himno\\\/\"},\"author\":{\"name\":\"Reporteros Hoy IM\",\"@id\":\"https:\\\/\\\/reporteroshoy.mx\\\/noticias\\\/#\\\/schema\\\/person\\\/948520f0d88b01be2e5266bc4acbbc15\"},\"headline\":\"Congreso oficializa: Yucat\u00e1n con escudo, bandera e himno\",\"datePublished\":\"2024-06-20T22:16:04+00:00\",\"dateModified\":\"2024-06-21T11:48:35+00:00\",\"mainEntityOfPage\":{\"@id\":\"https:\\\/\\\/reporteroshoy.mx\\\/noticias\\\/congreso-oficializa-yucatan-con-escudo-bandera-e-himno\\\/\"},\"wordCount\":406,\"commentCount\":0,\"image\":{\"@id\":\"https:\\\/\\\/reporteroshoy.mx\\\/noticias\\\/congreso-oficializa-yucatan-con-escudo-bandera-e-himno\\\/#primaryimage\"},\"thumbnailUrl\":\"https:\\\/\\\/reporteroshoy.mx\\\/noticias\\\/wp-content\\\/uploads\\\/2024\\\/06\\\/congo.png\",\"keywords\":[\"Bandera\",\"congreso de yucat\u00e1n\",\"Escudo\",\"Himno\"],\"articleSection\":[\"Pol\u00edtica\"],\"inLanguage\":\"es\",\"potentialAction\":[{\"@type\":\"CommentAction\",\"name\":\"Comment\",\"target\":[\"https:\\\/\\\/reporteroshoy.mx\\\/noticias\\\/congreso-oficializa-yucatan-con-escudo-bandera-e-himno\\\/#respond\"]}]},{\"@type\":\"WebPage\",\"@id\":\"https:\\\/\\\/reporteroshoy.mx\\\/noticias\\\/congreso-oficializa-yucatan-con-escudo-bandera-e-himno\\\/\",\"url\":\"https:\\\/\\\/reporteroshoy.mx\\\/noticias\\\/congreso-oficializa-yucatan-con-escudo-bandera-e-himno\\\/\",\"name\":\"Congreso oficializa: Yucat\u00e1n con escudo, bandera e himno\",\"isPartOf\":{\"@id\":\"https:\\\/\\\/reporteroshoy.mx\\\/noticias\\\/#website\"},\"primaryImageOfPage\":{\"@id\":\"https:\\\/\\\/reporteroshoy.mx\\\/noticias\\\/congreso-oficializa-yucatan-con-escudo-bandera-e-himno\\\/#primaryimage\"},\"image\":{\"@id\":\"https:\\\/\\\/reporteroshoy.mx\\\/noticias\\\/congreso-oficializa-yucatan-con-escudo-bandera-e-himno\\\/#primaryimage\"},\"thumbnailUrl\":\"https:\\\/\\\/reporteroshoy.mx\\\/noticias\\\/wp-content\\\/uploads\\\/2024\\\/06\\\/congo.png\",\"datePublished\":\"2024-06-20T22:16:04+00:00\",\"dateModified\":\"2024-06-21T11:48:35+00:00\",\"author\":{\"@id\":\"https:\\\/\\\/reporteroshoy.mx\\\/noticias\\\/#\\\/schema\\\/person\\\/948520f0d88b01be2e5266bc4acbbc15\"},\"description\":\"La actualizaci\u00f3n de la letra del himno yucateco estuvo a cargo del poeta y compositor Luis P\u00e9rez Sabido. Consta de 6 estrofas y un coro.\",\"breadcrumb\":{\"@id\":\"https:\\\/\\\/reporteroshoy.mx\\\/noticias\\\/congreso-oficializa-yucatan-con-escudo-bandera-e-himno\\\/#breadcrumb\"},\"inLanguage\":\"es\",\"potentialAction\":[{\"@type\":\"ReadAction\",\"target\":[\"https:\\\/\\\/reporteroshoy.mx\\\/noticias\\\/congreso-oficializa-yucatan-con-escudo-bandera-e-himno\\\/\"]}]},{\"@type\":\"ImageObject\",\"inLanguage\":\"es\",\"@id\":\"https:\\\/\\\/reporteroshoy.mx\\\/noticias\\\/congreso-oficializa-yucatan-con-escudo-bandera-e-himno\\\/#primaryimage\",\"url\":\"https:\\\/\\\/reporteroshoy.mx\\\/noticias\\\/wp-content\\\/uploads\\\/2024\\\/06\\\/congo.png\",\"contentUrl\":\"https:\\\/\\\/reporteroshoy.mx\\\/noticias\\\/wp-content\\\/uploads\\\/2024\\\/06\\\/congo.png\",\"width\":768,\"height\":461},{\"@type\":\"BreadcrumbList\",\"@id\":\"https:\\\/\\\/reporteroshoy.mx\\\/noticias\\\/congreso-oficializa-yucatan-con-escudo-bandera-e-himno\\\/#breadcrumb\",\"itemListElement\":[{\"@type\":\"ListItem\",\"position\":1,\"name\":\"Portada\",\"item\":\"https:\\\/\\\/reporteroshoy.mx\\\/noticias\\\/\"},{\"@type\":\"ListItem\",\"position\":2,\"name\":\"Congreso oficializa: Yucat\u00e1n con escudo, bandera e himno\"}]},{\"@type\":\"WebSite\",\"@id\":\"https:\\\/\\\/reporteroshoy.mx\\\/noticias\\\/#website\",\"url\":\"https:\\\/\\\/reporteroshoy.mx\\\/noticias\\\/\",\"name\":\"Reporteros Hoy | Noticias de Yucat\u00e1n\",\"description\":\"Peri\u00f3dico digital con noticias diarias desde M\u00e9rida, Yucat\u00e1n para el mundo.\",\"potentialAction\":[{\"@type\":\"SearchAction\",\"target\":{\"@type\":\"EntryPoint\",\"urlTemplate\":\"https:\\\/\\\/reporteroshoy.mx\\\/noticias\\\/?s={search_term_string}\"},\"query-input\":{\"@type\":\"PropertyValueSpecification\",\"valueRequired\":true,\"valueName\":\"search_term_string\"}}],\"inLanguage\":\"es\"},{\"@type\":\"Person\",\"@id\":\"https:\\\/\\\/reporteroshoy.mx\\\/noticias\\\/#\\\/schema\\\/person\\\/948520f0d88b01be2e5266bc4acbbc15\",\"name\":\"Reporteros Hoy IM\",\"image\":{\"@type\":\"ImageObject\",\"inLanguage\":\"es\",\"@id\":\"https:\\\/\\\/secure.gravatar.com\\\/avatar\\\/d843030b96552826ac048bdfe26f2895604b800ed0c880ee55765a74d95dfc65?s=96&d=mm&r=g\",\"url\":\"https:\\\/\\\/secure.gravatar.com\\\/avatar\\\/d843030b96552826ac048bdfe26f2895604b800ed0c880ee55765a74d95dfc65?s=96&d=mm&r=g\",\"contentUrl\":\"https:\\\/\\\/secure.gravatar.com\\\/avatar\\\/d843030b96552826ac048bdfe26f2895604b800ed0c880ee55765a74d95dfc65?s=96&d=mm&r=g\",\"caption\":\"Reporteros Hoy IM\"},\"url\":\"https:\\\/\\\/reporteroshoy.mx\\\/noticias\\\/author\\\/israel\\\/\"}]}<\/script>\n<!-- \/ Yoast SEO plugin. -->","yoast_head_json":{"title":"Congreso oficializa: Yucat\u00e1n con escudo, bandera e himno","description":"La actualizaci\u00f3n de la letra del himno yucateco estuvo a cargo del poeta y compositor Luis P\u00e9rez Sabido. Consta de 6 estrofas y un coro.","robots":{"index":"index","follow":"follow","max-snippet":"max-snippet:-1","max-image-preview":"max-image-preview:large","max-video-preview":"max-video-preview:-1"},"canonical":"https:\/\/reporteroshoy.mx\/noticias\/congreso-oficializa-yucatan-con-escudo-bandera-e-himno\/","og_locale":"es_ES","og_type":"article","og_title":"Congreso oficializa: Yucat\u00e1n con escudo, bandera e himno","og_description":"La actualizaci\u00f3n de la letra del himno yucateco estuvo a cargo del poeta y compositor Luis P\u00e9rez Sabido. Consta de 6 estrofas y un coro.","og_url":"https:\/\/reporteroshoy.mx\/noticias\/congreso-oficializa-yucatan-con-escudo-bandera-e-himno\/","og_site_name":"Reporteros Hoy | Noticias de Yucat\u00e1n","article_publisher":"http:\/\/www.facebook.com\/reporteroshoymx","article_published_time":"2024-06-20T22:16:04+00:00","article_modified_time":"2024-06-21T11:48:35+00:00","og_image":[{"width":768,"height":461,"url":"https:\/\/reporteroshoy.mx\/noticias\/wp-content\/uploads\/2024\/06\/congo.png","type":"image\/png"}],"author":"Reporteros Hoy IM","twitter_card":"summary_large_image","twitter_creator":"@reporteroshoy","twitter_site":"@reporteroshoy","twitter_misc":{"Escrito por":"Reporteros Hoy IM","Tiempo de lectura":"3 minutos"},"schema":{"@context":"https:\/\/schema.org","@graph":[{"@type":"Article","@id":"https:\/\/reporteroshoy.mx\/noticias\/congreso-oficializa-yucatan-con-escudo-bandera-e-himno\/#article","isPartOf":{"@id":"https:\/\/reporteroshoy.mx\/noticias\/congreso-oficializa-yucatan-con-escudo-bandera-e-himno\/"},"author":{"name":"Reporteros Hoy IM","@id":"https:\/\/reporteroshoy.mx\/noticias\/#\/schema\/person\/948520f0d88b01be2e5266bc4acbbc15"},"headline":"Congreso oficializa: Yucat\u00e1n con escudo, bandera e himno","datePublished":"2024-06-20T22:16:04+00:00","dateModified":"2024-06-21T11:48:35+00:00","mainEntityOfPage":{"@id":"https:\/\/reporteroshoy.mx\/noticias\/congreso-oficializa-yucatan-con-escudo-bandera-e-himno\/"},"wordCount":406,"commentCount":0,"image":{"@id":"https:\/\/reporteroshoy.mx\/noticias\/congreso-oficializa-yucatan-con-escudo-bandera-e-himno\/#primaryimage"},"thumbnailUrl":"https:\/\/reporteroshoy.mx\/noticias\/wp-content\/uploads\/2024\/06\/congo.png","keywords":["Bandera","congreso de yucat\u00e1n","Escudo","Himno"],"articleSection":["Pol\u00edtica"],"inLanguage":"es","potentialAction":[{"@type":"CommentAction","name":"Comment","target":["https:\/\/reporteroshoy.mx\/noticias\/congreso-oficializa-yucatan-con-escudo-bandera-e-himno\/#respond"]}]},{"@type":"WebPage","@id":"https:\/\/reporteroshoy.mx\/noticias\/congreso-oficializa-yucatan-con-escudo-bandera-e-himno\/","url":"https:\/\/reporteroshoy.mx\/noticias\/congreso-oficializa-yucatan-con-escudo-bandera-e-himno\/","name":"Congreso oficializa: Yucat\u00e1n con escudo, bandera e himno","isPartOf":{"@id":"https:\/\/reporteroshoy.mx\/noticias\/#website"},"primaryImageOfPage":{"@id":"https:\/\/reporteroshoy.mx\/noticias\/congreso-oficializa-yucatan-con-escudo-bandera-e-himno\/#primaryimage"},"image":{"@id":"https:\/\/reporteroshoy.mx\/noticias\/congreso-oficializa-yucatan-con-escudo-bandera-e-himno\/#primaryimage"},"thumbnailUrl":"https:\/\/reporteroshoy.mx\/noticias\/wp-content\/uploads\/2024\/06\/congo.png","datePublished":"2024-06-20T22:16:04+00:00","dateModified":"2024-06-21T11:48:35+00:00","author":{"@id":"https:\/\/reporteroshoy.mx\/noticias\/#\/schema\/person\/948520f0d88b01be2e5266bc4acbbc15"},"description":"La actualizaci\u00f3n de la letra del himno yucateco estuvo a cargo del poeta y compositor Luis P\u00e9rez Sabido. Consta de 6 estrofas y un coro.","breadcrumb":{"@id":"https:\/\/reporteroshoy.mx\/noticias\/congreso-oficializa-yucatan-con-escudo-bandera-e-himno\/#breadcrumb"},"inLanguage":"es","potentialAction":[{"@type":"ReadAction","target":["https:\/\/reporteroshoy.mx\/noticias\/congreso-oficializa-yucatan-con-escudo-bandera-e-himno\/"]}]},{"@type":"ImageObject","inLanguage":"es","@id":"https:\/\/reporteroshoy.mx\/noticias\/congreso-oficializa-yucatan-con-escudo-bandera-e-himno\/#primaryimage","url":"https:\/\/reporteroshoy.mx\/noticias\/wp-content\/uploads\/2024\/06\/congo.png","contentUrl":"https:\/\/reporteroshoy.mx\/noticias\/wp-content\/uploads\/2024\/06\/congo.png","width":768,"height":461},{"@type":"BreadcrumbList","@id":"https:\/\/reporteroshoy.mx\/noticias\/congreso-oficializa-yucatan-con-escudo-bandera-e-himno\/#breadcrumb","itemListElement":[{"@type":"ListItem","position":1,"name":"Portada","item":"https:\/\/reporteroshoy.mx\/noticias\/"},{"@type":"ListItem","position":2,"name":"Congreso oficializa: Yucat\u00e1n con escudo, bandera e himno"}]},{"@type":"WebSite","@id":"https:\/\/reporteroshoy.mx\/noticias\/#website","url":"https:\/\/reporteroshoy.mx\/noticias\/","name":"Reporteros Hoy | Noticias de Yucat\u00e1n","description":"Peri\u00f3dico digital con noticias diarias desde M\u00e9rida, Yucat\u00e1n para el mundo.","potentialAction":[{"@type":"SearchAction","target":{"@type":"EntryPoint","urlTemplate":"https:\/\/reporteroshoy.mx\/noticias\/?s={search_term_string}"},"query-input":{"@type":"PropertyValueSpecification","valueRequired":true,"valueName":"search_term_string"}}],"inLanguage":"es"},{"@type":"Person","@id":"https:\/\/reporteroshoy.mx\/noticias\/#\/schema\/person\/948520f0d88b01be2e5266bc4acbbc15","name":"Reporteros Hoy IM","image":{"@type":"ImageObject","inLanguage":"es","@id":"https:\/\/secure.gravatar.com\/avatar\/d843030b96552826ac048bdfe26f2895604b800ed0c880ee55765a74d95dfc65?s=96&d=mm&r=g","url":"https:\/\/secure.gravatar.com\/avatar\/d843030b96552826ac048bdfe26f2895604b800ed0c880ee55765a74d95dfc65?s=96&d=mm&r=g","contentUrl":"https:\/\/secure.gravatar.com\/avatar\/d843030b96552826ac048bdfe26f2895604b800ed0c880ee55765a74d95dfc65?s=96&d=mm&r=g","caption":"Reporteros Hoy IM"},"url":"https:\/\/reporteroshoy.mx\/noticias\/author\/israel\/"}]}},"_links":{"self":[{"href":"https:\/\/reporteroshoy.mx\/noticias\/wp-json\/wp\/v2\/posts\/113904","targetHints":{"allow":["GET"]}}],"collection":[{"href":"https:\/\/reporteroshoy.mx\/noticias\/wp-json\/wp\/v2\/posts"}],"about":[{"href":"https:\/\/reporteroshoy.mx\/noticias\/wp-json\/wp\/v2\/types\/post"}],"author":[{"embeddable":true,"href":"https:\/\/reporteroshoy.mx\/noticias\/wp-json\/wp\/v2\/users\/5"}],"replies":[{"embeddable":true,"href":"https:\/\/reporteroshoy.mx\/noticias\/wp-json\/wp\/v2\/comments?post=113904"}],"version-history":[{"count":0,"href":"https:\/\/reporteroshoy.mx\/noticias\/wp-json\/wp\/v2\/posts\/113904\/revisions"}],"wp:featuredmedia":[{"embeddable":true,"href":"https:\/\/reporteroshoy.mx\/noticias\/wp-json\/wp\/v2\/media\/113918"}],"wp:attachment":[{"href":"https:\/\/reporteroshoy.mx\/noticias\/wp-json\/wp\/v2\/media?parent=113904"}],"wp:term":[{"taxonomy":"category","embeddable":true,"href":"https:\/\/reporteroshoy.mx\/noticias\/wp-json\/wp\/v2\/categories?post=113904"},{"taxonomy":"post_tag","embeddable":true,"href":"https:\/\/reporteroshoy.mx\/noticias\/wp-json\/wp\/v2\/tags?post=113904"}],"curies":[{"name":"wp","href":"https:\/\/api.w.org\/{rel}","templated":true}]}}