{"id":114259,"date":"2024-07-02T20:28:47","date_gmt":"2024-07-03T02:28:47","guid":{"rendered":"https:\/\/reporteroshoy.mx\/noticias\/?p=114259"},"modified":"2024-07-02T20:28:47","modified_gmt":"2024-07-03T02:28:47","slug":"preparan-refugios-y-logistica-de-evacuacion","status":"publish","type":"post","link":"https:\/\/reporteroshoy.mx\/noticias\/preparan-refugios-y-logistica-de-evacuacion\/","title":{"rendered":"Preparan refugios y log\u00edstica de evacuaci\u00f3n"},"content":{"rendered":"<p style=\"text-align: justify;\">Ante la aproximaci\u00f3n del hurac\u00e1n \u201cBeryl\u201d a Yucat\u00e1n, la Coordinaci\u00f3n Estatal de Protecci\u00f3n Civil <a href=\"https:\/\/www.yucatan.gob.mx\/procivy\/\">(Procivy)<\/a> llama a la poblaci\u00f3n a tomar sus precauciones, resguardarse en sus domicilios o, en su caso, aceptar la evacuaci\u00f3n a los refugios temporales.<\/p>\n<p style=\"text-align: justify;\">As\u00ed como el Gobierno del Estado realiza sus funciones en materia de protecci\u00f3n civil a trav\u00e9s de este consejo y de la Coordinaci\u00f3n Estatal de Protecci\u00f3n Civil, los ayuntamientos realizan lo propio.<\/p>\n<p><img loading=\"lazy\" decoding=\"async\" class=\"alignnone size-full wp-image-114260\" src=\"https:\/\/reporteroshoy.mx\/noticias\/wp-content\/uploads\/2024\/07\/beryl-4.jpg\" alt=\"\" width=\"760\" height=\"602\" \/><\/p>\n<p style=\"text-align: justify;\">La suma de estas acciones da como resultado la conformaci\u00f3n de una red que suma en total 1,170 refugios temporales en todo el territorio estatal<\/p>\n<p style=\"text-align: justify;\">De ese n\u00famero, 40 son estatales, aclarando que solo ser\u00e1n activados aquellos que sean necesarios, los cuales est\u00e1n siendo revisados y preparados, sobre todo aquellos cercanos a las zonas m\u00e1s vulnerables, al tiempo que ya se encuentra lista la log\u00edstica de evacuaci\u00f3n.<\/p>\n<p style=\"text-align: justify;\">Adicionalmente, sesionan de manera similar los consejos municipales de protecci\u00f3n civil para dar seguimiento a estas acciones.<\/p>\n<p style=\"text-align: justify;\">Tambi\u00e9n se est\u00e1n realizando las acciones operativas correspondientes al nivel de alertamiento vigente y, a\u00fan m\u00e1s.<\/p>\n<p style=\"text-align: justify;\">El personal de protecci\u00f3n civil estatal ha estado recorriendo las zonas de mayor vulnerabilidad para alertar a la poblaci\u00f3n de las comunidades apartadas del Cono Sur del Estado de posibles desalojos con motivo del riesgo que representa el Hurac\u00e1n Beryl, puntualiz\u00f3 el funcionario.<\/p>\n<p style=\"text-align: justify;\">\u201cTambi\u00e9n contamos con una reserva estrat\u00e9gica de colchonetas necesarias para dotar a estos inmuebles de estas y de lo necesario para la habilitaci\u00f3n de los refugios estatales que corresponden a las zonas de mayor riesgo en la costa\u201d.<\/p>\n<h3><strong>Posible evacuaci\u00f3n en el sur de Yucat\u00e1n<\/strong><\/h3>\n<p style=\"text-align: justify;\">El operativo actual y acordado con el gobierno federal, incluye acciones prioritarias en los municipios del Cono Sur del Estado (Peto, Tzucacab, Tekax, Oxkutzcab) y estamos muy alertas ante la posibilidad de ampliarlas como segunda zona de prioridad a los puertos de Celest\u00fan y Sisal seg\u00fan el comportamiento del cicl\u00f3n tropical Beryl.<\/p>\n<p style=\"text-align: justify;\">Hasta el momento prevalece la alerta azul, por lo que continuamos el monitoreo permanente de este fen\u00f3meno meteorol\u00f3gico y la emisi\u00f3n de boletines, la difusi\u00f3n de las alertas y avisos a la poblaci\u00f3n permanentemente.<\/p>\n<p style=\"text-align: justify;\">El estado de fuerza de protecci\u00f3n civil estatal es de 100 elementos, distribuidos estrat\u00e9gicamente en bases operativas en el estado con sedes regionales en Tizim\u00edn, Valladolid, Tekax, Motul y M\u00e9rida, m\u00e1s 690 elementos de protecci\u00f3n civil municipal.<\/p>\n<p><strong>Te puede interesar: <\/strong><strong><a href=\"https:\/\/reporteroshoy.mx\/noticias\/yucatan-con-18-mdp-para-afrontar-la-contingencia-por-beryl\/\">Yucat\u00e1n, con 18 mdp para afrontar la contingencia por \u201cBeryl\u201d<\/a><\/strong><\/p>\n<p style=\"text-align: justify;\">A esto hay que adicionar el personal de las otras instancias operativas como la SSP, ej\u00e9rcito, marina, guardia nacional y todos los funcionarios estatales.<\/p>\n<p style=\"text-align: justify;\">Mencion\u00f3 que \u201cBeryl\u201d tender\u00e1 a debilitarse y, conforme a los pron\u00f3sticos, podr\u00eda impactar con vientos de categor\u00eda 119 a 153 km\/h o con vientos de tormenta tropical el sur de la pen\u00ednsula de Yucat\u00e1n, sin embargo, llam\u00f3 a la poblaci\u00f3n yucateca guardar las precauciones necesarias y prepararse.<\/p>\n","protected":false},"excerpt":{"rendered":"<p>Atento llamado a la poblaci\u00f3n a estar pendiente de la trayectoria del cicl\u00f3n, mantenerse a resguardo y aceptar la evacuaci\u00f3n. <\/p>\n","protected":false},"author":5,"featured_media":114260,"comment_status":"open","ping_status":"closed","sticky":false,"template":"","format":"standard","meta":{"footnotes":""},"categories":[17],"tags":[12201,26312,584,23],"class_list":["post-114259","post","type-post","status-publish","format-standard","has-post-thumbnail","hentry","category-yucatan","tag-evacuacion","tag-huracan-beryl","tag-proteccion-civil","tag-yucatan"],"yoast_head":"<!-- This site is optimized with the Yoast SEO plugin v28.4 - https:\/\/yoast.com\/product\/yoast-seo-wordpress\/ -->\n<title>Preparan refugios y log\u00edstica de evacuaci\u00f3n<\/title>\n<meta name=\"description\" content=\"Atento llamado a la poblaci\u00f3n a estar pendiente de la trayectoria del cicl\u00f3n, mantenerse a resguardo y aceptar la evacuaci\u00f3n.\" \/>\n<meta name=\"robots\" content=\"index, follow, max-snippet:-1, max-image-preview:large, max-video-preview:-1\" \/>\n<link rel=\"canonical\" href=\"https:\/\/reporteroshoy.mx\/noticias\/preparan-refugios-y-logistica-de-evacuacion\/\" \/>\n<meta property=\"og:locale\" content=\"es_ES\" \/>\n<meta property=\"og:type\" content=\"article\" \/>\n<meta property=\"og:title\" content=\"Preparan refugios y log\u00edstica de evacuaci\u00f3n\" \/>\n<meta property=\"og:description\" content=\"Atento llamado a la poblaci\u00f3n a estar pendiente de la trayectoria del cicl\u00f3n, mantenerse a resguardo y aceptar la evacuaci\u00f3n.\" \/>\n<meta property=\"og:url\" content=\"https:\/\/reporteroshoy.mx\/noticias\/preparan-refugios-y-logistica-de-evacuacion\/\" \/>\n<meta property=\"og:site_name\" content=\"Reporteros Hoy | Noticias de Yucat\u00e1n\" \/>\n<meta property=\"article:publisher\" content=\"http:\/\/www.facebook.com\/reporteroshoymx\" \/>\n<meta property=\"article:published_time\" content=\"2024-07-03T02:28:47+00:00\" \/>\n<meta property=\"og:image\" content=\"https:\/\/reporteroshoy.mx\/noticias\/wp-content\/uploads\/2024\/07\/beryl-4.jpg\" \/>\n\t<meta property=\"og:image:width\" content=\"760\" \/>\n\t<meta property=\"og:image:height\" content=\"602\" \/>\n\t<meta property=\"og:image:type\" content=\"image\/jpeg\" \/>\n<meta name=\"author\" content=\"Reporteros Hoy IM\" \/>\n<meta name=\"twitter:card\" content=\"summary_large_image\" \/>\n<meta name=\"twitter:creator\" content=\"@reporteroshoy\" \/>\n<meta name=\"twitter:site\" content=\"@reporteroshoy\" \/>\n<meta name=\"twitter:label1\" content=\"Escrito por\" \/>\n\t<meta name=\"twitter:data1\" content=\"Reporteros Hoy IM\" \/>\n\t<meta name=\"twitter:label2\" content=\"Tiempo de lectura\" \/>\n\t<meta name=\"twitter:data2\" content=\"3 minutos\" \/>\n<script type=\"application\/ld+json\" class=\"yoast-schema-graph\">{\"@context\":\"https:\\\/\\\/schema.org\",\"@graph\":[{\"@type\":\"Article\",\"@id\":\"https:\\\/\\\/reporteroshoy.mx\\\/noticias\\\/preparan-refugios-y-logistica-de-evacuacion\\\/#article\",\"isPartOf\":{\"@id\":\"https:\\\/\\\/reporteroshoy.mx\\\/noticias\\\/preparan-refugios-y-logistica-de-evacuacion\\\/\"},\"author\":{\"name\":\"Reporteros Hoy IM\",\"@id\":\"https:\\\/\\\/reporteroshoy.mx\\\/noticias\\\/#\\\/schema\\\/person\\\/948520f0d88b01be2e5266bc4acbbc15\"},\"headline\":\"Preparan refugios y log\u00edstica de evacuaci\u00f3n\",\"datePublished\":\"2024-07-03T02:28:47+00:00\",\"mainEntityOfPage\":{\"@id\":\"https:\\\/\\\/reporteroshoy.mx\\\/noticias\\\/preparan-refugios-y-logistica-de-evacuacion\\\/\"},\"wordCount\":520,\"commentCount\":0,\"image\":{\"@id\":\"https:\\\/\\\/reporteroshoy.mx\\\/noticias\\\/preparan-refugios-y-logistica-de-evacuacion\\\/#primaryimage\"},\"thumbnailUrl\":\"https:\\\/\\\/reporteroshoy.mx\\\/noticias\\\/wp-content\\\/uploads\\\/2024\\\/07\\\/beryl-4.jpg\",\"keywords\":[\"Evacuaci\u00f3n\",\"hurac\u00e1n Beryl\",\"Protecci\u00f3n Civil\",\"Yucat\u00e1n\"],\"articleSection\":[\"Yucat\u00e1n\"],\"inLanguage\":\"es\",\"potentialAction\":[{\"@type\":\"CommentAction\",\"name\":\"Comment\",\"target\":[\"https:\\\/\\\/reporteroshoy.mx\\\/noticias\\\/preparan-refugios-y-logistica-de-evacuacion\\\/#respond\"]}]},{\"@type\":\"WebPage\",\"@id\":\"https:\\\/\\\/reporteroshoy.mx\\\/noticias\\\/preparan-refugios-y-logistica-de-evacuacion\\\/\",\"url\":\"https:\\\/\\\/reporteroshoy.mx\\\/noticias\\\/preparan-refugios-y-logistica-de-evacuacion\\\/\",\"name\":\"Preparan refugios y log\u00edstica de evacuaci\u00f3n\",\"isPartOf\":{\"@id\":\"https:\\\/\\\/reporteroshoy.mx\\\/noticias\\\/#website\"},\"primaryImageOfPage\":{\"@id\":\"https:\\\/\\\/reporteroshoy.mx\\\/noticias\\\/preparan-refugios-y-logistica-de-evacuacion\\\/#primaryimage\"},\"image\":{\"@id\":\"https:\\\/\\\/reporteroshoy.mx\\\/noticias\\\/preparan-refugios-y-logistica-de-evacuacion\\\/#primaryimage\"},\"thumbnailUrl\":\"https:\\\/\\\/reporteroshoy.mx\\\/noticias\\\/wp-content\\\/uploads\\\/2024\\\/07\\\/beryl-4.jpg\",\"datePublished\":\"2024-07-03T02:28:47+00:00\",\"author\":{\"@id\":\"https:\\\/\\\/reporteroshoy.mx\\\/noticias\\\/#\\\/schema\\\/person\\\/948520f0d88b01be2e5266bc4acbbc15\"},\"description\":\"Atento llamado a la poblaci\u00f3n a estar pendiente de la trayectoria del cicl\u00f3n, mantenerse a resguardo y aceptar la evacuaci\u00f3n.\",\"breadcrumb\":{\"@id\":\"https:\\\/\\\/reporteroshoy.mx\\\/noticias\\\/preparan-refugios-y-logistica-de-evacuacion\\\/#breadcrumb\"},\"inLanguage\":\"es\",\"potentialAction\":[{\"@type\":\"ReadAction\",\"target\":[\"https:\\\/\\\/reporteroshoy.mx\\\/noticias\\\/preparan-refugios-y-logistica-de-evacuacion\\\/\"]}]},{\"@type\":\"ImageObject\",\"inLanguage\":\"es\",\"@id\":\"https:\\\/\\\/reporteroshoy.mx\\\/noticias\\\/preparan-refugios-y-logistica-de-evacuacion\\\/#primaryimage\",\"url\":\"https:\\\/\\\/reporteroshoy.mx\\\/noticias\\\/wp-content\\\/uploads\\\/2024\\\/07\\\/beryl-4.jpg\",\"contentUrl\":\"https:\\\/\\\/reporteroshoy.mx\\\/noticias\\\/wp-content\\\/uploads\\\/2024\\\/07\\\/beryl-4.jpg\",\"width\":760,\"height\":602},{\"@type\":\"BreadcrumbList\",\"@id\":\"https:\\\/\\\/reporteroshoy.mx\\\/noticias\\\/preparan-refugios-y-logistica-de-evacuacion\\\/#breadcrumb\",\"itemListElement\":[{\"@type\":\"ListItem\",\"position\":1,\"name\":\"Portada\",\"item\":\"https:\\\/\\\/reporteroshoy.mx\\\/noticias\\\/\"},{\"@type\":\"ListItem\",\"position\":2,\"name\":\"Preparan refugios y log\u00edstica de evacuaci\u00f3n\"}]},{\"@type\":\"WebSite\",\"@id\":\"https:\\\/\\\/reporteroshoy.mx\\\/noticias\\\/#website\",\"url\":\"https:\\\/\\\/reporteroshoy.mx\\\/noticias\\\/\",\"name\":\"Reporteros Hoy | Noticias de Yucat\u00e1n\",\"description\":\"Peri\u00f3dico digital con noticias diarias desde M\u00e9rida, Yucat\u00e1n para el mundo.\",\"potentialAction\":[{\"@type\":\"SearchAction\",\"target\":{\"@type\":\"EntryPoint\",\"urlTemplate\":\"https:\\\/\\\/reporteroshoy.mx\\\/noticias\\\/?s={search_term_string}\"},\"query-input\":{\"@type\":\"PropertyValueSpecification\",\"valueRequired\":true,\"valueName\":\"search_term_string\"}}],\"inLanguage\":\"es\"},{\"@type\":\"Person\",\"@id\":\"https:\\\/\\\/reporteroshoy.mx\\\/noticias\\\/#\\\/schema\\\/person\\\/948520f0d88b01be2e5266bc4acbbc15\",\"name\":\"Reporteros Hoy IM\",\"image\":{\"@type\":\"ImageObject\",\"inLanguage\":\"es\",\"@id\":\"https:\\\/\\\/secure.gravatar.com\\\/avatar\\\/d843030b96552826ac048bdfe26f2895604b800ed0c880ee55765a74d95dfc65?s=96&d=mm&r=g\",\"url\":\"https:\\\/\\\/secure.gravatar.com\\\/avatar\\\/d843030b96552826ac048bdfe26f2895604b800ed0c880ee55765a74d95dfc65?s=96&d=mm&r=g\",\"contentUrl\":\"https:\\\/\\\/secure.gravatar.com\\\/avatar\\\/d843030b96552826ac048bdfe26f2895604b800ed0c880ee55765a74d95dfc65?s=96&d=mm&r=g\",\"caption\":\"Reporteros Hoy IM\"},\"url\":\"https:\\\/\\\/reporteroshoy.mx\\\/noticias\\\/author\\\/israel\\\/\"}]}<\/script>\n<!-- \/ Yoast SEO plugin. -->","yoast_head_json":{"title":"Preparan refugios y log\u00edstica de evacuaci\u00f3n","description":"Atento llamado a la poblaci\u00f3n a estar pendiente de la trayectoria del cicl\u00f3n, mantenerse a resguardo y aceptar la evacuaci\u00f3n.","robots":{"index":"index","follow":"follow","max-snippet":"max-snippet:-1","max-image-preview":"max-image-preview:large","max-video-preview":"max-video-preview:-1"},"canonical":"https:\/\/reporteroshoy.mx\/noticias\/preparan-refugios-y-logistica-de-evacuacion\/","og_locale":"es_ES","og_type":"article","og_title":"Preparan refugios y log\u00edstica de evacuaci\u00f3n","og_description":"Atento llamado a la poblaci\u00f3n a estar pendiente de la trayectoria del cicl\u00f3n, mantenerse a resguardo y aceptar la evacuaci\u00f3n.","og_url":"https:\/\/reporteroshoy.mx\/noticias\/preparan-refugios-y-logistica-de-evacuacion\/","og_site_name":"Reporteros Hoy | Noticias de Yucat\u00e1n","article_publisher":"http:\/\/www.facebook.com\/reporteroshoymx","article_published_time":"2024-07-03T02:28:47+00:00","og_image":[{"width":760,"height":602,"url":"https:\/\/reporteroshoy.mx\/noticias\/wp-content\/uploads\/2024\/07\/beryl-4.jpg","type":"image\/jpeg"}],"author":"Reporteros Hoy IM","twitter_card":"summary_large_image","twitter_creator":"@reporteroshoy","twitter_site":"@reporteroshoy","twitter_misc":{"Escrito por":"Reporteros Hoy IM","Tiempo de lectura":"3 minutos"},"schema":{"@context":"https:\/\/schema.org","@graph":[{"@type":"Article","@id":"https:\/\/reporteroshoy.mx\/noticias\/preparan-refugios-y-logistica-de-evacuacion\/#article","isPartOf":{"@id":"https:\/\/reporteroshoy.mx\/noticias\/preparan-refugios-y-logistica-de-evacuacion\/"},"author":{"name":"Reporteros Hoy IM","@id":"https:\/\/reporteroshoy.mx\/noticias\/#\/schema\/person\/948520f0d88b01be2e5266bc4acbbc15"},"headline":"Preparan refugios y log\u00edstica de evacuaci\u00f3n","datePublished":"2024-07-03T02:28:47+00:00","mainEntityOfPage":{"@id":"https:\/\/reporteroshoy.mx\/noticias\/preparan-refugios-y-logistica-de-evacuacion\/"},"wordCount":520,"commentCount":0,"image":{"@id":"https:\/\/reporteroshoy.mx\/noticias\/preparan-refugios-y-logistica-de-evacuacion\/#primaryimage"},"thumbnailUrl":"https:\/\/reporteroshoy.mx\/noticias\/wp-content\/uploads\/2024\/07\/beryl-4.jpg","keywords":["Evacuaci\u00f3n","hurac\u00e1n Beryl","Protecci\u00f3n Civil","Yucat\u00e1n"],"articleSection":["Yucat\u00e1n"],"inLanguage":"es","potentialAction":[{"@type":"CommentAction","name":"Comment","target":["https:\/\/reporteroshoy.mx\/noticias\/preparan-refugios-y-logistica-de-evacuacion\/#respond"]}]},{"@type":"WebPage","@id":"https:\/\/reporteroshoy.mx\/noticias\/preparan-refugios-y-logistica-de-evacuacion\/","url":"https:\/\/reporteroshoy.mx\/noticias\/preparan-refugios-y-logistica-de-evacuacion\/","name":"Preparan refugios y log\u00edstica de evacuaci\u00f3n","isPartOf":{"@id":"https:\/\/reporteroshoy.mx\/noticias\/#website"},"primaryImageOfPage":{"@id":"https:\/\/reporteroshoy.mx\/noticias\/preparan-refugios-y-logistica-de-evacuacion\/#primaryimage"},"image":{"@id":"https:\/\/reporteroshoy.mx\/noticias\/preparan-refugios-y-logistica-de-evacuacion\/#primaryimage"},"thumbnailUrl":"https:\/\/reporteroshoy.mx\/noticias\/wp-content\/uploads\/2024\/07\/beryl-4.jpg","datePublished":"2024-07-03T02:28:47+00:00","author":{"@id":"https:\/\/reporteroshoy.mx\/noticias\/#\/schema\/person\/948520f0d88b01be2e5266bc4acbbc15"},"description":"Atento llamado a la poblaci\u00f3n a estar pendiente de la trayectoria del cicl\u00f3n, mantenerse a resguardo y aceptar la evacuaci\u00f3n.","breadcrumb":{"@id":"https:\/\/reporteroshoy.mx\/noticias\/preparan-refugios-y-logistica-de-evacuacion\/#breadcrumb"},"inLanguage":"es","potentialAction":[{"@type":"ReadAction","target":["https:\/\/reporteroshoy.mx\/noticias\/preparan-refugios-y-logistica-de-evacuacion\/"]}]},{"@type":"ImageObject","inLanguage":"es","@id":"https:\/\/reporteroshoy.mx\/noticias\/preparan-refugios-y-logistica-de-evacuacion\/#primaryimage","url":"https:\/\/reporteroshoy.mx\/noticias\/wp-content\/uploads\/2024\/07\/beryl-4.jpg","contentUrl":"https:\/\/reporteroshoy.mx\/noticias\/wp-content\/uploads\/2024\/07\/beryl-4.jpg","width":760,"height":602},{"@type":"BreadcrumbList","@id":"https:\/\/reporteroshoy.mx\/noticias\/preparan-refugios-y-logistica-de-evacuacion\/#breadcrumb","itemListElement":[{"@type":"ListItem","position":1,"name":"Portada","item":"https:\/\/reporteroshoy.mx\/noticias\/"},{"@type":"ListItem","position":2,"name":"Preparan refugios y log\u00edstica de evacuaci\u00f3n"}]},{"@type":"WebSite","@id":"https:\/\/reporteroshoy.mx\/noticias\/#website","url":"https:\/\/reporteroshoy.mx\/noticias\/","name":"Reporteros Hoy | Noticias de Yucat\u00e1n","description":"Peri\u00f3dico digital con noticias diarias desde M\u00e9rida, Yucat\u00e1n para el mundo.","potentialAction":[{"@type":"SearchAction","target":{"@type":"EntryPoint","urlTemplate":"https:\/\/reporteroshoy.mx\/noticias\/?s={search_term_string}"},"query-input":{"@type":"PropertyValueSpecification","valueRequired":true,"valueName":"search_term_string"}}],"inLanguage":"es"},{"@type":"Person","@id":"https:\/\/reporteroshoy.mx\/noticias\/#\/schema\/person\/948520f0d88b01be2e5266bc4acbbc15","name":"Reporteros Hoy IM","image":{"@type":"ImageObject","inLanguage":"es","@id":"https:\/\/secure.gravatar.com\/avatar\/d843030b96552826ac048bdfe26f2895604b800ed0c880ee55765a74d95dfc65?s=96&d=mm&r=g","url":"https:\/\/secure.gravatar.com\/avatar\/d843030b96552826ac048bdfe26f2895604b800ed0c880ee55765a74d95dfc65?s=96&d=mm&r=g","contentUrl":"https:\/\/secure.gravatar.com\/avatar\/d843030b96552826ac048bdfe26f2895604b800ed0c880ee55765a74d95dfc65?s=96&d=mm&r=g","caption":"Reporteros Hoy IM"},"url":"https:\/\/reporteroshoy.mx\/noticias\/author\/israel\/"}]}},"_links":{"self":[{"href":"https:\/\/reporteroshoy.mx\/noticias\/wp-json\/wp\/v2\/posts\/114259","targetHints":{"allow":["GET"]}}],"collection":[{"href":"https:\/\/reporteroshoy.mx\/noticias\/wp-json\/wp\/v2\/posts"}],"about":[{"href":"https:\/\/reporteroshoy.mx\/noticias\/wp-json\/wp\/v2\/types\/post"}],"author":[{"embeddable":true,"href":"https:\/\/reporteroshoy.mx\/noticias\/wp-json\/wp\/v2\/users\/5"}],"replies":[{"embeddable":true,"href":"https:\/\/reporteroshoy.mx\/noticias\/wp-json\/wp\/v2\/comments?post=114259"}],"version-history":[{"count":0,"href":"https:\/\/reporteroshoy.mx\/noticias\/wp-json\/wp\/v2\/posts\/114259\/revisions"}],"wp:featuredmedia":[{"embeddable":true,"href":"https:\/\/reporteroshoy.mx\/noticias\/wp-json\/wp\/v2\/media\/114260"}],"wp:attachment":[{"href":"https:\/\/reporteroshoy.mx\/noticias\/wp-json\/wp\/v2\/media?parent=114259"}],"wp:term":[{"taxonomy":"category","embeddable":true,"href":"https:\/\/reporteroshoy.mx\/noticias\/wp-json\/wp\/v2\/categories?post=114259"},{"taxonomy":"post_tag","embeddable":true,"href":"https:\/\/reporteroshoy.mx\/noticias\/wp-json\/wp\/v2\/tags?post=114259"}],"curies":[{"name":"wp","href":"https:\/\/api.w.org\/{rel}","templated":true}]}}