{"id":114311,"date":"2024-07-04T18:07:02","date_gmt":"2024-07-05T00:07:02","guid":{"rendered":"https:\/\/reporteroshoy.mx\/noticias\/?p=114311"},"modified":"2024-07-04T18:07:02","modified_gmt":"2024-07-05T00:07:02","slug":"activos-64-albergues-municipales-ante-paso-del-huracan-beryl","status":"publish","type":"post","link":"https:\/\/reporteroshoy.mx\/noticias\/activos-64-albergues-municipales-ante-paso-del-huracan-beryl\/","title":{"rendered":"Activos 64 albergues municipales ante paso del hurac\u00e1n Beryl"},"content":{"rendered":"<p style=\"text-align: justify;\">El Ayuntamiento de M\u00e9rida activ\u00f3 el protocolo de Protecci\u00f3n Civil ante la proximidad del hurac\u00e1n Beryl a territorio yucateco, para lo cual despleg\u00f3 un operativo que incluye la sesi\u00f3n permanente del Consejo Municipal de Protecci\u00f3n Civil, la apertura de los refugios temporales, redoblar la seguridad policial en el centro hist\u00f3rico y abrir 24 horas los canales de comunicaci\u00f3n para recibir y atender reportes y solicitudes ciudadanas, anunci\u00f3 el Alcalde Alejandro Ruz Castro.<\/p>\n<p style=\"text-align: justify;\">En reuni\u00f3n de trabajo con los directores de la actual administraci\u00f3n municipal en el Centro Cultural Olimpo, asisti\u00f3, a invitaci\u00f3n del Alcalde Alejandro Ruz, Ren\u00e1n Barrera Concha, quien sum\u00f3 su experiencia en la atenci\u00f3n en situaciones de emergencia en el Municipio, brindando asesor\u00eda a las estrategias que se implementar\u00e1n durante y despu\u00e9s de la llegada de los efectos de Beryl a <span style=\"text-decoration: underline; color: #0000ff;\"><strong><a style=\"color: #0000ff; text-decoration: underline;\" href=\"https:\/\/reporteroshoy.mx\/noticias\/tag\/merida\/\">M\u00e9rida<\/a><\/strong><\/span>.<\/p>\n<h4><strong>64 refugios temporales<\/strong><\/h4>\n<p style=\"text-align: justify;\">Ruz Castro record\u00f3 la importancia de esta tarea que las y los directores desempe\u00f1ar\u00e1n durante la contingencia, no s\u00f3lo porque est\u00e1n a cargo de la operaci\u00f3n de los 64 refugios que este jueves a las 16:00 horas se abrieron para recibir a las familias que consideran que sus hogares no les brinda la protecci\u00f3n necesaria, tambi\u00e9n ser\u00e1n los responsables junto con su personal de atender las solicitudes de la ciudadan\u00eda.<\/p>\n<p style=\"text-align: justify;\">Precis\u00f3 que hay 64 refugios temporales, 17 en colonias o fraccionamientos de la ciudad y 47 en las comisar\u00edas, que operados por m\u00e1s de 900 funcionarios de m\u00e1s de 25 dependencias del Ayuntamiento, los cuales recibieron m\u00e1s de 15 cursos de capacitaci\u00f3n previos a la temporada de huracanes.<\/p>\n<p><img loading=\"lazy\" decoding=\"async\" class=\"wp-image-114314 aligncenter\" src=\"https:\/\/reporteroshoy.mx\/noticias\/wp-content\/uploads\/2024\/07\/beryl-merida-3-scaled.jpeg\" alt=\"refugios M\u00e9rida Beryl\" width=\"625\" height=\"371\" \/><\/p>\n<p style=\"text-align: justify;\">El subdirector de Gobernaci\u00f3n, Ricardo Cebada Ricalde, se\u00f1al\u00f3 que el municipio trabajar\u00e1 en coordinaci\u00f3n con el Gobierno del Estado para las tareas de perifoneo para invitar a las familias a resguardarse en los refugios temporales, as\u00ed como para emitir las alertas de seguridad.<\/p>\n<p style=\"text-align: justify;\">De igual manera, a\u00f1adi\u00f3 que, para garantizar la seguridad de la ciudadan\u00eda, se determin\u00f3 la suspensi\u00f3n de los permisos otorgados para espect\u00e1culos, los servicios de Circuito Enlace, Circuito Aventura y se recogieron y resguardaron las bicicletas del programa En Bici.<\/p>\n<h4><strong>Reconocen labor de empleados municipales<\/strong><\/h4>\n<p style=\"text-align: justify;\">Barrera Concha, alcalde con licencia, reconoci\u00f3 la gran labor que realizan los trabajadores municipales que, con su vocaci\u00f3n de servicio, dedicaci\u00f3n y empe\u00f1o, siempre buscan el bien com\u00fan de la ciudadan\u00eda, y a los directores los exhort\u00f3 a seguir con ese compromiso de protecci\u00f3n y resguardo.<\/p>\n<p><img loading=\"lazy\" decoding=\"async\" class=\"wp-image-114314 aligncenter\" src=\"https:\/\/reporteroshoy.mx\/noticias\/wp-content\/uploads\/2024\/07\/beryl-merida-3-scaled.jpeg\" alt=\"refugios M\u00e9rida Beryl\" width=\"635\" height=\"377\" \/><\/p>\n<p style=\"text-align: justify;\">Consider\u00f3 que las y los funcionarios que implementar\u00e1n este protocolo cuentan con una amplia experiencia en la prevenci\u00f3n y procuraci\u00f3n de auxilio ante contingencias climatol\u00f3gicas, recordando que cuando estuvo al frente del Ayuntamiento enfrentaron las inundaciones que ocasionaron las tormentas Crist\u00f3bal y Delta, donde el Municipio respondi\u00f3 con entrega y compromiso para salvaguardar a la poblaci\u00f3n de las comisar\u00edas.<\/p>\n<p style=\"text-align: justify;\">Por su parte, el director de la Polic\u00eda Municipal de M\u00e9rida, Mario Arturo Romero Escalante, anunci\u00f3 que este jueves se retirar\u00e1 las cabezas de los sem\u00e1foros del centro hist\u00f3rico, que se sustituir\u00e1n por se\u00f1ales de alto, adem\u00e1s que se llevar\u00e1n recorridos por la zona comercial y paraderos de camiones para brindar apoyo, en los casos que sean necesarios.<\/p>\n<p style=\"text-align: justify;\">Para desplegar este operativo, las y los 380 elementos de la corporaci\u00f3n estar\u00e1n acuartelados hasta que concluya la emergencia climatol\u00f3gica por Beryl, brindando rondines y atenci\u00f3n donde sea requerido.<\/p>\n<h4><strong>Unidades de traslado en comisar\u00edas<\/strong><\/h4>\n<p style=\"text-align: justify;\">Asimismo, indic\u00f3 que las unidades de traslado estar\u00e1n en las comisar\u00edas y zonas vulnerables para brindar apoyo a las familias que deseen acudir a uno de los refugios temporales, por lo tanto, en caso de necesitar este servicio podr\u00e1n solicitarlo.<\/p>\n<p><img loading=\"lazy\" decoding=\"async\" class=\"wp-image-114315 aligncenter\" src=\"https:\/\/reporteroshoy.mx\/noticias\/wp-content\/uploads\/2024\/07\/beryl-merida-2-scaled.jpeg\" alt=\"refugios M\u00e9rida Beryl\" width=\"643\" height=\"397\" srcset=\"https:\/\/reporteroshoy.mx\/noticias\/wp-content\/uploads\/2024\/07\/beryl-merida-2-scaled.jpeg 768w, https:\/\/reporteroshoy.mx\/noticias\/wp-content\/uploads\/2024\/07\/beryl-merida-2-356x220.jpeg 356w\" sizes=\"auto, (max-width: 643px) 100vw, 643px\" \/><\/p>\n<p style=\"text-align: justify;\">El Presidente Municipal record\u00f3 que la ciudadan\u00eda puede hacer estos reportes v\u00eda internet a trav\u00e9s de merida.gob.mx\/reportaenlinea, donde tambi\u00e9n se puede dar seguimiento en la misma plataforma y v\u00eda telef\u00f3nica llamando a \u00abAyuntatel\u00bb al 070 o al (999) 924-40-00, este centro de atenci\u00f3n estar\u00e1 disponible 24 horas a partir de este jueves y hasta que pase la contingencia, con el apoyo de 14 operadores telef\u00f3nicos.<\/p>\n<p style=\"text-align: justify;\">Otros medios que se pueden utilizar son la app \u00abM\u00e9rida M\u00f3vil\u00bb, la cual est\u00e1 disponible para iOS y Android, en las redes sociales oficiales: Twitter (<span style=\"text-decoration: underline; color: #0000ff;\"><strong><a style=\"color: #0000ff; text-decoration: underline;\" href=\"https:\/\/x.com\/ayuntamerida\">@AyuntaMerida<\/a><\/strong><\/span>), Facebook (<span style=\"text-decoration: underline; color: #0000ff;\"><strong><a style=\"color: #0000ff; text-decoration: underline;\" href=\"https:\/\/www.facebook.com\/ayuntamerida\">AyuntaM\u00c9RIDA<\/a><\/strong><\/span>) e Instagram (<span style=\"text-decoration: underline; color: #0000ff;\"><strong><a style=\"color: #0000ff; text-decoration: underline;\" href=\"https:\/\/www.instagram.com\/ayuntamerida_\">ayuntamerida_<\/a><\/strong><\/span>) y en el Chat Ciudadano (<span style=\"text-decoration: underline; color: #0000ff;\"><strong><a style=\"color: #0000ff; text-decoration: underline;\" href=\"http:\/\/isla.merida.gob.mx\/serviciosinternet\/chat\/phpPanelAsesores.phpx\">http:\/\/isla.merida.gob.mx\/serviciosinternet\/chat\/phpPanelAsesores.phpx<\/a><\/strong><\/span>).<\/p>\n<p style=\"text-align: justify;\">Ruz Castro destac\u00f3 que durante el paso de \u201cBeryl\u201d por M\u00e9rida la ciudadan\u00eda puede utilizar los medios de comunicaci\u00f3n mencionados para realizar reportes por calles inundadas, cables o postes electrificados y \u00e1rboles ca\u00eddos. Despu\u00e9s de su paso se puede reportar recoja de ramas y \u00e1rboles, y luminarias apagadas.<\/p>\n<p style=\"text-align: justify;\">Finalmente, Ruz Castro se\u00f1al\u00f3 que a las 16:00 horas se instalar\u00e1 la sesi\u00f3n permanente del Consejo Municipal de Protecci\u00f3n Civil, la cual permanecer\u00e1 en monitoreo de la trayectoria del hurac\u00e1n, para desplegar las acciones necesarias para cuidar la vida de las familias en M\u00e9rida y sus comisar\u00edas.<\/p>\n","protected":false},"excerpt":{"rendered":"<p>En reuni\u00f3n con directoras y directores del Ayuntamiento, el alcalde Alejandro Ruz Castro inform\u00f3 que el protocolo de emergencia ante huracanes est\u00e1 listo para implementarse en la ciudad y sus comisar\u00edas.<\/p>\n","protected":false},"author":2,"featured_media":114315,"comment_status":"open","ping_status":"closed","sticky":false,"template":"","format":"standard","meta":{"footnotes":""},"categories":[24379],"tags":[24,26334,26312,51],"class_list":["post-114311","post","type-post","status-publish","format-standard","has-post-thumbnail","hentry","category-merida","tag-ayuntamiento-de-merida","tag-beryl","tag-huracan-beryl","tag-merida"],"yoast_head":"<!-- This site is optimized with the Yoast SEO plugin v28.4 - https:\/\/yoast.com\/product\/yoast-seo-wordpress\/ -->\n<title>Activos 64 albergues municipales ante paso de Beryl<\/title>\n<meta name=\"description\" content=\"El alcalde inform\u00f3 que el protocolo de emergencia ante huracanes est\u00e1 listo para implementarse en la ciudad y sus comisar\u00edas ante el paso de Beryl.\" \/>\n<meta name=\"robots\" content=\"index, follow, max-snippet:-1, max-image-preview:large, max-video-preview:-1\" \/>\n<link rel=\"canonical\" href=\"https:\/\/reporteroshoy.mx\/noticias\/activos-64-albergues-municipales-ante-paso-del-huracan-beryl\/\" \/>\n<meta property=\"og:locale\" content=\"es_ES\" \/>\n<meta property=\"og:type\" content=\"article\" \/>\n<meta property=\"og:title\" content=\"Activos 64 albergues municipales ante paso de Beryl\" \/>\n<meta property=\"og:description\" content=\"El alcalde inform\u00f3 que el protocolo de emergencia ante huracanes est\u00e1 listo para implementarse en la ciudad y sus comisar\u00edas ante el paso de Beryl.\" \/>\n<meta property=\"og:url\" content=\"https:\/\/reporteroshoy.mx\/noticias\/activos-64-albergues-municipales-ante-paso-del-huracan-beryl\/\" \/>\n<meta property=\"og:site_name\" content=\"Reporteros Hoy | Noticias de Yucat\u00e1n\" \/>\n<meta property=\"article:publisher\" content=\"http:\/\/www.facebook.com\/reporteroshoymx\" \/>\n<meta property=\"article:published_time\" content=\"2024-07-05T00:07:02+00:00\" \/>\n<meta property=\"og:image\" content=\"https:\/\/reporteroshoy.mx\/noticias\/wp-content\/uploads\/2024\/07\/beryl-merida-2-scaled.jpeg\" \/>\n\t<meta property=\"og:image:width\" content=\"768\" \/>\n\t<meta property=\"og:image:height\" content=\"475\" \/>\n\t<meta property=\"og:image:type\" content=\"image\/jpeg\" \/>\n<meta name=\"author\" content=\"Reporteros Hoy HY\" \/>\n<meta name=\"twitter:card\" content=\"summary_large_image\" \/>\n<meta name=\"twitter:creator\" content=\"@reporteroshoy\" \/>\n<meta name=\"twitter:site\" content=\"@reporteroshoy\" \/>\n<meta name=\"twitter:label1\" content=\"Escrito por\" \/>\n\t<meta name=\"twitter:data1\" content=\"Reporteros Hoy HY\" \/>\n\t<meta name=\"twitter:label2\" content=\"Tiempo de lectura\" \/>\n\t<meta name=\"twitter:data2\" content=\"5 minutos\" \/>\n<script type=\"application\/ld+json\" class=\"yoast-schema-graph\">{\"@context\":\"https:\\\/\\\/schema.org\",\"@graph\":[{\"@type\":\"Article\",\"@id\":\"https:\\\/\\\/reporteroshoy.mx\\\/noticias\\\/activos-64-albergues-municipales-ante-paso-del-huracan-beryl\\\/#article\",\"isPartOf\":{\"@id\":\"https:\\\/\\\/reporteroshoy.mx\\\/noticias\\\/activos-64-albergues-municipales-ante-paso-del-huracan-beryl\\\/\"},\"author\":{\"name\":\"Reporteros Hoy HY\",\"@id\":\"https:\\\/\\\/reporteroshoy.mx\\\/noticias\\\/#\\\/schema\\\/person\\\/d32189074678a9d41498d4248e29aac3\"},\"headline\":\"Activos 64 albergues municipales ante paso del hurac\u00e1n Beryl\",\"datePublished\":\"2024-07-05T00:07:02+00:00\",\"mainEntityOfPage\":{\"@id\":\"https:\\\/\\\/reporteroshoy.mx\\\/noticias\\\/activos-64-albergues-municipales-ante-paso-del-huracan-beryl\\\/\"},\"wordCount\":870,\"commentCount\":0,\"image\":{\"@id\":\"https:\\\/\\\/reporteroshoy.mx\\\/noticias\\\/activos-64-albergues-municipales-ante-paso-del-huracan-beryl\\\/#primaryimage\"},\"thumbnailUrl\":\"https:\\\/\\\/reporteroshoy.mx\\\/noticias\\\/wp-content\\\/uploads\\\/2024\\\/07\\\/beryl-merida-2-scaled.jpeg\",\"keywords\":[\"ayuntamiento de merida\",\"Beryl\",\"hurac\u00e1n Beryl\",\"M\u00e9rida\"],\"articleSection\":[\"M\u00e9rida\"],\"inLanguage\":\"es\",\"potentialAction\":[{\"@type\":\"CommentAction\",\"name\":\"Comment\",\"target\":[\"https:\\\/\\\/reporteroshoy.mx\\\/noticias\\\/activos-64-albergues-municipales-ante-paso-del-huracan-beryl\\\/#respond\"]}]},{\"@type\":\"WebPage\",\"@id\":\"https:\\\/\\\/reporteroshoy.mx\\\/noticias\\\/activos-64-albergues-municipales-ante-paso-del-huracan-beryl\\\/\",\"url\":\"https:\\\/\\\/reporteroshoy.mx\\\/noticias\\\/activos-64-albergues-municipales-ante-paso-del-huracan-beryl\\\/\",\"name\":\"Activos 64 albergues municipales ante paso de Beryl\",\"isPartOf\":{\"@id\":\"https:\\\/\\\/reporteroshoy.mx\\\/noticias\\\/#website\"},\"primaryImageOfPage\":{\"@id\":\"https:\\\/\\\/reporteroshoy.mx\\\/noticias\\\/activos-64-albergues-municipales-ante-paso-del-huracan-beryl\\\/#primaryimage\"},\"image\":{\"@id\":\"https:\\\/\\\/reporteroshoy.mx\\\/noticias\\\/activos-64-albergues-municipales-ante-paso-del-huracan-beryl\\\/#primaryimage\"},\"thumbnailUrl\":\"https:\\\/\\\/reporteroshoy.mx\\\/noticias\\\/wp-content\\\/uploads\\\/2024\\\/07\\\/beryl-merida-2-scaled.jpeg\",\"datePublished\":\"2024-07-05T00:07:02+00:00\",\"author\":{\"@id\":\"https:\\\/\\\/reporteroshoy.mx\\\/noticias\\\/#\\\/schema\\\/person\\\/d32189074678a9d41498d4248e29aac3\"},\"description\":\"El alcalde inform\u00f3 que el protocolo de emergencia ante huracanes est\u00e1 listo para implementarse en la ciudad y sus comisar\u00edas ante el paso de Beryl.\",\"breadcrumb\":{\"@id\":\"https:\\\/\\\/reporteroshoy.mx\\\/noticias\\\/activos-64-albergues-municipales-ante-paso-del-huracan-beryl\\\/#breadcrumb\"},\"inLanguage\":\"es\",\"potentialAction\":[{\"@type\":\"ReadAction\",\"target\":[\"https:\\\/\\\/reporteroshoy.mx\\\/noticias\\\/activos-64-albergues-municipales-ante-paso-del-huracan-beryl\\\/\"]}]},{\"@type\":\"ImageObject\",\"inLanguage\":\"es\",\"@id\":\"https:\\\/\\\/reporteroshoy.mx\\\/noticias\\\/activos-64-albergues-municipales-ante-paso-del-huracan-beryl\\\/#primaryimage\",\"url\":\"https:\\\/\\\/reporteroshoy.mx\\\/noticias\\\/wp-content\\\/uploads\\\/2024\\\/07\\\/beryl-merida-2-scaled.jpeg\",\"contentUrl\":\"https:\\\/\\\/reporteroshoy.mx\\\/noticias\\\/wp-content\\\/uploads\\\/2024\\\/07\\\/beryl-merida-2-scaled.jpeg\",\"width\":768,\"height\":475,\"caption\":\"refugios M\u00e9rida Beryl\"},{\"@type\":\"BreadcrumbList\",\"@id\":\"https:\\\/\\\/reporteroshoy.mx\\\/noticias\\\/activos-64-albergues-municipales-ante-paso-del-huracan-beryl\\\/#breadcrumb\",\"itemListElement\":[{\"@type\":\"ListItem\",\"position\":1,\"name\":\"Portada\",\"item\":\"https:\\\/\\\/reporteroshoy.mx\\\/noticias\\\/\"},{\"@type\":\"ListItem\",\"position\":2,\"name\":\"Activos 64 albergues municipales ante paso del hurac\u00e1n Beryl\"}]},{\"@type\":\"WebSite\",\"@id\":\"https:\\\/\\\/reporteroshoy.mx\\\/noticias\\\/#website\",\"url\":\"https:\\\/\\\/reporteroshoy.mx\\\/noticias\\\/\",\"name\":\"Reporteros Hoy | Noticias de Yucat\u00e1n\",\"description\":\"Peri\u00f3dico digital con noticias diarias desde M\u00e9rida, Yucat\u00e1n para el mundo.\",\"potentialAction\":[{\"@type\":\"SearchAction\",\"target\":{\"@type\":\"EntryPoint\",\"urlTemplate\":\"https:\\\/\\\/reporteroshoy.mx\\\/noticias\\\/?s={search_term_string}\"},\"query-input\":{\"@type\":\"PropertyValueSpecification\",\"valueRequired\":true,\"valueName\":\"search_term_string\"}}],\"inLanguage\":\"es\"},{\"@type\":\"Person\",\"@id\":\"https:\\\/\\\/reporteroshoy.mx\\\/noticias\\\/#\\\/schema\\\/person\\\/d32189074678a9d41498d4248e29aac3\",\"name\":\"Reporteros Hoy HY\",\"image\":{\"@type\":\"ImageObject\",\"inLanguage\":\"es\",\"@id\":\"https:\\\/\\\/secure.gravatar.com\\\/avatar\\\/c539a82770f256437b35bda44650bb50f5fd4b7017f8b29672ed9f27a43cec47?s=96&d=mm&r=g\",\"url\":\"https:\\\/\\\/secure.gravatar.com\\\/avatar\\\/c539a82770f256437b35bda44650bb50f5fd4b7017f8b29672ed9f27a43cec47?s=96&d=mm&r=g\",\"contentUrl\":\"https:\\\/\\\/secure.gravatar.com\\\/avatar\\\/c539a82770f256437b35bda44650bb50f5fd4b7017f8b29672ed9f27a43cec47?s=96&d=mm&r=g\",\"caption\":\"Reporteros Hoy HY\"},\"url\":\"https:\\\/\\\/reporteroshoy.mx\\\/noticias\\\/author\\\/thelmo\\\/\"}]}<\/script>\n<!-- \/ Yoast SEO plugin. -->","yoast_head_json":{"title":"Activos 64 albergues municipales ante paso de Beryl","description":"El alcalde inform\u00f3 que el protocolo de emergencia ante huracanes est\u00e1 listo para implementarse en la ciudad y sus comisar\u00edas ante el paso de Beryl.","robots":{"index":"index","follow":"follow","max-snippet":"max-snippet:-1","max-image-preview":"max-image-preview:large","max-video-preview":"max-video-preview:-1"},"canonical":"https:\/\/reporteroshoy.mx\/noticias\/activos-64-albergues-municipales-ante-paso-del-huracan-beryl\/","og_locale":"es_ES","og_type":"article","og_title":"Activos 64 albergues municipales ante paso de Beryl","og_description":"El alcalde inform\u00f3 que el protocolo de emergencia ante huracanes est\u00e1 listo para implementarse en la ciudad y sus comisar\u00edas ante el paso de Beryl.","og_url":"https:\/\/reporteroshoy.mx\/noticias\/activos-64-albergues-municipales-ante-paso-del-huracan-beryl\/","og_site_name":"Reporteros Hoy | Noticias de Yucat\u00e1n","article_publisher":"http:\/\/www.facebook.com\/reporteroshoymx","article_published_time":"2024-07-05T00:07:02+00:00","og_image":[{"width":768,"height":475,"url":"https:\/\/reporteroshoy.mx\/noticias\/wp-content\/uploads\/2024\/07\/beryl-merida-2-scaled.jpeg","type":"image\/jpeg"}],"author":"Reporteros Hoy HY","twitter_card":"summary_large_image","twitter_creator":"@reporteroshoy","twitter_site":"@reporteroshoy","twitter_misc":{"Escrito por":"Reporteros Hoy HY","Tiempo de lectura":"5 minutos"},"schema":{"@context":"https:\/\/schema.org","@graph":[{"@type":"Article","@id":"https:\/\/reporteroshoy.mx\/noticias\/activos-64-albergues-municipales-ante-paso-del-huracan-beryl\/#article","isPartOf":{"@id":"https:\/\/reporteroshoy.mx\/noticias\/activos-64-albergues-municipales-ante-paso-del-huracan-beryl\/"},"author":{"name":"Reporteros Hoy HY","@id":"https:\/\/reporteroshoy.mx\/noticias\/#\/schema\/person\/d32189074678a9d41498d4248e29aac3"},"headline":"Activos 64 albergues municipales ante paso del hurac\u00e1n Beryl","datePublished":"2024-07-05T00:07:02+00:00","mainEntityOfPage":{"@id":"https:\/\/reporteroshoy.mx\/noticias\/activos-64-albergues-municipales-ante-paso-del-huracan-beryl\/"},"wordCount":870,"commentCount":0,"image":{"@id":"https:\/\/reporteroshoy.mx\/noticias\/activos-64-albergues-municipales-ante-paso-del-huracan-beryl\/#primaryimage"},"thumbnailUrl":"https:\/\/reporteroshoy.mx\/noticias\/wp-content\/uploads\/2024\/07\/beryl-merida-2-scaled.jpeg","keywords":["ayuntamiento de merida","Beryl","hurac\u00e1n Beryl","M\u00e9rida"],"articleSection":["M\u00e9rida"],"inLanguage":"es","potentialAction":[{"@type":"CommentAction","name":"Comment","target":["https:\/\/reporteroshoy.mx\/noticias\/activos-64-albergues-municipales-ante-paso-del-huracan-beryl\/#respond"]}]},{"@type":"WebPage","@id":"https:\/\/reporteroshoy.mx\/noticias\/activos-64-albergues-municipales-ante-paso-del-huracan-beryl\/","url":"https:\/\/reporteroshoy.mx\/noticias\/activos-64-albergues-municipales-ante-paso-del-huracan-beryl\/","name":"Activos 64 albergues municipales ante paso de Beryl","isPartOf":{"@id":"https:\/\/reporteroshoy.mx\/noticias\/#website"},"primaryImageOfPage":{"@id":"https:\/\/reporteroshoy.mx\/noticias\/activos-64-albergues-municipales-ante-paso-del-huracan-beryl\/#primaryimage"},"image":{"@id":"https:\/\/reporteroshoy.mx\/noticias\/activos-64-albergues-municipales-ante-paso-del-huracan-beryl\/#primaryimage"},"thumbnailUrl":"https:\/\/reporteroshoy.mx\/noticias\/wp-content\/uploads\/2024\/07\/beryl-merida-2-scaled.jpeg","datePublished":"2024-07-05T00:07:02+00:00","author":{"@id":"https:\/\/reporteroshoy.mx\/noticias\/#\/schema\/person\/d32189074678a9d41498d4248e29aac3"},"description":"El alcalde inform\u00f3 que el protocolo de emergencia ante huracanes est\u00e1 listo para implementarse en la ciudad y sus comisar\u00edas ante el paso de Beryl.","breadcrumb":{"@id":"https:\/\/reporteroshoy.mx\/noticias\/activos-64-albergues-municipales-ante-paso-del-huracan-beryl\/#breadcrumb"},"inLanguage":"es","potentialAction":[{"@type":"ReadAction","target":["https:\/\/reporteroshoy.mx\/noticias\/activos-64-albergues-municipales-ante-paso-del-huracan-beryl\/"]}]},{"@type":"ImageObject","inLanguage":"es","@id":"https:\/\/reporteroshoy.mx\/noticias\/activos-64-albergues-municipales-ante-paso-del-huracan-beryl\/#primaryimage","url":"https:\/\/reporteroshoy.mx\/noticias\/wp-content\/uploads\/2024\/07\/beryl-merida-2-scaled.jpeg","contentUrl":"https:\/\/reporteroshoy.mx\/noticias\/wp-content\/uploads\/2024\/07\/beryl-merida-2-scaled.jpeg","width":768,"height":475,"caption":"refugios M\u00e9rida Beryl"},{"@type":"BreadcrumbList","@id":"https:\/\/reporteroshoy.mx\/noticias\/activos-64-albergues-municipales-ante-paso-del-huracan-beryl\/#breadcrumb","itemListElement":[{"@type":"ListItem","position":1,"name":"Portada","item":"https:\/\/reporteroshoy.mx\/noticias\/"},{"@type":"ListItem","position":2,"name":"Activos 64 albergues municipales ante paso del hurac\u00e1n Beryl"}]},{"@type":"WebSite","@id":"https:\/\/reporteroshoy.mx\/noticias\/#website","url":"https:\/\/reporteroshoy.mx\/noticias\/","name":"Reporteros Hoy | Noticias de Yucat\u00e1n","description":"Peri\u00f3dico digital con noticias diarias desde M\u00e9rida, Yucat\u00e1n para el mundo.","potentialAction":[{"@type":"SearchAction","target":{"@type":"EntryPoint","urlTemplate":"https:\/\/reporteroshoy.mx\/noticias\/?s={search_term_string}"},"query-input":{"@type":"PropertyValueSpecification","valueRequired":true,"valueName":"search_term_string"}}],"inLanguage":"es"},{"@type":"Person","@id":"https:\/\/reporteroshoy.mx\/noticias\/#\/schema\/person\/d32189074678a9d41498d4248e29aac3","name":"Reporteros Hoy HY","image":{"@type":"ImageObject","inLanguage":"es","@id":"https:\/\/secure.gravatar.com\/avatar\/c539a82770f256437b35bda44650bb50f5fd4b7017f8b29672ed9f27a43cec47?s=96&d=mm&r=g","url":"https:\/\/secure.gravatar.com\/avatar\/c539a82770f256437b35bda44650bb50f5fd4b7017f8b29672ed9f27a43cec47?s=96&d=mm&r=g","contentUrl":"https:\/\/secure.gravatar.com\/avatar\/c539a82770f256437b35bda44650bb50f5fd4b7017f8b29672ed9f27a43cec47?s=96&d=mm&r=g","caption":"Reporteros Hoy HY"},"url":"https:\/\/reporteroshoy.mx\/noticias\/author\/thelmo\/"}]}},"_links":{"self":[{"href":"https:\/\/reporteroshoy.mx\/noticias\/wp-json\/wp\/v2\/posts\/114311","targetHints":{"allow":["GET"]}}],"collection":[{"href":"https:\/\/reporteroshoy.mx\/noticias\/wp-json\/wp\/v2\/posts"}],"about":[{"href":"https:\/\/reporteroshoy.mx\/noticias\/wp-json\/wp\/v2\/types\/post"}],"author":[{"embeddable":true,"href":"https:\/\/reporteroshoy.mx\/noticias\/wp-json\/wp\/v2\/users\/2"}],"replies":[{"embeddable":true,"href":"https:\/\/reporteroshoy.mx\/noticias\/wp-json\/wp\/v2\/comments?post=114311"}],"version-history":[{"count":0,"href":"https:\/\/reporteroshoy.mx\/noticias\/wp-json\/wp\/v2\/posts\/114311\/revisions"}],"wp:featuredmedia":[{"embeddable":true,"href":"https:\/\/reporteroshoy.mx\/noticias\/wp-json\/wp\/v2\/media\/114315"}],"wp:attachment":[{"href":"https:\/\/reporteroshoy.mx\/noticias\/wp-json\/wp\/v2\/media?parent=114311"}],"wp:term":[{"taxonomy":"category","embeddable":true,"href":"https:\/\/reporteroshoy.mx\/noticias\/wp-json\/wp\/v2\/categories?post=114311"},{"taxonomy":"post_tag","embeddable":true,"href":"https:\/\/reporteroshoy.mx\/noticias\/wp-json\/wp\/v2\/tags?post=114311"}],"curies":[{"name":"wp","href":"https:\/\/api.w.org\/{rel}","templated":true}]}}