{"id":114323,"date":"2024-07-04T18:45:12","date_gmt":"2024-07-05T00:45:12","guid":{"rendered":"https:\/\/reporteroshoy.mx\/noticias\/?p=114323"},"modified":"2024-07-05T19:49:02","modified_gmt":"2024-07-06T01:49:02","slug":"ley-seca-en-yucatan-por-el-huracan-beryl","status":"publish","type":"post","link":"https:\/\/reporteroshoy.mx\/noticias\/ley-seca-en-yucatan-por-el-huracan-beryl\/","title":{"rendered":"Ley seca en Yucat\u00e1n por el hurac\u00e1n Beryl"},"content":{"rendered":"<p>Como medida preventiva ante el paso del Hurac\u00e1n Beryl por el estado, el Gobierno de Yucat\u00e1n decret\u00f3 la prohibici\u00f3n de la venta de bebidas alcoh\u00f3licas en todo el territorio. La medida, conocida como \u00abLey Seca\u00bb, entrar\u00e1 en vigor a partir del primer minuto del 5 de julio y estar\u00e1 vigente hasta que se publique su abrogaci\u00f3n.<\/p>\n<p><img loading=\"lazy\" decoding=\"async\" class=\"aligncenter wp-image-113297\" src=\"https:\/\/reporteroshoy.mx\/noticias\/wp-content\/uploads\/2024\/05\/Ley-seca-scaled.jpg\" alt=\"Ley seca en Yucat\u00e1n por el hurac\u00e1n Beryl\" width=\"646\" height=\"364\" \/><\/p>\n<p>&nbsp;<\/p>\n<p>El Decreto 787\/2024, publicado en el <a href=\"https:\/\/www.yucatan.gob.mx\/docs\/diario_oficial\/diarios\/2024\/2024-07-04_1.pdf\">Diario Oficial de Yucat\u00e1n<\/a>, proh\u00edbe la venta y el consumo de bebidas alcoh\u00f3licas en los siguientes establecimientos:<\/p>\n<p>Tiendas de autoservicio y abarrotes<br \/>\nSupermercados<br \/>\nTiendas de conveniencia<br \/>\nLicorer\u00edas<br \/>\nBares y restaurantes<br \/>\nCentros nocturnos<\/p>\n<p>La Ley Seca entrar\u00e1 en vigor a partir de las 00:01 horas del 5 de julio de 2024. Esto significa que a partir de las 10 de la noche de este jueves 4 de julio, los establecimientos ya no podr\u00e1n vender bebidas alcoh\u00f3licas.<\/p>\n<h3>\u00bfHasta cu\u00e1ndo estar\u00e1 vigente la Ley Seca?<\/h3>\n<p>La Ley Seca estar\u00e1 vigente hasta que el Gobierno de Yucat\u00e1n publique un decreto oficial que la abrogue. Esto depender\u00e1 de la evoluci\u00f3n del Hurac\u00e1n Beryl y de las condiciones de seguridad en el estado.<\/p>\n<p>Quienes no cumplan con la disposici\u00f3n de la Ley Seca ser\u00e1n acreedores a sanciones penales o administrativas. Estas sanciones pueden incluir multas, clausuras de establecimientos e incluso arrestos.<\/p>\n<h3>Recomendaciones para la poblaci\u00f3n<\/h3>\n<p>El Gobierno de Yucat\u00e1n recomienda a la poblaci\u00f3n que se mantenga informada sobre la trayectoria del Hurac\u00e1n Beryl y que tome las medidas de precauci\u00f3n necesarias para protegerse a s\u00ed misma y a sus familias. Tambi\u00e9n se recomienda evitar salir a la calle durante el paso del hurac\u00e1n y seguir las instrucciones de las autoridades.<\/p>\n","protected":false},"excerpt":{"rendered":"<p>A partir de las 10 de la noche de este jueves 4 de julio, los establecimientos ya no podr\u00e1n vender bebidas alcoh\u00f3licas.<\/p>\n","protected":false},"author":6,"featured_media":113297,"comment_status":"open","ping_status":"closed","sticky":false,"template":"","format":"standard","meta":{"footnotes":""},"categories":[17],"tags":[26334,10397,10713],"class_list":["post-114323","post","type-post","status-publish","format-standard","has-post-thumbnail","hentry","category-yucatan","tag-beryl","tag-huracan","tag-ley-seca"],"yoast_head":"<!-- This site is optimized with the Yoast SEO plugin v28.4 - https:\/\/yoast.com\/product\/yoast-seo-wordpress\/ -->\n<title>Ley seca en Yucat\u00e1n por el hurac\u00e1n Beryl<\/title>\n<meta name=\"description\" content=\"A partir de las 10 de la noche de este jueves 4 de julio, habr\u00e1 Ley seca y los establecimientos ya no podr\u00e1n vender bebidas alcoh\u00f3licas.\" \/>\n<meta name=\"robots\" content=\"index, follow, max-snippet:-1, max-image-preview:large, max-video-preview:-1\" \/>\n<link rel=\"canonical\" href=\"https:\/\/reporteroshoy.mx\/noticias\/ley-seca-en-yucatan-por-el-huracan-beryl\/\" \/>\n<meta property=\"og:locale\" content=\"es_ES\" \/>\n<meta property=\"og:type\" content=\"article\" \/>\n<meta property=\"og:title\" content=\"Ley seca en Yucat\u00e1n por el hurac\u00e1n Beryl\" \/>\n<meta property=\"og:description\" content=\"A partir de las 10 de la noche de este jueves 4 de julio, habr\u00e1 Ley seca y los establecimientos ya no podr\u00e1n vender bebidas alcoh\u00f3licas.\" \/>\n<meta property=\"og:url\" content=\"https:\/\/reporteroshoy.mx\/noticias\/ley-seca-en-yucatan-por-el-huracan-beryl\/\" \/>\n<meta property=\"og:site_name\" content=\"Reporteros Hoy | Noticias de Yucat\u00e1n\" \/>\n<meta property=\"article:publisher\" content=\"http:\/\/www.facebook.com\/reporteroshoymx\" \/>\n<meta property=\"article:published_time\" content=\"2024-07-05T00:45:12+00:00\" \/>\n<meta property=\"article:modified_time\" content=\"2024-07-06T01:49:02+00:00\" \/>\n<meta property=\"og:image\" content=\"https:\/\/reporteroshoy.mx\/noticias\/wp-content\/uploads\/2024\/05\/Ley-seca-scaled.jpg\" \/>\n\t<meta property=\"og:image:width\" content=\"768\" \/>\n\t<meta property=\"og:image:height\" content=\"432\" \/>\n\t<meta property=\"og:image:type\" content=\"image\/jpeg\" \/>\n<meta name=\"author\" content=\"Reporteros Hoy GS\" \/>\n<meta name=\"twitter:card\" content=\"summary_large_image\" \/>\n<meta name=\"twitter:creator\" content=\"@reporteroshoy\" \/>\n<meta name=\"twitter:site\" content=\"@reporteroshoy\" \/>\n<meta name=\"twitter:label1\" content=\"Escrito por\" \/>\n\t<meta name=\"twitter:data1\" content=\"Reporteros Hoy GS\" \/>\n\t<meta name=\"twitter:label2\" content=\"Tiempo de lectura\" \/>\n\t<meta name=\"twitter:data2\" content=\"2 minutos\" \/>\n<script type=\"application\/ld+json\" class=\"yoast-schema-graph\">{\"@context\":\"https:\\\/\\\/schema.org\",\"@graph\":[{\"@type\":\"Article\",\"@id\":\"https:\\\/\\\/reporteroshoy.mx\\\/noticias\\\/ley-seca-en-yucatan-por-el-huracan-beryl\\\/#article\",\"isPartOf\":{\"@id\":\"https:\\\/\\\/reporteroshoy.mx\\\/noticias\\\/ley-seca-en-yucatan-por-el-huracan-beryl\\\/\"},\"author\":{\"name\":\"Reporteros Hoy GS\",\"@id\":\"https:\\\/\\\/reporteroshoy.mx\\\/noticias\\\/#\\\/schema\\\/person\\\/49ae631fc906b44554e4ba3866c505d7\"},\"headline\":\"Ley seca en Yucat\u00e1n por el hurac\u00e1n Beryl\",\"datePublished\":\"2024-07-05T00:45:12+00:00\",\"dateModified\":\"2024-07-06T01:49:02+00:00\",\"mainEntityOfPage\":{\"@id\":\"https:\\\/\\\/reporteroshoy.mx\\\/noticias\\\/ley-seca-en-yucatan-por-el-huracan-beryl\\\/\"},\"wordCount\":294,\"commentCount\":0,\"image\":{\"@id\":\"https:\\\/\\\/reporteroshoy.mx\\\/noticias\\\/ley-seca-en-yucatan-por-el-huracan-beryl\\\/#primaryimage\"},\"thumbnailUrl\":\"https:\\\/\\\/reporteroshoy.mx\\\/noticias\\\/wp-content\\\/uploads\\\/2024\\\/05\\\/Ley-seca-scaled.jpg\",\"keywords\":[\"Beryl\",\"hurac\u00e1n\",\"ley seca\"],\"articleSection\":[\"Yucat\u00e1n\"],\"inLanguage\":\"es\",\"potentialAction\":[{\"@type\":\"CommentAction\",\"name\":\"Comment\",\"target\":[\"https:\\\/\\\/reporteroshoy.mx\\\/noticias\\\/ley-seca-en-yucatan-por-el-huracan-beryl\\\/#respond\"]}]},{\"@type\":\"WebPage\",\"@id\":\"https:\\\/\\\/reporteroshoy.mx\\\/noticias\\\/ley-seca-en-yucatan-por-el-huracan-beryl\\\/\",\"url\":\"https:\\\/\\\/reporteroshoy.mx\\\/noticias\\\/ley-seca-en-yucatan-por-el-huracan-beryl\\\/\",\"name\":\"Ley seca en Yucat\u00e1n por el hurac\u00e1n Beryl\",\"isPartOf\":{\"@id\":\"https:\\\/\\\/reporteroshoy.mx\\\/noticias\\\/#website\"},\"primaryImageOfPage\":{\"@id\":\"https:\\\/\\\/reporteroshoy.mx\\\/noticias\\\/ley-seca-en-yucatan-por-el-huracan-beryl\\\/#primaryimage\"},\"image\":{\"@id\":\"https:\\\/\\\/reporteroshoy.mx\\\/noticias\\\/ley-seca-en-yucatan-por-el-huracan-beryl\\\/#primaryimage\"},\"thumbnailUrl\":\"https:\\\/\\\/reporteroshoy.mx\\\/noticias\\\/wp-content\\\/uploads\\\/2024\\\/05\\\/Ley-seca-scaled.jpg\",\"datePublished\":\"2024-07-05T00:45:12+00:00\",\"dateModified\":\"2024-07-06T01:49:02+00:00\",\"author\":{\"@id\":\"https:\\\/\\\/reporteroshoy.mx\\\/noticias\\\/#\\\/schema\\\/person\\\/49ae631fc906b44554e4ba3866c505d7\"},\"description\":\"A partir de las 10 de la noche de este jueves 4 de julio, habr\u00e1 Ley seca y los establecimientos ya no podr\u00e1n vender bebidas alcoh\u00f3licas.\",\"breadcrumb\":{\"@id\":\"https:\\\/\\\/reporteroshoy.mx\\\/noticias\\\/ley-seca-en-yucatan-por-el-huracan-beryl\\\/#breadcrumb\"},\"inLanguage\":\"es\",\"potentialAction\":[{\"@type\":\"ReadAction\",\"target\":[\"https:\\\/\\\/reporteroshoy.mx\\\/noticias\\\/ley-seca-en-yucatan-por-el-huracan-beryl\\\/\"]}]},{\"@type\":\"ImageObject\",\"inLanguage\":\"es\",\"@id\":\"https:\\\/\\\/reporteroshoy.mx\\\/noticias\\\/ley-seca-en-yucatan-por-el-huracan-beryl\\\/#primaryimage\",\"url\":\"https:\\\/\\\/reporteroshoy.mx\\\/noticias\\\/wp-content\\\/uploads\\\/2024\\\/05\\\/Ley-seca-scaled.jpg\",\"contentUrl\":\"https:\\\/\\\/reporteroshoy.mx\\\/noticias\\\/wp-content\\\/uploads\\\/2024\\\/05\\\/Ley-seca-scaled.jpg\",\"width\":768,\"height\":432},{\"@type\":\"BreadcrumbList\",\"@id\":\"https:\\\/\\\/reporteroshoy.mx\\\/noticias\\\/ley-seca-en-yucatan-por-el-huracan-beryl\\\/#breadcrumb\",\"itemListElement\":[{\"@type\":\"ListItem\",\"position\":1,\"name\":\"Portada\",\"item\":\"https:\\\/\\\/reporteroshoy.mx\\\/noticias\\\/\"},{\"@type\":\"ListItem\",\"position\":2,\"name\":\"Ley seca en Yucat\u00e1n por el hurac\u00e1n Beryl\"}]},{\"@type\":\"WebSite\",\"@id\":\"https:\\\/\\\/reporteroshoy.mx\\\/noticias\\\/#website\",\"url\":\"https:\\\/\\\/reporteroshoy.mx\\\/noticias\\\/\",\"name\":\"Reporteros Hoy | Noticias de Yucat\u00e1n\",\"description\":\"Peri\u00f3dico digital con noticias diarias desde M\u00e9rida, Yucat\u00e1n para el mundo.\",\"potentialAction\":[{\"@type\":\"SearchAction\",\"target\":{\"@type\":\"EntryPoint\",\"urlTemplate\":\"https:\\\/\\\/reporteroshoy.mx\\\/noticias\\\/?s={search_term_string}\"},\"query-input\":{\"@type\":\"PropertyValueSpecification\",\"valueRequired\":true,\"valueName\":\"search_term_string\"}}],\"inLanguage\":\"es\"},{\"@type\":\"Person\",\"@id\":\"https:\\\/\\\/reporteroshoy.mx\\\/noticias\\\/#\\\/schema\\\/person\\\/49ae631fc906b44554e4ba3866c505d7\",\"name\":\"Reporteros Hoy GS\",\"image\":{\"@type\":\"ImageObject\",\"inLanguage\":\"es\",\"@id\":\"https:\\\/\\\/secure.gravatar.com\\\/avatar\\\/00d32adb620345c3db2cfc175917f65c584e1e338fdc49ad126aa1f9830eb6a9?s=96&d=mm&r=g\",\"url\":\"https:\\\/\\\/secure.gravatar.com\\\/avatar\\\/00d32adb620345c3db2cfc175917f65c584e1e338fdc49ad126aa1f9830eb6a9?s=96&d=mm&r=g\",\"contentUrl\":\"https:\\\/\\\/secure.gravatar.com\\\/avatar\\\/00d32adb620345c3db2cfc175917f65c584e1e338fdc49ad126aa1f9830eb6a9?s=96&d=mm&r=g\",\"caption\":\"Reporteros Hoy GS\"},\"url\":\"https:\\\/\\\/reporteroshoy.mx\\\/noticias\\\/author\\\/lupis\\\/\"}]}<\/script>\n<!-- \/ Yoast SEO plugin. -->","yoast_head_json":{"title":"Ley seca en Yucat\u00e1n por el hurac\u00e1n Beryl","description":"A partir de las 10 de la noche de este jueves 4 de julio, habr\u00e1 Ley seca y los establecimientos ya no podr\u00e1n vender bebidas alcoh\u00f3licas.","robots":{"index":"index","follow":"follow","max-snippet":"max-snippet:-1","max-image-preview":"max-image-preview:large","max-video-preview":"max-video-preview:-1"},"canonical":"https:\/\/reporteroshoy.mx\/noticias\/ley-seca-en-yucatan-por-el-huracan-beryl\/","og_locale":"es_ES","og_type":"article","og_title":"Ley seca en Yucat\u00e1n por el hurac\u00e1n Beryl","og_description":"A partir de las 10 de la noche de este jueves 4 de julio, habr\u00e1 Ley seca y los establecimientos ya no podr\u00e1n vender bebidas alcoh\u00f3licas.","og_url":"https:\/\/reporteroshoy.mx\/noticias\/ley-seca-en-yucatan-por-el-huracan-beryl\/","og_site_name":"Reporteros Hoy | Noticias de Yucat\u00e1n","article_publisher":"http:\/\/www.facebook.com\/reporteroshoymx","article_published_time":"2024-07-05T00:45:12+00:00","article_modified_time":"2024-07-06T01:49:02+00:00","og_image":[{"width":768,"height":432,"url":"https:\/\/reporteroshoy.mx\/noticias\/wp-content\/uploads\/2024\/05\/Ley-seca-scaled.jpg","type":"image\/jpeg"}],"author":"Reporteros Hoy GS","twitter_card":"summary_large_image","twitter_creator":"@reporteroshoy","twitter_site":"@reporteroshoy","twitter_misc":{"Escrito por":"Reporteros Hoy GS","Tiempo de lectura":"2 minutos"},"schema":{"@context":"https:\/\/schema.org","@graph":[{"@type":"Article","@id":"https:\/\/reporteroshoy.mx\/noticias\/ley-seca-en-yucatan-por-el-huracan-beryl\/#article","isPartOf":{"@id":"https:\/\/reporteroshoy.mx\/noticias\/ley-seca-en-yucatan-por-el-huracan-beryl\/"},"author":{"name":"Reporteros Hoy GS","@id":"https:\/\/reporteroshoy.mx\/noticias\/#\/schema\/person\/49ae631fc906b44554e4ba3866c505d7"},"headline":"Ley seca en Yucat\u00e1n por el hurac\u00e1n Beryl","datePublished":"2024-07-05T00:45:12+00:00","dateModified":"2024-07-06T01:49:02+00:00","mainEntityOfPage":{"@id":"https:\/\/reporteroshoy.mx\/noticias\/ley-seca-en-yucatan-por-el-huracan-beryl\/"},"wordCount":294,"commentCount":0,"image":{"@id":"https:\/\/reporteroshoy.mx\/noticias\/ley-seca-en-yucatan-por-el-huracan-beryl\/#primaryimage"},"thumbnailUrl":"https:\/\/reporteroshoy.mx\/noticias\/wp-content\/uploads\/2024\/05\/Ley-seca-scaled.jpg","keywords":["Beryl","hurac\u00e1n","ley seca"],"articleSection":["Yucat\u00e1n"],"inLanguage":"es","potentialAction":[{"@type":"CommentAction","name":"Comment","target":["https:\/\/reporteroshoy.mx\/noticias\/ley-seca-en-yucatan-por-el-huracan-beryl\/#respond"]}]},{"@type":"WebPage","@id":"https:\/\/reporteroshoy.mx\/noticias\/ley-seca-en-yucatan-por-el-huracan-beryl\/","url":"https:\/\/reporteroshoy.mx\/noticias\/ley-seca-en-yucatan-por-el-huracan-beryl\/","name":"Ley seca en Yucat\u00e1n por el hurac\u00e1n Beryl","isPartOf":{"@id":"https:\/\/reporteroshoy.mx\/noticias\/#website"},"primaryImageOfPage":{"@id":"https:\/\/reporteroshoy.mx\/noticias\/ley-seca-en-yucatan-por-el-huracan-beryl\/#primaryimage"},"image":{"@id":"https:\/\/reporteroshoy.mx\/noticias\/ley-seca-en-yucatan-por-el-huracan-beryl\/#primaryimage"},"thumbnailUrl":"https:\/\/reporteroshoy.mx\/noticias\/wp-content\/uploads\/2024\/05\/Ley-seca-scaled.jpg","datePublished":"2024-07-05T00:45:12+00:00","dateModified":"2024-07-06T01:49:02+00:00","author":{"@id":"https:\/\/reporteroshoy.mx\/noticias\/#\/schema\/person\/49ae631fc906b44554e4ba3866c505d7"},"description":"A partir de las 10 de la noche de este jueves 4 de julio, habr\u00e1 Ley seca y los establecimientos ya no podr\u00e1n vender bebidas alcoh\u00f3licas.","breadcrumb":{"@id":"https:\/\/reporteroshoy.mx\/noticias\/ley-seca-en-yucatan-por-el-huracan-beryl\/#breadcrumb"},"inLanguage":"es","potentialAction":[{"@type":"ReadAction","target":["https:\/\/reporteroshoy.mx\/noticias\/ley-seca-en-yucatan-por-el-huracan-beryl\/"]}]},{"@type":"ImageObject","inLanguage":"es","@id":"https:\/\/reporteroshoy.mx\/noticias\/ley-seca-en-yucatan-por-el-huracan-beryl\/#primaryimage","url":"https:\/\/reporteroshoy.mx\/noticias\/wp-content\/uploads\/2024\/05\/Ley-seca-scaled.jpg","contentUrl":"https:\/\/reporteroshoy.mx\/noticias\/wp-content\/uploads\/2024\/05\/Ley-seca-scaled.jpg","width":768,"height":432},{"@type":"BreadcrumbList","@id":"https:\/\/reporteroshoy.mx\/noticias\/ley-seca-en-yucatan-por-el-huracan-beryl\/#breadcrumb","itemListElement":[{"@type":"ListItem","position":1,"name":"Portada","item":"https:\/\/reporteroshoy.mx\/noticias\/"},{"@type":"ListItem","position":2,"name":"Ley seca en Yucat\u00e1n por el hurac\u00e1n Beryl"}]},{"@type":"WebSite","@id":"https:\/\/reporteroshoy.mx\/noticias\/#website","url":"https:\/\/reporteroshoy.mx\/noticias\/","name":"Reporteros Hoy | Noticias de Yucat\u00e1n","description":"Peri\u00f3dico digital con noticias diarias desde M\u00e9rida, Yucat\u00e1n para el mundo.","potentialAction":[{"@type":"SearchAction","target":{"@type":"EntryPoint","urlTemplate":"https:\/\/reporteroshoy.mx\/noticias\/?s={search_term_string}"},"query-input":{"@type":"PropertyValueSpecification","valueRequired":true,"valueName":"search_term_string"}}],"inLanguage":"es"},{"@type":"Person","@id":"https:\/\/reporteroshoy.mx\/noticias\/#\/schema\/person\/49ae631fc906b44554e4ba3866c505d7","name":"Reporteros Hoy GS","image":{"@type":"ImageObject","inLanguage":"es","@id":"https:\/\/secure.gravatar.com\/avatar\/00d32adb620345c3db2cfc175917f65c584e1e338fdc49ad126aa1f9830eb6a9?s=96&d=mm&r=g","url":"https:\/\/secure.gravatar.com\/avatar\/00d32adb620345c3db2cfc175917f65c584e1e338fdc49ad126aa1f9830eb6a9?s=96&d=mm&r=g","contentUrl":"https:\/\/secure.gravatar.com\/avatar\/00d32adb620345c3db2cfc175917f65c584e1e338fdc49ad126aa1f9830eb6a9?s=96&d=mm&r=g","caption":"Reporteros Hoy GS"},"url":"https:\/\/reporteroshoy.mx\/noticias\/author\/lupis\/"}]}},"_links":{"self":[{"href":"https:\/\/reporteroshoy.mx\/noticias\/wp-json\/wp\/v2\/posts\/114323","targetHints":{"allow":["GET"]}}],"collection":[{"href":"https:\/\/reporteroshoy.mx\/noticias\/wp-json\/wp\/v2\/posts"}],"about":[{"href":"https:\/\/reporteroshoy.mx\/noticias\/wp-json\/wp\/v2\/types\/post"}],"author":[{"embeddable":true,"href":"https:\/\/reporteroshoy.mx\/noticias\/wp-json\/wp\/v2\/users\/6"}],"replies":[{"embeddable":true,"href":"https:\/\/reporteroshoy.mx\/noticias\/wp-json\/wp\/v2\/comments?post=114323"}],"version-history":[{"count":0,"href":"https:\/\/reporteroshoy.mx\/noticias\/wp-json\/wp\/v2\/posts\/114323\/revisions"}],"wp:featuredmedia":[{"embeddable":true,"href":"https:\/\/reporteroshoy.mx\/noticias\/wp-json\/wp\/v2\/media\/113297"}],"wp:attachment":[{"href":"https:\/\/reporteroshoy.mx\/noticias\/wp-json\/wp\/v2\/media?parent=114323"}],"wp:term":[{"taxonomy":"category","embeddable":true,"href":"https:\/\/reporteroshoy.mx\/noticias\/wp-json\/wp\/v2\/categories?post=114323"},{"taxonomy":"post_tag","embeddable":true,"href":"https:\/\/reporteroshoy.mx\/noticias\/wp-json\/wp\/v2\/tags?post=114323"}],"curies":[{"name":"wp","href":"https:\/\/api.w.org\/{rel}","templated":true}]}}