{"id":114332,"date":"2024-07-05T17:21:48","date_gmt":"2024-07-05T23:21:48","guid":{"rendered":"https:\/\/reporteroshoy.mx\/noticias\/?p=114332"},"modified":"2024-07-05T17:44:42","modified_gmt":"2024-07-05T23:44:42","slug":"beryl-perdono-a-merida-o-fue-chaac","status":"publish","type":"post","link":"https:\/\/reporteroshoy.mx\/noticias\/beryl-perdono-a-merida-o-fue-chaac\/","title":{"rendered":"Beryl perdon\u00f3 a M\u00e9rida \u00bfo fue Chaac?"},"content":{"rendered":"<p style=\"text-align: justify;\">Beryl, degradado a tormenta tropical, perdon\u00f3 a M\u00e9rida y se desvi\u00f3 hacia el litoral norte de Yucat\u00e1n.<\/p>\n<p style=\"text-align: justify;\">Ha sido un fen\u00f3meno hidrol\u00f3gico muy inestable y err\u00e1tico de principio a fin ya que en cuesti\u00f3n de horas cambiaba de trayectoria y de categor\u00eda, desde su formaci\u00f3n.<\/p>\n<p><img loading=\"lazy\" decoding=\"async\" class=\"alignnone size-full wp-image-114333\" src=\"https:\/\/reporteroshoy.mx\/noticias\/wp-content\/uploads\/2024\/07\/MERIDA_BERYL_-scaled.jpg\" alt=\"\" width=\"768\" height=\"493\" srcset=\"https:\/\/reporteroshoy.mx\/noticias\/wp-content\/uploads\/2024\/07\/MERIDA_BERYL_-scaled.jpg 768w, https:\/\/reporteroshoy.mx\/noticias\/wp-content\/uploads\/2024\/07\/MERIDA_BERYL_-1536x986.jpg 1536w\" sizes=\"auto, (max-width: 768px) 100vw, 768px\" \/><\/p>\n<p style=\"text-align: justify;\">El investigador de la <a href=\"https:\/\/uady.mx\/\">Universidad Aut\u00f3noma de Yucat\u00e1n <\/a>(UADY), Juan V\u00e1zquez, explic\u00f3 el comportamiento voluble de Beryl.<\/p>\n<p style=\"text-align: justify;\">Dijo que, por ser un cicl\u00f3n temprano, aunque alcanz\u00f3 la categor\u00eda 5, no logr\u00f3 mantenerse en ese rango por las condiciones atmosf\u00e9ricas y la temperatura del mar.<\/p>\n<p style=\"text-align: justify;\">Es decir, se adelant\u00f3 a su tiempo, ya que, de surgir en septiembre u octubre, los meses cr\u00edticos de la temporada, la historia hubiera sido otra.<\/p>\n<p style=\"text-align: justify;\">A Yucat\u00e1n ingres\u00f3 en la madrugada, siendo categor\u00eda 1, por el oriente del estado, entre los municipios de Chemax y Valladolid.<\/p>\n<p style=\"text-align: justify;\">A ambos los dej\u00f3 sin energ\u00eda el\u00e9ctrica junto con una decena de poblaciones de la zona que colindan con Quintana Roo.<\/p>\n<p style=\"text-align: justify;\">En M\u00e9rida y la zona conurbada apenas se registraron algunas lluvias y rachas de viento.<\/p>\n<h3><strong>Giro inesperado de Beryl<\/strong><\/h3>\n<p style=\"text-align: justify;\">Pasando por el centro del estado, Beryl sorpresivamente hizo un giro en forma de \u201cL\u201d para dirigirse a la costa norte.<\/p>\n<p style=\"text-align: justify;\">Se esperaba que saliera al Golfo de M\u00e9xico por Progreso para encarar a la pol\u00e9mica estatua de Poseid\u00f3n, pero no fue as\u00ed.<\/p>\n<p><img loading=\"lazy\" decoding=\"async\" class=\"alignnone size-full wp-image-114334\" src=\"https:\/\/reporteroshoy.mx\/noticias\/wp-content\/uploads\/2024\/07\/Imagen-de-WhatsApp-2024-07-05-a-las-12.01.25_a00c798f-scaled.jpg\" alt=\"\" width=\"768\" height=\"354\" srcset=\"https:\/\/reporteroshoy.mx\/noticias\/wp-content\/uploads\/2024\/07\/Imagen-de-WhatsApp-2024-07-05-a-las-12.01.25_a00c798f-scaled.jpg 768w, https:\/\/reporteroshoy.mx\/noticias\/wp-content\/uploads\/2024\/07\/Imagen-de-WhatsApp-2024-07-05-a-las-12.01.25_a00c798f-1536x708.jpg 1536w\" sizes=\"auto, (max-width: 768px) 100vw, 768px\" \/><\/p>\n<p style=\"text-align: justify;\">Finalmente, se dirigi\u00f3 m\u00e1s al este de ese municipio y dej\u00f3 territorio yucateco por Telchac Puerto.<\/p>\n<p style=\"text-align: justify;\">Este s\u00e1bado, se reanudan las\u00a0<a href=\"https:\/\/reporteroshoy.mx\/noticias\/ley-seca-en-yucatan-por-el-huracan-beryl\/\">actividades econ\u00f3micas no esenciales<\/a> suspendidas desde la noche del jueves.<\/p>\n<p><em>ISRAEL MEDINA<\/em><\/p>\n","protected":false},"excerpt":{"rendered":"<p>Beryl, degradado a tormenta tropical, perdon\u00f3 a M\u00e9rida y se desvi\u00f3 hacia el litoral norte de Yucat\u00e1n. Ha sido un fen\u00f3meno hidrol\u00f3gico muy inestable y err\u00e1tico de principio a fin ya que en cuesti\u00f3n de horas cambiaba de trayectoria y de categor\u00eda, desde su formaci\u00f3n. El investigador de la Universidad Aut\u00f3noma de Yucat\u00e1n (UADY), Juan [&hellip;]<\/p>\n","protected":false},"author":5,"featured_media":114333,"comment_status":"open","ping_status":"closed","sticky":false,"template":"","format":"standard","meta":{"footnotes":""},"categories":[17],"tags":[26334,51,23],"class_list":["post-114332","post","type-post","status-publish","format-standard","has-post-thumbnail","hentry","category-yucatan","tag-beryl","tag-merida","tag-yucatan"],"yoast_head":"<!-- This site is optimized with the Yoast SEO plugin v28.4 - https:\/\/yoast.com\/product\/yoast-seo-wordpress\/ -->\n<title>Beryl perdon\u00f3 a M\u00e9rida \u00bfo fue Chaac?<\/title>\n<meta name=\"description\" content=\"Beryl tampoco abandon\u00f3 el territorio yucateco por Progreso, sino por Telchac Puerto as\u00ed que no se top\u00f3 a Poseid\u00f3n.\" \/>\n<meta name=\"robots\" content=\"index, follow, max-snippet:-1, max-image-preview:large, max-video-preview:-1\" \/>\n<link rel=\"canonical\" href=\"https:\/\/reporteroshoy.mx\/noticias\/beryl-perdono-a-merida-o-fue-chaac\/\" \/>\n<meta property=\"og:locale\" content=\"es_ES\" \/>\n<meta property=\"og:type\" content=\"article\" \/>\n<meta property=\"og:title\" content=\"Beryl perdon\u00f3 a M\u00e9rida \u00bfo fue Chaac?\" \/>\n<meta property=\"og:description\" content=\"Beryl tampoco abandon\u00f3 el territorio yucateco por Progreso, sino por Telchac Puerto as\u00ed que no se top\u00f3 a Poseid\u00f3n.\" \/>\n<meta property=\"og:url\" content=\"https:\/\/reporteroshoy.mx\/noticias\/beryl-perdono-a-merida-o-fue-chaac\/\" \/>\n<meta property=\"og:site_name\" content=\"Reporteros Hoy | Noticias de Yucat\u00e1n\" \/>\n<meta property=\"article:publisher\" content=\"http:\/\/www.facebook.com\/reporteroshoymx\" \/>\n<meta property=\"article:published_time\" content=\"2024-07-05T23:21:48+00:00\" \/>\n<meta property=\"article:modified_time\" content=\"2024-07-05T23:44:42+00:00\" \/>\n<meta property=\"og:image\" content=\"https:\/\/reporteroshoy.mx\/noticias\/wp-content\/uploads\/2024\/07\/MERIDA_BERYL_-scaled.jpg\" \/>\n\t<meta property=\"og:image:width\" content=\"768\" \/>\n\t<meta property=\"og:image:height\" content=\"493\" \/>\n\t<meta property=\"og:image:type\" content=\"image\/jpeg\" \/>\n<meta name=\"author\" content=\"Reporteros Hoy IM\" \/>\n<meta name=\"twitter:card\" content=\"summary_large_image\" \/>\n<meta name=\"twitter:creator\" content=\"@reporteroshoy\" \/>\n<meta name=\"twitter:site\" content=\"@reporteroshoy\" \/>\n<meta name=\"twitter:label1\" content=\"Escrito por\" \/>\n\t<meta name=\"twitter:data1\" content=\"Reporteros Hoy IM\" \/>\n\t<meta name=\"twitter:label2\" content=\"Tiempo de lectura\" \/>\n\t<meta name=\"twitter:data2\" content=\"2 minutos\" \/>\n<script type=\"application\/ld+json\" class=\"yoast-schema-graph\">{\"@context\":\"https:\\\/\\\/schema.org\",\"@graph\":[{\"@type\":\"Article\",\"@id\":\"https:\\\/\\\/reporteroshoy.mx\\\/noticias\\\/beryl-perdono-a-merida-o-fue-chaac\\\/#article\",\"isPartOf\":{\"@id\":\"https:\\\/\\\/reporteroshoy.mx\\\/noticias\\\/beryl-perdono-a-merida-o-fue-chaac\\\/\"},\"author\":{\"name\":\"Reporteros Hoy IM\",\"@id\":\"https:\\\/\\\/reporteroshoy.mx\\\/noticias\\\/#\\\/schema\\\/person\\\/948520f0d88b01be2e5266bc4acbbc15\"},\"headline\":\"Beryl perdon\u00f3 a M\u00e9rida \u00bfo fue Chaac?\",\"datePublished\":\"2024-07-05T23:21:48+00:00\",\"dateModified\":\"2024-07-05T23:44:42+00:00\",\"mainEntityOfPage\":{\"@id\":\"https:\\\/\\\/reporteroshoy.mx\\\/noticias\\\/beryl-perdono-a-merida-o-fue-chaac\\\/\"},\"wordCount\":284,\"commentCount\":0,\"image\":{\"@id\":\"https:\\\/\\\/reporteroshoy.mx\\\/noticias\\\/beryl-perdono-a-merida-o-fue-chaac\\\/#primaryimage\"},\"thumbnailUrl\":\"https:\\\/\\\/reporteroshoy.mx\\\/noticias\\\/wp-content\\\/uploads\\\/2024\\\/07\\\/MERIDA_BERYL_-scaled.jpg\",\"keywords\":[\"Beryl\",\"M\u00e9rida\",\"Yucat\u00e1n\"],\"articleSection\":[\"Yucat\u00e1n\"],\"inLanguage\":\"es\",\"potentialAction\":[{\"@type\":\"CommentAction\",\"name\":\"Comment\",\"target\":[\"https:\\\/\\\/reporteroshoy.mx\\\/noticias\\\/beryl-perdono-a-merida-o-fue-chaac\\\/#respond\"]}]},{\"@type\":\"WebPage\",\"@id\":\"https:\\\/\\\/reporteroshoy.mx\\\/noticias\\\/beryl-perdono-a-merida-o-fue-chaac\\\/\",\"url\":\"https:\\\/\\\/reporteroshoy.mx\\\/noticias\\\/beryl-perdono-a-merida-o-fue-chaac\\\/\",\"name\":\"Beryl perdon\u00f3 a M\u00e9rida \u00bfo fue Chaac?\",\"isPartOf\":{\"@id\":\"https:\\\/\\\/reporteroshoy.mx\\\/noticias\\\/#website\"},\"primaryImageOfPage\":{\"@id\":\"https:\\\/\\\/reporteroshoy.mx\\\/noticias\\\/beryl-perdono-a-merida-o-fue-chaac\\\/#primaryimage\"},\"image\":{\"@id\":\"https:\\\/\\\/reporteroshoy.mx\\\/noticias\\\/beryl-perdono-a-merida-o-fue-chaac\\\/#primaryimage\"},\"thumbnailUrl\":\"https:\\\/\\\/reporteroshoy.mx\\\/noticias\\\/wp-content\\\/uploads\\\/2024\\\/07\\\/MERIDA_BERYL_-scaled.jpg\",\"datePublished\":\"2024-07-05T23:21:48+00:00\",\"dateModified\":\"2024-07-05T23:44:42+00:00\",\"author\":{\"@id\":\"https:\\\/\\\/reporteroshoy.mx\\\/noticias\\\/#\\\/schema\\\/person\\\/948520f0d88b01be2e5266bc4acbbc15\"},\"description\":\"Beryl tampoco abandon\u00f3 el territorio yucateco por Progreso, sino por Telchac Puerto as\u00ed que no se top\u00f3 a Poseid\u00f3n.\",\"breadcrumb\":{\"@id\":\"https:\\\/\\\/reporteroshoy.mx\\\/noticias\\\/beryl-perdono-a-merida-o-fue-chaac\\\/#breadcrumb\"},\"inLanguage\":\"es\",\"potentialAction\":[{\"@type\":\"ReadAction\",\"target\":[\"https:\\\/\\\/reporteroshoy.mx\\\/noticias\\\/beryl-perdono-a-merida-o-fue-chaac\\\/\"]}]},{\"@type\":\"ImageObject\",\"inLanguage\":\"es\",\"@id\":\"https:\\\/\\\/reporteroshoy.mx\\\/noticias\\\/beryl-perdono-a-merida-o-fue-chaac\\\/#primaryimage\",\"url\":\"https:\\\/\\\/reporteroshoy.mx\\\/noticias\\\/wp-content\\\/uploads\\\/2024\\\/07\\\/MERIDA_BERYL_-scaled.jpg\",\"contentUrl\":\"https:\\\/\\\/reporteroshoy.mx\\\/noticias\\\/wp-content\\\/uploads\\\/2024\\\/07\\\/MERIDA_BERYL_-scaled.jpg\",\"width\":768,\"height\":493},{\"@type\":\"BreadcrumbList\",\"@id\":\"https:\\\/\\\/reporteroshoy.mx\\\/noticias\\\/beryl-perdono-a-merida-o-fue-chaac\\\/#breadcrumb\",\"itemListElement\":[{\"@type\":\"ListItem\",\"position\":1,\"name\":\"Portada\",\"item\":\"https:\\\/\\\/reporteroshoy.mx\\\/noticias\\\/\"},{\"@type\":\"ListItem\",\"position\":2,\"name\":\"Beryl perdon\u00f3 a M\u00e9rida \u00bfo fue Chaac?\"}]},{\"@type\":\"WebSite\",\"@id\":\"https:\\\/\\\/reporteroshoy.mx\\\/noticias\\\/#website\",\"url\":\"https:\\\/\\\/reporteroshoy.mx\\\/noticias\\\/\",\"name\":\"Reporteros Hoy | Noticias de Yucat\u00e1n\",\"description\":\"Peri\u00f3dico digital con noticias diarias desde M\u00e9rida, Yucat\u00e1n para el mundo.\",\"potentialAction\":[{\"@type\":\"SearchAction\",\"target\":{\"@type\":\"EntryPoint\",\"urlTemplate\":\"https:\\\/\\\/reporteroshoy.mx\\\/noticias\\\/?s={search_term_string}\"},\"query-input\":{\"@type\":\"PropertyValueSpecification\",\"valueRequired\":true,\"valueName\":\"search_term_string\"}}],\"inLanguage\":\"es\"},{\"@type\":\"Person\",\"@id\":\"https:\\\/\\\/reporteroshoy.mx\\\/noticias\\\/#\\\/schema\\\/person\\\/948520f0d88b01be2e5266bc4acbbc15\",\"name\":\"Reporteros Hoy IM\",\"image\":{\"@type\":\"ImageObject\",\"inLanguage\":\"es\",\"@id\":\"https:\\\/\\\/secure.gravatar.com\\\/avatar\\\/d843030b96552826ac048bdfe26f2895604b800ed0c880ee55765a74d95dfc65?s=96&d=mm&r=g\",\"url\":\"https:\\\/\\\/secure.gravatar.com\\\/avatar\\\/d843030b96552826ac048bdfe26f2895604b800ed0c880ee55765a74d95dfc65?s=96&d=mm&r=g\",\"contentUrl\":\"https:\\\/\\\/secure.gravatar.com\\\/avatar\\\/d843030b96552826ac048bdfe26f2895604b800ed0c880ee55765a74d95dfc65?s=96&d=mm&r=g\",\"caption\":\"Reporteros Hoy IM\"},\"url\":\"https:\\\/\\\/reporteroshoy.mx\\\/noticias\\\/author\\\/israel\\\/\"}]}<\/script>\n<!-- \/ Yoast SEO plugin. -->","yoast_head_json":{"title":"Beryl perdon\u00f3 a M\u00e9rida \u00bfo fue Chaac?","description":"Beryl tampoco abandon\u00f3 el territorio yucateco por Progreso, sino por Telchac Puerto as\u00ed que no se top\u00f3 a Poseid\u00f3n.","robots":{"index":"index","follow":"follow","max-snippet":"max-snippet:-1","max-image-preview":"max-image-preview:large","max-video-preview":"max-video-preview:-1"},"canonical":"https:\/\/reporteroshoy.mx\/noticias\/beryl-perdono-a-merida-o-fue-chaac\/","og_locale":"es_ES","og_type":"article","og_title":"Beryl perdon\u00f3 a M\u00e9rida \u00bfo fue Chaac?","og_description":"Beryl tampoco abandon\u00f3 el territorio yucateco por Progreso, sino por Telchac Puerto as\u00ed que no se top\u00f3 a Poseid\u00f3n.","og_url":"https:\/\/reporteroshoy.mx\/noticias\/beryl-perdono-a-merida-o-fue-chaac\/","og_site_name":"Reporteros Hoy | Noticias de Yucat\u00e1n","article_publisher":"http:\/\/www.facebook.com\/reporteroshoymx","article_published_time":"2024-07-05T23:21:48+00:00","article_modified_time":"2024-07-05T23:44:42+00:00","og_image":[{"width":768,"height":493,"url":"https:\/\/reporteroshoy.mx\/noticias\/wp-content\/uploads\/2024\/07\/MERIDA_BERYL_-scaled.jpg","type":"image\/jpeg"}],"author":"Reporteros Hoy IM","twitter_card":"summary_large_image","twitter_creator":"@reporteroshoy","twitter_site":"@reporteroshoy","twitter_misc":{"Escrito por":"Reporteros Hoy IM","Tiempo de lectura":"2 minutos"},"schema":{"@context":"https:\/\/schema.org","@graph":[{"@type":"Article","@id":"https:\/\/reporteroshoy.mx\/noticias\/beryl-perdono-a-merida-o-fue-chaac\/#article","isPartOf":{"@id":"https:\/\/reporteroshoy.mx\/noticias\/beryl-perdono-a-merida-o-fue-chaac\/"},"author":{"name":"Reporteros Hoy IM","@id":"https:\/\/reporteroshoy.mx\/noticias\/#\/schema\/person\/948520f0d88b01be2e5266bc4acbbc15"},"headline":"Beryl perdon\u00f3 a M\u00e9rida \u00bfo fue Chaac?","datePublished":"2024-07-05T23:21:48+00:00","dateModified":"2024-07-05T23:44:42+00:00","mainEntityOfPage":{"@id":"https:\/\/reporteroshoy.mx\/noticias\/beryl-perdono-a-merida-o-fue-chaac\/"},"wordCount":284,"commentCount":0,"image":{"@id":"https:\/\/reporteroshoy.mx\/noticias\/beryl-perdono-a-merida-o-fue-chaac\/#primaryimage"},"thumbnailUrl":"https:\/\/reporteroshoy.mx\/noticias\/wp-content\/uploads\/2024\/07\/MERIDA_BERYL_-scaled.jpg","keywords":["Beryl","M\u00e9rida","Yucat\u00e1n"],"articleSection":["Yucat\u00e1n"],"inLanguage":"es","potentialAction":[{"@type":"CommentAction","name":"Comment","target":["https:\/\/reporteroshoy.mx\/noticias\/beryl-perdono-a-merida-o-fue-chaac\/#respond"]}]},{"@type":"WebPage","@id":"https:\/\/reporteroshoy.mx\/noticias\/beryl-perdono-a-merida-o-fue-chaac\/","url":"https:\/\/reporteroshoy.mx\/noticias\/beryl-perdono-a-merida-o-fue-chaac\/","name":"Beryl perdon\u00f3 a M\u00e9rida \u00bfo fue Chaac?","isPartOf":{"@id":"https:\/\/reporteroshoy.mx\/noticias\/#website"},"primaryImageOfPage":{"@id":"https:\/\/reporteroshoy.mx\/noticias\/beryl-perdono-a-merida-o-fue-chaac\/#primaryimage"},"image":{"@id":"https:\/\/reporteroshoy.mx\/noticias\/beryl-perdono-a-merida-o-fue-chaac\/#primaryimage"},"thumbnailUrl":"https:\/\/reporteroshoy.mx\/noticias\/wp-content\/uploads\/2024\/07\/MERIDA_BERYL_-scaled.jpg","datePublished":"2024-07-05T23:21:48+00:00","dateModified":"2024-07-05T23:44:42+00:00","author":{"@id":"https:\/\/reporteroshoy.mx\/noticias\/#\/schema\/person\/948520f0d88b01be2e5266bc4acbbc15"},"description":"Beryl tampoco abandon\u00f3 el territorio yucateco por Progreso, sino por Telchac Puerto as\u00ed que no se top\u00f3 a Poseid\u00f3n.","breadcrumb":{"@id":"https:\/\/reporteroshoy.mx\/noticias\/beryl-perdono-a-merida-o-fue-chaac\/#breadcrumb"},"inLanguage":"es","potentialAction":[{"@type":"ReadAction","target":["https:\/\/reporteroshoy.mx\/noticias\/beryl-perdono-a-merida-o-fue-chaac\/"]}]},{"@type":"ImageObject","inLanguage":"es","@id":"https:\/\/reporteroshoy.mx\/noticias\/beryl-perdono-a-merida-o-fue-chaac\/#primaryimage","url":"https:\/\/reporteroshoy.mx\/noticias\/wp-content\/uploads\/2024\/07\/MERIDA_BERYL_-scaled.jpg","contentUrl":"https:\/\/reporteroshoy.mx\/noticias\/wp-content\/uploads\/2024\/07\/MERIDA_BERYL_-scaled.jpg","width":768,"height":493},{"@type":"BreadcrumbList","@id":"https:\/\/reporteroshoy.mx\/noticias\/beryl-perdono-a-merida-o-fue-chaac\/#breadcrumb","itemListElement":[{"@type":"ListItem","position":1,"name":"Portada","item":"https:\/\/reporteroshoy.mx\/noticias\/"},{"@type":"ListItem","position":2,"name":"Beryl perdon\u00f3 a M\u00e9rida \u00bfo fue Chaac?"}]},{"@type":"WebSite","@id":"https:\/\/reporteroshoy.mx\/noticias\/#website","url":"https:\/\/reporteroshoy.mx\/noticias\/","name":"Reporteros Hoy | Noticias de Yucat\u00e1n","description":"Peri\u00f3dico digital con noticias diarias desde M\u00e9rida, Yucat\u00e1n para el mundo.","potentialAction":[{"@type":"SearchAction","target":{"@type":"EntryPoint","urlTemplate":"https:\/\/reporteroshoy.mx\/noticias\/?s={search_term_string}"},"query-input":{"@type":"PropertyValueSpecification","valueRequired":true,"valueName":"search_term_string"}}],"inLanguage":"es"},{"@type":"Person","@id":"https:\/\/reporteroshoy.mx\/noticias\/#\/schema\/person\/948520f0d88b01be2e5266bc4acbbc15","name":"Reporteros Hoy IM","image":{"@type":"ImageObject","inLanguage":"es","@id":"https:\/\/secure.gravatar.com\/avatar\/d843030b96552826ac048bdfe26f2895604b800ed0c880ee55765a74d95dfc65?s=96&d=mm&r=g","url":"https:\/\/secure.gravatar.com\/avatar\/d843030b96552826ac048bdfe26f2895604b800ed0c880ee55765a74d95dfc65?s=96&d=mm&r=g","contentUrl":"https:\/\/secure.gravatar.com\/avatar\/d843030b96552826ac048bdfe26f2895604b800ed0c880ee55765a74d95dfc65?s=96&d=mm&r=g","caption":"Reporteros Hoy IM"},"url":"https:\/\/reporteroshoy.mx\/noticias\/author\/israel\/"}]}},"_links":{"self":[{"href":"https:\/\/reporteroshoy.mx\/noticias\/wp-json\/wp\/v2\/posts\/114332","targetHints":{"allow":["GET"]}}],"collection":[{"href":"https:\/\/reporteroshoy.mx\/noticias\/wp-json\/wp\/v2\/posts"}],"about":[{"href":"https:\/\/reporteroshoy.mx\/noticias\/wp-json\/wp\/v2\/types\/post"}],"author":[{"embeddable":true,"href":"https:\/\/reporteroshoy.mx\/noticias\/wp-json\/wp\/v2\/users\/5"}],"replies":[{"embeddable":true,"href":"https:\/\/reporteroshoy.mx\/noticias\/wp-json\/wp\/v2\/comments?post=114332"}],"version-history":[{"count":0,"href":"https:\/\/reporteroshoy.mx\/noticias\/wp-json\/wp\/v2\/posts\/114332\/revisions"}],"wp:featuredmedia":[{"embeddable":true,"href":"https:\/\/reporteroshoy.mx\/noticias\/wp-json\/wp\/v2\/media\/114333"}],"wp:attachment":[{"href":"https:\/\/reporteroshoy.mx\/noticias\/wp-json\/wp\/v2\/media?parent=114332"}],"wp:term":[{"taxonomy":"category","embeddable":true,"href":"https:\/\/reporteroshoy.mx\/noticias\/wp-json\/wp\/v2\/categories?post=114332"},{"taxonomy":"post_tag","embeddable":true,"href":"https:\/\/reporteroshoy.mx\/noticias\/wp-json\/wp\/v2\/tags?post=114332"}],"curies":[{"name":"wp","href":"https:\/\/api.w.org\/{rel}","templated":true}]}}