{"id":114339,"date":"2024-07-05T18:12:01","date_gmt":"2024-07-06T00:12:01","guid":{"rendered":"https:\/\/reporteroshoy.mx\/noticias\/?p=114339"},"modified":"2024-07-05T18:12:01","modified_gmt":"2024-07-06T00:12:01","slug":"se-levanta-ley-seca-y-se-reanudan-actividades-en-yucatan","status":"publish","type":"post","link":"https:\/\/reporteroshoy.mx\/noticias\/se-levanta-ley-seca-y-se-reanudan-actividades-en-yucatan\/","title":{"rendered":"Se levanta ley seca y se reanudan actividades en Yucat\u00e1n"},"content":{"rendered":"<p style=\"text-align: justify;\">\u00c1rboles y postes, falta de suministro el\u00e9ctrico y otros incidentes menores, pero sin p\u00e9rdidas humanas que lamentar, fue el saldo que dej\u00f3 el hurac\u00e1n \u201cBeryl\u201d en su paso por Yucat\u00e1n y tras su salida del territorio estatal desde hoy viernes se levanta ley seca y todas las medidas restrictivas implementadas a manera de previsi\u00f3n ante este fen\u00f3meno natural, anunci\u00f3 el Gobernador Mauricio Vila Dosal.<\/p>\n<p><img decoding=\"async\" class=\"alignnone size-full wp-image-114253\" src=\"https:\/\/reporteroshoy.mx\/noticias\/wp-content\/uploads\/2024\/07\/PHotoESPANA.tif\" alt=\"\" \/> <img loading=\"lazy\" decoding=\"async\" class=\"alignnone size-medium wp-image-114340\" src=\"https:\/\/reporteroshoy.mx\/noticias\/wp-content\/uploads\/2024\/07\/VILA_MENSAJE-scaled.jpg\" alt=\"\" width=\"768\" height=\"432\" srcset=\"https:\/\/reporteroshoy.mx\/noticias\/wp-content\/uploads\/2024\/07\/VILA_MENSAJE-scaled.jpg 768w, https:\/\/reporteroshoy.mx\/noticias\/wp-content\/uploads\/2024\/07\/VILA_MENSAJE-1536x864.jpg 1536w\" sizes=\"auto, (max-width: 768px) 100vw, 768px\" \/><\/p>\n<p style=\"text-align: justify;\">En un mensaje dirigido a los yucatecos a trav\u00e9s de las redes sociales, Vila Dosal resalt\u00f3 el gran trabajo de prevenci\u00f3n hecho entre todos que nos permite tener saldo blanco, por lo que agradeci\u00f3 la comprensi\u00f3n de los yucatecos y los convoc\u00f3 para que a partir de ma\u00f1ana \u201csigamos trabajando muy fuertemente para seguir construyendo el mejor Yucat\u00e1n de todos los tiempos\u201d.<\/p>\n<p style=\"text-align: justify;\">Ante ello, el Gobernador indic\u00f3 que desde hoy viernes se reanudan con normalidad las actividades laborales y econ\u00f3micas no esenciales, se levanta la Ley Seca y el servicio de transporte p\u00fablico se normaliza durante el transcurso de esta tarde y a partir de ma\u00f1ana funcionar\u00e1 conforme a lo acostumbrado.<\/p>\n<p style=\"text-align: justify;\">Al hacer un balance de la contingencia, el Gobernador indic\u00f3 que, de acuerdo con los reportes que se tienen hasta el momento, solo se registr\u00f3 la ca\u00edda de \u00e1rboles, ramas y postes, por lo que elementos de la Secretar\u00eda de Seguridad P\u00fablica (SSP), Protecci\u00f3n Civil y de las Fuerzas Armadas contribuyen a levantarlos.<\/p>\n<p><strong>Te puede interesar: <\/strong><strong><a href=\"https:\/\/reporteroshoy.mx\/noticias\/beryl-perdono-a-merida-o-fue-chaac\/\">Beryl perdon\u00f3 a M\u00e9rida \u00bfo fue Chaac?<\/a><\/strong><\/p>\n<p style=\"text-align: justify;\">Respecto al suministro de energ\u00eda el\u00e9ctrica, Vila Dosal record\u00f3 que el restablecimiento del servicio es un tema que le compete al Gobierno federal a trav\u00e9s de la Comisi\u00f3n Federal Electricidad (CFE), por lo que invit\u00f3 a los usuarios a levantar sus reportes a trav\u00e9s del 071.<\/p>\n<p style=\"text-align: justify;\">\n<p style=\"text-align: justify;\">\n","protected":false},"excerpt":{"rendered":"<p>Con saldo blanco el paso de Beryl por Yucat\u00e1n, por lo que se levanta el paquete de medidas preventivas decretas. <\/p>\n","protected":false},"author":5,"featured_media":114340,"comment_status":"open","ping_status":"closed","sticky":false,"template":"","format":"standard","meta":{"footnotes":""},"categories":[17],"tags":[26334,10713,23],"class_list":["post-114339","post","type-post","status-publish","format-standard","has-post-thumbnail","hentry","category-yucatan","tag-beryl","tag-ley-seca","tag-yucatan"],"yoast_head":"<!-- This site is optimized with the Yoast SEO plugin v28.4 - https:\/\/yoast.com\/product\/yoast-seo-wordpress\/ -->\n<title>Se levanta ley seca y se reanudan actividades en Yucat\u00e1n<\/title>\n<meta name=\"description\" content=\"Con saldo blanco el paso de Beryl por Yucat\u00e1n, por lo que se levanta el paquete de medidas preventivas decretas.\" \/>\n<meta name=\"robots\" content=\"index, follow, max-snippet:-1, max-image-preview:large, max-video-preview:-1\" \/>\n<link rel=\"canonical\" href=\"https:\/\/reporteroshoy.mx\/noticias\/se-levanta-ley-seca-y-se-reanudan-actividades-en-yucatan\/\" \/>\n<meta property=\"og:locale\" content=\"es_ES\" \/>\n<meta property=\"og:type\" content=\"article\" \/>\n<meta property=\"og:title\" content=\"Se levanta ley seca y se reanudan actividades en Yucat\u00e1n\" \/>\n<meta property=\"og:description\" content=\"Con saldo blanco el paso de Beryl por Yucat\u00e1n, por lo que se levanta el paquete de medidas preventivas decretas.\" \/>\n<meta property=\"og:url\" content=\"https:\/\/reporteroshoy.mx\/noticias\/se-levanta-ley-seca-y-se-reanudan-actividades-en-yucatan\/\" \/>\n<meta property=\"og:site_name\" content=\"Reporteros Hoy | Noticias de Yucat\u00e1n\" \/>\n<meta property=\"article:publisher\" content=\"http:\/\/www.facebook.com\/reporteroshoymx\" \/>\n<meta property=\"article:published_time\" content=\"2024-07-06T00:12:01+00:00\" \/>\n<meta property=\"og:image\" content=\"https:\/\/reporteroshoy.mx\/noticias\/wp-content\/uploads\/2024\/07\/VILA_MENSAJE-scaled.jpg\" \/>\n\t<meta property=\"og:image:width\" content=\"768\" \/>\n\t<meta property=\"og:image:height\" content=\"432\" \/>\n\t<meta property=\"og:image:type\" content=\"image\/jpeg\" \/>\n<meta name=\"author\" content=\"Reporteros Hoy IM\" \/>\n<meta name=\"twitter:card\" content=\"summary_large_image\" \/>\n<meta name=\"twitter:creator\" content=\"@reporteroshoy\" \/>\n<meta name=\"twitter:site\" content=\"@reporteroshoy\" \/>\n<meta name=\"twitter:label1\" content=\"Escrito por\" \/>\n\t<meta name=\"twitter:data1\" content=\"Reporteros Hoy IM\" \/>\n\t<meta name=\"twitter:label2\" content=\"Tiempo de lectura\" \/>\n\t<meta name=\"twitter:data2\" content=\"2 minutos\" \/>\n<script type=\"application\/ld+json\" class=\"yoast-schema-graph\">{\"@context\":\"https:\\\/\\\/schema.org\",\"@graph\":[{\"@type\":\"Article\",\"@id\":\"https:\\\/\\\/reporteroshoy.mx\\\/noticias\\\/se-levanta-ley-seca-y-se-reanudan-actividades-en-yucatan\\\/#article\",\"isPartOf\":{\"@id\":\"https:\\\/\\\/reporteroshoy.mx\\\/noticias\\\/se-levanta-ley-seca-y-se-reanudan-actividades-en-yucatan\\\/\"},\"author\":{\"name\":\"Reporteros Hoy IM\",\"@id\":\"https:\\\/\\\/reporteroshoy.mx\\\/noticias\\\/#\\\/schema\\\/person\\\/948520f0d88b01be2e5266bc4acbbc15\"},\"headline\":\"Se levanta ley seca y se reanudan actividades en Yucat\u00e1n\",\"datePublished\":\"2024-07-06T00:12:01+00:00\",\"mainEntityOfPage\":{\"@id\":\"https:\\\/\\\/reporteroshoy.mx\\\/noticias\\\/se-levanta-ley-seca-y-se-reanudan-actividades-en-yucatan\\\/\"},\"wordCount\":318,\"commentCount\":0,\"image\":{\"@id\":\"https:\\\/\\\/reporteroshoy.mx\\\/noticias\\\/se-levanta-ley-seca-y-se-reanudan-actividades-en-yucatan\\\/#primaryimage\"},\"thumbnailUrl\":\"https:\\\/\\\/reporteroshoy.mx\\\/noticias\\\/wp-content\\\/uploads\\\/2024\\\/07\\\/VILA_MENSAJE-scaled.jpg\",\"keywords\":[\"Beryl\",\"ley seca\",\"Yucat\u00e1n\"],\"articleSection\":[\"Yucat\u00e1n\"],\"inLanguage\":\"es\",\"potentialAction\":[{\"@type\":\"CommentAction\",\"name\":\"Comment\",\"target\":[\"https:\\\/\\\/reporteroshoy.mx\\\/noticias\\\/se-levanta-ley-seca-y-se-reanudan-actividades-en-yucatan\\\/#respond\"]}]},{\"@type\":\"WebPage\",\"@id\":\"https:\\\/\\\/reporteroshoy.mx\\\/noticias\\\/se-levanta-ley-seca-y-se-reanudan-actividades-en-yucatan\\\/\",\"url\":\"https:\\\/\\\/reporteroshoy.mx\\\/noticias\\\/se-levanta-ley-seca-y-se-reanudan-actividades-en-yucatan\\\/\",\"name\":\"Se levanta ley seca y se reanudan actividades en Yucat\u00e1n\",\"isPartOf\":{\"@id\":\"https:\\\/\\\/reporteroshoy.mx\\\/noticias\\\/#website\"},\"primaryImageOfPage\":{\"@id\":\"https:\\\/\\\/reporteroshoy.mx\\\/noticias\\\/se-levanta-ley-seca-y-se-reanudan-actividades-en-yucatan\\\/#primaryimage\"},\"image\":{\"@id\":\"https:\\\/\\\/reporteroshoy.mx\\\/noticias\\\/se-levanta-ley-seca-y-se-reanudan-actividades-en-yucatan\\\/#primaryimage\"},\"thumbnailUrl\":\"https:\\\/\\\/reporteroshoy.mx\\\/noticias\\\/wp-content\\\/uploads\\\/2024\\\/07\\\/VILA_MENSAJE-scaled.jpg\",\"datePublished\":\"2024-07-06T00:12:01+00:00\",\"author\":{\"@id\":\"https:\\\/\\\/reporteroshoy.mx\\\/noticias\\\/#\\\/schema\\\/person\\\/948520f0d88b01be2e5266bc4acbbc15\"},\"description\":\"Con saldo blanco el paso de Beryl por Yucat\u00e1n, por lo que se levanta el paquete de medidas preventivas decretas.\",\"breadcrumb\":{\"@id\":\"https:\\\/\\\/reporteroshoy.mx\\\/noticias\\\/se-levanta-ley-seca-y-se-reanudan-actividades-en-yucatan\\\/#breadcrumb\"},\"inLanguage\":\"es\",\"potentialAction\":[{\"@type\":\"ReadAction\",\"target\":[\"https:\\\/\\\/reporteroshoy.mx\\\/noticias\\\/se-levanta-ley-seca-y-se-reanudan-actividades-en-yucatan\\\/\"]}]},{\"@type\":\"ImageObject\",\"inLanguage\":\"es\",\"@id\":\"https:\\\/\\\/reporteroshoy.mx\\\/noticias\\\/se-levanta-ley-seca-y-se-reanudan-actividades-en-yucatan\\\/#primaryimage\",\"url\":\"https:\\\/\\\/reporteroshoy.mx\\\/noticias\\\/wp-content\\\/uploads\\\/2024\\\/07\\\/VILA_MENSAJE-scaled.jpg\",\"contentUrl\":\"https:\\\/\\\/reporteroshoy.mx\\\/noticias\\\/wp-content\\\/uploads\\\/2024\\\/07\\\/VILA_MENSAJE-scaled.jpg\",\"width\":768,\"height\":432},{\"@type\":\"BreadcrumbList\",\"@id\":\"https:\\\/\\\/reporteroshoy.mx\\\/noticias\\\/se-levanta-ley-seca-y-se-reanudan-actividades-en-yucatan\\\/#breadcrumb\",\"itemListElement\":[{\"@type\":\"ListItem\",\"position\":1,\"name\":\"Portada\",\"item\":\"https:\\\/\\\/reporteroshoy.mx\\\/noticias\\\/\"},{\"@type\":\"ListItem\",\"position\":2,\"name\":\"Se levanta ley seca y se reanudan actividades en Yucat\u00e1n\"}]},{\"@type\":\"WebSite\",\"@id\":\"https:\\\/\\\/reporteroshoy.mx\\\/noticias\\\/#website\",\"url\":\"https:\\\/\\\/reporteroshoy.mx\\\/noticias\\\/\",\"name\":\"Reporteros Hoy | Noticias de Yucat\u00e1n\",\"description\":\"Peri\u00f3dico digital con noticias diarias desde M\u00e9rida, Yucat\u00e1n para el mundo.\",\"potentialAction\":[{\"@type\":\"SearchAction\",\"target\":{\"@type\":\"EntryPoint\",\"urlTemplate\":\"https:\\\/\\\/reporteroshoy.mx\\\/noticias\\\/?s={search_term_string}\"},\"query-input\":{\"@type\":\"PropertyValueSpecification\",\"valueRequired\":true,\"valueName\":\"search_term_string\"}}],\"inLanguage\":\"es\"},{\"@type\":\"Person\",\"@id\":\"https:\\\/\\\/reporteroshoy.mx\\\/noticias\\\/#\\\/schema\\\/person\\\/948520f0d88b01be2e5266bc4acbbc15\",\"name\":\"Reporteros Hoy IM\",\"image\":{\"@type\":\"ImageObject\",\"inLanguage\":\"es\",\"@id\":\"https:\\\/\\\/secure.gravatar.com\\\/avatar\\\/d843030b96552826ac048bdfe26f2895604b800ed0c880ee55765a74d95dfc65?s=96&d=mm&r=g\",\"url\":\"https:\\\/\\\/secure.gravatar.com\\\/avatar\\\/d843030b96552826ac048bdfe26f2895604b800ed0c880ee55765a74d95dfc65?s=96&d=mm&r=g\",\"contentUrl\":\"https:\\\/\\\/secure.gravatar.com\\\/avatar\\\/d843030b96552826ac048bdfe26f2895604b800ed0c880ee55765a74d95dfc65?s=96&d=mm&r=g\",\"caption\":\"Reporteros Hoy IM\"},\"url\":\"https:\\\/\\\/reporteroshoy.mx\\\/noticias\\\/author\\\/israel\\\/\"}]}<\/script>\n<!-- \/ Yoast SEO plugin. -->","yoast_head_json":{"title":"Se levanta ley seca y se reanudan actividades en Yucat\u00e1n","description":"Con saldo blanco el paso de Beryl por Yucat\u00e1n, por lo que se levanta el paquete de medidas preventivas decretas.","robots":{"index":"index","follow":"follow","max-snippet":"max-snippet:-1","max-image-preview":"max-image-preview:large","max-video-preview":"max-video-preview:-1"},"canonical":"https:\/\/reporteroshoy.mx\/noticias\/se-levanta-ley-seca-y-se-reanudan-actividades-en-yucatan\/","og_locale":"es_ES","og_type":"article","og_title":"Se levanta ley seca y se reanudan actividades en Yucat\u00e1n","og_description":"Con saldo blanco el paso de Beryl por Yucat\u00e1n, por lo que se levanta el paquete de medidas preventivas decretas.","og_url":"https:\/\/reporteroshoy.mx\/noticias\/se-levanta-ley-seca-y-se-reanudan-actividades-en-yucatan\/","og_site_name":"Reporteros Hoy | Noticias de Yucat\u00e1n","article_publisher":"http:\/\/www.facebook.com\/reporteroshoymx","article_published_time":"2024-07-06T00:12:01+00:00","og_image":[{"width":768,"height":432,"url":"https:\/\/reporteroshoy.mx\/noticias\/wp-content\/uploads\/2024\/07\/VILA_MENSAJE-scaled.jpg","type":"image\/jpeg"}],"author":"Reporteros Hoy IM","twitter_card":"summary_large_image","twitter_creator":"@reporteroshoy","twitter_site":"@reporteroshoy","twitter_misc":{"Escrito por":"Reporteros Hoy IM","Tiempo de lectura":"2 minutos"},"schema":{"@context":"https:\/\/schema.org","@graph":[{"@type":"Article","@id":"https:\/\/reporteroshoy.mx\/noticias\/se-levanta-ley-seca-y-se-reanudan-actividades-en-yucatan\/#article","isPartOf":{"@id":"https:\/\/reporteroshoy.mx\/noticias\/se-levanta-ley-seca-y-se-reanudan-actividades-en-yucatan\/"},"author":{"name":"Reporteros Hoy IM","@id":"https:\/\/reporteroshoy.mx\/noticias\/#\/schema\/person\/948520f0d88b01be2e5266bc4acbbc15"},"headline":"Se levanta ley seca y se reanudan actividades en Yucat\u00e1n","datePublished":"2024-07-06T00:12:01+00:00","mainEntityOfPage":{"@id":"https:\/\/reporteroshoy.mx\/noticias\/se-levanta-ley-seca-y-se-reanudan-actividades-en-yucatan\/"},"wordCount":318,"commentCount":0,"image":{"@id":"https:\/\/reporteroshoy.mx\/noticias\/se-levanta-ley-seca-y-se-reanudan-actividades-en-yucatan\/#primaryimage"},"thumbnailUrl":"https:\/\/reporteroshoy.mx\/noticias\/wp-content\/uploads\/2024\/07\/VILA_MENSAJE-scaled.jpg","keywords":["Beryl","ley seca","Yucat\u00e1n"],"articleSection":["Yucat\u00e1n"],"inLanguage":"es","potentialAction":[{"@type":"CommentAction","name":"Comment","target":["https:\/\/reporteroshoy.mx\/noticias\/se-levanta-ley-seca-y-se-reanudan-actividades-en-yucatan\/#respond"]}]},{"@type":"WebPage","@id":"https:\/\/reporteroshoy.mx\/noticias\/se-levanta-ley-seca-y-se-reanudan-actividades-en-yucatan\/","url":"https:\/\/reporteroshoy.mx\/noticias\/se-levanta-ley-seca-y-se-reanudan-actividades-en-yucatan\/","name":"Se levanta ley seca y se reanudan actividades en Yucat\u00e1n","isPartOf":{"@id":"https:\/\/reporteroshoy.mx\/noticias\/#website"},"primaryImageOfPage":{"@id":"https:\/\/reporteroshoy.mx\/noticias\/se-levanta-ley-seca-y-se-reanudan-actividades-en-yucatan\/#primaryimage"},"image":{"@id":"https:\/\/reporteroshoy.mx\/noticias\/se-levanta-ley-seca-y-se-reanudan-actividades-en-yucatan\/#primaryimage"},"thumbnailUrl":"https:\/\/reporteroshoy.mx\/noticias\/wp-content\/uploads\/2024\/07\/VILA_MENSAJE-scaled.jpg","datePublished":"2024-07-06T00:12:01+00:00","author":{"@id":"https:\/\/reporteroshoy.mx\/noticias\/#\/schema\/person\/948520f0d88b01be2e5266bc4acbbc15"},"description":"Con saldo blanco el paso de Beryl por Yucat\u00e1n, por lo que se levanta el paquete de medidas preventivas decretas.","breadcrumb":{"@id":"https:\/\/reporteroshoy.mx\/noticias\/se-levanta-ley-seca-y-se-reanudan-actividades-en-yucatan\/#breadcrumb"},"inLanguage":"es","potentialAction":[{"@type":"ReadAction","target":["https:\/\/reporteroshoy.mx\/noticias\/se-levanta-ley-seca-y-se-reanudan-actividades-en-yucatan\/"]}]},{"@type":"ImageObject","inLanguage":"es","@id":"https:\/\/reporteroshoy.mx\/noticias\/se-levanta-ley-seca-y-se-reanudan-actividades-en-yucatan\/#primaryimage","url":"https:\/\/reporteroshoy.mx\/noticias\/wp-content\/uploads\/2024\/07\/VILA_MENSAJE-scaled.jpg","contentUrl":"https:\/\/reporteroshoy.mx\/noticias\/wp-content\/uploads\/2024\/07\/VILA_MENSAJE-scaled.jpg","width":768,"height":432},{"@type":"BreadcrumbList","@id":"https:\/\/reporteroshoy.mx\/noticias\/se-levanta-ley-seca-y-se-reanudan-actividades-en-yucatan\/#breadcrumb","itemListElement":[{"@type":"ListItem","position":1,"name":"Portada","item":"https:\/\/reporteroshoy.mx\/noticias\/"},{"@type":"ListItem","position":2,"name":"Se levanta ley seca y se reanudan actividades en Yucat\u00e1n"}]},{"@type":"WebSite","@id":"https:\/\/reporteroshoy.mx\/noticias\/#website","url":"https:\/\/reporteroshoy.mx\/noticias\/","name":"Reporteros Hoy | Noticias de Yucat\u00e1n","description":"Peri\u00f3dico digital con noticias diarias desde M\u00e9rida, Yucat\u00e1n para el mundo.","potentialAction":[{"@type":"SearchAction","target":{"@type":"EntryPoint","urlTemplate":"https:\/\/reporteroshoy.mx\/noticias\/?s={search_term_string}"},"query-input":{"@type":"PropertyValueSpecification","valueRequired":true,"valueName":"search_term_string"}}],"inLanguage":"es"},{"@type":"Person","@id":"https:\/\/reporteroshoy.mx\/noticias\/#\/schema\/person\/948520f0d88b01be2e5266bc4acbbc15","name":"Reporteros Hoy IM","image":{"@type":"ImageObject","inLanguage":"es","@id":"https:\/\/secure.gravatar.com\/avatar\/d843030b96552826ac048bdfe26f2895604b800ed0c880ee55765a74d95dfc65?s=96&d=mm&r=g","url":"https:\/\/secure.gravatar.com\/avatar\/d843030b96552826ac048bdfe26f2895604b800ed0c880ee55765a74d95dfc65?s=96&d=mm&r=g","contentUrl":"https:\/\/secure.gravatar.com\/avatar\/d843030b96552826ac048bdfe26f2895604b800ed0c880ee55765a74d95dfc65?s=96&d=mm&r=g","caption":"Reporteros Hoy IM"},"url":"https:\/\/reporteroshoy.mx\/noticias\/author\/israel\/"}]}},"_links":{"self":[{"href":"https:\/\/reporteroshoy.mx\/noticias\/wp-json\/wp\/v2\/posts\/114339","targetHints":{"allow":["GET"]}}],"collection":[{"href":"https:\/\/reporteroshoy.mx\/noticias\/wp-json\/wp\/v2\/posts"}],"about":[{"href":"https:\/\/reporteroshoy.mx\/noticias\/wp-json\/wp\/v2\/types\/post"}],"author":[{"embeddable":true,"href":"https:\/\/reporteroshoy.mx\/noticias\/wp-json\/wp\/v2\/users\/5"}],"replies":[{"embeddable":true,"href":"https:\/\/reporteroshoy.mx\/noticias\/wp-json\/wp\/v2\/comments?post=114339"}],"version-history":[{"count":0,"href":"https:\/\/reporteroshoy.mx\/noticias\/wp-json\/wp\/v2\/posts\/114339\/revisions"}],"wp:featuredmedia":[{"embeddable":true,"href":"https:\/\/reporteroshoy.mx\/noticias\/wp-json\/wp\/v2\/media\/114340"}],"wp:attachment":[{"href":"https:\/\/reporteroshoy.mx\/noticias\/wp-json\/wp\/v2\/media?parent=114339"}],"wp:term":[{"taxonomy":"category","embeddable":true,"href":"https:\/\/reporteroshoy.mx\/noticias\/wp-json\/wp\/v2\/categories?post=114339"},{"taxonomy":"post_tag","embeddable":true,"href":"https:\/\/reporteroshoy.mx\/noticias\/wp-json\/wp\/v2\/tags?post=114339"}],"curies":[{"name":"wp","href":"https:\/\/api.w.org\/{rel}","templated":true}]}}