{"id":114370,"date":"2024-07-08T10:31:47","date_gmt":"2024-07-08T16:31:47","guid":{"rendered":"https:\/\/reporteroshoy.mx\/noticias\/?p=114370"},"modified":"2024-07-08T10:31:47","modified_gmt":"2024-07-08T16:31:47","slug":"gobierno-de-vila-dosal-apoya-a-familias-afectadas-por-beryl","status":"publish","type":"post","link":"https:\/\/reporteroshoy.mx\/noticias\/gobierno-de-vila-dosal-apoya-a-familias-afectadas-por-beryl\/","title":{"rendered":"Gobierno de Vila Dosal apoya a familias afectadas por Beryl"},"content":{"rendered":"<p style=\"text-align: justify;\">Familias de la comisar\u00eda de Kantirix, en el municipio de Tepak\u00e1n, recibieron el apoyo del Gobierno de <span style=\"color: #3366ff;\"><strong><a style=\"color: #3366ff;\" href=\"https:\/\/www.facebook.com\/p\/Mauricio-Vila-Gobernador-100064820073154\/?locale=es_LA\">Mauricio Vila Dosal<\/a><\/strong><\/span> a trav\u00e9s de la entrega de fardos de l\u00e1minas de cart\u00f3n para que puedan colocar en sus viviendas tras las afectaciones que sufrieron a causa del paso del hurac\u00e1n \u201cBeryl\u201d.<\/p>\n<p style=\"text-align: justify;\">Por instrucci\u00f3n de Vila Dosal, personal del Gobierno del Estado llev\u00f3 a cabo la distribuci\u00f3n de estos paquetes de l\u00e1minas en favor de 23 familias de esa localidad que resintieron el impacto del fen\u00f3meno metereol\u00f3gico el pasado viernes, a fin de que puedan reparar los da\u00f1os que sufrieron sus casas.<\/p>\n<p style=\"text-align: justify;\">Eva Tun Coll\u00ed, una de las beneficiarias con este apoyo, destac\u00f3 la r\u00e1pida respuesta del Gobierno del Estado para ayudar a los habitantes de esta comisar\u00eda a que puedan colocar de nuevo los techos de sus casas, \u201cpues la mayor\u00eda se dedican a las actividades del campo y ahorita, despu\u00e9s del paso de hurac\u00e1n, ser\u00eda muy dif\u00edcil tener el dinero suficiente para comprar las l\u00e1minas\u201d.<\/p>\n<p style=\"text-align: justify;\">\u201cDesde antes del hurac\u00e1n, gente del Gobierno del Estado, junto con el comisario Pedro Cim\u00e9 y el Ayuntamiento, estuvieron avisando a todos para que nos prepar\u00e1ramos y tratemos de proteger nuestras casas y despu\u00e9s de que pas\u00f3 el viento y la lluvia tambi\u00e9n aqu\u00ed estuvieron para apoyarnos y tener esta ayuda que llega en buen momento\u201d, extern\u00f3 la mujer.<\/p>\n<p><img loading=\"lazy\" decoding=\"async\" class=\"wp-image-114371 aligncenter\" src=\"https:\/\/reporteroshoy.mx\/noticias\/wp-content\/uploads\/2024\/07\/Tepakan-Beryl-scaled.jpeg\" alt=\"\" width=\"600\" height=\"337\" \/><\/p>\n<h4><strong>Apoyo de Vila a afectados<\/strong><\/h4>\n<p style=\"text-align: justify;\">Con acciones de este tipo, la administraci\u00f3n de Vila Dosal refrenda su respaldo y contin\u00faa atendiendo y brindando su apoyo a las yucatecas y los yucatecos que se vieron afectados por el fen\u00f3meno natural, para que puedan salir adelante.<\/p>\n<p><em><strong>Te interesa:\u00a0<a href=\"https:\/\/reporteroshoy.mx\/noticias\/beryl-perdono-a-merida-o-fue-chaac\/\">Beryl perdon\u00f3 a M\u00e9rida \u00bfo fue Chaac?<\/a><\/strong><\/em><\/p>\n<p style=\"text-align: justify;\">Hay que resaltar que, desde el primer momento, se realiz\u00f3 un operativo en las zonas impactadas para apoyar a las familias que se vieron afectadas tras el paso de Beryl, garantizando que se cumplan todos los protocolos ante riesgos y afectaciones en coordinaci\u00f3n con elementos de Protecci\u00f3n Civil Yucat\u00e1n, la Secretar\u00eda de Seguridad P\u00fablica (SSP) y bomberos.<\/p>\n<p style=\"text-align: justify;\">Entre las acciones que se realizaron se encuentran labores de liberaci\u00f3n de carreteras y calles, cortando ramales y despejando los obst\u00e1culos que dej\u00f3 a su paso el cicl\u00f3n.<\/p>\n","protected":false},"excerpt":{"rendered":"<p>Hogares que sufrieron afectaciones recibieron l\u00e1minas para que puedan recuperarse de los da\u00f1os a sus viviendas.\u00a0<\/p>\n","protected":false},"author":9,"featured_media":114371,"comment_status":"open","ping_status":"closed","sticky":false,"template":"","format":"standard","meta":{"footnotes":""},"categories":[17],"tags":[26334,19,1427],"class_list":["post-114370","post","type-post","status-publish","format-standard","has-post-thumbnail","hentry","category-yucatan","tag-beryl","tag-mauricio-vila","tag-tepakan"],"yoast_head":"<!-- This site is optimized with the Yoast SEO plugin v28.4 - https:\/\/yoast.com\/product\/yoast-seo-wordpress\/ -->\n<title>Gobierno de Vila Dosal apoya a familias afectadas por Beryl<\/title>\n<meta name=\"description\" content=\"Hogares que sufrieron afectaciones recibieron l\u00e1minas para que puedan recuperarse de los da\u00f1os a sus viviendas.\u00a0\" \/>\n<meta name=\"robots\" content=\"index, follow, max-snippet:-1, max-image-preview:large, max-video-preview:-1\" \/>\n<link rel=\"canonical\" href=\"https:\/\/reporteroshoy.mx\/noticias\/gobierno-de-vila-dosal-apoya-a-familias-afectadas-por-beryl\/\" \/>\n<meta property=\"og:locale\" content=\"es_ES\" \/>\n<meta property=\"og:type\" content=\"article\" \/>\n<meta property=\"og:title\" content=\"Gobierno de Vila Dosal apoya a familias afectadas por Beryl\" \/>\n<meta property=\"og:description\" content=\"Hogares que sufrieron afectaciones recibieron l\u00e1minas para que puedan recuperarse de los da\u00f1os a sus viviendas.\u00a0\" \/>\n<meta property=\"og:url\" content=\"https:\/\/reporteroshoy.mx\/noticias\/gobierno-de-vila-dosal-apoya-a-familias-afectadas-por-beryl\/\" \/>\n<meta property=\"og:site_name\" content=\"Reporteros Hoy | Noticias de Yucat\u00e1n\" \/>\n<meta property=\"article:publisher\" content=\"http:\/\/www.facebook.com\/reporteroshoymx\" \/>\n<meta property=\"article:published_time\" content=\"2024-07-08T16:31:47+00:00\" \/>\n<meta property=\"og:image\" content=\"https:\/\/reporteroshoy.mx\/noticias\/wp-content\/uploads\/2024\/07\/Tepakan-Beryl-scaled.jpeg\" \/>\n\t<meta property=\"og:image:width\" content=\"768\" \/>\n\t<meta property=\"og:image:height\" content=\"431\" \/>\n\t<meta property=\"og:image:type\" content=\"image\/jpeg\" \/>\n<meta name=\"author\" content=\"Reporteros Hoy WP\" \/>\n<meta name=\"twitter:card\" content=\"summary_large_image\" \/>\n<meta name=\"twitter:creator\" content=\"@reporteroshoy\" \/>\n<meta name=\"twitter:site\" content=\"@reporteroshoy\" \/>\n<meta name=\"twitter:label1\" content=\"Escrito por\" \/>\n\t<meta name=\"twitter:data1\" content=\"Reporteros Hoy WP\" \/>\n\t<meta name=\"twitter:label2\" content=\"Tiempo de lectura\" \/>\n\t<meta name=\"twitter:data2\" content=\"3 minutos\" \/>\n<script type=\"application\/ld+json\" class=\"yoast-schema-graph\">{\"@context\":\"https:\\\/\\\/schema.org\",\"@graph\":[{\"@type\":\"Article\",\"@id\":\"https:\\\/\\\/reporteroshoy.mx\\\/noticias\\\/gobierno-de-vila-dosal-apoya-a-familias-afectadas-por-beryl\\\/#article\",\"isPartOf\":{\"@id\":\"https:\\\/\\\/reporteroshoy.mx\\\/noticias\\\/gobierno-de-vila-dosal-apoya-a-familias-afectadas-por-beryl\\\/\"},\"author\":{\"name\":\"Reporteros Hoy WP\",\"@id\":\"https:\\\/\\\/reporteroshoy.mx\\\/noticias\\\/#\\\/schema\\\/person\\\/c977527e57c958a62c5cefe8fe47876e\"},\"headline\":\"Gobierno de Vila Dosal apoya a familias afectadas por Beryl\",\"datePublished\":\"2024-07-08T16:31:47+00:00\",\"mainEntityOfPage\":{\"@id\":\"https:\\\/\\\/reporteroshoy.mx\\\/noticias\\\/gobierno-de-vila-dosal-apoya-a-familias-afectadas-por-beryl\\\/\"},\"wordCount\":407,\"commentCount\":0,\"image\":{\"@id\":\"https:\\\/\\\/reporteroshoy.mx\\\/noticias\\\/gobierno-de-vila-dosal-apoya-a-familias-afectadas-por-beryl\\\/#primaryimage\"},\"thumbnailUrl\":\"https:\\\/\\\/reporteroshoy.mx\\\/noticias\\\/wp-content\\\/uploads\\\/2024\\\/07\\\/Tepakan-Beryl-scaled.jpeg\",\"keywords\":[\"Beryl\",\"Mauricio Vila\",\"Tepak\u00e1n\"],\"articleSection\":[\"Yucat\u00e1n\"],\"inLanguage\":\"es\",\"potentialAction\":[{\"@type\":\"CommentAction\",\"name\":\"Comment\",\"target\":[\"https:\\\/\\\/reporteroshoy.mx\\\/noticias\\\/gobierno-de-vila-dosal-apoya-a-familias-afectadas-por-beryl\\\/#respond\"]}]},{\"@type\":\"WebPage\",\"@id\":\"https:\\\/\\\/reporteroshoy.mx\\\/noticias\\\/gobierno-de-vila-dosal-apoya-a-familias-afectadas-por-beryl\\\/\",\"url\":\"https:\\\/\\\/reporteroshoy.mx\\\/noticias\\\/gobierno-de-vila-dosal-apoya-a-familias-afectadas-por-beryl\\\/\",\"name\":\"Gobierno de Vila Dosal apoya a familias afectadas por Beryl\",\"isPartOf\":{\"@id\":\"https:\\\/\\\/reporteroshoy.mx\\\/noticias\\\/#website\"},\"primaryImageOfPage\":{\"@id\":\"https:\\\/\\\/reporteroshoy.mx\\\/noticias\\\/gobierno-de-vila-dosal-apoya-a-familias-afectadas-por-beryl\\\/#primaryimage\"},\"image\":{\"@id\":\"https:\\\/\\\/reporteroshoy.mx\\\/noticias\\\/gobierno-de-vila-dosal-apoya-a-familias-afectadas-por-beryl\\\/#primaryimage\"},\"thumbnailUrl\":\"https:\\\/\\\/reporteroshoy.mx\\\/noticias\\\/wp-content\\\/uploads\\\/2024\\\/07\\\/Tepakan-Beryl-scaled.jpeg\",\"datePublished\":\"2024-07-08T16:31:47+00:00\",\"author\":{\"@id\":\"https:\\\/\\\/reporteroshoy.mx\\\/noticias\\\/#\\\/schema\\\/person\\\/c977527e57c958a62c5cefe8fe47876e\"},\"description\":\"Hogares que sufrieron afectaciones recibieron l\u00e1minas para que puedan recuperarse de los da\u00f1os a sus viviendas.\u00a0\",\"breadcrumb\":{\"@id\":\"https:\\\/\\\/reporteroshoy.mx\\\/noticias\\\/gobierno-de-vila-dosal-apoya-a-familias-afectadas-por-beryl\\\/#breadcrumb\"},\"inLanguage\":\"es\",\"potentialAction\":[{\"@type\":\"ReadAction\",\"target\":[\"https:\\\/\\\/reporteroshoy.mx\\\/noticias\\\/gobierno-de-vila-dosal-apoya-a-familias-afectadas-por-beryl\\\/\"]}]},{\"@type\":\"ImageObject\",\"inLanguage\":\"es\",\"@id\":\"https:\\\/\\\/reporteroshoy.mx\\\/noticias\\\/gobierno-de-vila-dosal-apoya-a-familias-afectadas-por-beryl\\\/#primaryimage\",\"url\":\"https:\\\/\\\/reporteroshoy.mx\\\/noticias\\\/wp-content\\\/uploads\\\/2024\\\/07\\\/Tepakan-Beryl-scaled.jpeg\",\"contentUrl\":\"https:\\\/\\\/reporteroshoy.mx\\\/noticias\\\/wp-content\\\/uploads\\\/2024\\\/07\\\/Tepakan-Beryl-scaled.jpeg\",\"width\":768,\"height\":431,\"caption\":\"Gobierno de Vila Dosal apoya a familias afectadas por Beryl\"},{\"@type\":\"BreadcrumbList\",\"@id\":\"https:\\\/\\\/reporteroshoy.mx\\\/noticias\\\/gobierno-de-vila-dosal-apoya-a-familias-afectadas-por-beryl\\\/#breadcrumb\",\"itemListElement\":[{\"@type\":\"ListItem\",\"position\":1,\"name\":\"Portada\",\"item\":\"https:\\\/\\\/reporteroshoy.mx\\\/noticias\\\/\"},{\"@type\":\"ListItem\",\"position\":2,\"name\":\"Gobierno de Vila Dosal apoya a familias afectadas por Beryl\"}]},{\"@type\":\"WebSite\",\"@id\":\"https:\\\/\\\/reporteroshoy.mx\\\/noticias\\\/#website\",\"url\":\"https:\\\/\\\/reporteroshoy.mx\\\/noticias\\\/\",\"name\":\"Reporteros Hoy | Noticias de Yucat\u00e1n\",\"description\":\"Peri\u00f3dico digital con noticias diarias desde M\u00e9rida, Yucat\u00e1n para el mundo.\",\"potentialAction\":[{\"@type\":\"SearchAction\",\"target\":{\"@type\":\"EntryPoint\",\"urlTemplate\":\"https:\\\/\\\/reporteroshoy.mx\\\/noticias\\\/?s={search_term_string}\"},\"query-input\":{\"@type\":\"PropertyValueSpecification\",\"valueRequired\":true,\"valueName\":\"search_term_string\"}}],\"inLanguage\":\"es\"},{\"@type\":\"Person\",\"@id\":\"https:\\\/\\\/reporteroshoy.mx\\\/noticias\\\/#\\\/schema\\\/person\\\/c977527e57c958a62c5cefe8fe47876e\",\"name\":\"Reporteros Hoy WP\",\"image\":{\"@type\":\"ImageObject\",\"inLanguage\":\"es\",\"@id\":\"https:\\\/\\\/secure.gravatar.com\\\/avatar\\\/fd2917f79a7dae30f8ac9ddc2f35e1756bb59e25e01d1cd09deaa64df7b2f73e?s=96&d=mm&r=g\",\"url\":\"https:\\\/\\\/secure.gravatar.com\\\/avatar\\\/fd2917f79a7dae30f8ac9ddc2f35e1756bb59e25e01d1cd09deaa64df7b2f73e?s=96&d=mm&r=g\",\"contentUrl\":\"https:\\\/\\\/secure.gravatar.com\\\/avatar\\\/fd2917f79a7dae30f8ac9ddc2f35e1756bb59e25e01d1cd09deaa64df7b2f73e?s=96&d=mm&r=g\",\"caption\":\"Reporteros Hoy WP\"},\"url\":\"https:\\\/\\\/reporteroshoy.mx\\\/noticias\\\/author\\\/walfer\\\/\"}]}<\/script>\n<!-- \/ Yoast SEO plugin. -->","yoast_head_json":{"title":"Gobierno de Vila Dosal apoya a familias afectadas por Beryl","description":"Hogares que sufrieron afectaciones recibieron l\u00e1minas para que puedan recuperarse de los da\u00f1os a sus viviendas.\u00a0","robots":{"index":"index","follow":"follow","max-snippet":"max-snippet:-1","max-image-preview":"max-image-preview:large","max-video-preview":"max-video-preview:-1"},"canonical":"https:\/\/reporteroshoy.mx\/noticias\/gobierno-de-vila-dosal-apoya-a-familias-afectadas-por-beryl\/","og_locale":"es_ES","og_type":"article","og_title":"Gobierno de Vila Dosal apoya a familias afectadas por Beryl","og_description":"Hogares que sufrieron afectaciones recibieron l\u00e1minas para que puedan recuperarse de los da\u00f1os a sus viviendas.\u00a0","og_url":"https:\/\/reporteroshoy.mx\/noticias\/gobierno-de-vila-dosal-apoya-a-familias-afectadas-por-beryl\/","og_site_name":"Reporteros Hoy | Noticias de Yucat\u00e1n","article_publisher":"http:\/\/www.facebook.com\/reporteroshoymx","article_published_time":"2024-07-08T16:31:47+00:00","og_image":[{"width":768,"height":431,"url":"https:\/\/reporteroshoy.mx\/noticias\/wp-content\/uploads\/2024\/07\/Tepakan-Beryl-scaled.jpeg","type":"image\/jpeg"}],"author":"Reporteros Hoy WP","twitter_card":"summary_large_image","twitter_creator":"@reporteroshoy","twitter_site":"@reporteroshoy","twitter_misc":{"Escrito por":"Reporteros Hoy WP","Tiempo de lectura":"3 minutos"},"schema":{"@context":"https:\/\/schema.org","@graph":[{"@type":"Article","@id":"https:\/\/reporteroshoy.mx\/noticias\/gobierno-de-vila-dosal-apoya-a-familias-afectadas-por-beryl\/#article","isPartOf":{"@id":"https:\/\/reporteroshoy.mx\/noticias\/gobierno-de-vila-dosal-apoya-a-familias-afectadas-por-beryl\/"},"author":{"name":"Reporteros Hoy WP","@id":"https:\/\/reporteroshoy.mx\/noticias\/#\/schema\/person\/c977527e57c958a62c5cefe8fe47876e"},"headline":"Gobierno de Vila Dosal apoya a familias afectadas por Beryl","datePublished":"2024-07-08T16:31:47+00:00","mainEntityOfPage":{"@id":"https:\/\/reporteroshoy.mx\/noticias\/gobierno-de-vila-dosal-apoya-a-familias-afectadas-por-beryl\/"},"wordCount":407,"commentCount":0,"image":{"@id":"https:\/\/reporteroshoy.mx\/noticias\/gobierno-de-vila-dosal-apoya-a-familias-afectadas-por-beryl\/#primaryimage"},"thumbnailUrl":"https:\/\/reporteroshoy.mx\/noticias\/wp-content\/uploads\/2024\/07\/Tepakan-Beryl-scaled.jpeg","keywords":["Beryl","Mauricio Vila","Tepak\u00e1n"],"articleSection":["Yucat\u00e1n"],"inLanguage":"es","potentialAction":[{"@type":"CommentAction","name":"Comment","target":["https:\/\/reporteroshoy.mx\/noticias\/gobierno-de-vila-dosal-apoya-a-familias-afectadas-por-beryl\/#respond"]}]},{"@type":"WebPage","@id":"https:\/\/reporteroshoy.mx\/noticias\/gobierno-de-vila-dosal-apoya-a-familias-afectadas-por-beryl\/","url":"https:\/\/reporteroshoy.mx\/noticias\/gobierno-de-vila-dosal-apoya-a-familias-afectadas-por-beryl\/","name":"Gobierno de Vila Dosal apoya a familias afectadas por Beryl","isPartOf":{"@id":"https:\/\/reporteroshoy.mx\/noticias\/#website"},"primaryImageOfPage":{"@id":"https:\/\/reporteroshoy.mx\/noticias\/gobierno-de-vila-dosal-apoya-a-familias-afectadas-por-beryl\/#primaryimage"},"image":{"@id":"https:\/\/reporteroshoy.mx\/noticias\/gobierno-de-vila-dosal-apoya-a-familias-afectadas-por-beryl\/#primaryimage"},"thumbnailUrl":"https:\/\/reporteroshoy.mx\/noticias\/wp-content\/uploads\/2024\/07\/Tepakan-Beryl-scaled.jpeg","datePublished":"2024-07-08T16:31:47+00:00","author":{"@id":"https:\/\/reporteroshoy.mx\/noticias\/#\/schema\/person\/c977527e57c958a62c5cefe8fe47876e"},"description":"Hogares que sufrieron afectaciones recibieron l\u00e1minas para que puedan recuperarse de los da\u00f1os a sus viviendas.\u00a0","breadcrumb":{"@id":"https:\/\/reporteroshoy.mx\/noticias\/gobierno-de-vila-dosal-apoya-a-familias-afectadas-por-beryl\/#breadcrumb"},"inLanguage":"es","potentialAction":[{"@type":"ReadAction","target":["https:\/\/reporteroshoy.mx\/noticias\/gobierno-de-vila-dosal-apoya-a-familias-afectadas-por-beryl\/"]}]},{"@type":"ImageObject","inLanguage":"es","@id":"https:\/\/reporteroshoy.mx\/noticias\/gobierno-de-vila-dosal-apoya-a-familias-afectadas-por-beryl\/#primaryimage","url":"https:\/\/reporteroshoy.mx\/noticias\/wp-content\/uploads\/2024\/07\/Tepakan-Beryl-scaled.jpeg","contentUrl":"https:\/\/reporteroshoy.mx\/noticias\/wp-content\/uploads\/2024\/07\/Tepakan-Beryl-scaled.jpeg","width":768,"height":431,"caption":"Gobierno de Vila Dosal apoya a familias afectadas por Beryl"},{"@type":"BreadcrumbList","@id":"https:\/\/reporteroshoy.mx\/noticias\/gobierno-de-vila-dosal-apoya-a-familias-afectadas-por-beryl\/#breadcrumb","itemListElement":[{"@type":"ListItem","position":1,"name":"Portada","item":"https:\/\/reporteroshoy.mx\/noticias\/"},{"@type":"ListItem","position":2,"name":"Gobierno de Vila Dosal apoya a familias afectadas por Beryl"}]},{"@type":"WebSite","@id":"https:\/\/reporteroshoy.mx\/noticias\/#website","url":"https:\/\/reporteroshoy.mx\/noticias\/","name":"Reporteros Hoy | Noticias de Yucat\u00e1n","description":"Peri\u00f3dico digital con noticias diarias desde M\u00e9rida, Yucat\u00e1n para el mundo.","potentialAction":[{"@type":"SearchAction","target":{"@type":"EntryPoint","urlTemplate":"https:\/\/reporteroshoy.mx\/noticias\/?s={search_term_string}"},"query-input":{"@type":"PropertyValueSpecification","valueRequired":true,"valueName":"search_term_string"}}],"inLanguage":"es"},{"@type":"Person","@id":"https:\/\/reporteroshoy.mx\/noticias\/#\/schema\/person\/c977527e57c958a62c5cefe8fe47876e","name":"Reporteros Hoy WP","image":{"@type":"ImageObject","inLanguage":"es","@id":"https:\/\/secure.gravatar.com\/avatar\/fd2917f79a7dae30f8ac9ddc2f35e1756bb59e25e01d1cd09deaa64df7b2f73e?s=96&d=mm&r=g","url":"https:\/\/secure.gravatar.com\/avatar\/fd2917f79a7dae30f8ac9ddc2f35e1756bb59e25e01d1cd09deaa64df7b2f73e?s=96&d=mm&r=g","contentUrl":"https:\/\/secure.gravatar.com\/avatar\/fd2917f79a7dae30f8ac9ddc2f35e1756bb59e25e01d1cd09deaa64df7b2f73e?s=96&d=mm&r=g","caption":"Reporteros Hoy WP"},"url":"https:\/\/reporteroshoy.mx\/noticias\/author\/walfer\/"}]}},"_links":{"self":[{"href":"https:\/\/reporteroshoy.mx\/noticias\/wp-json\/wp\/v2\/posts\/114370","targetHints":{"allow":["GET"]}}],"collection":[{"href":"https:\/\/reporteroshoy.mx\/noticias\/wp-json\/wp\/v2\/posts"}],"about":[{"href":"https:\/\/reporteroshoy.mx\/noticias\/wp-json\/wp\/v2\/types\/post"}],"author":[{"embeddable":true,"href":"https:\/\/reporteroshoy.mx\/noticias\/wp-json\/wp\/v2\/users\/9"}],"replies":[{"embeddable":true,"href":"https:\/\/reporteroshoy.mx\/noticias\/wp-json\/wp\/v2\/comments?post=114370"}],"version-history":[{"count":0,"href":"https:\/\/reporteroshoy.mx\/noticias\/wp-json\/wp\/v2\/posts\/114370\/revisions"}],"wp:featuredmedia":[{"embeddable":true,"href":"https:\/\/reporteroshoy.mx\/noticias\/wp-json\/wp\/v2\/media\/114371"}],"wp:attachment":[{"href":"https:\/\/reporteroshoy.mx\/noticias\/wp-json\/wp\/v2\/media?parent=114370"}],"wp:term":[{"taxonomy":"category","embeddable":true,"href":"https:\/\/reporteroshoy.mx\/noticias\/wp-json\/wp\/v2\/categories?post=114370"},{"taxonomy":"post_tag","embeddable":true,"href":"https:\/\/reporteroshoy.mx\/noticias\/wp-json\/wp\/v2\/tags?post=114370"}],"curies":[{"name":"wp","href":"https:\/\/api.w.org\/{rel}","templated":true}]}}