{"id":114491,"date":"2024-07-03T20:00:08","date_gmt":"2024-07-04T02:00:08","guid":{"rendered":"https:\/\/reporteroshoy.mx\/noticias\/?p=114491"},"modified":"2024-07-11T15:37:41","modified_gmt":"2024-07-11T21:37:41","slug":"por-beryl-suspension-de-actividades-escolares-y-laborales","status":"publish","type":"post","link":"https:\/\/reporteroshoy.mx\/noticias\/por-beryl-suspension-de-actividades-escolares-y-laborales\/","title":{"rendered":"Por Beryl, suspensi\u00f3n de actividades escolares y laborales"},"content":{"rendered":"<p style=\"text-align: justify;\">Ante la proximidad del hurac\u00e1n \u201cBeryl\u201d a Yucat\u00e1n y la declaratoria de Alerta Amarilla para el territorio estatal, el Gobernador Mauricio Vila Dosal anunci\u00f3 la suspensi\u00f3n de actividades escolares y laborales.<\/p>\n<p style=\"text-align: justify;\">En un mensaje a trav\u00e9s de sus redes sociales y en cadena de radio y televisi\u00f3n estatal, Vila Dosal inform\u00f3 que primero, a partir de ma\u00f1ana jueves y hasta nuevo aviso por parte de la Secretar\u00eda de Educaci\u00f3n Estatal, se suspenden las clases en todos los niveles educativos en el estado.<\/p>\n<p><img loading=\"lazy\" decoding=\"async\" class=\"alignnone size-full wp-image-114487\" src=\"https:\/\/reporteroshoy.mx\/noticias\/wp-content\/uploads\/2024\/07\/VILA_MENSAJE-1-scaled.jpg\" alt=\"\" width=\"768\" height=\"432\" srcset=\"https:\/\/reporteroshoy.mx\/noticias\/wp-content\/uploads\/2024\/07\/VILA_MENSAJE-1-scaled.jpg 768w, https:\/\/reporteroshoy.mx\/noticias\/wp-content\/uploads\/2024\/07\/VILA_MENSAJE-1-1536x864.jpg 1536w\" sizes=\"auto, (max-width: 768px) 100vw, 768px\" \/><\/p>\n<h3><strong>Actividades escolares en pausa<\/strong><\/h3>\n<p style=\"text-align: justify;\">\u201cSi bien los efectos de \u201cBeryl\u201d se sentir\u00e1n a partir de la noche del jueves, principalmente en la zona sur del estado, muchas escuelas se habilitar\u00e1n desde el jueves muy temprano como refugios temporales para recibir a aquellas familias que habitan en hogares vulnerables ante estas contingencias\u201d, precis\u00f3 el Gobernador.<\/p>\n<p style=\"text-align: justify;\">Segundo, a\u00f1adi\u00f3 Vila Dosal, para los municipios del Sur y Oriente del estado, que ser\u00e1n los primeros afectados por lluvias, las labores econ\u00f3micas no esenciales se suspenden a partir de ma\u00f1ana jueves a las 6 de la tarde y hasta nuevo aviso.<\/p>\n<p style=\"text-align: justify;\">Aqu\u00ed se encuentran comprendidos los municipios de: Chichimil\u00e1, Peto, Kaua, Dzit\u00e1s, Chikindzonot, Chemax, Chankom, Chacsink\u00edn, Yaxcab\u00e1, Valladolid, Uayma, Tzucacab, Tixcacalcupul, Tinum, Tekom, Tahdzi\u00fa, Cuncunul, Tekax, Tixm\u00e9huac, Cantamayec, Sotuta, Teabo, Mayap\u00e1n y Sudzal, puntualiz\u00f3 el Gobernador.<\/p>\n<p style=\"text-align: justify;\">Sobre el resto del estado, Vila Dosal dijo que se suspenden hasta nuevo aviso las labores econ\u00f3micas no esenciales a partir de las 10 de la noche del d\u00eda jueves 4 de julio, \u201cest\u00e1n exceptuados de esta disposici\u00f3n los servicios de emergencia como hospitales estatales, servicios de seguridad p\u00fablica, servicios p\u00fablicos esenciales; y, en la medida de sus posibilidades, supermercados y tiendas de conveniencia\u201d.<\/p>\n<h3><strong>Paran al transporte p\u00fablico<\/strong><\/h3>\n<p style=\"text-align: justify;\">Tercero, indic\u00f3 el Gobernador, el servicio de transporte p\u00fablico de pasajeros suspender\u00e1 sus rutas desde M\u00e9rida hacia el Cono Sur a partir del d\u00eda de ma\u00f1ana jueves a las 6 de la tarde, mientras que el transporte p\u00fablico en M\u00e9rida dar\u00e1 servicio hasta el \u00faltimo minuto del d\u00eda jueves y s\u00f3lo continuar\u00e1 con algunas unidades prestando servicio de apoyo para el traslado a unidades m\u00e9dicas, hospitales o servicios de emergencia incluyendo el \u201cCircuito H\u00e9roes Ciudadanos\u201d.<\/p>\n<p style=\"text-align: justify;\">Vila Dosal se\u00f1al\u00f3 que hay que recordar que el pron\u00f3stico de la trayectoria e intensidad de este fen\u00f3meno puede variar de un momento a otro, por lo que le pide a la poblaci\u00f3n acatar las medidas preventivas que se han establecido y mantenerse siempre informada.<\/p>\n<p style=\"text-align: justify;\">\u201cEn estos momentos, lo m\u00e1s importante ahora es mantener la calma, atender las recomendaciones y en su momento mantenernos en un lugar seguro hasta que pase el fen\u00f3meno. Tengan la certeza de que estamos trabajando juntos, como siempre lo hacemos en Yucat\u00e1n, en equipo con el Gobierno Federal, los Ayuntamientos, la Sociedad Civil y la Iniciativa Privada, para garantizar la seguridad de todas y todos\u201d, manifest\u00f3.<\/p>\n<p style=\"text-align: justify;\">Vila Dosal coment\u00f3 que se tienen los elementos de Protecci\u00f3n Civil distribuidos estrat\u00e9gicamente en las 5 bases operativas y en los 106 municipios del estado en coordinaci\u00f3n con los ayuntamientos para alertar y atender a la poblaci\u00f3n de posibles evacuaciones que puedan ocurrir por las afectaciones de \u201cBeryl\u201d.<\/p>\n","protected":false},"excerpt":{"rendered":"<p>En Yucat\u00e1n, las actividades escolares y laborales, as\u00ed como el servicio de transporte p\u00fablico se reanudar\u00e1n hasta nuevo aviso.<\/p>\n","protected":false},"author":6,"featured_media":114487,"comment_status":"open","ping_status":"closed","sticky":false,"template":"","format":"standard","meta":{"footnotes":""},"categories":[17],"tags":[26334,1983,10754,23],"class_list":["post-114491","post","type-post","status-publish","format-standard","has-post-thumbnail","hentry","category-yucatan","tag-beryl","tag-mauricio-vila-dosal","tag-restricciones","tag-yucatan"],"yoast_head":"<!-- This site is optimized with the Yoast SEO plugin v28.4 - https:\/\/yoast.com\/product\/yoast-seo-wordpress\/ -->\n<title>Por Beryl, suspensi\u00f3n de actividades escolares y laborales<\/title>\n<meta name=\"description\" content=\"En Yucat\u00e1n, las actividades escolares y laborales, as\u00ed como el servicio de transporte p\u00fablico se reanudar\u00e1n hasta nuevo aviso.\" \/>\n<meta name=\"robots\" content=\"index, follow, max-snippet:-1, max-image-preview:large, max-video-preview:-1\" \/>\n<link rel=\"canonical\" href=\"https:\/\/reporteroshoy.mx\/noticias\/por-beryl-suspension-de-actividades-escolares-y-laborales\/\" \/>\n<meta property=\"og:locale\" content=\"es_ES\" \/>\n<meta property=\"og:type\" content=\"article\" \/>\n<meta property=\"og:title\" content=\"Por Beryl, suspensi\u00f3n de actividades escolares y laborales\" \/>\n<meta property=\"og:description\" content=\"En Yucat\u00e1n, las actividades escolares y laborales, as\u00ed como el servicio de transporte p\u00fablico se reanudar\u00e1n hasta nuevo aviso.\" \/>\n<meta property=\"og:url\" content=\"https:\/\/reporteroshoy.mx\/noticias\/por-beryl-suspension-de-actividades-escolares-y-laborales\/\" \/>\n<meta property=\"og:site_name\" content=\"Reporteros Hoy | Noticias de Yucat\u00e1n\" \/>\n<meta property=\"article:publisher\" content=\"http:\/\/www.facebook.com\/reporteroshoymx\" \/>\n<meta property=\"article:published_time\" content=\"2024-07-04T02:00:08+00:00\" \/>\n<meta property=\"article:modified_time\" content=\"2024-07-11T21:37:41+00:00\" \/>\n<meta property=\"og:image\" content=\"https:\/\/reporteroshoy.mx\/noticias\/wp-content\/uploads\/2024\/07\/VILA_MENSAJE-1-scaled.jpg\" \/>\n\t<meta property=\"og:image:width\" content=\"768\" \/>\n\t<meta property=\"og:image:height\" content=\"432\" \/>\n\t<meta property=\"og:image:type\" content=\"image\/jpeg\" \/>\n<meta name=\"author\" content=\"Reporteros Hoy GS\" \/>\n<meta name=\"twitter:card\" content=\"summary_large_image\" \/>\n<meta name=\"twitter:creator\" content=\"@reporteroshoy\" \/>\n<meta name=\"twitter:site\" content=\"@reporteroshoy\" \/>\n<meta name=\"twitter:label1\" content=\"Escrito por\" \/>\n\t<meta name=\"twitter:data1\" content=\"Reporteros Hoy GS\" \/>\n\t<meta name=\"twitter:label2\" content=\"Tiempo de lectura\" \/>\n\t<meta name=\"twitter:data2\" content=\"3 minutos\" \/>\n<script type=\"application\/ld+json\" class=\"yoast-schema-graph\">{\"@context\":\"https:\\\/\\\/schema.org\",\"@graph\":[{\"@type\":\"Article\",\"@id\":\"https:\\\/\\\/reporteroshoy.mx\\\/noticias\\\/por-beryl-suspension-de-actividades-escolares-y-laborales\\\/#article\",\"isPartOf\":{\"@id\":\"https:\\\/\\\/reporteroshoy.mx\\\/noticias\\\/por-beryl-suspension-de-actividades-escolares-y-laborales\\\/\"},\"author\":{\"name\":\"Reporteros Hoy GS\",\"@id\":\"https:\\\/\\\/reporteroshoy.mx\\\/noticias\\\/#\\\/schema\\\/person\\\/49ae631fc906b44554e4ba3866c505d7\"},\"headline\":\"Por Beryl, suspensi\u00f3n de actividades escolares y laborales\",\"datePublished\":\"2024-07-04T02:00:08+00:00\",\"dateModified\":\"2024-07-11T21:37:41+00:00\",\"mainEntityOfPage\":{\"@id\":\"https:\\\/\\\/reporteroshoy.mx\\\/noticias\\\/por-beryl-suspension-de-actividades-escolares-y-laborales\\\/\"},\"wordCount\":564,\"commentCount\":0,\"image\":{\"@id\":\"https:\\\/\\\/reporteroshoy.mx\\\/noticias\\\/por-beryl-suspension-de-actividades-escolares-y-laborales\\\/#primaryimage\"},\"thumbnailUrl\":\"https:\\\/\\\/reporteroshoy.mx\\\/noticias\\\/wp-content\\\/uploads\\\/2024\\\/07\\\/VILA_MENSAJE-1-scaled.jpg\",\"keywords\":[\"Beryl\",\"Mauricio Vila Dosal\",\"Restricciones\",\"Yucat\u00e1n\"],\"articleSection\":[\"Yucat\u00e1n\"],\"inLanguage\":\"es\",\"potentialAction\":[{\"@type\":\"CommentAction\",\"name\":\"Comment\",\"target\":[\"https:\\\/\\\/reporteroshoy.mx\\\/noticias\\\/por-beryl-suspension-de-actividades-escolares-y-laborales\\\/#respond\"]}]},{\"@type\":\"WebPage\",\"@id\":\"https:\\\/\\\/reporteroshoy.mx\\\/noticias\\\/por-beryl-suspension-de-actividades-escolares-y-laborales\\\/\",\"url\":\"https:\\\/\\\/reporteroshoy.mx\\\/noticias\\\/por-beryl-suspension-de-actividades-escolares-y-laborales\\\/\",\"name\":\"Por Beryl, suspensi\u00f3n de actividades escolares y laborales\",\"isPartOf\":{\"@id\":\"https:\\\/\\\/reporteroshoy.mx\\\/noticias\\\/#website\"},\"primaryImageOfPage\":{\"@id\":\"https:\\\/\\\/reporteroshoy.mx\\\/noticias\\\/por-beryl-suspension-de-actividades-escolares-y-laborales\\\/#primaryimage\"},\"image\":{\"@id\":\"https:\\\/\\\/reporteroshoy.mx\\\/noticias\\\/por-beryl-suspension-de-actividades-escolares-y-laborales\\\/#primaryimage\"},\"thumbnailUrl\":\"https:\\\/\\\/reporteroshoy.mx\\\/noticias\\\/wp-content\\\/uploads\\\/2024\\\/07\\\/VILA_MENSAJE-1-scaled.jpg\",\"datePublished\":\"2024-07-04T02:00:08+00:00\",\"dateModified\":\"2024-07-11T21:37:41+00:00\",\"author\":{\"@id\":\"https:\\\/\\\/reporteroshoy.mx\\\/noticias\\\/#\\\/schema\\\/person\\\/49ae631fc906b44554e4ba3866c505d7\"},\"description\":\"En Yucat\u00e1n, las actividades escolares y laborales, as\u00ed como el servicio de transporte p\u00fablico se reanudar\u00e1n hasta nuevo aviso.\",\"breadcrumb\":{\"@id\":\"https:\\\/\\\/reporteroshoy.mx\\\/noticias\\\/por-beryl-suspension-de-actividades-escolares-y-laborales\\\/#breadcrumb\"},\"inLanguage\":\"es\",\"potentialAction\":[{\"@type\":\"ReadAction\",\"target\":[\"https:\\\/\\\/reporteroshoy.mx\\\/noticias\\\/por-beryl-suspension-de-actividades-escolares-y-laborales\\\/\"]}]},{\"@type\":\"ImageObject\",\"inLanguage\":\"es\",\"@id\":\"https:\\\/\\\/reporteroshoy.mx\\\/noticias\\\/por-beryl-suspension-de-actividades-escolares-y-laborales\\\/#primaryimage\",\"url\":\"https:\\\/\\\/reporteroshoy.mx\\\/noticias\\\/wp-content\\\/uploads\\\/2024\\\/07\\\/VILA_MENSAJE-1-scaled.jpg\",\"contentUrl\":\"https:\\\/\\\/reporteroshoy.mx\\\/noticias\\\/wp-content\\\/uploads\\\/2024\\\/07\\\/VILA_MENSAJE-1-scaled.jpg\",\"width\":768,\"height\":432},{\"@type\":\"BreadcrumbList\",\"@id\":\"https:\\\/\\\/reporteroshoy.mx\\\/noticias\\\/por-beryl-suspension-de-actividades-escolares-y-laborales\\\/#breadcrumb\",\"itemListElement\":[{\"@type\":\"ListItem\",\"position\":1,\"name\":\"Portada\",\"item\":\"https:\\\/\\\/reporteroshoy.mx\\\/noticias\\\/\"},{\"@type\":\"ListItem\",\"position\":2,\"name\":\"Por Beryl, suspensi\u00f3n de actividades escolares y laborales\"}]},{\"@type\":\"WebSite\",\"@id\":\"https:\\\/\\\/reporteroshoy.mx\\\/noticias\\\/#website\",\"url\":\"https:\\\/\\\/reporteroshoy.mx\\\/noticias\\\/\",\"name\":\"Reporteros Hoy | Noticias de Yucat\u00e1n\",\"description\":\"Peri\u00f3dico digital con noticias diarias desde M\u00e9rida, Yucat\u00e1n para el mundo.\",\"potentialAction\":[{\"@type\":\"SearchAction\",\"target\":{\"@type\":\"EntryPoint\",\"urlTemplate\":\"https:\\\/\\\/reporteroshoy.mx\\\/noticias\\\/?s={search_term_string}\"},\"query-input\":{\"@type\":\"PropertyValueSpecification\",\"valueRequired\":true,\"valueName\":\"search_term_string\"}}],\"inLanguage\":\"es\"},{\"@type\":\"Person\",\"@id\":\"https:\\\/\\\/reporteroshoy.mx\\\/noticias\\\/#\\\/schema\\\/person\\\/49ae631fc906b44554e4ba3866c505d7\",\"name\":\"Reporteros Hoy GS\",\"image\":{\"@type\":\"ImageObject\",\"inLanguage\":\"es\",\"@id\":\"https:\\\/\\\/secure.gravatar.com\\\/avatar\\\/00d32adb620345c3db2cfc175917f65c584e1e338fdc49ad126aa1f9830eb6a9?s=96&d=mm&r=g\",\"url\":\"https:\\\/\\\/secure.gravatar.com\\\/avatar\\\/00d32adb620345c3db2cfc175917f65c584e1e338fdc49ad126aa1f9830eb6a9?s=96&d=mm&r=g\",\"contentUrl\":\"https:\\\/\\\/secure.gravatar.com\\\/avatar\\\/00d32adb620345c3db2cfc175917f65c584e1e338fdc49ad126aa1f9830eb6a9?s=96&d=mm&r=g\",\"caption\":\"Reporteros Hoy GS\"},\"url\":\"https:\\\/\\\/reporteroshoy.mx\\\/noticias\\\/author\\\/lupis\\\/\"}]}<\/script>\n<!-- \/ Yoast SEO plugin. -->","yoast_head_json":{"title":"Por Beryl, suspensi\u00f3n de actividades escolares y laborales","description":"En Yucat\u00e1n, las actividades escolares y laborales, as\u00ed como el servicio de transporte p\u00fablico se reanudar\u00e1n hasta nuevo aviso.","robots":{"index":"index","follow":"follow","max-snippet":"max-snippet:-1","max-image-preview":"max-image-preview:large","max-video-preview":"max-video-preview:-1"},"canonical":"https:\/\/reporteroshoy.mx\/noticias\/por-beryl-suspension-de-actividades-escolares-y-laborales\/","og_locale":"es_ES","og_type":"article","og_title":"Por Beryl, suspensi\u00f3n de actividades escolares y laborales","og_description":"En Yucat\u00e1n, las actividades escolares y laborales, as\u00ed como el servicio de transporte p\u00fablico se reanudar\u00e1n hasta nuevo aviso.","og_url":"https:\/\/reporteroshoy.mx\/noticias\/por-beryl-suspension-de-actividades-escolares-y-laborales\/","og_site_name":"Reporteros Hoy | Noticias de Yucat\u00e1n","article_publisher":"http:\/\/www.facebook.com\/reporteroshoymx","article_published_time":"2024-07-04T02:00:08+00:00","article_modified_time":"2024-07-11T21:37:41+00:00","og_image":[{"width":768,"height":432,"url":"https:\/\/reporteroshoy.mx\/noticias\/wp-content\/uploads\/2024\/07\/VILA_MENSAJE-1-scaled.jpg","type":"image\/jpeg"}],"author":"Reporteros Hoy GS","twitter_card":"summary_large_image","twitter_creator":"@reporteroshoy","twitter_site":"@reporteroshoy","twitter_misc":{"Escrito por":"Reporteros Hoy GS","Tiempo de lectura":"3 minutos"},"schema":{"@context":"https:\/\/schema.org","@graph":[{"@type":"Article","@id":"https:\/\/reporteroshoy.mx\/noticias\/por-beryl-suspension-de-actividades-escolares-y-laborales\/#article","isPartOf":{"@id":"https:\/\/reporteroshoy.mx\/noticias\/por-beryl-suspension-de-actividades-escolares-y-laborales\/"},"author":{"name":"Reporteros Hoy GS","@id":"https:\/\/reporteroshoy.mx\/noticias\/#\/schema\/person\/49ae631fc906b44554e4ba3866c505d7"},"headline":"Por Beryl, suspensi\u00f3n de actividades escolares y laborales","datePublished":"2024-07-04T02:00:08+00:00","dateModified":"2024-07-11T21:37:41+00:00","mainEntityOfPage":{"@id":"https:\/\/reporteroshoy.mx\/noticias\/por-beryl-suspension-de-actividades-escolares-y-laborales\/"},"wordCount":564,"commentCount":0,"image":{"@id":"https:\/\/reporteroshoy.mx\/noticias\/por-beryl-suspension-de-actividades-escolares-y-laborales\/#primaryimage"},"thumbnailUrl":"https:\/\/reporteroshoy.mx\/noticias\/wp-content\/uploads\/2024\/07\/VILA_MENSAJE-1-scaled.jpg","keywords":["Beryl","Mauricio Vila Dosal","Restricciones","Yucat\u00e1n"],"articleSection":["Yucat\u00e1n"],"inLanguage":"es","potentialAction":[{"@type":"CommentAction","name":"Comment","target":["https:\/\/reporteroshoy.mx\/noticias\/por-beryl-suspension-de-actividades-escolares-y-laborales\/#respond"]}]},{"@type":"WebPage","@id":"https:\/\/reporteroshoy.mx\/noticias\/por-beryl-suspension-de-actividades-escolares-y-laborales\/","url":"https:\/\/reporteroshoy.mx\/noticias\/por-beryl-suspension-de-actividades-escolares-y-laborales\/","name":"Por Beryl, suspensi\u00f3n de actividades escolares y laborales","isPartOf":{"@id":"https:\/\/reporteroshoy.mx\/noticias\/#website"},"primaryImageOfPage":{"@id":"https:\/\/reporteroshoy.mx\/noticias\/por-beryl-suspension-de-actividades-escolares-y-laborales\/#primaryimage"},"image":{"@id":"https:\/\/reporteroshoy.mx\/noticias\/por-beryl-suspension-de-actividades-escolares-y-laborales\/#primaryimage"},"thumbnailUrl":"https:\/\/reporteroshoy.mx\/noticias\/wp-content\/uploads\/2024\/07\/VILA_MENSAJE-1-scaled.jpg","datePublished":"2024-07-04T02:00:08+00:00","dateModified":"2024-07-11T21:37:41+00:00","author":{"@id":"https:\/\/reporteroshoy.mx\/noticias\/#\/schema\/person\/49ae631fc906b44554e4ba3866c505d7"},"description":"En Yucat\u00e1n, las actividades escolares y laborales, as\u00ed como el servicio de transporte p\u00fablico se reanudar\u00e1n hasta nuevo aviso.","breadcrumb":{"@id":"https:\/\/reporteroshoy.mx\/noticias\/por-beryl-suspension-de-actividades-escolares-y-laborales\/#breadcrumb"},"inLanguage":"es","potentialAction":[{"@type":"ReadAction","target":["https:\/\/reporteroshoy.mx\/noticias\/por-beryl-suspension-de-actividades-escolares-y-laborales\/"]}]},{"@type":"ImageObject","inLanguage":"es","@id":"https:\/\/reporteroshoy.mx\/noticias\/por-beryl-suspension-de-actividades-escolares-y-laborales\/#primaryimage","url":"https:\/\/reporteroshoy.mx\/noticias\/wp-content\/uploads\/2024\/07\/VILA_MENSAJE-1-scaled.jpg","contentUrl":"https:\/\/reporteroshoy.mx\/noticias\/wp-content\/uploads\/2024\/07\/VILA_MENSAJE-1-scaled.jpg","width":768,"height":432},{"@type":"BreadcrumbList","@id":"https:\/\/reporteroshoy.mx\/noticias\/por-beryl-suspension-de-actividades-escolares-y-laborales\/#breadcrumb","itemListElement":[{"@type":"ListItem","position":1,"name":"Portada","item":"https:\/\/reporteroshoy.mx\/noticias\/"},{"@type":"ListItem","position":2,"name":"Por Beryl, suspensi\u00f3n de actividades escolares y laborales"}]},{"@type":"WebSite","@id":"https:\/\/reporteroshoy.mx\/noticias\/#website","url":"https:\/\/reporteroshoy.mx\/noticias\/","name":"Reporteros Hoy | Noticias de Yucat\u00e1n","description":"Peri\u00f3dico digital con noticias diarias desde M\u00e9rida, Yucat\u00e1n para el mundo.","potentialAction":[{"@type":"SearchAction","target":{"@type":"EntryPoint","urlTemplate":"https:\/\/reporteroshoy.mx\/noticias\/?s={search_term_string}"},"query-input":{"@type":"PropertyValueSpecification","valueRequired":true,"valueName":"search_term_string"}}],"inLanguage":"es"},{"@type":"Person","@id":"https:\/\/reporteroshoy.mx\/noticias\/#\/schema\/person\/49ae631fc906b44554e4ba3866c505d7","name":"Reporteros Hoy GS","image":{"@type":"ImageObject","inLanguage":"es","@id":"https:\/\/secure.gravatar.com\/avatar\/00d32adb620345c3db2cfc175917f65c584e1e338fdc49ad126aa1f9830eb6a9?s=96&d=mm&r=g","url":"https:\/\/secure.gravatar.com\/avatar\/00d32adb620345c3db2cfc175917f65c584e1e338fdc49ad126aa1f9830eb6a9?s=96&d=mm&r=g","contentUrl":"https:\/\/secure.gravatar.com\/avatar\/00d32adb620345c3db2cfc175917f65c584e1e338fdc49ad126aa1f9830eb6a9?s=96&d=mm&r=g","caption":"Reporteros Hoy GS"},"url":"https:\/\/reporteroshoy.mx\/noticias\/author\/lupis\/"}]}},"_links":{"self":[{"href":"https:\/\/reporteroshoy.mx\/noticias\/wp-json\/wp\/v2\/posts\/114491","targetHints":{"allow":["GET"]}}],"collection":[{"href":"https:\/\/reporteroshoy.mx\/noticias\/wp-json\/wp\/v2\/posts"}],"about":[{"href":"https:\/\/reporteroshoy.mx\/noticias\/wp-json\/wp\/v2\/types\/post"}],"author":[{"embeddable":true,"href":"https:\/\/reporteroshoy.mx\/noticias\/wp-json\/wp\/v2\/users\/6"}],"replies":[{"embeddable":true,"href":"https:\/\/reporteroshoy.mx\/noticias\/wp-json\/wp\/v2\/comments?post=114491"}],"version-history":[{"count":0,"href":"https:\/\/reporteroshoy.mx\/noticias\/wp-json\/wp\/v2\/posts\/114491\/revisions"}],"wp:featuredmedia":[{"embeddable":true,"href":"https:\/\/reporteroshoy.mx\/noticias\/wp-json\/wp\/v2\/media\/114487"}],"wp:attachment":[{"href":"https:\/\/reporteroshoy.mx\/noticias\/wp-json\/wp\/v2\/media?parent=114491"}],"wp:term":[{"taxonomy":"category","embeddable":true,"href":"https:\/\/reporteroshoy.mx\/noticias\/wp-json\/wp\/v2\/categories?post=114491"},{"taxonomy":"post_tag","embeddable":true,"href":"https:\/\/reporteroshoy.mx\/noticias\/wp-json\/wp\/v2\/tags?post=114491"}],"curies":[{"name":"wp","href":"https:\/\/api.w.org\/{rel}","templated":true}]}}