{"id":114590,"date":"2024-07-15T17:48:09","date_gmt":"2024-07-15T23:48:09","guid":{"rendered":"https:\/\/reporteroshoy.mx\/noticias\/?p=114590"},"modified":"2024-07-15T17:55:30","modified_gmt":"2024-07-15T23:55:30","slug":"primeros-graduados-del-centro-municipal-de-musica","status":"publish","type":"post","link":"https:\/\/reporteroshoy.mx\/noticias\/primeros-graduados-del-centro-municipal-de-musica\/","title":{"rendered":"Primeros graduados del Centro Municipal de M\u00fasica"},"content":{"rendered":"<p style=\"text-align: justify;\">Un a\u00f1o de esfuerzo y dedicaci\u00f3n rindi\u00f3 frutos este fin de semana con la presentaci\u00f3n de fin de curso de 57 alumnas y alumnos que forman parte del Centro Municipal de M\u00fasica, en la que mostraron su talento y nuevas habilidades adquiridas en este espacio que brinda oportunidades de desarrollo cultural, art\u00edstico y musical en las disciplinas de viol\u00edn, piano, guitarra y coro.<\/p>\n<h3>Confianza de las familias<\/h3>\n<p style=\"text-align: justify;\">El director de Cultura, Irving Berl\u00edn Villafa\u00f1a, agradeci\u00f3 la confianza de las familias para que sus hijas e hijos formen parte del Centro Municipal de M\u00fasica, el cual, cumplir\u00e1 el 18 de septiembre pr\u00f3ximo, su primer aniversario.<\/p>\n<p><img loading=\"lazy\" decoding=\"async\" class=\"aligncenter wp-image-114591\" src=\"https:\/\/reporteroshoy.mx\/noticias\/wp-content\/uploads\/2024\/07\/RECITAL-71-scaled.jpg\" alt=\"Primeros graduados del Centro Municipal de M\u00fasica \" width=\"549\" height=\"366\" srcset=\"https:\/\/reporteroshoy.mx\/noticias\/wp-content\/uploads\/2024\/07\/RECITAL-71-scaled.jpg 768w, https:\/\/reporteroshoy.mx\/noticias\/wp-content\/uploads\/2024\/07\/RECITAL-71-1536x1024.jpg 1536w, https:\/\/reporteroshoy.mx\/noticias\/wp-content\/uploads\/2024\/07\/RECITAL-71-2048x1365.jpg 2048w\" sizes=\"auto, (max-width: 549px) 100vw, 549px\" \/><\/p>\n<p style=\"text-align: justify;\">Destac\u00f3 que es la primera vez que se entregan certificados a quienes finalizaron el curso en este <a href=\"https:\/\/www.facebook.com\/MeridaEsCultura\">espacio cultural<\/a>. \u201cLa contribuci\u00f3n que brinda el Ayuntamiento de M\u00e9rida con el Centro Municipal de M\u00fasica, es sensibilizar en las artes, y si adem\u00e1s, logramos que en un futuro se formen m\u00fasicos extraordinarios, seremos m\u00e1s felices\u201d.<\/p>\n<p style=\"text-align: justify;\">Berl\u00edn Villafa\u00f1a record\u00f3 que la ense\u00f1anza que se imparte en el Centro Municipal de M\u00fasica es de alto nivel y cuenta con una tradici\u00f3n, ya que se ha trabajado con profesores del Centro Nacional de la Escuela de Artes de La Habana, quienes, en materia de m\u00fasica, son un \u00e9xito.<\/p>\n<h3>Disciplina, entusiasmo y constancia<\/h3>\n<p style=\"text-align: justify;\">La directora del centro musical, Mal\u00fa Far\u00edas Echeverr\u00eda, destac\u00f3 la disciplina, entusiasmo y constancia que el alumnado ha mantenido en este primer a\u00f1o de ense\u00f1anza. Tambi\u00e9n agradeci\u00f3 al <a href=\"https:\/\/reporteroshoy.mx\/noticias\/centro-municipal-de-musica-abre-sus-puertas\/\">personal docente por su trabajo y profesionalismo<\/a>.<\/p>\n<p><img loading=\"lazy\" decoding=\"async\" class=\"aligncenter wp-image-114592\" src=\"https:\/\/reporteroshoy.mx\/noticias\/wp-content\/uploads\/2024\/07\/REICTAL-11-scaled.jpg\" alt=\"Primeros graduados del Centro Municipal de M\u00fasica \" width=\"579\" height=\"386\" srcset=\"https:\/\/reporteroshoy.mx\/noticias\/wp-content\/uploads\/2024\/07\/REICTAL-11-scaled.jpg 768w, https:\/\/reporteroshoy.mx\/noticias\/wp-content\/uploads\/2024\/07\/REICTAL-11-1536x1024.jpg 1536w, https:\/\/reporteroshoy.mx\/noticias\/wp-content\/uploads\/2024\/07\/REICTAL-11-2048x1365.jpg 2048w\" sizes=\"auto, (max-width: 579px) 100vw, 579px\" \/><\/p>\n<p style=\"text-align: justify;\">Los recitales de fin de curso que se realizaron en el auditorio del Centro Cultural Olimpo, se dividieron en dos momentos. El primero estuvo a cargo del Gran ensamble de c\u00e1tedra de cuerda, en el que tomaron parte alumnos de viol\u00edn y de piano. El segundo, con los alumnos de guitarra, piano y coro, con temas de compositores cl\u00e1sicos y contempor\u00e1neos. Durante las presentaciones se entregaron certificados a los alumnos de las cuatro disciplinas en presencia de sus amigos y familiares.<\/p>\n<p style=\"text-align: justify;\">Los maestros que tienen a su cargo la formaci\u00f3n musical de los ni\u00f1os y j\u00f3venes son: Josu\u00e9 Gardoni y Adonai Morales (en la guitarra); Ra\u00fal Zapata y David Silva (viol\u00edn); Daniel Schultz y Edgar Boffil (piano), y Andrea Poot (coro y solfeo).<\/p>\n<h3>Informes<\/h3>\n<p style=\"text-align: justify;\">A todas las personas interesadas en formar parte de esta experiencia, la recepci\u00f3n de documentos y entrega de fichas para el examen de admisi\u00f3n del ciclo escolar 2024-2025, ser\u00e1n el 1 y 2 de agosto. Informes al correo: maria.farias@merida.gob.mx y en las instalaciones del centro musical ubicado en la calle 52 No. 427, entre 43 y 45, Centro, de 4 pm a 8 pm.<\/p>\n<p style=\"text-align: justify;\">Las clases est\u00e1n dirigidas a personas de 8 a 15 a\u00f1os de edad y los cursos que se imparten son: piano, coro, guitarra y viol\u00edn.<\/p>\n","protected":false},"excerpt":{"rendered":"<p>El Centro Municipal de M\u00fasica del Ayuntamiento de M\u00e9rida realiza su primer festival de fin de curso.<\/p>\n","protected":false},"author":6,"featured_media":114591,"comment_status":"open","ping_status":"closed","sticky":false,"template":"","format":"standard","meta":{"footnotes":""},"categories":[3],"tags":[24922,51],"class_list":["post-114590","post","type-post","status-publish","format-standard","has-post-thumbnail","hentry","category-cultura","tag-centro-municipal-de-musica","tag-merida"],"yoast_head":"<!-- This site is optimized with the Yoast SEO plugin v28.4 - https:\/\/yoast.com\/product\/yoast-seo-wordpress\/ -->\n<title>Primeros graduados del Centro Municipal de M\u00fasica<\/title>\n<meta name=\"description\" content=\"El Centro Municipal de M\u00fasica del Ayuntamiento de M\u00e9rida realiza su primer festival de fin de curso en el Olimpo.\" \/>\n<meta name=\"robots\" content=\"index, follow, max-snippet:-1, max-image-preview:large, max-video-preview:-1\" \/>\n<link rel=\"canonical\" href=\"https:\/\/reporteroshoy.mx\/noticias\/primeros-graduados-del-centro-municipal-de-musica\/\" \/>\n<meta property=\"og:locale\" content=\"es_ES\" \/>\n<meta property=\"og:type\" content=\"article\" \/>\n<meta property=\"og:title\" content=\"Primeros graduados del Centro Municipal de M\u00fasica\" \/>\n<meta property=\"og:description\" content=\"El Centro Municipal de M\u00fasica del Ayuntamiento de M\u00e9rida realiza su primer festival de fin de curso en el Olimpo.\" \/>\n<meta property=\"og:url\" content=\"https:\/\/reporteroshoy.mx\/noticias\/primeros-graduados-del-centro-municipal-de-musica\/\" \/>\n<meta property=\"og:site_name\" content=\"Reporteros Hoy | Noticias de Yucat\u00e1n\" \/>\n<meta property=\"article:publisher\" content=\"http:\/\/www.facebook.com\/reporteroshoymx\" \/>\n<meta property=\"article:published_time\" content=\"2024-07-15T23:48:09+00:00\" \/>\n<meta property=\"article:modified_time\" content=\"2024-07-15T23:55:30+00:00\" \/>\n<meta property=\"og:image\" content=\"https:\/\/reporteroshoy.mx\/noticias\/wp-content\/uploads\/2024\/07\/RECITAL-71-scaled.jpg\" \/>\n\t<meta property=\"og:image:width\" content=\"768\" \/>\n\t<meta property=\"og:image:height\" content=\"512\" \/>\n\t<meta property=\"og:image:type\" content=\"image\/jpeg\" \/>\n<meta name=\"author\" content=\"Reporteros Hoy GS\" \/>\n<meta name=\"twitter:card\" content=\"summary_large_image\" \/>\n<meta name=\"twitter:creator\" content=\"@reporteroshoy\" \/>\n<meta name=\"twitter:site\" content=\"@reporteroshoy\" \/>\n<meta name=\"twitter:label1\" content=\"Escrito por\" \/>\n\t<meta name=\"twitter:data1\" content=\"Reporteros Hoy GS\" \/>\n\t<meta name=\"twitter:label2\" content=\"Tiempo de lectura\" \/>\n\t<meta name=\"twitter:data2\" content=\"3 minutos\" \/>\n<script type=\"application\/ld+json\" class=\"yoast-schema-graph\">{\"@context\":\"https:\\\/\\\/schema.org\",\"@graph\":[{\"@type\":\"Article\",\"@id\":\"https:\\\/\\\/reporteroshoy.mx\\\/noticias\\\/primeros-graduados-del-centro-municipal-de-musica\\\/#article\",\"isPartOf\":{\"@id\":\"https:\\\/\\\/reporteroshoy.mx\\\/noticias\\\/primeros-graduados-del-centro-municipal-de-musica\\\/\"},\"author\":{\"name\":\"Reporteros Hoy GS\",\"@id\":\"https:\\\/\\\/reporteroshoy.mx\\\/noticias\\\/#\\\/schema\\\/person\\\/49ae631fc906b44554e4ba3866c505d7\"},\"headline\":\"Primeros graduados del Centro Municipal de M\u00fasica\",\"datePublished\":\"2024-07-15T23:48:09+00:00\",\"dateModified\":\"2024-07-15T23:55:30+00:00\",\"mainEntityOfPage\":{\"@id\":\"https:\\\/\\\/reporteroshoy.mx\\\/noticias\\\/primeros-graduados-del-centro-municipal-de-musica\\\/\"},\"wordCount\":501,\"commentCount\":0,\"image\":{\"@id\":\"https:\\\/\\\/reporteroshoy.mx\\\/noticias\\\/primeros-graduados-del-centro-municipal-de-musica\\\/#primaryimage\"},\"thumbnailUrl\":\"https:\\\/\\\/reporteroshoy.mx\\\/noticias\\\/wp-content\\\/uploads\\\/2024\\\/07\\\/RECITAL-71-scaled.jpg\",\"keywords\":[\"Centro Municipal de M\u00fasica\",\"M\u00e9rida\"],\"articleSection\":[\"Cultura\"],\"inLanguage\":\"es\",\"potentialAction\":[{\"@type\":\"CommentAction\",\"name\":\"Comment\",\"target\":[\"https:\\\/\\\/reporteroshoy.mx\\\/noticias\\\/primeros-graduados-del-centro-municipal-de-musica\\\/#respond\"]}]},{\"@type\":\"WebPage\",\"@id\":\"https:\\\/\\\/reporteroshoy.mx\\\/noticias\\\/primeros-graduados-del-centro-municipal-de-musica\\\/\",\"url\":\"https:\\\/\\\/reporteroshoy.mx\\\/noticias\\\/primeros-graduados-del-centro-municipal-de-musica\\\/\",\"name\":\"Primeros graduados del Centro Municipal de M\u00fasica\",\"isPartOf\":{\"@id\":\"https:\\\/\\\/reporteroshoy.mx\\\/noticias\\\/#website\"},\"primaryImageOfPage\":{\"@id\":\"https:\\\/\\\/reporteroshoy.mx\\\/noticias\\\/primeros-graduados-del-centro-municipal-de-musica\\\/#primaryimage\"},\"image\":{\"@id\":\"https:\\\/\\\/reporteroshoy.mx\\\/noticias\\\/primeros-graduados-del-centro-municipal-de-musica\\\/#primaryimage\"},\"thumbnailUrl\":\"https:\\\/\\\/reporteroshoy.mx\\\/noticias\\\/wp-content\\\/uploads\\\/2024\\\/07\\\/RECITAL-71-scaled.jpg\",\"datePublished\":\"2024-07-15T23:48:09+00:00\",\"dateModified\":\"2024-07-15T23:55:30+00:00\",\"author\":{\"@id\":\"https:\\\/\\\/reporteroshoy.mx\\\/noticias\\\/#\\\/schema\\\/person\\\/49ae631fc906b44554e4ba3866c505d7\"},\"description\":\"El Centro Municipal de M\u00fasica del Ayuntamiento de M\u00e9rida realiza su primer festival de fin de curso en el Olimpo.\",\"breadcrumb\":{\"@id\":\"https:\\\/\\\/reporteroshoy.mx\\\/noticias\\\/primeros-graduados-del-centro-municipal-de-musica\\\/#breadcrumb\"},\"inLanguage\":\"es\",\"potentialAction\":[{\"@type\":\"ReadAction\",\"target\":[\"https:\\\/\\\/reporteroshoy.mx\\\/noticias\\\/primeros-graduados-del-centro-municipal-de-musica\\\/\"]}]},{\"@type\":\"ImageObject\",\"inLanguage\":\"es\",\"@id\":\"https:\\\/\\\/reporteroshoy.mx\\\/noticias\\\/primeros-graduados-del-centro-municipal-de-musica\\\/#primaryimage\",\"url\":\"https:\\\/\\\/reporteroshoy.mx\\\/noticias\\\/wp-content\\\/uploads\\\/2024\\\/07\\\/RECITAL-71-scaled.jpg\",\"contentUrl\":\"https:\\\/\\\/reporteroshoy.mx\\\/noticias\\\/wp-content\\\/uploads\\\/2024\\\/07\\\/RECITAL-71-scaled.jpg\",\"width\":768,\"height\":512},{\"@type\":\"BreadcrumbList\",\"@id\":\"https:\\\/\\\/reporteroshoy.mx\\\/noticias\\\/primeros-graduados-del-centro-municipal-de-musica\\\/#breadcrumb\",\"itemListElement\":[{\"@type\":\"ListItem\",\"position\":1,\"name\":\"Portada\",\"item\":\"https:\\\/\\\/reporteroshoy.mx\\\/noticias\\\/\"},{\"@type\":\"ListItem\",\"position\":2,\"name\":\"Primeros graduados del Centro Municipal de M\u00fasica\"}]},{\"@type\":\"WebSite\",\"@id\":\"https:\\\/\\\/reporteroshoy.mx\\\/noticias\\\/#website\",\"url\":\"https:\\\/\\\/reporteroshoy.mx\\\/noticias\\\/\",\"name\":\"Reporteros Hoy | Noticias de Yucat\u00e1n\",\"description\":\"Peri\u00f3dico digital con noticias diarias desde M\u00e9rida, Yucat\u00e1n para el mundo.\",\"potentialAction\":[{\"@type\":\"SearchAction\",\"target\":{\"@type\":\"EntryPoint\",\"urlTemplate\":\"https:\\\/\\\/reporteroshoy.mx\\\/noticias\\\/?s={search_term_string}\"},\"query-input\":{\"@type\":\"PropertyValueSpecification\",\"valueRequired\":true,\"valueName\":\"search_term_string\"}}],\"inLanguage\":\"es\"},{\"@type\":\"Person\",\"@id\":\"https:\\\/\\\/reporteroshoy.mx\\\/noticias\\\/#\\\/schema\\\/person\\\/49ae631fc906b44554e4ba3866c505d7\",\"name\":\"Reporteros Hoy GS\",\"image\":{\"@type\":\"ImageObject\",\"inLanguage\":\"es\",\"@id\":\"https:\\\/\\\/secure.gravatar.com\\\/avatar\\\/00d32adb620345c3db2cfc175917f65c584e1e338fdc49ad126aa1f9830eb6a9?s=96&d=mm&r=g\",\"url\":\"https:\\\/\\\/secure.gravatar.com\\\/avatar\\\/00d32adb620345c3db2cfc175917f65c584e1e338fdc49ad126aa1f9830eb6a9?s=96&d=mm&r=g\",\"contentUrl\":\"https:\\\/\\\/secure.gravatar.com\\\/avatar\\\/00d32adb620345c3db2cfc175917f65c584e1e338fdc49ad126aa1f9830eb6a9?s=96&d=mm&r=g\",\"caption\":\"Reporteros Hoy GS\"},\"url\":\"https:\\\/\\\/reporteroshoy.mx\\\/noticias\\\/author\\\/lupis\\\/\"}]}<\/script>\n<!-- \/ Yoast SEO plugin. -->","yoast_head_json":{"title":"Primeros graduados del Centro Municipal de M\u00fasica","description":"El Centro Municipal de M\u00fasica del Ayuntamiento de M\u00e9rida realiza su primer festival de fin de curso en el Olimpo.","robots":{"index":"index","follow":"follow","max-snippet":"max-snippet:-1","max-image-preview":"max-image-preview:large","max-video-preview":"max-video-preview:-1"},"canonical":"https:\/\/reporteroshoy.mx\/noticias\/primeros-graduados-del-centro-municipal-de-musica\/","og_locale":"es_ES","og_type":"article","og_title":"Primeros graduados del Centro Municipal de M\u00fasica","og_description":"El Centro Municipal de M\u00fasica del Ayuntamiento de M\u00e9rida realiza su primer festival de fin de curso en el Olimpo.","og_url":"https:\/\/reporteroshoy.mx\/noticias\/primeros-graduados-del-centro-municipal-de-musica\/","og_site_name":"Reporteros Hoy | Noticias de Yucat\u00e1n","article_publisher":"http:\/\/www.facebook.com\/reporteroshoymx","article_published_time":"2024-07-15T23:48:09+00:00","article_modified_time":"2024-07-15T23:55:30+00:00","og_image":[{"width":768,"height":512,"url":"https:\/\/reporteroshoy.mx\/noticias\/wp-content\/uploads\/2024\/07\/RECITAL-71-scaled.jpg","type":"image\/jpeg"}],"author":"Reporteros Hoy GS","twitter_card":"summary_large_image","twitter_creator":"@reporteroshoy","twitter_site":"@reporteroshoy","twitter_misc":{"Escrito por":"Reporteros Hoy GS","Tiempo de lectura":"3 minutos"},"schema":{"@context":"https:\/\/schema.org","@graph":[{"@type":"Article","@id":"https:\/\/reporteroshoy.mx\/noticias\/primeros-graduados-del-centro-municipal-de-musica\/#article","isPartOf":{"@id":"https:\/\/reporteroshoy.mx\/noticias\/primeros-graduados-del-centro-municipal-de-musica\/"},"author":{"name":"Reporteros Hoy GS","@id":"https:\/\/reporteroshoy.mx\/noticias\/#\/schema\/person\/49ae631fc906b44554e4ba3866c505d7"},"headline":"Primeros graduados del Centro Municipal de M\u00fasica","datePublished":"2024-07-15T23:48:09+00:00","dateModified":"2024-07-15T23:55:30+00:00","mainEntityOfPage":{"@id":"https:\/\/reporteroshoy.mx\/noticias\/primeros-graduados-del-centro-municipal-de-musica\/"},"wordCount":501,"commentCount":0,"image":{"@id":"https:\/\/reporteroshoy.mx\/noticias\/primeros-graduados-del-centro-municipal-de-musica\/#primaryimage"},"thumbnailUrl":"https:\/\/reporteroshoy.mx\/noticias\/wp-content\/uploads\/2024\/07\/RECITAL-71-scaled.jpg","keywords":["Centro Municipal de M\u00fasica","M\u00e9rida"],"articleSection":["Cultura"],"inLanguage":"es","potentialAction":[{"@type":"CommentAction","name":"Comment","target":["https:\/\/reporteroshoy.mx\/noticias\/primeros-graduados-del-centro-municipal-de-musica\/#respond"]}]},{"@type":"WebPage","@id":"https:\/\/reporteroshoy.mx\/noticias\/primeros-graduados-del-centro-municipal-de-musica\/","url":"https:\/\/reporteroshoy.mx\/noticias\/primeros-graduados-del-centro-municipal-de-musica\/","name":"Primeros graduados del Centro Municipal de M\u00fasica","isPartOf":{"@id":"https:\/\/reporteroshoy.mx\/noticias\/#website"},"primaryImageOfPage":{"@id":"https:\/\/reporteroshoy.mx\/noticias\/primeros-graduados-del-centro-municipal-de-musica\/#primaryimage"},"image":{"@id":"https:\/\/reporteroshoy.mx\/noticias\/primeros-graduados-del-centro-municipal-de-musica\/#primaryimage"},"thumbnailUrl":"https:\/\/reporteroshoy.mx\/noticias\/wp-content\/uploads\/2024\/07\/RECITAL-71-scaled.jpg","datePublished":"2024-07-15T23:48:09+00:00","dateModified":"2024-07-15T23:55:30+00:00","author":{"@id":"https:\/\/reporteroshoy.mx\/noticias\/#\/schema\/person\/49ae631fc906b44554e4ba3866c505d7"},"description":"El Centro Municipal de M\u00fasica del Ayuntamiento de M\u00e9rida realiza su primer festival de fin de curso en el Olimpo.","breadcrumb":{"@id":"https:\/\/reporteroshoy.mx\/noticias\/primeros-graduados-del-centro-municipal-de-musica\/#breadcrumb"},"inLanguage":"es","potentialAction":[{"@type":"ReadAction","target":["https:\/\/reporteroshoy.mx\/noticias\/primeros-graduados-del-centro-municipal-de-musica\/"]}]},{"@type":"ImageObject","inLanguage":"es","@id":"https:\/\/reporteroshoy.mx\/noticias\/primeros-graduados-del-centro-municipal-de-musica\/#primaryimage","url":"https:\/\/reporteroshoy.mx\/noticias\/wp-content\/uploads\/2024\/07\/RECITAL-71-scaled.jpg","contentUrl":"https:\/\/reporteroshoy.mx\/noticias\/wp-content\/uploads\/2024\/07\/RECITAL-71-scaled.jpg","width":768,"height":512},{"@type":"BreadcrumbList","@id":"https:\/\/reporteroshoy.mx\/noticias\/primeros-graduados-del-centro-municipal-de-musica\/#breadcrumb","itemListElement":[{"@type":"ListItem","position":1,"name":"Portada","item":"https:\/\/reporteroshoy.mx\/noticias\/"},{"@type":"ListItem","position":2,"name":"Primeros graduados del Centro Municipal de M\u00fasica"}]},{"@type":"WebSite","@id":"https:\/\/reporteroshoy.mx\/noticias\/#website","url":"https:\/\/reporteroshoy.mx\/noticias\/","name":"Reporteros Hoy | Noticias de Yucat\u00e1n","description":"Peri\u00f3dico digital con noticias diarias desde M\u00e9rida, Yucat\u00e1n para el mundo.","potentialAction":[{"@type":"SearchAction","target":{"@type":"EntryPoint","urlTemplate":"https:\/\/reporteroshoy.mx\/noticias\/?s={search_term_string}"},"query-input":{"@type":"PropertyValueSpecification","valueRequired":true,"valueName":"search_term_string"}}],"inLanguage":"es"},{"@type":"Person","@id":"https:\/\/reporteroshoy.mx\/noticias\/#\/schema\/person\/49ae631fc906b44554e4ba3866c505d7","name":"Reporteros Hoy GS","image":{"@type":"ImageObject","inLanguage":"es","@id":"https:\/\/secure.gravatar.com\/avatar\/00d32adb620345c3db2cfc175917f65c584e1e338fdc49ad126aa1f9830eb6a9?s=96&d=mm&r=g","url":"https:\/\/secure.gravatar.com\/avatar\/00d32adb620345c3db2cfc175917f65c584e1e338fdc49ad126aa1f9830eb6a9?s=96&d=mm&r=g","contentUrl":"https:\/\/secure.gravatar.com\/avatar\/00d32adb620345c3db2cfc175917f65c584e1e338fdc49ad126aa1f9830eb6a9?s=96&d=mm&r=g","caption":"Reporteros Hoy GS"},"url":"https:\/\/reporteroshoy.mx\/noticias\/author\/lupis\/"}]}},"_links":{"self":[{"href":"https:\/\/reporteroshoy.mx\/noticias\/wp-json\/wp\/v2\/posts\/114590","targetHints":{"allow":["GET"]}}],"collection":[{"href":"https:\/\/reporteroshoy.mx\/noticias\/wp-json\/wp\/v2\/posts"}],"about":[{"href":"https:\/\/reporteroshoy.mx\/noticias\/wp-json\/wp\/v2\/types\/post"}],"author":[{"embeddable":true,"href":"https:\/\/reporteroshoy.mx\/noticias\/wp-json\/wp\/v2\/users\/6"}],"replies":[{"embeddable":true,"href":"https:\/\/reporteroshoy.mx\/noticias\/wp-json\/wp\/v2\/comments?post=114590"}],"version-history":[{"count":0,"href":"https:\/\/reporteroshoy.mx\/noticias\/wp-json\/wp\/v2\/posts\/114590\/revisions"}],"wp:featuredmedia":[{"embeddable":true,"href":"https:\/\/reporteroshoy.mx\/noticias\/wp-json\/wp\/v2\/media\/114591"}],"wp:attachment":[{"href":"https:\/\/reporteroshoy.mx\/noticias\/wp-json\/wp\/v2\/media?parent=114590"}],"wp:term":[{"taxonomy":"category","embeddable":true,"href":"https:\/\/reporteroshoy.mx\/noticias\/wp-json\/wp\/v2\/categories?post=114590"},{"taxonomy":"post_tag","embeddable":true,"href":"https:\/\/reporteroshoy.mx\/noticias\/wp-json\/wp\/v2\/tags?post=114590"}],"curies":[{"name":"wp","href":"https:\/\/api.w.org\/{rel}","templated":true}]}}