{"id":114643,"date":"2024-07-17T11:51:48","date_gmt":"2024-07-17T17:51:48","guid":{"rendered":"https:\/\/reporteroshoy.mx\/noticias\/?p=114643"},"modified":"2024-07-17T11:51:48","modified_gmt":"2024-07-17T17:51:48","slug":"grandeur-of-the-seas-llega-por-primera-vez-a-yucatan","status":"publish","type":"post","link":"https:\/\/reporteroshoy.mx\/noticias\/grandeur-of-the-seas-llega-por-primera-vez-a-yucatan\/","title":{"rendered":"Grandeur of the Seas llega por primera vez a Yucat\u00e1n"},"content":{"rendered":"<p style=\"text-align: justify;\">Por primera vez arrib\u00f3 en puerto Progreso el crucero <strong><span style=\"color: #3366ff;\"><a style=\"color: #3366ff;\" href=\"https:\/\/www.royalcaribbean.com\/mex\/es\/cruise-ships\/grandeur-of-the-seas\">Grandeur of the Seas<\/a><\/span><\/strong> de la naviera Royal Caribbean, trayendo consigo turismo y derrama econ\u00f3mica para los yucatecos con un total de 3,138 visitantes, entre pasajeros y tripulantes, lo que reitera que Yucat\u00e1n est\u00e1 de moda como resultado de la promoci\u00f3n internacional de la entidad, que encabeza el Gobernador Mauricio Vila Dosal para seguir atrayendo turistas y derrama econ\u00f3mica, en beneficio las familias yucatecas.<\/p>\n<p style=\"text-align: justify;\">Procedente de Tampa, Florida, la embarcaci\u00f3n atrac\u00f3 en tierras yucatecas a las 6:53 de esta ma\u00f1ana y tras bajar sus paseantes a conocer lo mucho que la entidad y su gente ofrecen, continuar\u00e1 su itinerario de 5 d\u00edas y se dirigir\u00e1 hacia Cozumel, Quintana Roo.<\/p>\n<p style=\"text-align: justify;\">Con el crucero llegaron a Yucat\u00e1n tambi\u00e9n 2,349 pasajeros y 789 tripulantes, quienes tendr\u00e1n toda la ma\u00f1ana y parte de la tarde para descubrir la belleza natural, la cultura y la gastronom\u00eda de la entidad.<\/p>\n<p><img loading=\"lazy\" decoding=\"async\" class=\"aligncenter wp-image-114644\" src=\"https:\/\/reporteroshoy.mx\/noticias\/wp-content\/uploads\/2024\/07\/Grandeur-2-scaled.jpeg\" alt=\"Grandeur of the Seas llega por primera vez a Yucat\u00e1n\" width=\"598\" height=\"336\" \/><\/p>\n<h4><strong>Cambio de placas<\/strong><\/h4>\n<p style=\"text-align: justify;\">En la bienvenida, se realiz\u00f3 el intercambio de placas conmemorativas por este primer arribo entre representantes de la nave y del Gobierno del Estado, as\u00ed como con autoridades del puerto de Progreso.<\/p>\n<p style=\"text-align: justify;\">El Grandeur of the Seas es un crucero de la clase Vission operado por Royal Caribbean International (RCI). Entr\u00f3 en servicio en el a\u00f1o 1996 y cuenta con instalaciones confortables para dar el servicio a los pasajeros como un spa de servicio completo, seis jacuzzis, dos piscinas, una pista de carrera exterior, casino, 8 bares tem\u00e1ticos, un teatro principal, 6 restaurantes y un gran dining sal\u00f3n.<\/p>\n<p style=\"text-align: justify;\">El barco estuvo designado para cubrir la ruta del Caribe del Este entre 1996 y el 2000, luego cubri\u00f3 el \u00e1rea del Noreste de Estados Unidos y Canad\u00e1 y en el 2011 se le coloc\u00f3 con base en Baltimore cubriendo rutas del Sureste estadounidense, Bahamas y Caribe. Finalmente, en 2021 se le destac\u00f3 en Bridgetown, Barbados como homeport y desde entonces realiza viajes por la zona del Caribe, contemplando ahora a Yucat\u00e1n en sus itinerarios.<\/p>\n<p><img loading=\"lazy\" decoding=\"async\" class=\"aligncenter wp-image-114645\" src=\"https:\/\/reporteroshoy.mx\/noticias\/wp-content\/uploads\/2024\/07\/Grandeur-scaled.jpeg\" alt=\"Grandeur of the Seas llega por primera vez a Yucat\u00e1n\" width=\"598\" height=\"337\" \/><\/p>\n<h4><strong>Gracias a Vila<\/strong><\/h4>\n<p style=\"text-align: justify;\">Buenas noticias de este tipo son posibles gracias a la apuesta del Gobernador Vila Dosal por mejorar la infraestructura de Progreso, a fin de ofrecer atractivos y experiencias a sus visitantes, como el Museo del Meteorito \u00abEl origen de la nueva vida\u00bb, espacio recreativo que da a conocer la historia biol\u00f3gica desde el impacto del referido cuerpo celeste, hace 66 millones de a\u00f1os, as\u00ed como el Sendero Jur\u00e1sico, el cual expone dinosaurios de diferentes especies, la mayor\u00eda de tama\u00f1o real y con tecnolog\u00eda rob\u00f3tica.<\/p>\n<p style=\"text-align: justify;\">Tambi\u00e9n, en equipo con el Gobierno federal, se remodel\u00f3 los parques de las comisar\u00edas de Chicxulub, Chuburn\u00e1 y Chelem, con el Malec\u00f3n y la Casa de la Cultura de esta demarcaci\u00f3n, a la vez que se cre\u00f3 el popular Callej\u00f3n del Amor.<\/p>\n<p style=\"text-align: justify;\">De esta forma, Yucat\u00e1n se contin\u00faa consolidando como un gran destino tur\u00edstico a nivel mundial, al lograr la llegada de m\u00e1s cruceros e incrementar sus productos tur\u00edsticos, en beneficio directo de las y los yucatecos que trabajan en el sector, con mayor derrama econ\u00f3mica y nuevas fuentes de empleo.<\/p>\n<p style=\"text-align: justify;\">El turismo beneficia a todos, por eso en los \u00faltimos seis a\u00f1os han impulsado una promoci\u00f3n nacional e internacional, logrando que cada vez m\u00e1s cruceros y cruceristas se interesen en conocer nuestro estado.<\/p>\n","protected":false},"excerpt":{"rendered":"<p>Por primera vez lleg\u00f3 a Progreso el crucero Grandeur of the Seas, trayendo turismo y derrama econ\u00f3mica al estado.<\/p>\n","protected":false},"author":9,"featured_media":114646,"comment_status":"open","ping_status":"closed","sticky":false,"template":"","format":"standard","meta":{"footnotes":""},"categories":[17],"tags":[9742,26377,26378],"class_list":["post-114643","post","type-post","status-publish","format-standard","has-post-thumbnail","hentry","category-yucatan","tag-crucero","tag-grandeur-of-the-seas","tag-royal-caribbean"],"yoast_head":"<!-- This site is optimized with the Yoast SEO plugin v28.4 - https:\/\/yoast.com\/product\/yoast-seo-wordpress\/ -->\n<title>Grandeur of the Seas llega por primera vez a Yucat\u00e1n<\/title>\n<meta name=\"description\" content=\"Por primera vez lleg\u00f3 a Progreso el crucero Grandeur of the Seas, trayendo turismo y derrama econ\u00f3mica al estado.\" \/>\n<meta name=\"robots\" content=\"index, follow, max-snippet:-1, max-image-preview:large, max-video-preview:-1\" \/>\n<link rel=\"canonical\" href=\"https:\/\/reporteroshoy.mx\/noticias\/grandeur-of-the-seas-llega-por-primera-vez-a-yucatan\/\" \/>\n<meta property=\"og:locale\" content=\"es_ES\" \/>\n<meta property=\"og:type\" content=\"article\" \/>\n<meta property=\"og:title\" content=\"Grandeur of the Seas llega por primera vez a Yucat\u00e1n\" \/>\n<meta property=\"og:description\" content=\"Por primera vez lleg\u00f3 a Progreso el crucero Grandeur of the Seas, trayendo turismo y derrama econ\u00f3mica al estado.\" \/>\n<meta property=\"og:url\" content=\"https:\/\/reporteroshoy.mx\/noticias\/grandeur-of-the-seas-llega-por-primera-vez-a-yucatan\/\" \/>\n<meta property=\"og:site_name\" content=\"Reporteros Hoy | Noticias de Yucat\u00e1n\" \/>\n<meta property=\"article:publisher\" content=\"http:\/\/www.facebook.com\/reporteroshoymx\" \/>\n<meta property=\"article:published_time\" content=\"2024-07-17T17:51:48+00:00\" \/>\n<meta property=\"og:image\" content=\"https:\/\/reporteroshoy.mx\/noticias\/wp-content\/uploads\/2024\/07\/Grandeur-1-scaled.jpeg\" \/>\n\t<meta property=\"og:image:width\" content=\"768\" \/>\n\t<meta property=\"og:image:height\" content=\"432\" \/>\n\t<meta property=\"og:image:type\" content=\"image\/jpeg\" \/>\n<meta name=\"author\" content=\"Reporteros Hoy WP\" \/>\n<meta name=\"twitter:card\" content=\"summary_large_image\" \/>\n<meta name=\"twitter:creator\" content=\"@reporteroshoy\" \/>\n<meta name=\"twitter:site\" content=\"@reporteroshoy\" \/>\n<meta name=\"twitter:label1\" content=\"Escrito por\" \/>\n\t<meta name=\"twitter:data1\" content=\"Reporteros Hoy WP\" \/>\n\t<meta name=\"twitter:label2\" content=\"Tiempo de lectura\" \/>\n\t<meta name=\"twitter:data2\" content=\"4 minutos\" \/>\n<script type=\"application\/ld+json\" class=\"yoast-schema-graph\">{\"@context\":\"https:\\\/\\\/schema.org\",\"@graph\":[{\"@type\":\"Article\",\"@id\":\"https:\\\/\\\/reporteroshoy.mx\\\/noticias\\\/grandeur-of-the-seas-llega-por-primera-vez-a-yucatan\\\/#article\",\"isPartOf\":{\"@id\":\"https:\\\/\\\/reporteroshoy.mx\\\/noticias\\\/grandeur-of-the-seas-llega-por-primera-vez-a-yucatan\\\/\"},\"author\":{\"name\":\"Reporteros Hoy WP\",\"@id\":\"https:\\\/\\\/reporteroshoy.mx\\\/noticias\\\/#\\\/schema\\\/person\\\/c977527e57c958a62c5cefe8fe47876e\"},\"headline\":\"Grandeur of the Seas llega por primera vez a Yucat\u00e1n\",\"datePublished\":\"2024-07-17T17:51:48+00:00\",\"mainEntityOfPage\":{\"@id\":\"https:\\\/\\\/reporteroshoy.mx\\\/noticias\\\/grandeur-of-the-seas-llega-por-primera-vez-a-yucatan\\\/\"},\"wordCount\":575,\"commentCount\":0,\"image\":{\"@id\":\"https:\\\/\\\/reporteroshoy.mx\\\/noticias\\\/grandeur-of-the-seas-llega-por-primera-vez-a-yucatan\\\/#primaryimage\"},\"thumbnailUrl\":\"https:\\\/\\\/reporteroshoy.mx\\\/noticias\\\/wp-content\\\/uploads\\\/2024\\\/07\\\/Grandeur-1-scaled.jpeg\",\"keywords\":[\"Crucero\",\"Grandeur of the Seas\",\"Royal Caribbean\"],\"articleSection\":[\"Yucat\u00e1n\"],\"inLanguage\":\"es\",\"potentialAction\":[{\"@type\":\"CommentAction\",\"name\":\"Comment\",\"target\":[\"https:\\\/\\\/reporteroshoy.mx\\\/noticias\\\/grandeur-of-the-seas-llega-por-primera-vez-a-yucatan\\\/#respond\"]}]},{\"@type\":\"WebPage\",\"@id\":\"https:\\\/\\\/reporteroshoy.mx\\\/noticias\\\/grandeur-of-the-seas-llega-por-primera-vez-a-yucatan\\\/\",\"url\":\"https:\\\/\\\/reporteroshoy.mx\\\/noticias\\\/grandeur-of-the-seas-llega-por-primera-vez-a-yucatan\\\/\",\"name\":\"Grandeur of the Seas llega por primera vez a Yucat\u00e1n\",\"isPartOf\":{\"@id\":\"https:\\\/\\\/reporteroshoy.mx\\\/noticias\\\/#website\"},\"primaryImageOfPage\":{\"@id\":\"https:\\\/\\\/reporteroshoy.mx\\\/noticias\\\/grandeur-of-the-seas-llega-por-primera-vez-a-yucatan\\\/#primaryimage\"},\"image\":{\"@id\":\"https:\\\/\\\/reporteroshoy.mx\\\/noticias\\\/grandeur-of-the-seas-llega-por-primera-vez-a-yucatan\\\/#primaryimage\"},\"thumbnailUrl\":\"https:\\\/\\\/reporteroshoy.mx\\\/noticias\\\/wp-content\\\/uploads\\\/2024\\\/07\\\/Grandeur-1-scaled.jpeg\",\"datePublished\":\"2024-07-17T17:51:48+00:00\",\"author\":{\"@id\":\"https:\\\/\\\/reporteroshoy.mx\\\/noticias\\\/#\\\/schema\\\/person\\\/c977527e57c958a62c5cefe8fe47876e\"},\"description\":\"Por primera vez lleg\u00f3 a Progreso el crucero Grandeur of the Seas, trayendo turismo y derrama econ\u00f3mica al estado.\",\"breadcrumb\":{\"@id\":\"https:\\\/\\\/reporteroshoy.mx\\\/noticias\\\/grandeur-of-the-seas-llega-por-primera-vez-a-yucatan\\\/#breadcrumb\"},\"inLanguage\":\"es\",\"potentialAction\":[{\"@type\":\"ReadAction\",\"target\":[\"https:\\\/\\\/reporteroshoy.mx\\\/noticias\\\/grandeur-of-the-seas-llega-por-primera-vez-a-yucatan\\\/\"]}]},{\"@type\":\"ImageObject\",\"inLanguage\":\"es\",\"@id\":\"https:\\\/\\\/reporteroshoy.mx\\\/noticias\\\/grandeur-of-the-seas-llega-por-primera-vez-a-yucatan\\\/#primaryimage\",\"url\":\"https:\\\/\\\/reporteroshoy.mx\\\/noticias\\\/wp-content\\\/uploads\\\/2024\\\/07\\\/Grandeur-1-scaled.jpeg\",\"contentUrl\":\"https:\\\/\\\/reporteroshoy.mx\\\/noticias\\\/wp-content\\\/uploads\\\/2024\\\/07\\\/Grandeur-1-scaled.jpeg\",\"width\":768,\"height\":432,\"caption\":\"Grandeur of the Seas llega por primera vez a Yucat\u00e1n\"},{\"@type\":\"BreadcrumbList\",\"@id\":\"https:\\\/\\\/reporteroshoy.mx\\\/noticias\\\/grandeur-of-the-seas-llega-por-primera-vez-a-yucatan\\\/#breadcrumb\",\"itemListElement\":[{\"@type\":\"ListItem\",\"position\":1,\"name\":\"Portada\",\"item\":\"https:\\\/\\\/reporteroshoy.mx\\\/noticias\\\/\"},{\"@type\":\"ListItem\",\"position\":2,\"name\":\"Grandeur of the Seas llega por primera vez a Yucat\u00e1n\"}]},{\"@type\":\"WebSite\",\"@id\":\"https:\\\/\\\/reporteroshoy.mx\\\/noticias\\\/#website\",\"url\":\"https:\\\/\\\/reporteroshoy.mx\\\/noticias\\\/\",\"name\":\"Reporteros Hoy | Noticias de Yucat\u00e1n\",\"description\":\"Peri\u00f3dico digital con noticias diarias desde M\u00e9rida, Yucat\u00e1n para el mundo.\",\"potentialAction\":[{\"@type\":\"SearchAction\",\"target\":{\"@type\":\"EntryPoint\",\"urlTemplate\":\"https:\\\/\\\/reporteroshoy.mx\\\/noticias\\\/?s={search_term_string}\"},\"query-input\":{\"@type\":\"PropertyValueSpecification\",\"valueRequired\":true,\"valueName\":\"search_term_string\"}}],\"inLanguage\":\"es\"},{\"@type\":\"Person\",\"@id\":\"https:\\\/\\\/reporteroshoy.mx\\\/noticias\\\/#\\\/schema\\\/person\\\/c977527e57c958a62c5cefe8fe47876e\",\"name\":\"Reporteros Hoy WP\",\"image\":{\"@type\":\"ImageObject\",\"inLanguage\":\"es\",\"@id\":\"https:\\\/\\\/secure.gravatar.com\\\/avatar\\\/fd2917f79a7dae30f8ac9ddc2f35e1756bb59e25e01d1cd09deaa64df7b2f73e?s=96&d=mm&r=g\",\"url\":\"https:\\\/\\\/secure.gravatar.com\\\/avatar\\\/fd2917f79a7dae30f8ac9ddc2f35e1756bb59e25e01d1cd09deaa64df7b2f73e?s=96&d=mm&r=g\",\"contentUrl\":\"https:\\\/\\\/secure.gravatar.com\\\/avatar\\\/fd2917f79a7dae30f8ac9ddc2f35e1756bb59e25e01d1cd09deaa64df7b2f73e?s=96&d=mm&r=g\",\"caption\":\"Reporteros Hoy WP\"},\"url\":\"https:\\\/\\\/reporteroshoy.mx\\\/noticias\\\/author\\\/walfer\\\/\"}]}<\/script>\n<!-- \/ Yoast SEO plugin. -->","yoast_head_json":{"title":"Grandeur of the Seas llega por primera vez a Yucat\u00e1n","description":"Por primera vez lleg\u00f3 a Progreso el crucero Grandeur of the Seas, trayendo turismo y derrama econ\u00f3mica al estado.","robots":{"index":"index","follow":"follow","max-snippet":"max-snippet:-1","max-image-preview":"max-image-preview:large","max-video-preview":"max-video-preview:-1"},"canonical":"https:\/\/reporteroshoy.mx\/noticias\/grandeur-of-the-seas-llega-por-primera-vez-a-yucatan\/","og_locale":"es_ES","og_type":"article","og_title":"Grandeur of the Seas llega por primera vez a Yucat\u00e1n","og_description":"Por primera vez lleg\u00f3 a Progreso el crucero Grandeur of the Seas, trayendo turismo y derrama econ\u00f3mica al estado.","og_url":"https:\/\/reporteroshoy.mx\/noticias\/grandeur-of-the-seas-llega-por-primera-vez-a-yucatan\/","og_site_name":"Reporteros Hoy | Noticias de Yucat\u00e1n","article_publisher":"http:\/\/www.facebook.com\/reporteroshoymx","article_published_time":"2024-07-17T17:51:48+00:00","og_image":[{"width":768,"height":432,"url":"https:\/\/reporteroshoy.mx\/noticias\/wp-content\/uploads\/2024\/07\/Grandeur-1-scaled.jpeg","type":"image\/jpeg"}],"author":"Reporteros Hoy WP","twitter_card":"summary_large_image","twitter_creator":"@reporteroshoy","twitter_site":"@reporteroshoy","twitter_misc":{"Escrito por":"Reporteros Hoy WP","Tiempo de lectura":"4 minutos"},"schema":{"@context":"https:\/\/schema.org","@graph":[{"@type":"Article","@id":"https:\/\/reporteroshoy.mx\/noticias\/grandeur-of-the-seas-llega-por-primera-vez-a-yucatan\/#article","isPartOf":{"@id":"https:\/\/reporteroshoy.mx\/noticias\/grandeur-of-the-seas-llega-por-primera-vez-a-yucatan\/"},"author":{"name":"Reporteros Hoy WP","@id":"https:\/\/reporteroshoy.mx\/noticias\/#\/schema\/person\/c977527e57c958a62c5cefe8fe47876e"},"headline":"Grandeur of the Seas llega por primera vez a Yucat\u00e1n","datePublished":"2024-07-17T17:51:48+00:00","mainEntityOfPage":{"@id":"https:\/\/reporteroshoy.mx\/noticias\/grandeur-of-the-seas-llega-por-primera-vez-a-yucatan\/"},"wordCount":575,"commentCount":0,"image":{"@id":"https:\/\/reporteroshoy.mx\/noticias\/grandeur-of-the-seas-llega-por-primera-vez-a-yucatan\/#primaryimage"},"thumbnailUrl":"https:\/\/reporteroshoy.mx\/noticias\/wp-content\/uploads\/2024\/07\/Grandeur-1-scaled.jpeg","keywords":["Crucero","Grandeur of the Seas","Royal Caribbean"],"articleSection":["Yucat\u00e1n"],"inLanguage":"es","potentialAction":[{"@type":"CommentAction","name":"Comment","target":["https:\/\/reporteroshoy.mx\/noticias\/grandeur-of-the-seas-llega-por-primera-vez-a-yucatan\/#respond"]}]},{"@type":"WebPage","@id":"https:\/\/reporteroshoy.mx\/noticias\/grandeur-of-the-seas-llega-por-primera-vez-a-yucatan\/","url":"https:\/\/reporteroshoy.mx\/noticias\/grandeur-of-the-seas-llega-por-primera-vez-a-yucatan\/","name":"Grandeur of the Seas llega por primera vez a Yucat\u00e1n","isPartOf":{"@id":"https:\/\/reporteroshoy.mx\/noticias\/#website"},"primaryImageOfPage":{"@id":"https:\/\/reporteroshoy.mx\/noticias\/grandeur-of-the-seas-llega-por-primera-vez-a-yucatan\/#primaryimage"},"image":{"@id":"https:\/\/reporteroshoy.mx\/noticias\/grandeur-of-the-seas-llega-por-primera-vez-a-yucatan\/#primaryimage"},"thumbnailUrl":"https:\/\/reporteroshoy.mx\/noticias\/wp-content\/uploads\/2024\/07\/Grandeur-1-scaled.jpeg","datePublished":"2024-07-17T17:51:48+00:00","author":{"@id":"https:\/\/reporteroshoy.mx\/noticias\/#\/schema\/person\/c977527e57c958a62c5cefe8fe47876e"},"description":"Por primera vez lleg\u00f3 a Progreso el crucero Grandeur of the Seas, trayendo turismo y derrama econ\u00f3mica al estado.","breadcrumb":{"@id":"https:\/\/reporteroshoy.mx\/noticias\/grandeur-of-the-seas-llega-por-primera-vez-a-yucatan\/#breadcrumb"},"inLanguage":"es","potentialAction":[{"@type":"ReadAction","target":["https:\/\/reporteroshoy.mx\/noticias\/grandeur-of-the-seas-llega-por-primera-vez-a-yucatan\/"]}]},{"@type":"ImageObject","inLanguage":"es","@id":"https:\/\/reporteroshoy.mx\/noticias\/grandeur-of-the-seas-llega-por-primera-vez-a-yucatan\/#primaryimage","url":"https:\/\/reporteroshoy.mx\/noticias\/wp-content\/uploads\/2024\/07\/Grandeur-1-scaled.jpeg","contentUrl":"https:\/\/reporteroshoy.mx\/noticias\/wp-content\/uploads\/2024\/07\/Grandeur-1-scaled.jpeg","width":768,"height":432,"caption":"Grandeur of the Seas llega por primera vez a Yucat\u00e1n"},{"@type":"BreadcrumbList","@id":"https:\/\/reporteroshoy.mx\/noticias\/grandeur-of-the-seas-llega-por-primera-vez-a-yucatan\/#breadcrumb","itemListElement":[{"@type":"ListItem","position":1,"name":"Portada","item":"https:\/\/reporteroshoy.mx\/noticias\/"},{"@type":"ListItem","position":2,"name":"Grandeur of the Seas llega por primera vez a Yucat\u00e1n"}]},{"@type":"WebSite","@id":"https:\/\/reporteroshoy.mx\/noticias\/#website","url":"https:\/\/reporteroshoy.mx\/noticias\/","name":"Reporteros Hoy | Noticias de Yucat\u00e1n","description":"Peri\u00f3dico digital con noticias diarias desde M\u00e9rida, Yucat\u00e1n para el mundo.","potentialAction":[{"@type":"SearchAction","target":{"@type":"EntryPoint","urlTemplate":"https:\/\/reporteroshoy.mx\/noticias\/?s={search_term_string}"},"query-input":{"@type":"PropertyValueSpecification","valueRequired":true,"valueName":"search_term_string"}}],"inLanguage":"es"},{"@type":"Person","@id":"https:\/\/reporteroshoy.mx\/noticias\/#\/schema\/person\/c977527e57c958a62c5cefe8fe47876e","name":"Reporteros Hoy WP","image":{"@type":"ImageObject","inLanguage":"es","@id":"https:\/\/secure.gravatar.com\/avatar\/fd2917f79a7dae30f8ac9ddc2f35e1756bb59e25e01d1cd09deaa64df7b2f73e?s=96&d=mm&r=g","url":"https:\/\/secure.gravatar.com\/avatar\/fd2917f79a7dae30f8ac9ddc2f35e1756bb59e25e01d1cd09deaa64df7b2f73e?s=96&d=mm&r=g","contentUrl":"https:\/\/secure.gravatar.com\/avatar\/fd2917f79a7dae30f8ac9ddc2f35e1756bb59e25e01d1cd09deaa64df7b2f73e?s=96&d=mm&r=g","caption":"Reporteros Hoy WP"},"url":"https:\/\/reporteroshoy.mx\/noticias\/author\/walfer\/"}]}},"_links":{"self":[{"href":"https:\/\/reporteroshoy.mx\/noticias\/wp-json\/wp\/v2\/posts\/114643","targetHints":{"allow":["GET"]}}],"collection":[{"href":"https:\/\/reporteroshoy.mx\/noticias\/wp-json\/wp\/v2\/posts"}],"about":[{"href":"https:\/\/reporteroshoy.mx\/noticias\/wp-json\/wp\/v2\/types\/post"}],"author":[{"embeddable":true,"href":"https:\/\/reporteroshoy.mx\/noticias\/wp-json\/wp\/v2\/users\/9"}],"replies":[{"embeddable":true,"href":"https:\/\/reporteroshoy.mx\/noticias\/wp-json\/wp\/v2\/comments?post=114643"}],"version-history":[{"count":0,"href":"https:\/\/reporteroshoy.mx\/noticias\/wp-json\/wp\/v2\/posts\/114643\/revisions"}],"wp:featuredmedia":[{"embeddable":true,"href":"https:\/\/reporteroshoy.mx\/noticias\/wp-json\/wp\/v2\/media\/114646"}],"wp:attachment":[{"href":"https:\/\/reporteroshoy.mx\/noticias\/wp-json\/wp\/v2\/media?parent=114643"}],"wp:term":[{"taxonomy":"category","embeddable":true,"href":"https:\/\/reporteroshoy.mx\/noticias\/wp-json\/wp\/v2\/categories?post=114643"},{"taxonomy":"post_tag","embeddable":true,"href":"https:\/\/reporteroshoy.mx\/noticias\/wp-json\/wp\/v2\/tags?post=114643"}],"curies":[{"name":"wp","href":"https:\/\/api.w.org\/{rel}","templated":true}]}}