{"id":114647,"date":"2024-07-17T12:52:05","date_gmt":"2024-07-17T18:52:05","guid":{"rendered":"https:\/\/reporteroshoy.mx\/noticias\/?p=114647"},"modified":"2024-07-17T12:52:05","modified_gmt":"2024-07-17T18:52:05","slug":"empresa-meridana-factura-397000-por-poseidon-en-progreso","status":"publish","type":"post","link":"https:\/\/reporteroshoy.mx\/noticias\/empresa-meridana-factura-397000-por-poseidon-en-progreso\/","title":{"rendered":"Empresa meridana factura $397,000 por Poseid\u00f3n en Progreso"},"content":{"rendered":"<p style=\"text-align: justify;\">La controversia en torno a la estatua de Poseid\u00f3n en Progreso, Yucat\u00e1n, contin\u00faa creciendo. Recientemente clausurada por la Semarnat, la escultura de 6 metros de altura no solo ha generado debate por su falta de conexi\u00f3n con la cultura maya, sino que ahora surgen preguntas sobre su costo y el proceso de contrataci\u00f3n.<\/p>\n<p style=\"text-align: justify;\">Seg\u00fan documentos obtenidos, la obra fue facturada por 397,300 pesos (IVA incluido) por la empresa <strong><span style=\"color: #3366ff;\"><a style=\"color: #3366ff;\" href=\"https:\/\/www.quienesquien.wiki\/es\/empresas\/producciones-abiss-s-de-rl-de-cv#summary-supplier_contract\">Producciones Abiss S de RL de CV<\/a><\/span><\/strong>, con sede en M\u00e9rida. La factura, fechada el 29 de enero de 2024, detalla el dise\u00f1o y fabricaci\u00f3n de la escultura en fibra de vidrio reforzada con estructura met\u00e1lica.<\/p>\n<p><img loading=\"lazy\" decoding=\"async\" class=\"wp-image-114648 aligncenter\" src=\"https:\/\/reporteroshoy.mx\/noticias\/wp-content\/uploads\/2024\/07\/Poseidon.jpg\" alt=\"\" width=\"600\" height=\"338\" \/><\/p>\n<p style=\"text-align: justify;\">La pol\u00e9mica se ha extendido a nivel nacional, generando un debate sobre la apropiaci\u00f3n cultural y el choque entre la mitolog\u00eda griega y la cultura maya. Parad\u00f3jicamente, la controversia ha convertido a Poseid\u00f3n en un inesperado atractivo tur\u00edstico para Progreso.<\/p>\n<p style=\"text-align: justify;\">Mientras las autoridades enfrentan cuestionamientos sobre la pertinencia cultural y ambiental de la obra, la pol\u00e9mica del Poseid\u00f3n de Progreso sigue generando olas en la opini\u00f3n p\u00fablica yucateca y nacional.<\/p>\n<p><em><strong>Te interesa:\u00a0<a href=\"https:\/\/reporteroshoy.mx\/noticias\/grandeur-of-the-seas-llega-por-primera-vez-a-yucatan\/\">Grandeur of the Seas llega por primera vez a Yucat\u00e1n<\/a><\/strong><\/em><\/p>\n<p style=\"text-align: justify;\">Esta no es la primera vez que Producciones Abiss S de RL de CV trabaja con entidades gubernamentales. Un revis\u00f3 de sus contratos revela que la empresa ha facturado para la API de progreso y tambi\u00e9n para las autoridades de M\u00e9rida.<\/p>\n<p><strong>ACOM<\/strong><\/p>\n","protected":false},"excerpt":{"rendered":"<p>La controversia en torno a la estatua de Poseid\u00f3n en Progreso crece por su costo y contrataci\u00f3n.<\/p>\n","protected":false},"author":9,"featured_media":114648,"comment_status":"open","ping_status":"closed","sticky":false,"template":"","format":"standard","meta":{"footnotes":""},"categories":[17],"tags":[26379,26380,113],"class_list":["post-114647","post","type-post","status-publish","format-standard","has-post-thumbnail","hentry","category-yucatan","tag-poseidon","tag-producciones-abiss","tag-progreso"],"yoast_head":"<!-- This site is optimized with the Yoast SEO plugin v28.4 - https:\/\/yoast.com\/product\/yoast-seo-wordpress\/ -->\n<title>Empresa meridana factura $397,000 por Poseid\u00f3n en Progreso<\/title>\n<meta name=\"description\" content=\"La controversia en torno a la estatua de Poseid\u00f3n en Progreso crece por su costo y contrataci\u00f3n.\" \/>\n<meta name=\"robots\" content=\"index, follow, max-snippet:-1, max-image-preview:large, max-video-preview:-1\" \/>\n<link rel=\"canonical\" href=\"https:\/\/reporteroshoy.mx\/noticias\/empresa-meridana-factura-397000-por-poseidon-en-progreso\/\" \/>\n<meta property=\"og:locale\" content=\"es_ES\" \/>\n<meta property=\"og:type\" content=\"article\" \/>\n<meta property=\"og:title\" content=\"Empresa meridana factura $397,000 por Poseid\u00f3n en Progreso\" \/>\n<meta property=\"og:description\" content=\"La controversia en torno a la estatua de Poseid\u00f3n en Progreso crece por su costo y contrataci\u00f3n.\" \/>\n<meta property=\"og:url\" content=\"https:\/\/reporteroshoy.mx\/noticias\/empresa-meridana-factura-397000-por-poseidon-en-progreso\/\" \/>\n<meta property=\"og:site_name\" content=\"Reporteros Hoy | Noticias de Yucat\u00e1n\" \/>\n<meta property=\"article:publisher\" content=\"http:\/\/www.facebook.com\/reporteroshoymx\" \/>\n<meta property=\"article:published_time\" content=\"2024-07-17T18:52:05+00:00\" \/>\n<meta property=\"og:image\" content=\"https:\/\/reporteroshoy.mx\/noticias\/wp-content\/uploads\/2024\/07\/Poseidon.jpg\" \/>\n\t<meta property=\"og:image:width\" content=\"766\" \/>\n\t<meta property=\"og:image:height\" content=\"431\" \/>\n\t<meta property=\"og:image:type\" content=\"image\/jpeg\" \/>\n<meta name=\"author\" content=\"Reporteros Hoy WP\" \/>\n<meta name=\"twitter:card\" content=\"summary_large_image\" \/>\n<meta name=\"twitter:creator\" content=\"@reporteroshoy\" \/>\n<meta name=\"twitter:site\" content=\"@reporteroshoy\" \/>\n<meta name=\"twitter:label1\" content=\"Escrito por\" \/>\n\t<meta name=\"twitter:data1\" content=\"Reporteros Hoy WP\" \/>\n\t<meta name=\"twitter:label2\" content=\"Tiempo de lectura\" \/>\n\t<meta name=\"twitter:data2\" content=\"2 minutos\" \/>\n<script type=\"application\/ld+json\" class=\"yoast-schema-graph\">{\"@context\":\"https:\\\/\\\/schema.org\",\"@graph\":[{\"@type\":\"Article\",\"@id\":\"https:\\\/\\\/reporteroshoy.mx\\\/noticias\\\/empresa-meridana-factura-397000-por-poseidon-en-progreso\\\/#article\",\"isPartOf\":{\"@id\":\"https:\\\/\\\/reporteroshoy.mx\\\/noticias\\\/empresa-meridana-factura-397000-por-poseidon-en-progreso\\\/\"},\"author\":{\"name\":\"Reporteros Hoy WP\",\"@id\":\"https:\\\/\\\/reporteroshoy.mx\\\/noticias\\\/#\\\/schema\\\/person\\\/c977527e57c958a62c5cefe8fe47876e\"},\"headline\":\"Empresa meridana factura $397,000 por Poseid\u00f3n en Progreso\",\"datePublished\":\"2024-07-17T18:52:05+00:00\",\"mainEntityOfPage\":{\"@id\":\"https:\\\/\\\/reporteroshoy.mx\\\/noticias\\\/empresa-meridana-factura-397000-por-poseidon-en-progreso\\\/\"},\"wordCount\":255,\"commentCount\":0,\"image\":{\"@id\":\"https:\\\/\\\/reporteroshoy.mx\\\/noticias\\\/empresa-meridana-factura-397000-por-poseidon-en-progreso\\\/#primaryimage\"},\"thumbnailUrl\":\"https:\\\/\\\/reporteroshoy.mx\\\/noticias\\\/wp-content\\\/uploads\\\/2024\\\/07\\\/Poseidon.jpg\",\"keywords\":[\"Poseid\u00f3n\",\"Producciones Abiss\",\"Progreso\"],\"articleSection\":[\"Yucat\u00e1n\"],\"inLanguage\":\"es\",\"potentialAction\":[{\"@type\":\"CommentAction\",\"name\":\"Comment\",\"target\":[\"https:\\\/\\\/reporteroshoy.mx\\\/noticias\\\/empresa-meridana-factura-397000-por-poseidon-en-progreso\\\/#respond\"]}]},{\"@type\":\"WebPage\",\"@id\":\"https:\\\/\\\/reporteroshoy.mx\\\/noticias\\\/empresa-meridana-factura-397000-por-poseidon-en-progreso\\\/\",\"url\":\"https:\\\/\\\/reporteroshoy.mx\\\/noticias\\\/empresa-meridana-factura-397000-por-poseidon-en-progreso\\\/\",\"name\":\"Empresa meridana factura $397,000 por Poseid\u00f3n en Progreso\",\"isPartOf\":{\"@id\":\"https:\\\/\\\/reporteroshoy.mx\\\/noticias\\\/#website\"},\"primaryImageOfPage\":{\"@id\":\"https:\\\/\\\/reporteroshoy.mx\\\/noticias\\\/empresa-meridana-factura-397000-por-poseidon-en-progreso\\\/#primaryimage\"},\"image\":{\"@id\":\"https:\\\/\\\/reporteroshoy.mx\\\/noticias\\\/empresa-meridana-factura-397000-por-poseidon-en-progreso\\\/#primaryimage\"},\"thumbnailUrl\":\"https:\\\/\\\/reporteroshoy.mx\\\/noticias\\\/wp-content\\\/uploads\\\/2024\\\/07\\\/Poseidon.jpg\",\"datePublished\":\"2024-07-17T18:52:05+00:00\",\"author\":{\"@id\":\"https:\\\/\\\/reporteroshoy.mx\\\/noticias\\\/#\\\/schema\\\/person\\\/c977527e57c958a62c5cefe8fe47876e\"},\"description\":\"La controversia en torno a la estatua de Poseid\u00f3n en Progreso crece por su costo y contrataci\u00f3n.\",\"breadcrumb\":{\"@id\":\"https:\\\/\\\/reporteroshoy.mx\\\/noticias\\\/empresa-meridana-factura-397000-por-poseidon-en-progreso\\\/#breadcrumb\"},\"inLanguage\":\"es\",\"potentialAction\":[{\"@type\":\"ReadAction\",\"target\":[\"https:\\\/\\\/reporteroshoy.mx\\\/noticias\\\/empresa-meridana-factura-397000-por-poseidon-en-progreso\\\/\"]}]},{\"@type\":\"ImageObject\",\"inLanguage\":\"es\",\"@id\":\"https:\\\/\\\/reporteroshoy.mx\\\/noticias\\\/empresa-meridana-factura-397000-por-poseidon-en-progreso\\\/#primaryimage\",\"url\":\"https:\\\/\\\/reporteroshoy.mx\\\/noticias\\\/wp-content\\\/uploads\\\/2024\\\/07\\\/Poseidon.jpg\",\"contentUrl\":\"https:\\\/\\\/reporteroshoy.mx\\\/noticias\\\/wp-content\\\/uploads\\\/2024\\\/07\\\/Poseidon.jpg\",\"width\":766,\"height\":431},{\"@type\":\"BreadcrumbList\",\"@id\":\"https:\\\/\\\/reporteroshoy.mx\\\/noticias\\\/empresa-meridana-factura-397000-por-poseidon-en-progreso\\\/#breadcrumb\",\"itemListElement\":[{\"@type\":\"ListItem\",\"position\":1,\"name\":\"Portada\",\"item\":\"https:\\\/\\\/reporteroshoy.mx\\\/noticias\\\/\"},{\"@type\":\"ListItem\",\"position\":2,\"name\":\"Empresa meridana factura $397,000 por Poseid\u00f3n en Progreso\"}]},{\"@type\":\"WebSite\",\"@id\":\"https:\\\/\\\/reporteroshoy.mx\\\/noticias\\\/#website\",\"url\":\"https:\\\/\\\/reporteroshoy.mx\\\/noticias\\\/\",\"name\":\"Reporteros Hoy | Noticias de Yucat\u00e1n\",\"description\":\"Peri\u00f3dico digital con noticias diarias desde M\u00e9rida, Yucat\u00e1n para el mundo.\",\"potentialAction\":[{\"@type\":\"SearchAction\",\"target\":{\"@type\":\"EntryPoint\",\"urlTemplate\":\"https:\\\/\\\/reporteroshoy.mx\\\/noticias\\\/?s={search_term_string}\"},\"query-input\":{\"@type\":\"PropertyValueSpecification\",\"valueRequired\":true,\"valueName\":\"search_term_string\"}}],\"inLanguage\":\"es\"},{\"@type\":\"Person\",\"@id\":\"https:\\\/\\\/reporteroshoy.mx\\\/noticias\\\/#\\\/schema\\\/person\\\/c977527e57c958a62c5cefe8fe47876e\",\"name\":\"Reporteros Hoy WP\",\"image\":{\"@type\":\"ImageObject\",\"inLanguage\":\"es\",\"@id\":\"https:\\\/\\\/secure.gravatar.com\\\/avatar\\\/fd2917f79a7dae30f8ac9ddc2f35e1756bb59e25e01d1cd09deaa64df7b2f73e?s=96&d=mm&r=g\",\"url\":\"https:\\\/\\\/secure.gravatar.com\\\/avatar\\\/fd2917f79a7dae30f8ac9ddc2f35e1756bb59e25e01d1cd09deaa64df7b2f73e?s=96&d=mm&r=g\",\"contentUrl\":\"https:\\\/\\\/secure.gravatar.com\\\/avatar\\\/fd2917f79a7dae30f8ac9ddc2f35e1756bb59e25e01d1cd09deaa64df7b2f73e?s=96&d=mm&r=g\",\"caption\":\"Reporteros Hoy WP\"},\"url\":\"https:\\\/\\\/reporteroshoy.mx\\\/noticias\\\/author\\\/walfer\\\/\"}]}<\/script>\n<!-- \/ Yoast SEO plugin. -->","yoast_head_json":{"title":"Empresa meridana factura $397,000 por Poseid\u00f3n en Progreso","description":"La controversia en torno a la estatua de Poseid\u00f3n en Progreso crece por su costo y contrataci\u00f3n.","robots":{"index":"index","follow":"follow","max-snippet":"max-snippet:-1","max-image-preview":"max-image-preview:large","max-video-preview":"max-video-preview:-1"},"canonical":"https:\/\/reporteroshoy.mx\/noticias\/empresa-meridana-factura-397000-por-poseidon-en-progreso\/","og_locale":"es_ES","og_type":"article","og_title":"Empresa meridana factura $397,000 por Poseid\u00f3n en Progreso","og_description":"La controversia en torno a la estatua de Poseid\u00f3n en Progreso crece por su costo y contrataci\u00f3n.","og_url":"https:\/\/reporteroshoy.mx\/noticias\/empresa-meridana-factura-397000-por-poseidon-en-progreso\/","og_site_name":"Reporteros Hoy | Noticias de Yucat\u00e1n","article_publisher":"http:\/\/www.facebook.com\/reporteroshoymx","article_published_time":"2024-07-17T18:52:05+00:00","og_image":[{"width":766,"height":431,"url":"https:\/\/reporteroshoy.mx\/noticias\/wp-content\/uploads\/2024\/07\/Poseidon.jpg","type":"image\/jpeg"}],"author":"Reporteros Hoy WP","twitter_card":"summary_large_image","twitter_creator":"@reporteroshoy","twitter_site":"@reporteroshoy","twitter_misc":{"Escrito por":"Reporteros Hoy WP","Tiempo de lectura":"2 minutos"},"schema":{"@context":"https:\/\/schema.org","@graph":[{"@type":"Article","@id":"https:\/\/reporteroshoy.mx\/noticias\/empresa-meridana-factura-397000-por-poseidon-en-progreso\/#article","isPartOf":{"@id":"https:\/\/reporteroshoy.mx\/noticias\/empresa-meridana-factura-397000-por-poseidon-en-progreso\/"},"author":{"name":"Reporteros Hoy WP","@id":"https:\/\/reporteroshoy.mx\/noticias\/#\/schema\/person\/c977527e57c958a62c5cefe8fe47876e"},"headline":"Empresa meridana factura $397,000 por Poseid\u00f3n en Progreso","datePublished":"2024-07-17T18:52:05+00:00","mainEntityOfPage":{"@id":"https:\/\/reporteroshoy.mx\/noticias\/empresa-meridana-factura-397000-por-poseidon-en-progreso\/"},"wordCount":255,"commentCount":0,"image":{"@id":"https:\/\/reporteroshoy.mx\/noticias\/empresa-meridana-factura-397000-por-poseidon-en-progreso\/#primaryimage"},"thumbnailUrl":"https:\/\/reporteroshoy.mx\/noticias\/wp-content\/uploads\/2024\/07\/Poseidon.jpg","keywords":["Poseid\u00f3n","Producciones Abiss","Progreso"],"articleSection":["Yucat\u00e1n"],"inLanguage":"es","potentialAction":[{"@type":"CommentAction","name":"Comment","target":["https:\/\/reporteroshoy.mx\/noticias\/empresa-meridana-factura-397000-por-poseidon-en-progreso\/#respond"]}]},{"@type":"WebPage","@id":"https:\/\/reporteroshoy.mx\/noticias\/empresa-meridana-factura-397000-por-poseidon-en-progreso\/","url":"https:\/\/reporteroshoy.mx\/noticias\/empresa-meridana-factura-397000-por-poseidon-en-progreso\/","name":"Empresa meridana factura $397,000 por Poseid\u00f3n en Progreso","isPartOf":{"@id":"https:\/\/reporteroshoy.mx\/noticias\/#website"},"primaryImageOfPage":{"@id":"https:\/\/reporteroshoy.mx\/noticias\/empresa-meridana-factura-397000-por-poseidon-en-progreso\/#primaryimage"},"image":{"@id":"https:\/\/reporteroshoy.mx\/noticias\/empresa-meridana-factura-397000-por-poseidon-en-progreso\/#primaryimage"},"thumbnailUrl":"https:\/\/reporteroshoy.mx\/noticias\/wp-content\/uploads\/2024\/07\/Poseidon.jpg","datePublished":"2024-07-17T18:52:05+00:00","author":{"@id":"https:\/\/reporteroshoy.mx\/noticias\/#\/schema\/person\/c977527e57c958a62c5cefe8fe47876e"},"description":"La controversia en torno a la estatua de Poseid\u00f3n en Progreso crece por su costo y contrataci\u00f3n.","breadcrumb":{"@id":"https:\/\/reporteroshoy.mx\/noticias\/empresa-meridana-factura-397000-por-poseidon-en-progreso\/#breadcrumb"},"inLanguage":"es","potentialAction":[{"@type":"ReadAction","target":["https:\/\/reporteroshoy.mx\/noticias\/empresa-meridana-factura-397000-por-poseidon-en-progreso\/"]}]},{"@type":"ImageObject","inLanguage":"es","@id":"https:\/\/reporteroshoy.mx\/noticias\/empresa-meridana-factura-397000-por-poseidon-en-progreso\/#primaryimage","url":"https:\/\/reporteroshoy.mx\/noticias\/wp-content\/uploads\/2024\/07\/Poseidon.jpg","contentUrl":"https:\/\/reporteroshoy.mx\/noticias\/wp-content\/uploads\/2024\/07\/Poseidon.jpg","width":766,"height":431},{"@type":"BreadcrumbList","@id":"https:\/\/reporteroshoy.mx\/noticias\/empresa-meridana-factura-397000-por-poseidon-en-progreso\/#breadcrumb","itemListElement":[{"@type":"ListItem","position":1,"name":"Portada","item":"https:\/\/reporteroshoy.mx\/noticias\/"},{"@type":"ListItem","position":2,"name":"Empresa meridana factura $397,000 por Poseid\u00f3n en Progreso"}]},{"@type":"WebSite","@id":"https:\/\/reporteroshoy.mx\/noticias\/#website","url":"https:\/\/reporteroshoy.mx\/noticias\/","name":"Reporteros Hoy | Noticias de Yucat\u00e1n","description":"Peri\u00f3dico digital con noticias diarias desde M\u00e9rida, Yucat\u00e1n para el mundo.","potentialAction":[{"@type":"SearchAction","target":{"@type":"EntryPoint","urlTemplate":"https:\/\/reporteroshoy.mx\/noticias\/?s={search_term_string}"},"query-input":{"@type":"PropertyValueSpecification","valueRequired":true,"valueName":"search_term_string"}}],"inLanguage":"es"},{"@type":"Person","@id":"https:\/\/reporteroshoy.mx\/noticias\/#\/schema\/person\/c977527e57c958a62c5cefe8fe47876e","name":"Reporteros Hoy WP","image":{"@type":"ImageObject","inLanguage":"es","@id":"https:\/\/secure.gravatar.com\/avatar\/fd2917f79a7dae30f8ac9ddc2f35e1756bb59e25e01d1cd09deaa64df7b2f73e?s=96&d=mm&r=g","url":"https:\/\/secure.gravatar.com\/avatar\/fd2917f79a7dae30f8ac9ddc2f35e1756bb59e25e01d1cd09deaa64df7b2f73e?s=96&d=mm&r=g","contentUrl":"https:\/\/secure.gravatar.com\/avatar\/fd2917f79a7dae30f8ac9ddc2f35e1756bb59e25e01d1cd09deaa64df7b2f73e?s=96&d=mm&r=g","caption":"Reporteros Hoy WP"},"url":"https:\/\/reporteroshoy.mx\/noticias\/author\/walfer\/"}]}},"_links":{"self":[{"href":"https:\/\/reporteroshoy.mx\/noticias\/wp-json\/wp\/v2\/posts\/114647","targetHints":{"allow":["GET"]}}],"collection":[{"href":"https:\/\/reporteroshoy.mx\/noticias\/wp-json\/wp\/v2\/posts"}],"about":[{"href":"https:\/\/reporteroshoy.mx\/noticias\/wp-json\/wp\/v2\/types\/post"}],"author":[{"embeddable":true,"href":"https:\/\/reporteroshoy.mx\/noticias\/wp-json\/wp\/v2\/users\/9"}],"replies":[{"embeddable":true,"href":"https:\/\/reporteroshoy.mx\/noticias\/wp-json\/wp\/v2\/comments?post=114647"}],"version-history":[{"count":0,"href":"https:\/\/reporteroshoy.mx\/noticias\/wp-json\/wp\/v2\/posts\/114647\/revisions"}],"wp:featuredmedia":[{"embeddable":true,"href":"https:\/\/reporteroshoy.mx\/noticias\/wp-json\/wp\/v2\/media\/114648"}],"wp:attachment":[{"href":"https:\/\/reporteroshoy.mx\/noticias\/wp-json\/wp\/v2\/media?parent=114647"}],"wp:term":[{"taxonomy":"category","embeddable":true,"href":"https:\/\/reporteroshoy.mx\/noticias\/wp-json\/wp\/v2\/categories?post=114647"},{"taxonomy":"post_tag","embeddable":true,"href":"https:\/\/reporteroshoy.mx\/noticias\/wp-json\/wp\/v2\/tags?post=114647"}],"curies":[{"name":"wp","href":"https:\/\/api.w.org\/{rel}","templated":true}]}}