{"id":114692,"date":"2024-07-18T17:28:49","date_gmt":"2024-07-18T23:28:49","guid":{"rendered":"https:\/\/reporteroshoy.mx\/noticias\/?p=114692"},"modified":"2024-07-19T08:24:55","modified_gmt":"2024-07-19T14:24:55","slug":"cuarta-edicion-del-festival-del-globo-maya","status":"publish","type":"post","link":"https:\/\/reporteroshoy.mx\/noticias\/cuarta-edicion-del-festival-del-globo-maya\/","title":{"rendered":"Cuarta edici\u00f3n del Festival del Globo Maya"},"content":{"rendered":"<p style=\"text-align: justify;\">Un Festival del Globo Maya con opciones de esparcimiento para toda la familia es lo que promete la cuarta edici\u00f3n, a realizarse el 24 y 25 de agosto en el parque deportivo de Tahmek, donde artesanos invitados de\u00a0Brasil y Colombia acompa\u00f1ar\u00e1n a los de M\u00e9xico\u00a0para elaborar y elevar enormes objetos de papel china, que a\u00f1o con a\u00f1o cautivan a la concurrencia.<\/p>\n<p style=\"text-align: justify;\"><strong>\u00a0<\/strong>En rueda de prensa, la titular de la Secretar\u00eda de la Cultura y las Artes (Sedeculta), Loreto Villanueva Trujillo y la\u00a0secretaria de la comuna del municipio, Minelia Sabido Iuit,\u00a0dieron a conocer los pormenores de este singular evento que el primer d\u00eda iniciar\u00e1 a las 18:00\u00a0horas y el segundo a las 15:00, adem\u00e1s tendr\u00e1 otros atractivos como el corredor gastron\u00f3mico y presentaciones de artistas.<\/p>\n<p><img loading=\"lazy\" decoding=\"async\" class=\"alignnone size-full wp-image-114693\" src=\"https:\/\/reporteroshoy.mx\/noticias\/wp-content\/uploads\/2024\/07\/RDP-Festival-del-Globo-Maya-3-scaled.jpg\" alt=\"\" width=\"768\" height=\"556\" srcset=\"https:\/\/reporteroshoy.mx\/noticias\/wp-content\/uploads\/2024\/07\/RDP-Festival-del-Globo-Maya-3-scaled.jpg 768w, https:\/\/reporteroshoy.mx\/noticias\/wp-content\/uploads\/2024\/07\/RDP-Festival-del-Globo-Maya-3-324x235.jpg 324w\" sizes=\"auto, (max-width: 768px) 100vw, 768px\" \/><\/p>\n<p style=\"text-align: justify;\">En presencia del s\u00edndico Alexis \u00c1ngel Mar\u00edn, la funcionaria estatal se\u00f1al\u00f3 que el eventos es un escaparate que abona a este objetivo y corona la fiesta patronal del lugar, permitiendo ver la alegr\u00eda de sus habitantes y la creatividad de sus participantes.<\/p>\n<p style=\"text-align: justify;\">\u201cEl festival ha crecido, son globeros de otros pa\u00edses, vienen de Morelos, Michoac\u00e1n, de M\u00e9xico, del Estado de M\u00e9xico, de Hidalgo, de Veracruz; creci\u00f3 tanto que los globeros de Brasil y Colombia est\u00e1n esperando nuevamente llegar a Tahmek\u201d, resalt\u00f3 al tiempo de se\u00f1alar que tambi\u00e9n se suman de M\u00e9rida y Tixkokob.<\/p>\n<p style=\"text-align: justify;\">En su mensaje coment\u00f3 que como parte de ese fortalecimiento, en la Casa de la Cultura de Tahmek se imparten talleres para crear obras de esta modalidad. Por ello, la invitaci\u00f3n es para que la ciudadan\u00eda asista a tener un rato de esparcimiento, ya que \u00abel objetivo es proporcionar momentos para que la cultura se preserve y tambi\u00e9n para que la econom\u00eda est\u00e9 funcionando\u00bb.<\/p>\n<h3><strong>\u00bfCu\u00e1nta gente esperan en la Cuarta Edici\u00f3n?<\/strong><\/h3>\n<p style=\"text-align: justify;\">Sabido Iuit preciso que se congregar\u00e1n creadores de\u00a014 equipos de las ciudades citadas. La\u00a0inauguraci\u00f3n\u00a0ser\u00e1 a las 19:00 horas y el acceso, sin costo; prev\u00e9n recibir de 8 a 10 mil visitantes en cada jornada.<\/p>\n<p style=\"text-align: justify;\">Explic\u00f3 que esta fiesta se trata de una elevaci\u00f3n constante con globos de diferentes figuras, moldes, \u00a0multi estrellas y otros de tipo nocturnos con m\u00e1s de tres mil farolitos como el que se lanzar\u00e1 en la clausura. Los tama\u00f1os van de los 5 a los 15 metros de largo.<\/p>\n<h3><strong>Zona preferencial<\/strong><\/h3>\n<p style=\"text-align: justify;\">Est\u00e1 edici\u00f3n, agreg\u00f3, tendr\u00e1 una zona preferencial con acceso a diferentes servicios y al glob\u00f3dromo desde donde se podr\u00e1 observar el armado de las\u00a0artesan\u00edas y la elevaci\u00f3n.<\/p>\n<p style=\"text-align: justify;\">Se inform\u00f3 que las entradas para esta \u00e1rea estar\u00e1n disponibles desde el 19 de julio en \u00a0<a href=\"http:\/\/boletos.mx\/\" data-auth=\"NotApplicable\" data-linkindex=\"0\">tusboletos.mx<\/a>.<\/p>\n<p style=\"text-align: justify;\">Para ambas fechas, a las 21:00 horas, habr\u00e1 una soltura\u00a0masiva de mini globos, los cuales estar\u00e1n a la venta. En las redes de Facebook, Instagram y Tik tok del Festival del Globo Maya se podr\u00e1n consultar mayores detalles.<\/p>\n<p style=\"text-align: justify;\">\n<p style=\"text-align: justify;\">\n","protected":false},"excerpt":{"rendered":"<p>La cuarta edici\u00f3n, a realizarse el 24 y 25 de agosto en el parque deportivo de Tahmek, tendr\u00e1 a artesanos invitados de Brasil y Colombia. <\/p>\n","protected":false},"author":5,"featured_media":114693,"comment_status":"open","ping_status":"closed","sticky":false,"template":"","format":"standard","meta":{"footnotes":""},"categories":[3],"tags":[24940,26386,23],"class_list":["post-114692","post","type-post","status-publish","format-standard","has-post-thumbnail","hentry","category-cultura","tag-festival-del-globo-maya","tag-tahmex","tag-yucatan"],"yoast_head":"<!-- This site is optimized with the Yoast SEO plugin v28.4 - https:\/\/yoast.com\/product\/yoast-seo-wordpress\/ -->\n<title>Cuarta edici\u00f3n del Festival del Globo Maya<\/title>\n<meta name=\"description\" content=\"La cuarta edici\u00f3n, a realizarse el 24 y 25 de agosto en el parque deportivo de Tahmek, tendr\u00e1 a artesanos invitados de Brasil y Colombia.\" \/>\n<meta name=\"robots\" content=\"index, follow, max-snippet:-1, max-image-preview:large, max-video-preview:-1\" \/>\n<link rel=\"canonical\" href=\"https:\/\/reporteroshoy.mx\/noticias\/cuarta-edicion-del-festival-del-globo-maya\/\" \/>\n<meta property=\"og:locale\" content=\"es_ES\" \/>\n<meta property=\"og:type\" content=\"article\" \/>\n<meta property=\"og:title\" content=\"Cuarta edici\u00f3n del Festival del Globo Maya\" \/>\n<meta property=\"og:description\" content=\"La cuarta edici\u00f3n, a realizarse el 24 y 25 de agosto en el parque deportivo de Tahmek, tendr\u00e1 a artesanos invitados de Brasil y Colombia.\" \/>\n<meta property=\"og:url\" content=\"https:\/\/reporteroshoy.mx\/noticias\/cuarta-edicion-del-festival-del-globo-maya\/\" \/>\n<meta property=\"og:site_name\" content=\"Reporteros Hoy | Noticias de Yucat\u00e1n\" \/>\n<meta property=\"article:publisher\" content=\"http:\/\/www.facebook.com\/reporteroshoymx\" \/>\n<meta property=\"article:published_time\" content=\"2024-07-18T23:28:49+00:00\" \/>\n<meta property=\"article:modified_time\" content=\"2024-07-19T14:24:55+00:00\" \/>\n<meta property=\"og:image\" content=\"https:\/\/reporteroshoy.mx\/noticias\/wp-content\/uploads\/2024\/07\/RDP-Festival-del-Globo-Maya-3-scaled.jpg\" \/>\n\t<meta property=\"og:image:width\" content=\"768\" \/>\n\t<meta property=\"og:image:height\" content=\"556\" \/>\n\t<meta property=\"og:image:type\" content=\"image\/jpeg\" \/>\n<meta name=\"author\" content=\"Reporteros Hoy IM\" \/>\n<meta name=\"twitter:card\" content=\"summary_large_image\" \/>\n<meta name=\"twitter:creator\" content=\"@reporteroshoy\" \/>\n<meta name=\"twitter:site\" content=\"@reporteroshoy\" \/>\n<meta name=\"twitter:label1\" content=\"Escrito por\" \/>\n\t<meta name=\"twitter:data1\" content=\"Reporteros Hoy IM\" \/>\n\t<meta name=\"twitter:label2\" content=\"Tiempo de lectura\" \/>\n\t<meta name=\"twitter:data2\" content=\"3 minutos\" \/>\n<script type=\"application\/ld+json\" class=\"yoast-schema-graph\">{\"@context\":\"https:\\\/\\\/schema.org\",\"@graph\":[{\"@type\":\"Article\",\"@id\":\"https:\\\/\\\/reporteroshoy.mx\\\/noticias\\\/cuarta-edicion-del-festival-del-globo-maya\\\/#article\",\"isPartOf\":{\"@id\":\"https:\\\/\\\/reporteroshoy.mx\\\/noticias\\\/cuarta-edicion-del-festival-del-globo-maya\\\/\"},\"author\":{\"name\":\"Reporteros Hoy IM\",\"@id\":\"https:\\\/\\\/reporteroshoy.mx\\\/noticias\\\/#\\\/schema\\\/person\\\/948520f0d88b01be2e5266bc4acbbc15\"},\"headline\":\"Cuarta edici\u00f3n del Festival del Globo Maya\",\"datePublished\":\"2024-07-18T23:28:49+00:00\",\"dateModified\":\"2024-07-19T14:24:55+00:00\",\"mainEntityOfPage\":{\"@id\":\"https:\\\/\\\/reporteroshoy.mx\\\/noticias\\\/cuarta-edicion-del-festival-del-globo-maya\\\/\"},\"wordCount\":503,\"commentCount\":0,\"image\":{\"@id\":\"https:\\\/\\\/reporteroshoy.mx\\\/noticias\\\/cuarta-edicion-del-festival-del-globo-maya\\\/#primaryimage\"},\"thumbnailUrl\":\"https:\\\/\\\/reporteroshoy.mx\\\/noticias\\\/wp-content\\\/uploads\\\/2024\\\/07\\\/RDP-Festival-del-Globo-Maya-3-scaled.jpg\",\"keywords\":[\"Festival del Globo Maya\",\"Tahmex\",\"Yucat\u00e1n\"],\"articleSection\":[\"Cultura\"],\"inLanguage\":\"es\",\"potentialAction\":[{\"@type\":\"CommentAction\",\"name\":\"Comment\",\"target\":[\"https:\\\/\\\/reporteroshoy.mx\\\/noticias\\\/cuarta-edicion-del-festival-del-globo-maya\\\/#respond\"]}]},{\"@type\":\"WebPage\",\"@id\":\"https:\\\/\\\/reporteroshoy.mx\\\/noticias\\\/cuarta-edicion-del-festival-del-globo-maya\\\/\",\"url\":\"https:\\\/\\\/reporteroshoy.mx\\\/noticias\\\/cuarta-edicion-del-festival-del-globo-maya\\\/\",\"name\":\"Cuarta edici\u00f3n del Festival del Globo Maya\",\"isPartOf\":{\"@id\":\"https:\\\/\\\/reporteroshoy.mx\\\/noticias\\\/#website\"},\"primaryImageOfPage\":{\"@id\":\"https:\\\/\\\/reporteroshoy.mx\\\/noticias\\\/cuarta-edicion-del-festival-del-globo-maya\\\/#primaryimage\"},\"image\":{\"@id\":\"https:\\\/\\\/reporteroshoy.mx\\\/noticias\\\/cuarta-edicion-del-festival-del-globo-maya\\\/#primaryimage\"},\"thumbnailUrl\":\"https:\\\/\\\/reporteroshoy.mx\\\/noticias\\\/wp-content\\\/uploads\\\/2024\\\/07\\\/RDP-Festival-del-Globo-Maya-3-scaled.jpg\",\"datePublished\":\"2024-07-18T23:28:49+00:00\",\"dateModified\":\"2024-07-19T14:24:55+00:00\",\"author\":{\"@id\":\"https:\\\/\\\/reporteroshoy.mx\\\/noticias\\\/#\\\/schema\\\/person\\\/948520f0d88b01be2e5266bc4acbbc15\"},\"description\":\"La cuarta edici\u00f3n, a realizarse el 24 y 25 de agosto en el parque deportivo de Tahmek, tendr\u00e1 a artesanos invitados de Brasil y Colombia.\",\"breadcrumb\":{\"@id\":\"https:\\\/\\\/reporteroshoy.mx\\\/noticias\\\/cuarta-edicion-del-festival-del-globo-maya\\\/#breadcrumb\"},\"inLanguage\":\"es\",\"potentialAction\":[{\"@type\":\"ReadAction\",\"target\":[\"https:\\\/\\\/reporteroshoy.mx\\\/noticias\\\/cuarta-edicion-del-festival-del-globo-maya\\\/\"]}]},{\"@type\":\"ImageObject\",\"inLanguage\":\"es\",\"@id\":\"https:\\\/\\\/reporteroshoy.mx\\\/noticias\\\/cuarta-edicion-del-festival-del-globo-maya\\\/#primaryimage\",\"url\":\"https:\\\/\\\/reporteroshoy.mx\\\/noticias\\\/wp-content\\\/uploads\\\/2024\\\/07\\\/RDP-Festival-del-Globo-Maya-3-scaled.jpg\",\"contentUrl\":\"https:\\\/\\\/reporteroshoy.mx\\\/noticias\\\/wp-content\\\/uploads\\\/2024\\\/07\\\/RDP-Festival-del-Globo-Maya-3-scaled.jpg\",\"width\":768,\"height\":556},{\"@type\":\"BreadcrumbList\",\"@id\":\"https:\\\/\\\/reporteroshoy.mx\\\/noticias\\\/cuarta-edicion-del-festival-del-globo-maya\\\/#breadcrumb\",\"itemListElement\":[{\"@type\":\"ListItem\",\"position\":1,\"name\":\"Portada\",\"item\":\"https:\\\/\\\/reporteroshoy.mx\\\/noticias\\\/\"},{\"@type\":\"ListItem\",\"position\":2,\"name\":\"Cuarta edici\u00f3n del Festival del Globo Maya\"}]},{\"@type\":\"WebSite\",\"@id\":\"https:\\\/\\\/reporteroshoy.mx\\\/noticias\\\/#website\",\"url\":\"https:\\\/\\\/reporteroshoy.mx\\\/noticias\\\/\",\"name\":\"Reporteros Hoy | Noticias de Yucat\u00e1n\",\"description\":\"Peri\u00f3dico digital con noticias diarias desde M\u00e9rida, Yucat\u00e1n para el mundo.\",\"potentialAction\":[{\"@type\":\"SearchAction\",\"target\":{\"@type\":\"EntryPoint\",\"urlTemplate\":\"https:\\\/\\\/reporteroshoy.mx\\\/noticias\\\/?s={search_term_string}\"},\"query-input\":{\"@type\":\"PropertyValueSpecification\",\"valueRequired\":true,\"valueName\":\"search_term_string\"}}],\"inLanguage\":\"es\"},{\"@type\":\"Person\",\"@id\":\"https:\\\/\\\/reporteroshoy.mx\\\/noticias\\\/#\\\/schema\\\/person\\\/948520f0d88b01be2e5266bc4acbbc15\",\"name\":\"Reporteros Hoy IM\",\"image\":{\"@type\":\"ImageObject\",\"inLanguage\":\"es\",\"@id\":\"https:\\\/\\\/secure.gravatar.com\\\/avatar\\\/d843030b96552826ac048bdfe26f2895604b800ed0c880ee55765a74d95dfc65?s=96&d=mm&r=g\",\"url\":\"https:\\\/\\\/secure.gravatar.com\\\/avatar\\\/d843030b96552826ac048bdfe26f2895604b800ed0c880ee55765a74d95dfc65?s=96&d=mm&r=g\",\"contentUrl\":\"https:\\\/\\\/secure.gravatar.com\\\/avatar\\\/d843030b96552826ac048bdfe26f2895604b800ed0c880ee55765a74d95dfc65?s=96&d=mm&r=g\",\"caption\":\"Reporteros Hoy IM\"},\"url\":\"https:\\\/\\\/reporteroshoy.mx\\\/noticias\\\/author\\\/israel\\\/\"}]}<\/script>\n<!-- \/ Yoast SEO plugin. -->","yoast_head_json":{"title":"Cuarta edici\u00f3n del Festival del Globo Maya","description":"La cuarta edici\u00f3n, a realizarse el 24 y 25 de agosto en el parque deportivo de Tahmek, tendr\u00e1 a artesanos invitados de Brasil y Colombia.","robots":{"index":"index","follow":"follow","max-snippet":"max-snippet:-1","max-image-preview":"max-image-preview:large","max-video-preview":"max-video-preview:-1"},"canonical":"https:\/\/reporteroshoy.mx\/noticias\/cuarta-edicion-del-festival-del-globo-maya\/","og_locale":"es_ES","og_type":"article","og_title":"Cuarta edici\u00f3n del Festival del Globo Maya","og_description":"La cuarta edici\u00f3n, a realizarse el 24 y 25 de agosto en el parque deportivo de Tahmek, tendr\u00e1 a artesanos invitados de Brasil y Colombia.","og_url":"https:\/\/reporteroshoy.mx\/noticias\/cuarta-edicion-del-festival-del-globo-maya\/","og_site_name":"Reporteros Hoy | Noticias de Yucat\u00e1n","article_publisher":"http:\/\/www.facebook.com\/reporteroshoymx","article_published_time":"2024-07-18T23:28:49+00:00","article_modified_time":"2024-07-19T14:24:55+00:00","og_image":[{"width":768,"height":556,"url":"https:\/\/reporteroshoy.mx\/noticias\/wp-content\/uploads\/2024\/07\/RDP-Festival-del-Globo-Maya-3-scaled.jpg","type":"image\/jpeg"}],"author":"Reporteros Hoy IM","twitter_card":"summary_large_image","twitter_creator":"@reporteroshoy","twitter_site":"@reporteroshoy","twitter_misc":{"Escrito por":"Reporteros Hoy IM","Tiempo de lectura":"3 minutos"},"schema":{"@context":"https:\/\/schema.org","@graph":[{"@type":"Article","@id":"https:\/\/reporteroshoy.mx\/noticias\/cuarta-edicion-del-festival-del-globo-maya\/#article","isPartOf":{"@id":"https:\/\/reporteroshoy.mx\/noticias\/cuarta-edicion-del-festival-del-globo-maya\/"},"author":{"name":"Reporteros Hoy IM","@id":"https:\/\/reporteroshoy.mx\/noticias\/#\/schema\/person\/948520f0d88b01be2e5266bc4acbbc15"},"headline":"Cuarta edici\u00f3n del Festival del Globo Maya","datePublished":"2024-07-18T23:28:49+00:00","dateModified":"2024-07-19T14:24:55+00:00","mainEntityOfPage":{"@id":"https:\/\/reporteroshoy.mx\/noticias\/cuarta-edicion-del-festival-del-globo-maya\/"},"wordCount":503,"commentCount":0,"image":{"@id":"https:\/\/reporteroshoy.mx\/noticias\/cuarta-edicion-del-festival-del-globo-maya\/#primaryimage"},"thumbnailUrl":"https:\/\/reporteroshoy.mx\/noticias\/wp-content\/uploads\/2024\/07\/RDP-Festival-del-Globo-Maya-3-scaled.jpg","keywords":["Festival del Globo Maya","Tahmex","Yucat\u00e1n"],"articleSection":["Cultura"],"inLanguage":"es","potentialAction":[{"@type":"CommentAction","name":"Comment","target":["https:\/\/reporteroshoy.mx\/noticias\/cuarta-edicion-del-festival-del-globo-maya\/#respond"]}]},{"@type":"WebPage","@id":"https:\/\/reporteroshoy.mx\/noticias\/cuarta-edicion-del-festival-del-globo-maya\/","url":"https:\/\/reporteroshoy.mx\/noticias\/cuarta-edicion-del-festival-del-globo-maya\/","name":"Cuarta edici\u00f3n del Festival del Globo Maya","isPartOf":{"@id":"https:\/\/reporteroshoy.mx\/noticias\/#website"},"primaryImageOfPage":{"@id":"https:\/\/reporteroshoy.mx\/noticias\/cuarta-edicion-del-festival-del-globo-maya\/#primaryimage"},"image":{"@id":"https:\/\/reporteroshoy.mx\/noticias\/cuarta-edicion-del-festival-del-globo-maya\/#primaryimage"},"thumbnailUrl":"https:\/\/reporteroshoy.mx\/noticias\/wp-content\/uploads\/2024\/07\/RDP-Festival-del-Globo-Maya-3-scaled.jpg","datePublished":"2024-07-18T23:28:49+00:00","dateModified":"2024-07-19T14:24:55+00:00","author":{"@id":"https:\/\/reporteroshoy.mx\/noticias\/#\/schema\/person\/948520f0d88b01be2e5266bc4acbbc15"},"description":"La cuarta edici\u00f3n, a realizarse el 24 y 25 de agosto en el parque deportivo de Tahmek, tendr\u00e1 a artesanos invitados de Brasil y Colombia.","breadcrumb":{"@id":"https:\/\/reporteroshoy.mx\/noticias\/cuarta-edicion-del-festival-del-globo-maya\/#breadcrumb"},"inLanguage":"es","potentialAction":[{"@type":"ReadAction","target":["https:\/\/reporteroshoy.mx\/noticias\/cuarta-edicion-del-festival-del-globo-maya\/"]}]},{"@type":"ImageObject","inLanguage":"es","@id":"https:\/\/reporteroshoy.mx\/noticias\/cuarta-edicion-del-festival-del-globo-maya\/#primaryimage","url":"https:\/\/reporteroshoy.mx\/noticias\/wp-content\/uploads\/2024\/07\/RDP-Festival-del-Globo-Maya-3-scaled.jpg","contentUrl":"https:\/\/reporteroshoy.mx\/noticias\/wp-content\/uploads\/2024\/07\/RDP-Festival-del-Globo-Maya-3-scaled.jpg","width":768,"height":556},{"@type":"BreadcrumbList","@id":"https:\/\/reporteroshoy.mx\/noticias\/cuarta-edicion-del-festival-del-globo-maya\/#breadcrumb","itemListElement":[{"@type":"ListItem","position":1,"name":"Portada","item":"https:\/\/reporteroshoy.mx\/noticias\/"},{"@type":"ListItem","position":2,"name":"Cuarta edici\u00f3n del Festival del Globo Maya"}]},{"@type":"WebSite","@id":"https:\/\/reporteroshoy.mx\/noticias\/#website","url":"https:\/\/reporteroshoy.mx\/noticias\/","name":"Reporteros Hoy | Noticias de Yucat\u00e1n","description":"Peri\u00f3dico digital con noticias diarias desde M\u00e9rida, Yucat\u00e1n para el mundo.","potentialAction":[{"@type":"SearchAction","target":{"@type":"EntryPoint","urlTemplate":"https:\/\/reporteroshoy.mx\/noticias\/?s={search_term_string}"},"query-input":{"@type":"PropertyValueSpecification","valueRequired":true,"valueName":"search_term_string"}}],"inLanguage":"es"},{"@type":"Person","@id":"https:\/\/reporteroshoy.mx\/noticias\/#\/schema\/person\/948520f0d88b01be2e5266bc4acbbc15","name":"Reporteros Hoy IM","image":{"@type":"ImageObject","inLanguage":"es","@id":"https:\/\/secure.gravatar.com\/avatar\/d843030b96552826ac048bdfe26f2895604b800ed0c880ee55765a74d95dfc65?s=96&d=mm&r=g","url":"https:\/\/secure.gravatar.com\/avatar\/d843030b96552826ac048bdfe26f2895604b800ed0c880ee55765a74d95dfc65?s=96&d=mm&r=g","contentUrl":"https:\/\/secure.gravatar.com\/avatar\/d843030b96552826ac048bdfe26f2895604b800ed0c880ee55765a74d95dfc65?s=96&d=mm&r=g","caption":"Reporteros Hoy IM"},"url":"https:\/\/reporteroshoy.mx\/noticias\/author\/israel\/"}]}},"_links":{"self":[{"href":"https:\/\/reporteroshoy.mx\/noticias\/wp-json\/wp\/v2\/posts\/114692","targetHints":{"allow":["GET"]}}],"collection":[{"href":"https:\/\/reporteroshoy.mx\/noticias\/wp-json\/wp\/v2\/posts"}],"about":[{"href":"https:\/\/reporteroshoy.mx\/noticias\/wp-json\/wp\/v2\/types\/post"}],"author":[{"embeddable":true,"href":"https:\/\/reporteroshoy.mx\/noticias\/wp-json\/wp\/v2\/users\/5"}],"replies":[{"embeddable":true,"href":"https:\/\/reporteroshoy.mx\/noticias\/wp-json\/wp\/v2\/comments?post=114692"}],"version-history":[{"count":0,"href":"https:\/\/reporteroshoy.mx\/noticias\/wp-json\/wp\/v2\/posts\/114692\/revisions"}],"wp:featuredmedia":[{"embeddable":true,"href":"https:\/\/reporteroshoy.mx\/noticias\/wp-json\/wp\/v2\/media\/114693"}],"wp:attachment":[{"href":"https:\/\/reporteroshoy.mx\/noticias\/wp-json\/wp\/v2\/media?parent=114692"}],"wp:term":[{"taxonomy":"category","embeddable":true,"href":"https:\/\/reporteroshoy.mx\/noticias\/wp-json\/wp\/v2\/categories?post=114692"},{"taxonomy":"post_tag","embeddable":true,"href":"https:\/\/reporteroshoy.mx\/noticias\/wp-json\/wp\/v2\/tags?post=114692"}],"curies":[{"name":"wp","href":"https:\/\/api.w.org\/{rel}","templated":true}]}}