{"id":114806,"date":"2024-07-18T15:02:31","date_gmt":"2024-07-18T21:02:31","guid":{"rendered":"https:\/\/reporteroshoy.mx\/noticias\/?p=114806"},"modified":"2024-07-23T13:51:32","modified_gmt":"2024-07-23T19:51:32","slug":"llega-por-primera-ocasion-el-crucero-islander","status":"publish","type":"post","link":"https:\/\/reporteroshoy.mx\/noticias\/llega-por-primera-ocasion-el-crucero-islander\/","title":{"rendered":"Llega por primera ocasi\u00f3n el crucero Islander"},"content":{"rendered":"<p style=\"text-align: justify;\">Yucat\u00e1n es un punto atractivo para el turismo internacional y con ello viene la derrama econ\u00f3mica que favorece a los yucatecos y prueba de ello es el arribo, por primera ocasi\u00f3n, del crucero Islander de la naviera Margaritaville at Sea el cual atrac\u00f3 en el Puerto de Progreso desde temprana hora con un total de 2,931 visitantes ente pasajeros y tripulantes.<\/p>\n<p style=\"text-align: justify;\">La embarcaci\u00f3n procedente de Tampa, Florida atrac\u00f3 esta ma\u00f1ana a las 6:30 horas, por lo que sus 1,958 pasajeros y gran parte de sus 973 tripulantes podr\u00e1n gozar de los atractivos naturales, gastron\u00f3micos y culturales durante toda su estad\u00eda para luego zarpar a su \u00faltimo punto de visita en el pa\u00eds.<\/p>\n<p><img loading=\"lazy\" decoding=\"async\" class=\"alignnone size-full wp-image-114801\" src=\"https:\/\/reporteroshoy.mx\/noticias\/wp-content\/uploads\/2024\/07\/ISLANDER-2-scaled.jpg\" alt=\"\" width=\"768\" height=\"432\" \/><\/p>\n<h3><strong>Origen del Islander<\/strong><\/h3>\n<p style=\"text-align: justify;\">El Islander es un crucero de la clase Spirit operado por Margaritaville at Sea que entr\u00f3 en servicio en el a\u00f1o 2000, como parte de la flota de la Costa Cruises bajo el nombre de Costa Atl\u00e1ntica.<\/p>\n<p style=\"text-align: justify;\">Posteriormente la nave fue vendida por la Carnival Corporation &amp; Plc a la Bahamas Paradise Cruise Line Operator en octubre de 2023, y fue entonces renombrado como Islander para cubrir viajes en el \u00e1rea del Caribe.<\/p>\n<p style=\"text-align: justify;\">Una vez que fue recibido el barco por la compa\u00f1\u00eda Margaritaville at Sea en diciembre del 2023, se someti\u00f3 a su acondicionamiento y reformaci\u00f3n para la marca en un astillero en Belfast, Irlanda, hasta junio de este a\u00f1o, fecha en la que inici\u00f3 operaciones comerciales oficialmente.<\/p>\n<p><strong>Leer tambi\u00e9n: <\/strong><strong><a href=\"https:\/\/reporteroshoy.mx\/noticias\/cuarta-edicion-del-festival-del-globo-maya\/\">Cuarta edici\u00f3n del Festival del Globo Maya<\/a><\/strong><\/p>\n<p style=\"text-align: justify;\">El itinerario de esta embarcaci\u00f3n consta de 5 d\u00edas de viaje desde Tampa, Florida, teniendo como primera parada el Keywest del mismo estado, para luego hacer el recorrido hasta tierras yucatecas y atracar en Puerto Progreso donde permanecer\u00e1 este d\u00eda hasta las 15:00 horas para luego dirigirse a Cozumel, Quintana Roo y posteriormente realizar el mismo trayecto directo al punto de partida.<\/p>\n","protected":false},"excerpt":{"rendered":"<p>Yucat\u00e1n es un punto atractivo para el turismo internacional y con ello viene la derrama econ\u00f3mica que favorece a los yucatecos y prueba de ello es el arribo, por primera ocasi\u00f3n, del crucero Islander de la naviera Margaritaville at Sea el cual atrac\u00f3 en el Puerto de Progreso desde temprana hora con un total de [&hellip;]<\/p>\n","protected":false},"author":5,"featured_media":114801,"comment_status":"open","ping_status":"closed","sticky":false,"template":"","format":"standard","meta":{"footnotes":""},"categories":[17],"tags":[9742,26403,113],"class_list":["post-114806","post","type-post","status-publish","format-standard","has-post-thumbnail","hentry","category-yucatan","tag-crucero","tag-islander","tag-progreso"],"yoast_head":"<!-- This site is optimized with the Yoast SEO plugin v28.4 - https:\/\/yoast.com\/product\/yoast-seo-wordpress\/ -->\n<title>Llega por primera ocasi\u00f3n el crucero Islander<\/title>\n<meta name=\"description\" content=\"El Islander arrib\u00f3 al Puerto de Progreso con un total de 2,931 visitantes entre los pasajeros y los tripulantes de la embarcaci\u00f3n.\" \/>\n<meta name=\"robots\" content=\"index, follow, max-snippet:-1, max-image-preview:large, max-video-preview:-1\" \/>\n<link rel=\"canonical\" href=\"https:\/\/reporteroshoy.mx\/noticias\/llega-por-primera-ocasion-el-crucero-islander\/\" \/>\n<meta property=\"og:locale\" content=\"es_ES\" \/>\n<meta property=\"og:type\" content=\"article\" \/>\n<meta property=\"og:title\" content=\"Llega por primera ocasi\u00f3n el crucero Islander\" \/>\n<meta property=\"og:description\" content=\"El Islander arrib\u00f3 al Puerto de Progreso con un total de 2,931 visitantes entre los pasajeros y los tripulantes de la embarcaci\u00f3n.\" \/>\n<meta property=\"og:url\" content=\"https:\/\/reporteroshoy.mx\/noticias\/llega-por-primera-ocasion-el-crucero-islander\/\" \/>\n<meta property=\"og:site_name\" content=\"Reporteros Hoy | Noticias de Yucat\u00e1n\" \/>\n<meta property=\"article:publisher\" content=\"http:\/\/www.facebook.com\/reporteroshoymx\" \/>\n<meta property=\"article:published_time\" content=\"2024-07-18T21:02:31+00:00\" \/>\n<meta property=\"article:modified_time\" content=\"2024-07-23T19:51:32+00:00\" \/>\n<meta property=\"og:image\" content=\"https:\/\/reporteroshoy.mx\/noticias\/wp-content\/uploads\/2024\/07\/ISLANDER-2-scaled.jpg\" \/>\n\t<meta property=\"og:image:width\" content=\"768\" \/>\n\t<meta property=\"og:image:height\" content=\"432\" \/>\n\t<meta property=\"og:image:type\" content=\"image\/jpeg\" \/>\n<meta name=\"author\" content=\"Reporteros Hoy IM\" \/>\n<meta name=\"twitter:card\" content=\"summary_large_image\" \/>\n<meta name=\"twitter:creator\" content=\"@reporteroshoy\" \/>\n<meta name=\"twitter:site\" content=\"@reporteroshoy\" \/>\n<meta name=\"twitter:label1\" content=\"Escrito por\" \/>\n\t<meta name=\"twitter:data1\" content=\"Reporteros Hoy IM\" \/>\n\t<meta name=\"twitter:label2\" content=\"Tiempo de lectura\" \/>\n\t<meta name=\"twitter:data2\" content=\"2 minutos\" \/>\n<script type=\"application\/ld+json\" class=\"yoast-schema-graph\">{\"@context\":\"https:\\\/\\\/schema.org\",\"@graph\":[{\"@type\":\"Article\",\"@id\":\"https:\\\/\\\/reporteroshoy.mx\\\/noticias\\\/llega-por-primera-ocasion-el-crucero-islander\\\/#article\",\"isPartOf\":{\"@id\":\"https:\\\/\\\/reporteroshoy.mx\\\/noticias\\\/llega-por-primera-ocasion-el-crucero-islander\\\/\"},\"author\":{\"name\":\"Reporteros Hoy IM\",\"@id\":\"https:\\\/\\\/reporteroshoy.mx\\\/noticias\\\/#\\\/schema\\\/person\\\/948520f0d88b01be2e5266bc4acbbc15\"},\"headline\":\"Llega por primera ocasi\u00f3n el crucero Islander\",\"datePublished\":\"2024-07-18T21:02:31+00:00\",\"dateModified\":\"2024-07-23T19:51:32+00:00\",\"mainEntityOfPage\":{\"@id\":\"https:\\\/\\\/reporteroshoy.mx\\\/noticias\\\/llega-por-primera-ocasion-el-crucero-islander\\\/\"},\"wordCount\":323,\"commentCount\":0,\"image\":{\"@id\":\"https:\\\/\\\/reporteroshoy.mx\\\/noticias\\\/llega-por-primera-ocasion-el-crucero-islander\\\/#primaryimage\"},\"thumbnailUrl\":\"https:\\\/\\\/reporteroshoy.mx\\\/noticias\\\/wp-content\\\/uploads\\\/2024\\\/07\\\/ISLANDER-2-scaled.jpg\",\"keywords\":[\"Crucero\",\"Islander\",\"Progreso\"],\"articleSection\":[\"Yucat\u00e1n\"],\"inLanguage\":\"es\",\"potentialAction\":[{\"@type\":\"CommentAction\",\"name\":\"Comment\",\"target\":[\"https:\\\/\\\/reporteroshoy.mx\\\/noticias\\\/llega-por-primera-ocasion-el-crucero-islander\\\/#respond\"]}]},{\"@type\":\"WebPage\",\"@id\":\"https:\\\/\\\/reporteroshoy.mx\\\/noticias\\\/llega-por-primera-ocasion-el-crucero-islander\\\/\",\"url\":\"https:\\\/\\\/reporteroshoy.mx\\\/noticias\\\/llega-por-primera-ocasion-el-crucero-islander\\\/\",\"name\":\"Llega por primera ocasi\u00f3n el crucero Islander\",\"isPartOf\":{\"@id\":\"https:\\\/\\\/reporteroshoy.mx\\\/noticias\\\/#website\"},\"primaryImageOfPage\":{\"@id\":\"https:\\\/\\\/reporteroshoy.mx\\\/noticias\\\/llega-por-primera-ocasion-el-crucero-islander\\\/#primaryimage\"},\"image\":{\"@id\":\"https:\\\/\\\/reporteroshoy.mx\\\/noticias\\\/llega-por-primera-ocasion-el-crucero-islander\\\/#primaryimage\"},\"thumbnailUrl\":\"https:\\\/\\\/reporteroshoy.mx\\\/noticias\\\/wp-content\\\/uploads\\\/2024\\\/07\\\/ISLANDER-2-scaled.jpg\",\"datePublished\":\"2024-07-18T21:02:31+00:00\",\"dateModified\":\"2024-07-23T19:51:32+00:00\",\"author\":{\"@id\":\"https:\\\/\\\/reporteroshoy.mx\\\/noticias\\\/#\\\/schema\\\/person\\\/948520f0d88b01be2e5266bc4acbbc15\"},\"description\":\"El Islander arrib\u00f3 al Puerto de Progreso con un total de 2,931 visitantes entre los pasajeros y los tripulantes de la embarcaci\u00f3n.\",\"breadcrumb\":{\"@id\":\"https:\\\/\\\/reporteroshoy.mx\\\/noticias\\\/llega-por-primera-ocasion-el-crucero-islander\\\/#breadcrumb\"},\"inLanguage\":\"es\",\"potentialAction\":[{\"@type\":\"ReadAction\",\"target\":[\"https:\\\/\\\/reporteroshoy.mx\\\/noticias\\\/llega-por-primera-ocasion-el-crucero-islander\\\/\"]}]},{\"@type\":\"ImageObject\",\"inLanguage\":\"es\",\"@id\":\"https:\\\/\\\/reporteroshoy.mx\\\/noticias\\\/llega-por-primera-ocasion-el-crucero-islander\\\/#primaryimage\",\"url\":\"https:\\\/\\\/reporteroshoy.mx\\\/noticias\\\/wp-content\\\/uploads\\\/2024\\\/07\\\/ISLANDER-2-scaled.jpg\",\"contentUrl\":\"https:\\\/\\\/reporteroshoy.mx\\\/noticias\\\/wp-content\\\/uploads\\\/2024\\\/07\\\/ISLANDER-2-scaled.jpg\",\"width\":768,\"height\":432},{\"@type\":\"BreadcrumbList\",\"@id\":\"https:\\\/\\\/reporteroshoy.mx\\\/noticias\\\/llega-por-primera-ocasion-el-crucero-islander\\\/#breadcrumb\",\"itemListElement\":[{\"@type\":\"ListItem\",\"position\":1,\"name\":\"Portada\",\"item\":\"https:\\\/\\\/reporteroshoy.mx\\\/noticias\\\/\"},{\"@type\":\"ListItem\",\"position\":2,\"name\":\"Llega por primera ocasi\u00f3n el crucero Islander\"}]},{\"@type\":\"WebSite\",\"@id\":\"https:\\\/\\\/reporteroshoy.mx\\\/noticias\\\/#website\",\"url\":\"https:\\\/\\\/reporteroshoy.mx\\\/noticias\\\/\",\"name\":\"Reporteros Hoy | Noticias de Yucat\u00e1n\",\"description\":\"Peri\u00f3dico digital con noticias diarias desde M\u00e9rida, Yucat\u00e1n para el mundo.\",\"potentialAction\":[{\"@type\":\"SearchAction\",\"target\":{\"@type\":\"EntryPoint\",\"urlTemplate\":\"https:\\\/\\\/reporteroshoy.mx\\\/noticias\\\/?s={search_term_string}\"},\"query-input\":{\"@type\":\"PropertyValueSpecification\",\"valueRequired\":true,\"valueName\":\"search_term_string\"}}],\"inLanguage\":\"es\"},{\"@type\":\"Person\",\"@id\":\"https:\\\/\\\/reporteroshoy.mx\\\/noticias\\\/#\\\/schema\\\/person\\\/948520f0d88b01be2e5266bc4acbbc15\",\"name\":\"Reporteros Hoy IM\",\"image\":{\"@type\":\"ImageObject\",\"inLanguage\":\"es\",\"@id\":\"https:\\\/\\\/secure.gravatar.com\\\/avatar\\\/d843030b96552826ac048bdfe26f2895604b800ed0c880ee55765a74d95dfc65?s=96&d=mm&r=g\",\"url\":\"https:\\\/\\\/secure.gravatar.com\\\/avatar\\\/d843030b96552826ac048bdfe26f2895604b800ed0c880ee55765a74d95dfc65?s=96&d=mm&r=g\",\"contentUrl\":\"https:\\\/\\\/secure.gravatar.com\\\/avatar\\\/d843030b96552826ac048bdfe26f2895604b800ed0c880ee55765a74d95dfc65?s=96&d=mm&r=g\",\"caption\":\"Reporteros Hoy IM\"},\"url\":\"https:\\\/\\\/reporteroshoy.mx\\\/noticias\\\/author\\\/israel\\\/\"}]}<\/script>\n<!-- \/ Yoast SEO plugin. -->","yoast_head_json":{"title":"Llega por primera ocasi\u00f3n el crucero Islander","description":"El Islander arrib\u00f3 al Puerto de Progreso con un total de 2,931 visitantes entre los pasajeros y los tripulantes de la embarcaci\u00f3n.","robots":{"index":"index","follow":"follow","max-snippet":"max-snippet:-1","max-image-preview":"max-image-preview:large","max-video-preview":"max-video-preview:-1"},"canonical":"https:\/\/reporteroshoy.mx\/noticias\/llega-por-primera-ocasion-el-crucero-islander\/","og_locale":"es_ES","og_type":"article","og_title":"Llega por primera ocasi\u00f3n el crucero Islander","og_description":"El Islander arrib\u00f3 al Puerto de Progreso con un total de 2,931 visitantes entre los pasajeros y los tripulantes de la embarcaci\u00f3n.","og_url":"https:\/\/reporteroshoy.mx\/noticias\/llega-por-primera-ocasion-el-crucero-islander\/","og_site_name":"Reporteros Hoy | Noticias de Yucat\u00e1n","article_publisher":"http:\/\/www.facebook.com\/reporteroshoymx","article_published_time":"2024-07-18T21:02:31+00:00","article_modified_time":"2024-07-23T19:51:32+00:00","og_image":[{"width":768,"height":432,"url":"https:\/\/reporteroshoy.mx\/noticias\/wp-content\/uploads\/2024\/07\/ISLANDER-2-scaled.jpg","type":"image\/jpeg"}],"author":"Reporteros Hoy IM","twitter_card":"summary_large_image","twitter_creator":"@reporteroshoy","twitter_site":"@reporteroshoy","twitter_misc":{"Escrito por":"Reporteros Hoy IM","Tiempo de lectura":"2 minutos"},"schema":{"@context":"https:\/\/schema.org","@graph":[{"@type":"Article","@id":"https:\/\/reporteroshoy.mx\/noticias\/llega-por-primera-ocasion-el-crucero-islander\/#article","isPartOf":{"@id":"https:\/\/reporteroshoy.mx\/noticias\/llega-por-primera-ocasion-el-crucero-islander\/"},"author":{"name":"Reporteros Hoy IM","@id":"https:\/\/reporteroshoy.mx\/noticias\/#\/schema\/person\/948520f0d88b01be2e5266bc4acbbc15"},"headline":"Llega por primera ocasi\u00f3n el crucero Islander","datePublished":"2024-07-18T21:02:31+00:00","dateModified":"2024-07-23T19:51:32+00:00","mainEntityOfPage":{"@id":"https:\/\/reporteroshoy.mx\/noticias\/llega-por-primera-ocasion-el-crucero-islander\/"},"wordCount":323,"commentCount":0,"image":{"@id":"https:\/\/reporteroshoy.mx\/noticias\/llega-por-primera-ocasion-el-crucero-islander\/#primaryimage"},"thumbnailUrl":"https:\/\/reporteroshoy.mx\/noticias\/wp-content\/uploads\/2024\/07\/ISLANDER-2-scaled.jpg","keywords":["Crucero","Islander","Progreso"],"articleSection":["Yucat\u00e1n"],"inLanguage":"es","potentialAction":[{"@type":"CommentAction","name":"Comment","target":["https:\/\/reporteroshoy.mx\/noticias\/llega-por-primera-ocasion-el-crucero-islander\/#respond"]}]},{"@type":"WebPage","@id":"https:\/\/reporteroshoy.mx\/noticias\/llega-por-primera-ocasion-el-crucero-islander\/","url":"https:\/\/reporteroshoy.mx\/noticias\/llega-por-primera-ocasion-el-crucero-islander\/","name":"Llega por primera ocasi\u00f3n el crucero Islander","isPartOf":{"@id":"https:\/\/reporteroshoy.mx\/noticias\/#website"},"primaryImageOfPage":{"@id":"https:\/\/reporteroshoy.mx\/noticias\/llega-por-primera-ocasion-el-crucero-islander\/#primaryimage"},"image":{"@id":"https:\/\/reporteroshoy.mx\/noticias\/llega-por-primera-ocasion-el-crucero-islander\/#primaryimage"},"thumbnailUrl":"https:\/\/reporteroshoy.mx\/noticias\/wp-content\/uploads\/2024\/07\/ISLANDER-2-scaled.jpg","datePublished":"2024-07-18T21:02:31+00:00","dateModified":"2024-07-23T19:51:32+00:00","author":{"@id":"https:\/\/reporteroshoy.mx\/noticias\/#\/schema\/person\/948520f0d88b01be2e5266bc4acbbc15"},"description":"El Islander arrib\u00f3 al Puerto de Progreso con un total de 2,931 visitantes entre los pasajeros y los tripulantes de la embarcaci\u00f3n.","breadcrumb":{"@id":"https:\/\/reporteroshoy.mx\/noticias\/llega-por-primera-ocasion-el-crucero-islander\/#breadcrumb"},"inLanguage":"es","potentialAction":[{"@type":"ReadAction","target":["https:\/\/reporteroshoy.mx\/noticias\/llega-por-primera-ocasion-el-crucero-islander\/"]}]},{"@type":"ImageObject","inLanguage":"es","@id":"https:\/\/reporteroshoy.mx\/noticias\/llega-por-primera-ocasion-el-crucero-islander\/#primaryimage","url":"https:\/\/reporteroshoy.mx\/noticias\/wp-content\/uploads\/2024\/07\/ISLANDER-2-scaled.jpg","contentUrl":"https:\/\/reporteroshoy.mx\/noticias\/wp-content\/uploads\/2024\/07\/ISLANDER-2-scaled.jpg","width":768,"height":432},{"@type":"BreadcrumbList","@id":"https:\/\/reporteroshoy.mx\/noticias\/llega-por-primera-ocasion-el-crucero-islander\/#breadcrumb","itemListElement":[{"@type":"ListItem","position":1,"name":"Portada","item":"https:\/\/reporteroshoy.mx\/noticias\/"},{"@type":"ListItem","position":2,"name":"Llega por primera ocasi\u00f3n el crucero Islander"}]},{"@type":"WebSite","@id":"https:\/\/reporteroshoy.mx\/noticias\/#website","url":"https:\/\/reporteroshoy.mx\/noticias\/","name":"Reporteros Hoy | Noticias de Yucat\u00e1n","description":"Peri\u00f3dico digital con noticias diarias desde M\u00e9rida, Yucat\u00e1n para el mundo.","potentialAction":[{"@type":"SearchAction","target":{"@type":"EntryPoint","urlTemplate":"https:\/\/reporteroshoy.mx\/noticias\/?s={search_term_string}"},"query-input":{"@type":"PropertyValueSpecification","valueRequired":true,"valueName":"search_term_string"}}],"inLanguage":"es"},{"@type":"Person","@id":"https:\/\/reporteroshoy.mx\/noticias\/#\/schema\/person\/948520f0d88b01be2e5266bc4acbbc15","name":"Reporteros Hoy IM","image":{"@type":"ImageObject","inLanguage":"es","@id":"https:\/\/secure.gravatar.com\/avatar\/d843030b96552826ac048bdfe26f2895604b800ed0c880ee55765a74d95dfc65?s=96&d=mm&r=g","url":"https:\/\/secure.gravatar.com\/avatar\/d843030b96552826ac048bdfe26f2895604b800ed0c880ee55765a74d95dfc65?s=96&d=mm&r=g","contentUrl":"https:\/\/secure.gravatar.com\/avatar\/d843030b96552826ac048bdfe26f2895604b800ed0c880ee55765a74d95dfc65?s=96&d=mm&r=g","caption":"Reporteros Hoy IM"},"url":"https:\/\/reporteroshoy.mx\/noticias\/author\/israel\/"}]}},"_links":{"self":[{"href":"https:\/\/reporteroshoy.mx\/noticias\/wp-json\/wp\/v2\/posts\/114806","targetHints":{"allow":["GET"]}}],"collection":[{"href":"https:\/\/reporteroshoy.mx\/noticias\/wp-json\/wp\/v2\/posts"}],"about":[{"href":"https:\/\/reporteroshoy.mx\/noticias\/wp-json\/wp\/v2\/types\/post"}],"author":[{"embeddable":true,"href":"https:\/\/reporteroshoy.mx\/noticias\/wp-json\/wp\/v2\/users\/5"}],"replies":[{"embeddable":true,"href":"https:\/\/reporteroshoy.mx\/noticias\/wp-json\/wp\/v2\/comments?post=114806"}],"version-history":[{"count":0,"href":"https:\/\/reporteroshoy.mx\/noticias\/wp-json\/wp\/v2\/posts\/114806\/revisions"}],"wp:featuredmedia":[{"embeddable":true,"href":"https:\/\/reporteroshoy.mx\/noticias\/wp-json\/wp\/v2\/media\/114801"}],"wp:attachment":[{"href":"https:\/\/reporteroshoy.mx\/noticias\/wp-json\/wp\/v2\/media?parent=114806"}],"wp:term":[{"taxonomy":"category","embeddable":true,"href":"https:\/\/reporteroshoy.mx\/noticias\/wp-json\/wp\/v2\/categories?post=114806"},{"taxonomy":"post_tag","embeddable":true,"href":"https:\/\/reporteroshoy.mx\/noticias\/wp-json\/wp\/v2\/tags?post=114806"}],"curies":[{"name":"wp","href":"https:\/\/api.w.org\/{rel}","templated":true}]}}