{"id":115046,"date":"2024-07-31T21:14:11","date_gmt":"2024-08-01T03:14:11","guid":{"rendered":"https:\/\/reporteroshoy.mx\/noticias\/?p=115046"},"modified":"2024-08-01T17:25:28","modified_gmt":"2024-08-01T23:25:28","slug":"super-aki-y-poncho-de-nigris-en-el-verano-reventado-2024","status":"publish","type":"post","link":"https:\/\/reporteroshoy.mx\/noticias\/super-aki-y-poncho-de-nigris-en-el-verano-reventado-2024\/","title":{"rendered":"S\u00faper Ak\u00ed y Poncho De Nigris en el \u201cVerano Reventado 2024\u201d"},"content":{"rendered":"<p>El \u00abVerano Reventado 2024\u00bb de S\u00faper Ak\u00ed, una explosi\u00f3n de ofertas y entretenimiento, fue presentado esta tarde y tiene como embajador al actor e influencer Poncho De Nigris. Esta campa\u00f1a, que incluye promociones de 3&#215;2, 2&#215;1 y 4&#215;3, promete traer alegr\u00eda y ahorro a las familias yucatecas a partir de ma\u00f1ana, 1 de agosto.<\/p>\n<p>La presentaci\u00f3n de De Nigris tuvo lugar esta tarde en la hacienda San Antonio Hool, un patrimonio cultural del siglo XVII, que fue el escenario perfecto para el inicio de esta campa\u00f1a. El actor, quien lleg\u00f3 a las 17:05 horas, se mostr\u00f3 entusiasta y lleno de energ\u00eda, elogiando la seguridad y tranquilidad de Yucat\u00e1n y animando a los yucatecos a preservar sus tradiciones y cultura.<\/p>\n<p>Durante esta emotiva actividad, De Nigris evit\u00f3 hablar sobre su favorito en \u00abLa Casa de los Famosos\u00bb, donde fue protagonista en la edici\u00f3n anterior. En cambio, expres\u00f3 su emoci\u00f3n por ser el embajador del evento y prometi\u00f3 dar lo mejor de s\u00ed para impresionar a todos los participantes. \u00abMe siento muy honrado de que me hayan escogido como embajador 2024 y pondr\u00e9 todo de mi parte para dejarlos bien impresionados\u00bb, declar\u00f3.<\/p>\n<p>Poncho De Nigris disfrut\u00f3 de la tarde en la hacienda, interactuando con influencers locales y medios de comunicaci\u00f3n, e invit\u00f3 a las familias a participar en las din\u00e1micas de \u00abVerano Reventado\u00bb. Adem\u00e1s, prob\u00f3 delicias yucatecas y aprendi\u00f3 palabras locales como \u00abPonte Xux\u00bb, \u00abChich\u00ed\u00bb, \u00abChel\u00bb y \u00abPoc-chuc\u00bb.<\/p>\n<h3>Haz el s\u00faper con Poncho<\/h3>\n<p>Poncho De Nigris encabezar\u00e1 la din\u00e1mica \u00abHaz el S\u00faper\u00bb, en la cual los ganadores podr\u00e1n recibir un monedero de hasta 4 mil pesos. El popular influencer se encontrar\u00e1 con los concursantes ma\u00f1ana, en el S\u00faper Ak\u00ed Oriente a partir de las 12:30 horas, seguido de una firma de aut\u00f3grafos en el S\u00faper Ak\u00ed de Santa Rosa a las 16:30 horas.<\/p>\n<p>El viernes, De Nigris continuar\u00e1 su gira en el S\u00faper Ak\u00ed de Santa F\u00e9 a las 9:30 horas, firmando aut\u00f3grafos en el supermercado de Xcanat\u00fan m\u00e1s tarde. El s\u00e1bado encabezar\u00e1 la din\u00e1mica en S\u00faper San \u00c1ngelo a las 11:30 y finalizar\u00e1 con una firma de aut\u00f3grafos en el S\u00faper Ak\u00ed de Progreso.<\/p>\n<p>S\u00faper Ak\u00ed extender\u00e1 sus actividades el domingo en Campeche y el lunes en Bacalar, Quintana Roo, con m\u00e1s ofertas y sorpresas. \u00abNo se pierdan esta oportunidad de 3&#215;2, 2&#215;1 y 4&#215;3\u00bb, expres\u00f3 De Nigris antes de retirarse a descansar poco despu\u00e9s de las 19 horas.<\/p>\n<h3>\u00bfPor qu\u00e9 comprar en S\u00faper Ak\u00ed?<\/h3>\n<p>Las familias deben elegir S\u00faper Ak\u00ed porque ofrece una combinaci\u00f3n inigualable de precios accesibles, promociones irresistibles y un ambiente acogedor que hace que las compras sean una experiencia agradable.<\/p>\n<p>Con ofertas exclusivas como el \u00abVerano Reventado 2024\u00bb y din\u00e1micas divertidas encabezadas por celebridades como Poncho De Nigris, S\u00faper Ak\u00ed no solo garantiza ahorro, sino tambi\u00e9n entretenimiento y diversi\u00f3n para toda la familia.<\/p>\n<p>Adem\u00e1s, al comprar en S\u00faper Ak\u00ed, los clientes apoyan una empresa comprometida con la comunidad yucateca, que valora la calidad y frescura de sus productos, y que promueve la rica cultura y tradiciones locales.<\/p>\n<p><img loading=\"lazy\" decoding=\"async\" class=\"aligncenter wp-image-115048 size-full\" src=\"https:\/\/reporteroshoy.mx\/noticias\/wp-content\/uploads\/2024\/07\/WhatsApp-Image-2024-07-31-at-8.49.44-PM-scaled.jpeg\" alt=\"S\u00faper Ak\u00ed y Poncho De Nigris en \u201cVerano Reventado 2024\u201d\" width=\"576\" height=\"768\" srcset=\"https:\/\/reporteroshoy.mx\/noticias\/wp-content\/uploads\/2024\/07\/WhatsApp-Image-2024-07-31-at-8.49.44-PM-scaled.jpeg 576w, https:\/\/reporteroshoy.mx\/noticias\/wp-content\/uploads\/2024\/07\/WhatsApp-Image-2024-07-31-at-8.49.44-PM-768x1024.jpeg 768w, https:\/\/reporteroshoy.mx\/noticias\/wp-content\/uploads\/2024\/07\/WhatsApp-Image-2024-07-31-at-8.49.44-PM-1152x1536.jpeg 1152w, https:\/\/reporteroshoy.mx\/noticias\/wp-content\/uploads\/2024\/07\/WhatsApp-Image-2024-07-31-at-8.49.44-PM-1536x2048.jpeg 1536w\" sizes=\"auto, (max-width: 576px) 100vw, 576px\" \/><\/p>\n","protected":false},"excerpt":{"rendered":"<p>El influencer estar\u00e1 este jueves en el S\u00faper Ak\u00ed Oriente a partir de las 12:30 horas y en Santa Rosa a las 16:30 horas.<\/p>\n","protected":false},"author":6,"featured_media":115048,"comment_status":"open","ping_status":"closed","sticky":false,"template":"","format":"standard","meta":{"footnotes":""},"categories":[5],"tags":[26443,11618],"class_list":["post-115046","post","type-post","status-publish","format-standard","has-post-thumbnail","hentry","category-empresas","tag-poncho-de-nigris","tag-super-aki"],"yoast_head":"<!-- This site is optimized with the Yoast SEO plugin v28.3 - https:\/\/yoast.com\/product\/yoast-seo-wordpress\/ -->\n<title>S\u00faper Ak\u00ed y Poncho De Nigris en el \u201cVerano Reventado 2024\u201d<\/title>\n<meta name=\"description\" content=\"El influencer estar\u00e1 este jueves en el S\u00faper Ak\u00ed Oriente a partir de las 12:30 horas y en Santa Rosa a las 16:30 horas.\" \/>\n<meta name=\"robots\" content=\"index, follow, max-snippet:-1, max-image-preview:large, max-video-preview:-1\" \/>\n<link rel=\"canonical\" href=\"https:\/\/reporteroshoy.mx\/noticias\/super-aki-y-poncho-de-nigris-en-el-verano-reventado-2024\/\" \/>\n<meta property=\"og:locale\" content=\"es_ES\" \/>\n<meta property=\"og:type\" content=\"article\" \/>\n<meta property=\"og:title\" content=\"S\u00faper Ak\u00ed y Poncho De Nigris en el \u201cVerano Reventado 2024\u201d\" \/>\n<meta property=\"og:description\" content=\"El influencer estar\u00e1 este jueves en el S\u00faper Ak\u00ed Oriente a partir de las 12:30 horas y en Santa Rosa a las 16:30 horas.\" \/>\n<meta property=\"og:url\" content=\"https:\/\/reporteroshoy.mx\/noticias\/super-aki-y-poncho-de-nigris-en-el-verano-reventado-2024\/\" \/>\n<meta property=\"og:site_name\" content=\"Reporteros Hoy | Noticias de Yucat\u00e1n\" \/>\n<meta property=\"article:publisher\" content=\"http:\/\/www.facebook.com\/reporteroshoymx\" \/>\n<meta property=\"article:published_time\" content=\"2024-08-01T03:14:11+00:00\" \/>\n<meta property=\"article:modified_time\" content=\"2024-08-01T23:25:28+00:00\" \/>\n<meta property=\"og:image\" content=\"https:\/\/reporteroshoy.mx\/noticias\/wp-content\/uploads\/2024\/07\/WhatsApp-Image-2024-07-31-at-8.49.44-PM-scaled.jpeg\" \/>\n\t<meta property=\"og:image:width\" content=\"576\" \/>\n\t<meta property=\"og:image:height\" content=\"768\" \/>\n\t<meta property=\"og:image:type\" content=\"image\/jpeg\" \/>\n<meta name=\"author\" content=\"Reporteros Hoy GS\" \/>\n<meta name=\"twitter:card\" content=\"summary_large_image\" \/>\n<meta name=\"twitter:creator\" content=\"@reporteroshoy\" \/>\n<meta name=\"twitter:site\" content=\"@reporteroshoy\" \/>\n<meta name=\"twitter:label1\" content=\"Escrito por\" \/>\n\t<meta name=\"twitter:data1\" content=\"Reporteros Hoy GS\" \/>\n\t<meta name=\"twitter:label2\" content=\"Tiempo de lectura\" \/>\n\t<meta name=\"twitter:data2\" content=\"3 minutos\" \/>\n<script type=\"application\/ld+json\" class=\"yoast-schema-graph\">{\"@context\":\"https:\\\/\\\/schema.org\",\"@graph\":[{\"@type\":\"Article\",\"@id\":\"https:\\\/\\\/reporteroshoy.mx\\\/noticias\\\/super-aki-y-poncho-de-nigris-en-el-verano-reventado-2024\\\/#article\",\"isPartOf\":{\"@id\":\"https:\\\/\\\/reporteroshoy.mx\\\/noticias\\\/super-aki-y-poncho-de-nigris-en-el-verano-reventado-2024\\\/\"},\"author\":{\"name\":\"Reporteros Hoy GS\",\"@id\":\"https:\\\/\\\/reporteroshoy.mx\\\/noticias\\\/#\\\/schema\\\/person\\\/49ae631fc906b44554e4ba3866c505d7\"},\"headline\":\"S\u00faper Ak\u00ed y Poncho De Nigris en el \u201cVerano Reventado 2024\u201d\",\"datePublished\":\"2024-08-01T03:14:11+00:00\",\"dateModified\":\"2024-08-01T23:25:28+00:00\",\"mainEntityOfPage\":{\"@id\":\"https:\\\/\\\/reporteroshoy.mx\\\/noticias\\\/super-aki-y-poncho-de-nigris-en-el-verano-reventado-2024\\\/\"},\"wordCount\":543,\"commentCount\":0,\"image\":{\"@id\":\"https:\\\/\\\/reporteroshoy.mx\\\/noticias\\\/super-aki-y-poncho-de-nigris-en-el-verano-reventado-2024\\\/#primaryimage\"},\"thumbnailUrl\":\"https:\\\/\\\/reporteroshoy.mx\\\/noticias\\\/wp-content\\\/uploads\\\/2024\\\/07\\\/WhatsApp-Image-2024-07-31-at-8.49.44-PM-scaled.jpeg\",\"keywords\":[\"Poncho De Nigris\",\"S\u00faper Aki\"],\"articleSection\":[\"Empresas\"],\"inLanguage\":\"es\",\"potentialAction\":[{\"@type\":\"CommentAction\",\"name\":\"Comment\",\"target\":[\"https:\\\/\\\/reporteroshoy.mx\\\/noticias\\\/super-aki-y-poncho-de-nigris-en-el-verano-reventado-2024\\\/#respond\"]}]},{\"@type\":\"WebPage\",\"@id\":\"https:\\\/\\\/reporteroshoy.mx\\\/noticias\\\/super-aki-y-poncho-de-nigris-en-el-verano-reventado-2024\\\/\",\"url\":\"https:\\\/\\\/reporteroshoy.mx\\\/noticias\\\/super-aki-y-poncho-de-nigris-en-el-verano-reventado-2024\\\/\",\"name\":\"S\u00faper Ak\u00ed y Poncho De Nigris en el \u201cVerano Reventado 2024\u201d\",\"isPartOf\":{\"@id\":\"https:\\\/\\\/reporteroshoy.mx\\\/noticias\\\/#website\"},\"primaryImageOfPage\":{\"@id\":\"https:\\\/\\\/reporteroshoy.mx\\\/noticias\\\/super-aki-y-poncho-de-nigris-en-el-verano-reventado-2024\\\/#primaryimage\"},\"image\":{\"@id\":\"https:\\\/\\\/reporteroshoy.mx\\\/noticias\\\/super-aki-y-poncho-de-nigris-en-el-verano-reventado-2024\\\/#primaryimage\"},\"thumbnailUrl\":\"https:\\\/\\\/reporteroshoy.mx\\\/noticias\\\/wp-content\\\/uploads\\\/2024\\\/07\\\/WhatsApp-Image-2024-07-31-at-8.49.44-PM-scaled.jpeg\",\"datePublished\":\"2024-08-01T03:14:11+00:00\",\"dateModified\":\"2024-08-01T23:25:28+00:00\",\"author\":{\"@id\":\"https:\\\/\\\/reporteroshoy.mx\\\/noticias\\\/#\\\/schema\\\/person\\\/49ae631fc906b44554e4ba3866c505d7\"},\"description\":\"El influencer estar\u00e1 este jueves en el S\u00faper Ak\u00ed Oriente a partir de las 12:30 horas y en Santa Rosa a las 16:30 horas.\",\"breadcrumb\":{\"@id\":\"https:\\\/\\\/reporteroshoy.mx\\\/noticias\\\/super-aki-y-poncho-de-nigris-en-el-verano-reventado-2024\\\/#breadcrumb\"},\"inLanguage\":\"es\",\"potentialAction\":[{\"@type\":\"ReadAction\",\"target\":[\"https:\\\/\\\/reporteroshoy.mx\\\/noticias\\\/super-aki-y-poncho-de-nigris-en-el-verano-reventado-2024\\\/\"]}]},{\"@type\":\"ImageObject\",\"inLanguage\":\"es\",\"@id\":\"https:\\\/\\\/reporteroshoy.mx\\\/noticias\\\/super-aki-y-poncho-de-nigris-en-el-verano-reventado-2024\\\/#primaryimage\",\"url\":\"https:\\\/\\\/reporteroshoy.mx\\\/noticias\\\/wp-content\\\/uploads\\\/2024\\\/07\\\/WhatsApp-Image-2024-07-31-at-8.49.44-PM-scaled.jpeg\",\"contentUrl\":\"https:\\\/\\\/reporteroshoy.mx\\\/noticias\\\/wp-content\\\/uploads\\\/2024\\\/07\\\/WhatsApp-Image-2024-07-31-at-8.49.44-PM-scaled.jpeg\",\"width\":576,\"height\":768},{\"@type\":\"BreadcrumbList\",\"@id\":\"https:\\\/\\\/reporteroshoy.mx\\\/noticias\\\/super-aki-y-poncho-de-nigris-en-el-verano-reventado-2024\\\/#breadcrumb\",\"itemListElement\":[{\"@type\":\"ListItem\",\"position\":1,\"name\":\"Portada\",\"item\":\"https:\\\/\\\/reporteroshoy.mx\\\/noticias\\\/\"},{\"@type\":\"ListItem\",\"position\":2,\"name\":\"S\u00faper Ak\u00ed y Poncho De Nigris en el \u201cVerano Reventado 2024\u201d\"}]},{\"@type\":\"WebSite\",\"@id\":\"https:\\\/\\\/reporteroshoy.mx\\\/noticias\\\/#website\",\"url\":\"https:\\\/\\\/reporteroshoy.mx\\\/noticias\\\/\",\"name\":\"Reporteros Hoy | Noticias de Yucat\u00e1n\",\"description\":\"Peri\u00f3dico digital con noticias diarias desde M\u00e9rida, Yucat\u00e1n para el mundo.\",\"potentialAction\":[{\"@type\":\"SearchAction\",\"target\":{\"@type\":\"EntryPoint\",\"urlTemplate\":\"https:\\\/\\\/reporteroshoy.mx\\\/noticias\\\/?s={search_term_string}\"},\"query-input\":{\"@type\":\"PropertyValueSpecification\",\"valueRequired\":true,\"valueName\":\"search_term_string\"}}],\"inLanguage\":\"es\"},{\"@type\":\"Person\",\"@id\":\"https:\\\/\\\/reporteroshoy.mx\\\/noticias\\\/#\\\/schema\\\/person\\\/49ae631fc906b44554e4ba3866c505d7\",\"name\":\"Reporteros Hoy GS\",\"image\":{\"@type\":\"ImageObject\",\"inLanguage\":\"es\",\"@id\":\"https:\\\/\\\/secure.gravatar.com\\\/avatar\\\/00d32adb620345c3db2cfc175917f65c584e1e338fdc49ad126aa1f9830eb6a9?s=96&d=mm&r=g\",\"url\":\"https:\\\/\\\/secure.gravatar.com\\\/avatar\\\/00d32adb620345c3db2cfc175917f65c584e1e338fdc49ad126aa1f9830eb6a9?s=96&d=mm&r=g\",\"contentUrl\":\"https:\\\/\\\/secure.gravatar.com\\\/avatar\\\/00d32adb620345c3db2cfc175917f65c584e1e338fdc49ad126aa1f9830eb6a9?s=96&d=mm&r=g\",\"caption\":\"Reporteros Hoy GS\"},\"url\":\"https:\\\/\\\/reporteroshoy.mx\\\/noticias\\\/author\\\/lupis\\\/\"}]}<\/script>\n<!-- \/ Yoast SEO plugin. -->","yoast_head_json":{"title":"S\u00faper Ak\u00ed y Poncho De Nigris en el \u201cVerano Reventado 2024\u201d","description":"El influencer estar\u00e1 este jueves en el S\u00faper Ak\u00ed Oriente a partir de las 12:30 horas y en Santa Rosa a las 16:30 horas.","robots":{"index":"index","follow":"follow","max-snippet":"max-snippet:-1","max-image-preview":"max-image-preview:large","max-video-preview":"max-video-preview:-1"},"canonical":"https:\/\/reporteroshoy.mx\/noticias\/super-aki-y-poncho-de-nigris-en-el-verano-reventado-2024\/","og_locale":"es_ES","og_type":"article","og_title":"S\u00faper Ak\u00ed y Poncho De Nigris en el \u201cVerano Reventado 2024\u201d","og_description":"El influencer estar\u00e1 este jueves en el S\u00faper Ak\u00ed Oriente a partir de las 12:30 horas y en Santa Rosa a las 16:30 horas.","og_url":"https:\/\/reporteroshoy.mx\/noticias\/super-aki-y-poncho-de-nigris-en-el-verano-reventado-2024\/","og_site_name":"Reporteros Hoy | Noticias de Yucat\u00e1n","article_publisher":"http:\/\/www.facebook.com\/reporteroshoymx","article_published_time":"2024-08-01T03:14:11+00:00","article_modified_time":"2024-08-01T23:25:28+00:00","og_image":[{"width":576,"height":768,"url":"https:\/\/reporteroshoy.mx\/noticias\/wp-content\/uploads\/2024\/07\/WhatsApp-Image-2024-07-31-at-8.49.44-PM-scaled.jpeg","type":"image\/jpeg"}],"author":"Reporteros Hoy GS","twitter_card":"summary_large_image","twitter_creator":"@reporteroshoy","twitter_site":"@reporteroshoy","twitter_misc":{"Escrito por":"Reporteros Hoy GS","Tiempo de lectura":"3 minutos"},"schema":{"@context":"https:\/\/schema.org","@graph":[{"@type":"Article","@id":"https:\/\/reporteroshoy.mx\/noticias\/super-aki-y-poncho-de-nigris-en-el-verano-reventado-2024\/#article","isPartOf":{"@id":"https:\/\/reporteroshoy.mx\/noticias\/super-aki-y-poncho-de-nigris-en-el-verano-reventado-2024\/"},"author":{"name":"Reporteros Hoy GS","@id":"https:\/\/reporteroshoy.mx\/noticias\/#\/schema\/person\/49ae631fc906b44554e4ba3866c505d7"},"headline":"S\u00faper Ak\u00ed y Poncho De Nigris en el \u201cVerano Reventado 2024\u201d","datePublished":"2024-08-01T03:14:11+00:00","dateModified":"2024-08-01T23:25:28+00:00","mainEntityOfPage":{"@id":"https:\/\/reporteroshoy.mx\/noticias\/super-aki-y-poncho-de-nigris-en-el-verano-reventado-2024\/"},"wordCount":543,"commentCount":0,"image":{"@id":"https:\/\/reporteroshoy.mx\/noticias\/super-aki-y-poncho-de-nigris-en-el-verano-reventado-2024\/#primaryimage"},"thumbnailUrl":"https:\/\/reporteroshoy.mx\/noticias\/wp-content\/uploads\/2024\/07\/WhatsApp-Image-2024-07-31-at-8.49.44-PM-scaled.jpeg","keywords":["Poncho De Nigris","S\u00faper Aki"],"articleSection":["Empresas"],"inLanguage":"es","potentialAction":[{"@type":"CommentAction","name":"Comment","target":["https:\/\/reporteroshoy.mx\/noticias\/super-aki-y-poncho-de-nigris-en-el-verano-reventado-2024\/#respond"]}]},{"@type":"WebPage","@id":"https:\/\/reporteroshoy.mx\/noticias\/super-aki-y-poncho-de-nigris-en-el-verano-reventado-2024\/","url":"https:\/\/reporteroshoy.mx\/noticias\/super-aki-y-poncho-de-nigris-en-el-verano-reventado-2024\/","name":"S\u00faper Ak\u00ed y Poncho De Nigris en el \u201cVerano Reventado 2024\u201d","isPartOf":{"@id":"https:\/\/reporteroshoy.mx\/noticias\/#website"},"primaryImageOfPage":{"@id":"https:\/\/reporteroshoy.mx\/noticias\/super-aki-y-poncho-de-nigris-en-el-verano-reventado-2024\/#primaryimage"},"image":{"@id":"https:\/\/reporteroshoy.mx\/noticias\/super-aki-y-poncho-de-nigris-en-el-verano-reventado-2024\/#primaryimage"},"thumbnailUrl":"https:\/\/reporteroshoy.mx\/noticias\/wp-content\/uploads\/2024\/07\/WhatsApp-Image-2024-07-31-at-8.49.44-PM-scaled.jpeg","datePublished":"2024-08-01T03:14:11+00:00","dateModified":"2024-08-01T23:25:28+00:00","author":{"@id":"https:\/\/reporteroshoy.mx\/noticias\/#\/schema\/person\/49ae631fc906b44554e4ba3866c505d7"},"description":"El influencer estar\u00e1 este jueves en el S\u00faper Ak\u00ed Oriente a partir de las 12:30 horas y en Santa Rosa a las 16:30 horas.","breadcrumb":{"@id":"https:\/\/reporteroshoy.mx\/noticias\/super-aki-y-poncho-de-nigris-en-el-verano-reventado-2024\/#breadcrumb"},"inLanguage":"es","potentialAction":[{"@type":"ReadAction","target":["https:\/\/reporteroshoy.mx\/noticias\/super-aki-y-poncho-de-nigris-en-el-verano-reventado-2024\/"]}]},{"@type":"ImageObject","inLanguage":"es","@id":"https:\/\/reporteroshoy.mx\/noticias\/super-aki-y-poncho-de-nigris-en-el-verano-reventado-2024\/#primaryimage","url":"https:\/\/reporteroshoy.mx\/noticias\/wp-content\/uploads\/2024\/07\/WhatsApp-Image-2024-07-31-at-8.49.44-PM-scaled.jpeg","contentUrl":"https:\/\/reporteroshoy.mx\/noticias\/wp-content\/uploads\/2024\/07\/WhatsApp-Image-2024-07-31-at-8.49.44-PM-scaled.jpeg","width":576,"height":768},{"@type":"BreadcrumbList","@id":"https:\/\/reporteroshoy.mx\/noticias\/super-aki-y-poncho-de-nigris-en-el-verano-reventado-2024\/#breadcrumb","itemListElement":[{"@type":"ListItem","position":1,"name":"Portada","item":"https:\/\/reporteroshoy.mx\/noticias\/"},{"@type":"ListItem","position":2,"name":"S\u00faper Ak\u00ed y Poncho De Nigris en el \u201cVerano Reventado 2024\u201d"}]},{"@type":"WebSite","@id":"https:\/\/reporteroshoy.mx\/noticias\/#website","url":"https:\/\/reporteroshoy.mx\/noticias\/","name":"Reporteros Hoy | Noticias de Yucat\u00e1n","description":"Peri\u00f3dico digital con noticias diarias desde M\u00e9rida, Yucat\u00e1n para el mundo.","potentialAction":[{"@type":"SearchAction","target":{"@type":"EntryPoint","urlTemplate":"https:\/\/reporteroshoy.mx\/noticias\/?s={search_term_string}"},"query-input":{"@type":"PropertyValueSpecification","valueRequired":true,"valueName":"search_term_string"}}],"inLanguage":"es"},{"@type":"Person","@id":"https:\/\/reporteroshoy.mx\/noticias\/#\/schema\/person\/49ae631fc906b44554e4ba3866c505d7","name":"Reporteros Hoy GS","image":{"@type":"ImageObject","inLanguage":"es","@id":"https:\/\/secure.gravatar.com\/avatar\/00d32adb620345c3db2cfc175917f65c584e1e338fdc49ad126aa1f9830eb6a9?s=96&d=mm&r=g","url":"https:\/\/secure.gravatar.com\/avatar\/00d32adb620345c3db2cfc175917f65c584e1e338fdc49ad126aa1f9830eb6a9?s=96&d=mm&r=g","contentUrl":"https:\/\/secure.gravatar.com\/avatar\/00d32adb620345c3db2cfc175917f65c584e1e338fdc49ad126aa1f9830eb6a9?s=96&d=mm&r=g","caption":"Reporteros Hoy GS"},"url":"https:\/\/reporteroshoy.mx\/noticias\/author\/lupis\/"}]}},"_links":{"self":[{"href":"https:\/\/reporteroshoy.mx\/noticias\/wp-json\/wp\/v2\/posts\/115046","targetHints":{"allow":["GET"]}}],"collection":[{"href":"https:\/\/reporteroshoy.mx\/noticias\/wp-json\/wp\/v2\/posts"}],"about":[{"href":"https:\/\/reporteroshoy.mx\/noticias\/wp-json\/wp\/v2\/types\/post"}],"author":[{"embeddable":true,"href":"https:\/\/reporteroshoy.mx\/noticias\/wp-json\/wp\/v2\/users\/6"}],"replies":[{"embeddable":true,"href":"https:\/\/reporteroshoy.mx\/noticias\/wp-json\/wp\/v2\/comments?post=115046"}],"version-history":[{"count":0,"href":"https:\/\/reporteroshoy.mx\/noticias\/wp-json\/wp\/v2\/posts\/115046\/revisions"}],"wp:featuredmedia":[{"embeddable":true,"href":"https:\/\/reporteroshoy.mx\/noticias\/wp-json\/wp\/v2\/media\/115048"}],"wp:attachment":[{"href":"https:\/\/reporteroshoy.mx\/noticias\/wp-json\/wp\/v2\/media?parent=115046"}],"wp:term":[{"taxonomy":"category","embeddable":true,"href":"https:\/\/reporteroshoy.mx\/noticias\/wp-json\/wp\/v2\/categories?post=115046"},{"taxonomy":"post_tag","embeddable":true,"href":"https:\/\/reporteroshoy.mx\/noticias\/wp-json\/wp\/v2\/tags?post=115046"}],"curies":[{"name":"wp","href":"https:\/\/api.w.org\/{rel}","templated":true}]}}