{"id":115346,"date":"2024-08-13T22:57:01","date_gmt":"2024-08-14T04:57:01","guid":{"rendered":"https:\/\/reporteroshoy.mx\/noticias\/?p=115346"},"modified":"2024-08-14T23:17:28","modified_gmt":"2024-08-15T05:17:28","slug":"presentan-oficialmente-la-letra-actualizada-del-himno-yucateco","status":"publish","type":"post","link":"https:\/\/reporteroshoy.mx\/noticias\/presentan-oficialmente-la-letra-actualizada-del-himno-yucateco\/","title":{"rendered":"Presentan oficialmente la letra actualizada del Himno Yucateco"},"content":{"rendered":"<p style=\"text-align: justify;\">En ceremonia celebrada en el Palacio de la M\u00fasica \u2013 Centro Nacional de la M\u00fasica Mexicana, se present\u00f3 oficialmente la letra actualizada del Himno Yucateco.<\/p>\n<p style=\"text-align: justify;\">Al emitir el decreto que da vigencia a la ley de los s\u00edmbolos del estado, el gobernador Mauricio Vila Dosal dijo que la nueva legislaci\u00f3n se regula el uso oficial y particular, difusi\u00f3n, reproducci\u00f3n y caracter\u00edsticas.<\/p>\n<p><img loading=\"lazy\" decoding=\"async\" class=\"alignnone size-full wp-image-115348\" src=\"https:\/\/reporteroshoy.mx\/noticias\/wp-content\/uploads\/2024\/08\/Imagen-de-WhatsApp-2024-08-13-a-las-22.04.57_db2eec32-scaled.jpg\" alt=\"\" width=\"768\" height=\"745\" \/><\/p>\n<p style=\"text-align: justify;\">Explic\u00f3 que, como parte de esta ley, cada 16 de marzo ser\u00e1 considerado como el \u201cD\u00eda de la Bandera del Estado de Yucat\u00e1n\u201d, esto por ser la primera vez que esta bandera se iz\u00f3, seg\u00fan los hechos hist\u00f3ricos.<\/p>\n<p style=\"text-align: justify;\">Con respecto al escudo, se establecen las caracter\u00edsticas espec\u00edficas, detallando sus elementos y colores, garantizando que se respete su dise\u00f1o original en todas sus representaciones y se utilice de una forma adecuada en documentos oficiales.<\/p>\n<h3><strong>Letra actualizada<\/strong><\/h3>\n<p style=\"text-align: justify;\">En cuanto al Himno Yucateco, se actualiz\u00f3 la letra y se hicieron arreglos a su m\u00fasica original para que represente de mejor forma nuestra cultura, valores, tradiciones e historia.<\/p>\n<p style=\"text-align: justify;\">Para ello, se instal\u00f3 una Comisi\u00f3n Estatal integrada por artistas yucatecos del \u00e1mbito literario, cultural, musical e hist\u00f3rico, as\u00ed como representantes de los tres poderes del Estado quienes supervisaron la renovaci\u00f3n de la letra, buscando adaptarla a la actualidad, ya que la versi\u00f3n original, escrita hace 157 a\u00f1os, no reflejaba completamente nuestra identidad como yucatecos. Y aunque la letra es nueva, dijo, se conserv\u00f3 la m\u00fasica original del autor Jos\u00e9 Jacinto Cuevas.<\/p>\n<p style=\"text-align: justify;\">Tras la interpretaci\u00f3n en espa\u00f1ol y maya del Himno de Yucat\u00e1n a cargo de la Banda de M\u00fasica del Estado, dirigida por Luis Koyoc Canch\u00e9 y cuya letra es de Luis P\u00e9rez Sabido, con arreglos musicales de Pedro Carlos Herrera, el Gobernador inform\u00f3 que para garantizar que nuestros s\u00edmbolos yucatecos sean preservados en las futuras generaciones, instruy\u00f3 a la Secretar\u00eda de Educaci\u00f3n\u00a0 (Segey) para ser la encargada de promover que en todas las escuelas p\u00fablicas de Yucat\u00e1n se ense\u00f1e a ni\u00f1as y ni\u00f1os el contenido y la historia de estos s\u00edmbolos yucatecos.<\/p>\n<p style=\"text-align: justify;\">Adem\u00e1s, indic\u00f3 la Secretar\u00eda General de Gobierno, se encargar\u00e1 de asegurar la correcta implementaci\u00f3n, regulaci\u00f3n e interpretaci\u00f3n de estos tres s\u00edmbolos, garantizando que se utilicen adecuadamente en los espacios p\u00fablicos.<\/p>\n<p><img loading=\"lazy\" decoding=\"async\" class=\"alignnone size-full wp-image-115347\" src=\"https:\/\/reporteroshoy.mx\/noticias\/wp-content\/uploads\/2024\/08\/Imagen-de-WhatsApp-2024-08-13-a-las-22.04.56_6d1af25c-scaled.jpg\" alt=\"\" width=\"768\" height=\"556\" srcset=\"https:\/\/reporteroshoy.mx\/noticias\/wp-content\/uploads\/2024\/08\/Imagen-de-WhatsApp-2024-08-13-a-las-22.04.56_6d1af25c-scaled.jpg 768w, https:\/\/reporteroshoy.mx\/noticias\/wp-content\/uploads\/2024\/08\/Imagen-de-WhatsApp-2024-08-13-a-las-22.04.56_6d1af25c-324x235.jpg 324w\" sizes=\"auto, (max-width: 768px) 100vw, 768px\" \/><\/p>\n<h3><strong>\u00bfD\u00f3nde se podr\u00e1 entonar el Himno Yucateco?<\/strong><\/h3>\n<p style=\"text-align: justify;\">En cuanto a la ley local se establece que se usar\u00e1 en festividades c\u00edvicas o ceremonias oficiales, siempre y cuando est\u00e9 presente la nacional.<\/p>\n<p style=\"text-align: justify;\">Las personas podr\u00e1n emplearla con pleno respeto a lo se\u00f1alado en esta norma; sin embargo, no podr\u00e1n utilizarla para promover la comercializaci\u00f3n o venta de bienes o servicios, entre otros lineamientos.<\/p>\n<p><strong>Leer tambi\u00e9n: <\/strong><strong><a href=\"https:\/\/reporteroshoy.mx\/noticias\/congreso-oficializa-yucatan-con-escudo-bandera-e-himno\/\">Congreso oficializa: Yucat\u00e1n con escudo, bandera e himno<\/a><\/strong><\/p>\n<p style=\"text-align: justify;\">La normativa tambi\u00e9n indica que las autoridades podr\u00e1n hacer uso oficial del escudo sin que se requiera autorizaci\u00f3n de la SGG, mientras que los particulares deber\u00e1n contar con previa autorizaci\u00f3n y apeg\u00e1ndose a las disposiciones legales.<\/p>\n<p style=\"text-align: justify;\">En cuanto a la ejecuci\u00f3n, canto y reproducci\u00f3n del himno, la ley establece que se deber\u00e1 apegar a su letra y m\u00fasica, y se har\u00e1 siempre de manera respetuosa, en un \u00e1mbito que permita observar la debida solemnidad ya sea en actos de car\u00e1cter oficial, c\u00edvico, cultural, escolar o deportivo, y para rendir honores a la bandera estatal y siempre se interpretar\u00e1 despu\u00e9s de haberse cantado el Himno Nacional Mexicano.<\/p>\n<p style=\"text-align: justify;\">En el sitio\u00a0<a href=\"http:\/\/www.yucatan.gob.mx\/simbolosyucatecos\"><strong>www.yucatan.gob.mx\/simbolosyucatecos<\/strong><\/a> se encuentran para consulta y descarga gratuita los S\u00edmbolos de Yucat\u00e1n: Escudo, Bandera e Himno en sus versiones instrumentales (orquesta, banda y piano), con las ejecuciones de la Banda de M\u00fasica del Estado, dirigida por Luis Koyoc Canch\u00e9; la Orquesta Sinf\u00f3nica de Yucat\u00e1n, bajo la direcci\u00f3n de Jos\u00e9 Are\u00e1n; el Coro de C\u00e1mara de Yucat\u00e1n, dirigido por Jonath\u00e1n Renter\u00eda Vald\u00e9s, y el pianista Alberto \u00c1lvarez.<\/p>\n<p style=\"text-align: justify;\">\n","protected":false},"excerpt":{"rendered":"<p>La letra actualizada es de Luis P\u00e9rez Sabido, con arreglos musicales de Pedro Carlos Herrera, y se entonar\u00e1 en actos oficiales. <\/p>\n","protected":false},"author":5,"featured_media":115348,"comment_status":"open","ping_status":"closed","sticky":false,"template":"","format":"standard","meta":{"footnotes":""},"categories":[17],"tags":[759,26499,23],"class_list":["post-115346","post","type-post","status-publish","format-standard","has-post-thumbnail","hentry","category-yucatan","tag-himno","tag-simbolos","tag-yucatan"],"yoast_head":"<!-- This site is optimized with the Yoast SEO plugin v28.3 - https:\/\/yoast.com\/product\/yoast-seo-wordpress\/ -->\n<title>Presentan oficialmente la letra actualizada del Himno Yucateco<\/title>\n<meta name=\"description\" content=\"La letra actualizada es de Luis P\u00e9rez Sabido, con arreglos musicales de Pedro Carlos Herrera, y se entonar\u00e1 en actos oficiales.\" \/>\n<meta name=\"robots\" content=\"index, follow, max-snippet:-1, max-image-preview:large, max-video-preview:-1\" \/>\n<link rel=\"canonical\" href=\"https:\/\/reporteroshoy.mx\/noticias\/presentan-oficialmente-la-letra-actualizada-del-himno-yucateco\/\" \/>\n<meta property=\"og:locale\" content=\"es_ES\" \/>\n<meta property=\"og:type\" content=\"article\" \/>\n<meta property=\"og:title\" content=\"Presentan oficialmente la letra actualizada del Himno Yucateco\" \/>\n<meta property=\"og:description\" content=\"La letra actualizada es de Luis P\u00e9rez Sabido, con arreglos musicales de Pedro Carlos Herrera, y se entonar\u00e1 en actos oficiales.\" \/>\n<meta property=\"og:url\" content=\"https:\/\/reporteroshoy.mx\/noticias\/presentan-oficialmente-la-letra-actualizada-del-himno-yucateco\/\" \/>\n<meta property=\"og:site_name\" content=\"Reporteros Hoy | Noticias de Yucat\u00e1n\" \/>\n<meta property=\"article:publisher\" content=\"http:\/\/www.facebook.com\/reporteroshoymx\" \/>\n<meta property=\"article:published_time\" content=\"2024-08-14T04:57:01+00:00\" \/>\n<meta property=\"article:modified_time\" content=\"2024-08-15T05:17:28+00:00\" \/>\n<meta property=\"og:image\" content=\"https:\/\/reporteroshoy.mx\/noticias\/wp-content\/uploads\/2024\/08\/Imagen-de-WhatsApp-2024-08-13-a-las-22.04.57_db2eec32-scaled.jpg\" \/>\n\t<meta property=\"og:image:width\" content=\"768\" \/>\n\t<meta property=\"og:image:height\" content=\"745\" \/>\n\t<meta property=\"og:image:type\" content=\"image\/jpeg\" \/>\n<meta name=\"author\" content=\"Reporteros Hoy IM\" \/>\n<meta name=\"twitter:card\" content=\"summary_large_image\" \/>\n<meta name=\"twitter:creator\" content=\"@reporteroshoy\" \/>\n<meta name=\"twitter:site\" content=\"@reporteroshoy\" \/>\n<meta name=\"twitter:label1\" content=\"Escrito por\" \/>\n\t<meta name=\"twitter:data1\" content=\"Reporteros Hoy IM\" \/>\n\t<meta name=\"twitter:label2\" content=\"Tiempo de lectura\" \/>\n\t<meta name=\"twitter:data2\" content=\"4 minutos\" \/>\n<script type=\"application\/ld+json\" class=\"yoast-schema-graph\">{\"@context\":\"https:\\\/\\\/schema.org\",\"@graph\":[{\"@type\":\"Article\",\"@id\":\"https:\\\/\\\/reporteroshoy.mx\\\/noticias\\\/presentan-oficialmente-la-letra-actualizada-del-himno-yucateco\\\/#article\",\"isPartOf\":{\"@id\":\"https:\\\/\\\/reporteroshoy.mx\\\/noticias\\\/presentan-oficialmente-la-letra-actualizada-del-himno-yucateco\\\/\"},\"author\":{\"name\":\"Reporteros Hoy IM\",\"@id\":\"https:\\\/\\\/reporteroshoy.mx\\\/noticias\\\/#\\\/schema\\\/person\\\/948520f0d88b01be2e5266bc4acbbc15\"},\"headline\":\"Presentan oficialmente la letra actualizada del Himno Yucateco\",\"datePublished\":\"2024-08-14T04:57:01+00:00\",\"dateModified\":\"2024-08-15T05:17:28+00:00\",\"mainEntityOfPage\":{\"@id\":\"https:\\\/\\\/reporteroshoy.mx\\\/noticias\\\/presentan-oficialmente-la-letra-actualizada-del-himno-yucateco\\\/\"},\"wordCount\":689,\"commentCount\":0,\"image\":{\"@id\":\"https:\\\/\\\/reporteroshoy.mx\\\/noticias\\\/presentan-oficialmente-la-letra-actualizada-del-himno-yucateco\\\/#primaryimage\"},\"thumbnailUrl\":\"https:\\\/\\\/reporteroshoy.mx\\\/noticias\\\/wp-content\\\/uploads\\\/2024\\\/08\\\/Imagen-de-WhatsApp-2024-08-13-a-las-22.04.57_db2eec32-scaled.jpg\",\"keywords\":[\"Himno\",\"s\u00edmbolos\",\"Yucat\u00e1n\"],\"articleSection\":[\"Yucat\u00e1n\"],\"inLanguage\":\"es\",\"potentialAction\":[{\"@type\":\"CommentAction\",\"name\":\"Comment\",\"target\":[\"https:\\\/\\\/reporteroshoy.mx\\\/noticias\\\/presentan-oficialmente-la-letra-actualizada-del-himno-yucateco\\\/#respond\"]}]},{\"@type\":\"WebPage\",\"@id\":\"https:\\\/\\\/reporteroshoy.mx\\\/noticias\\\/presentan-oficialmente-la-letra-actualizada-del-himno-yucateco\\\/\",\"url\":\"https:\\\/\\\/reporteroshoy.mx\\\/noticias\\\/presentan-oficialmente-la-letra-actualizada-del-himno-yucateco\\\/\",\"name\":\"Presentan oficialmente la letra actualizada del Himno Yucateco\",\"isPartOf\":{\"@id\":\"https:\\\/\\\/reporteroshoy.mx\\\/noticias\\\/#website\"},\"primaryImageOfPage\":{\"@id\":\"https:\\\/\\\/reporteroshoy.mx\\\/noticias\\\/presentan-oficialmente-la-letra-actualizada-del-himno-yucateco\\\/#primaryimage\"},\"image\":{\"@id\":\"https:\\\/\\\/reporteroshoy.mx\\\/noticias\\\/presentan-oficialmente-la-letra-actualizada-del-himno-yucateco\\\/#primaryimage\"},\"thumbnailUrl\":\"https:\\\/\\\/reporteroshoy.mx\\\/noticias\\\/wp-content\\\/uploads\\\/2024\\\/08\\\/Imagen-de-WhatsApp-2024-08-13-a-las-22.04.57_db2eec32-scaled.jpg\",\"datePublished\":\"2024-08-14T04:57:01+00:00\",\"dateModified\":\"2024-08-15T05:17:28+00:00\",\"author\":{\"@id\":\"https:\\\/\\\/reporteroshoy.mx\\\/noticias\\\/#\\\/schema\\\/person\\\/948520f0d88b01be2e5266bc4acbbc15\"},\"description\":\"La letra actualizada es de Luis P\u00e9rez Sabido, con arreglos musicales de Pedro Carlos Herrera, y se entonar\u00e1 en actos oficiales.\",\"breadcrumb\":{\"@id\":\"https:\\\/\\\/reporteroshoy.mx\\\/noticias\\\/presentan-oficialmente-la-letra-actualizada-del-himno-yucateco\\\/#breadcrumb\"},\"inLanguage\":\"es\",\"potentialAction\":[{\"@type\":\"ReadAction\",\"target\":[\"https:\\\/\\\/reporteroshoy.mx\\\/noticias\\\/presentan-oficialmente-la-letra-actualizada-del-himno-yucateco\\\/\"]}]},{\"@type\":\"ImageObject\",\"inLanguage\":\"es\",\"@id\":\"https:\\\/\\\/reporteroshoy.mx\\\/noticias\\\/presentan-oficialmente-la-letra-actualizada-del-himno-yucateco\\\/#primaryimage\",\"url\":\"https:\\\/\\\/reporteroshoy.mx\\\/noticias\\\/wp-content\\\/uploads\\\/2024\\\/08\\\/Imagen-de-WhatsApp-2024-08-13-a-las-22.04.57_db2eec32-scaled.jpg\",\"contentUrl\":\"https:\\\/\\\/reporteroshoy.mx\\\/noticias\\\/wp-content\\\/uploads\\\/2024\\\/08\\\/Imagen-de-WhatsApp-2024-08-13-a-las-22.04.57_db2eec32-scaled.jpg\",\"width\":768,\"height\":745},{\"@type\":\"BreadcrumbList\",\"@id\":\"https:\\\/\\\/reporteroshoy.mx\\\/noticias\\\/presentan-oficialmente-la-letra-actualizada-del-himno-yucateco\\\/#breadcrumb\",\"itemListElement\":[{\"@type\":\"ListItem\",\"position\":1,\"name\":\"Portada\",\"item\":\"https:\\\/\\\/reporteroshoy.mx\\\/noticias\\\/\"},{\"@type\":\"ListItem\",\"position\":2,\"name\":\"Presentan oficialmente la letra actualizada del Himno Yucateco\"}]},{\"@type\":\"WebSite\",\"@id\":\"https:\\\/\\\/reporteroshoy.mx\\\/noticias\\\/#website\",\"url\":\"https:\\\/\\\/reporteroshoy.mx\\\/noticias\\\/\",\"name\":\"Reporteros Hoy | Noticias de Yucat\u00e1n\",\"description\":\"Peri\u00f3dico digital con noticias diarias desde M\u00e9rida, Yucat\u00e1n para el mundo.\",\"potentialAction\":[{\"@type\":\"SearchAction\",\"target\":{\"@type\":\"EntryPoint\",\"urlTemplate\":\"https:\\\/\\\/reporteroshoy.mx\\\/noticias\\\/?s={search_term_string}\"},\"query-input\":{\"@type\":\"PropertyValueSpecification\",\"valueRequired\":true,\"valueName\":\"search_term_string\"}}],\"inLanguage\":\"es\"},{\"@type\":\"Person\",\"@id\":\"https:\\\/\\\/reporteroshoy.mx\\\/noticias\\\/#\\\/schema\\\/person\\\/948520f0d88b01be2e5266bc4acbbc15\",\"name\":\"Reporteros Hoy IM\",\"image\":{\"@type\":\"ImageObject\",\"inLanguage\":\"es\",\"@id\":\"https:\\\/\\\/secure.gravatar.com\\\/avatar\\\/d843030b96552826ac048bdfe26f2895604b800ed0c880ee55765a74d95dfc65?s=96&d=mm&r=g\",\"url\":\"https:\\\/\\\/secure.gravatar.com\\\/avatar\\\/d843030b96552826ac048bdfe26f2895604b800ed0c880ee55765a74d95dfc65?s=96&d=mm&r=g\",\"contentUrl\":\"https:\\\/\\\/secure.gravatar.com\\\/avatar\\\/d843030b96552826ac048bdfe26f2895604b800ed0c880ee55765a74d95dfc65?s=96&d=mm&r=g\",\"caption\":\"Reporteros Hoy IM\"},\"url\":\"https:\\\/\\\/reporteroshoy.mx\\\/noticias\\\/author\\\/israel\\\/\"}]}<\/script>\n<!-- \/ Yoast SEO plugin. -->","yoast_head_json":{"title":"Presentan oficialmente la letra actualizada del Himno Yucateco","description":"La letra actualizada es de Luis P\u00e9rez Sabido, con arreglos musicales de Pedro Carlos Herrera, y se entonar\u00e1 en actos oficiales.","robots":{"index":"index","follow":"follow","max-snippet":"max-snippet:-1","max-image-preview":"max-image-preview:large","max-video-preview":"max-video-preview:-1"},"canonical":"https:\/\/reporteroshoy.mx\/noticias\/presentan-oficialmente-la-letra-actualizada-del-himno-yucateco\/","og_locale":"es_ES","og_type":"article","og_title":"Presentan oficialmente la letra actualizada del Himno Yucateco","og_description":"La letra actualizada es de Luis P\u00e9rez Sabido, con arreglos musicales de Pedro Carlos Herrera, y se entonar\u00e1 en actos oficiales.","og_url":"https:\/\/reporteroshoy.mx\/noticias\/presentan-oficialmente-la-letra-actualizada-del-himno-yucateco\/","og_site_name":"Reporteros Hoy | Noticias de Yucat\u00e1n","article_publisher":"http:\/\/www.facebook.com\/reporteroshoymx","article_published_time":"2024-08-14T04:57:01+00:00","article_modified_time":"2024-08-15T05:17:28+00:00","og_image":[{"width":768,"height":745,"url":"https:\/\/reporteroshoy.mx\/noticias\/wp-content\/uploads\/2024\/08\/Imagen-de-WhatsApp-2024-08-13-a-las-22.04.57_db2eec32-scaled.jpg","type":"image\/jpeg"}],"author":"Reporteros Hoy IM","twitter_card":"summary_large_image","twitter_creator":"@reporteroshoy","twitter_site":"@reporteroshoy","twitter_misc":{"Escrito por":"Reporteros Hoy IM","Tiempo de lectura":"4 minutos"},"schema":{"@context":"https:\/\/schema.org","@graph":[{"@type":"Article","@id":"https:\/\/reporteroshoy.mx\/noticias\/presentan-oficialmente-la-letra-actualizada-del-himno-yucateco\/#article","isPartOf":{"@id":"https:\/\/reporteroshoy.mx\/noticias\/presentan-oficialmente-la-letra-actualizada-del-himno-yucateco\/"},"author":{"name":"Reporteros Hoy IM","@id":"https:\/\/reporteroshoy.mx\/noticias\/#\/schema\/person\/948520f0d88b01be2e5266bc4acbbc15"},"headline":"Presentan oficialmente la letra actualizada del Himno Yucateco","datePublished":"2024-08-14T04:57:01+00:00","dateModified":"2024-08-15T05:17:28+00:00","mainEntityOfPage":{"@id":"https:\/\/reporteroshoy.mx\/noticias\/presentan-oficialmente-la-letra-actualizada-del-himno-yucateco\/"},"wordCount":689,"commentCount":0,"image":{"@id":"https:\/\/reporteroshoy.mx\/noticias\/presentan-oficialmente-la-letra-actualizada-del-himno-yucateco\/#primaryimage"},"thumbnailUrl":"https:\/\/reporteroshoy.mx\/noticias\/wp-content\/uploads\/2024\/08\/Imagen-de-WhatsApp-2024-08-13-a-las-22.04.57_db2eec32-scaled.jpg","keywords":["Himno","s\u00edmbolos","Yucat\u00e1n"],"articleSection":["Yucat\u00e1n"],"inLanguage":"es","potentialAction":[{"@type":"CommentAction","name":"Comment","target":["https:\/\/reporteroshoy.mx\/noticias\/presentan-oficialmente-la-letra-actualizada-del-himno-yucateco\/#respond"]}]},{"@type":"WebPage","@id":"https:\/\/reporteroshoy.mx\/noticias\/presentan-oficialmente-la-letra-actualizada-del-himno-yucateco\/","url":"https:\/\/reporteroshoy.mx\/noticias\/presentan-oficialmente-la-letra-actualizada-del-himno-yucateco\/","name":"Presentan oficialmente la letra actualizada del Himno Yucateco","isPartOf":{"@id":"https:\/\/reporteroshoy.mx\/noticias\/#website"},"primaryImageOfPage":{"@id":"https:\/\/reporteroshoy.mx\/noticias\/presentan-oficialmente-la-letra-actualizada-del-himno-yucateco\/#primaryimage"},"image":{"@id":"https:\/\/reporteroshoy.mx\/noticias\/presentan-oficialmente-la-letra-actualizada-del-himno-yucateco\/#primaryimage"},"thumbnailUrl":"https:\/\/reporteroshoy.mx\/noticias\/wp-content\/uploads\/2024\/08\/Imagen-de-WhatsApp-2024-08-13-a-las-22.04.57_db2eec32-scaled.jpg","datePublished":"2024-08-14T04:57:01+00:00","dateModified":"2024-08-15T05:17:28+00:00","author":{"@id":"https:\/\/reporteroshoy.mx\/noticias\/#\/schema\/person\/948520f0d88b01be2e5266bc4acbbc15"},"description":"La letra actualizada es de Luis P\u00e9rez Sabido, con arreglos musicales de Pedro Carlos Herrera, y se entonar\u00e1 en actos oficiales.","breadcrumb":{"@id":"https:\/\/reporteroshoy.mx\/noticias\/presentan-oficialmente-la-letra-actualizada-del-himno-yucateco\/#breadcrumb"},"inLanguage":"es","potentialAction":[{"@type":"ReadAction","target":["https:\/\/reporteroshoy.mx\/noticias\/presentan-oficialmente-la-letra-actualizada-del-himno-yucateco\/"]}]},{"@type":"ImageObject","inLanguage":"es","@id":"https:\/\/reporteroshoy.mx\/noticias\/presentan-oficialmente-la-letra-actualizada-del-himno-yucateco\/#primaryimage","url":"https:\/\/reporteroshoy.mx\/noticias\/wp-content\/uploads\/2024\/08\/Imagen-de-WhatsApp-2024-08-13-a-las-22.04.57_db2eec32-scaled.jpg","contentUrl":"https:\/\/reporteroshoy.mx\/noticias\/wp-content\/uploads\/2024\/08\/Imagen-de-WhatsApp-2024-08-13-a-las-22.04.57_db2eec32-scaled.jpg","width":768,"height":745},{"@type":"BreadcrumbList","@id":"https:\/\/reporteroshoy.mx\/noticias\/presentan-oficialmente-la-letra-actualizada-del-himno-yucateco\/#breadcrumb","itemListElement":[{"@type":"ListItem","position":1,"name":"Portada","item":"https:\/\/reporteroshoy.mx\/noticias\/"},{"@type":"ListItem","position":2,"name":"Presentan oficialmente la letra actualizada del Himno Yucateco"}]},{"@type":"WebSite","@id":"https:\/\/reporteroshoy.mx\/noticias\/#website","url":"https:\/\/reporteroshoy.mx\/noticias\/","name":"Reporteros Hoy | Noticias de Yucat\u00e1n","description":"Peri\u00f3dico digital con noticias diarias desde M\u00e9rida, Yucat\u00e1n para el mundo.","potentialAction":[{"@type":"SearchAction","target":{"@type":"EntryPoint","urlTemplate":"https:\/\/reporteroshoy.mx\/noticias\/?s={search_term_string}"},"query-input":{"@type":"PropertyValueSpecification","valueRequired":true,"valueName":"search_term_string"}}],"inLanguage":"es"},{"@type":"Person","@id":"https:\/\/reporteroshoy.mx\/noticias\/#\/schema\/person\/948520f0d88b01be2e5266bc4acbbc15","name":"Reporteros Hoy IM","image":{"@type":"ImageObject","inLanguage":"es","@id":"https:\/\/secure.gravatar.com\/avatar\/d843030b96552826ac048bdfe26f2895604b800ed0c880ee55765a74d95dfc65?s=96&d=mm&r=g","url":"https:\/\/secure.gravatar.com\/avatar\/d843030b96552826ac048bdfe26f2895604b800ed0c880ee55765a74d95dfc65?s=96&d=mm&r=g","contentUrl":"https:\/\/secure.gravatar.com\/avatar\/d843030b96552826ac048bdfe26f2895604b800ed0c880ee55765a74d95dfc65?s=96&d=mm&r=g","caption":"Reporteros Hoy IM"},"url":"https:\/\/reporteroshoy.mx\/noticias\/author\/israel\/"}]}},"_links":{"self":[{"href":"https:\/\/reporteroshoy.mx\/noticias\/wp-json\/wp\/v2\/posts\/115346","targetHints":{"allow":["GET"]}}],"collection":[{"href":"https:\/\/reporteroshoy.mx\/noticias\/wp-json\/wp\/v2\/posts"}],"about":[{"href":"https:\/\/reporteroshoy.mx\/noticias\/wp-json\/wp\/v2\/types\/post"}],"author":[{"embeddable":true,"href":"https:\/\/reporteroshoy.mx\/noticias\/wp-json\/wp\/v2\/users\/5"}],"replies":[{"embeddable":true,"href":"https:\/\/reporteroshoy.mx\/noticias\/wp-json\/wp\/v2\/comments?post=115346"}],"version-history":[{"count":0,"href":"https:\/\/reporteroshoy.mx\/noticias\/wp-json\/wp\/v2\/posts\/115346\/revisions"}],"wp:featuredmedia":[{"embeddable":true,"href":"https:\/\/reporteroshoy.mx\/noticias\/wp-json\/wp\/v2\/media\/115348"}],"wp:attachment":[{"href":"https:\/\/reporteroshoy.mx\/noticias\/wp-json\/wp\/v2\/media?parent=115346"}],"wp:term":[{"taxonomy":"category","embeddable":true,"href":"https:\/\/reporteroshoy.mx\/noticias\/wp-json\/wp\/v2\/categories?post=115346"},{"taxonomy":"post_tag","embeddable":true,"href":"https:\/\/reporteroshoy.mx\/noticias\/wp-json\/wp\/v2\/tags?post=115346"}],"curies":[{"name":"wp","href":"https:\/\/api.w.org\/{rel}","templated":true}]}}