{"id":115429,"date":"2024-08-16T21:33:23","date_gmt":"2024-08-17T03:33:23","guid":{"rendered":"https:\/\/reporteroshoy.mx\/noticias\/?p=115429"},"modified":"2024-08-16T21:39:09","modified_gmt":"2024-08-17T03:39:09","slug":"develan-la-estatua-de-chaac-en-telchac-puerto","status":"publish","type":"post","link":"https:\/\/reporteroshoy.mx\/noticias\/develan-la-estatua-de-chaac-en-telchac-puerto\/","title":{"rendered":"Develan la estatua de Chaac en Telchac Puerto"},"content":{"rendered":"<p style=\"text-align: justify;\">\u201cNo estamos compitiendo con nadie\u201d, asegur\u00f3 el alcalde de Telchac Puerto, Alfredo Marrufo D\u00edaz, al develar la estatua de Chaac en el muelle de ese municipio costero.<\/p>\n<p style=\"text-align: justify;\">La imagen del dios maya de la lluvia se ubica a 43 kil\u00f3metros de la pol\u00e9mica figura de Poseid\u00f3n, deidad griega, colocada en el malec\u00f3n de Progreso.<\/p>\n<p><img loading=\"lazy\" decoding=\"async\" class=\"alignnone size-full wp-image-115430\" src=\"https:\/\/reporteroshoy.mx\/noticias\/wp-content\/uploads\/2024\/08\/Imagen-de-WhatsApp-2024-08-16-a-las-21.24.17_97d609ac-scaled.jpg\" alt=\"\" width=\"768\" height=\"432\" srcset=\"https:\/\/reporteroshoy.mx\/noticias\/wp-content\/uploads\/2024\/08\/Imagen-de-WhatsApp-2024-08-16-a-las-21.24.17_97d609ac-scaled.jpg 768w, https:\/\/reporteroshoy.mx\/noticias\/wp-content\/uploads\/2024\/08\/Imagen-de-WhatsApp-2024-08-16-a-las-21.24.17_97d609ac-1536x863.jpg 1536w\" sizes=\"auto, (max-width: 768px) 100vw, 768px\" \/><\/p>\n<p style=\"text-align: justify;\">Durante el acto oficial, el edil priista, que est\u00e1 por concluir su gesti\u00f3n, explic\u00f3 que el objetivo es atraer m\u00e1s turismo a Telchac Puerto.<\/p>\n<p style=\"text-align: justify;\">Indic\u00f3 que durante el paso del hurac\u00e1n Beryl por territorio yucateco hubo gente que cuestion\u00f3 por qu\u00e9 no hab\u00eda una estatua del dios Chaac.<\/p>\n<p style=\"text-align: justify;\">Como se recordar\u00e1, en redes sociales se desat\u00f3 una pol\u00e9mica por la colocaci\u00f3n de Poseid\u00f3n en el principal puerto de la entidad.<\/p>\n<p style=\"text-align: justify;\">Incluso, una persona de origen maya promovi\u00f3 un amparo y la Procuradur\u00eda Federal de Protecci\u00f3n al Ambiente (Profepa) clausur\u00f3 la estatua.<\/p>\n<p style=\"text-align: justify;\">El alcalde de Telchac se\u00f1al\u00f3 que el artista que realiz\u00f3 la obra pidi\u00f3, por razones personales, mantener en el anonimato su nombre \u201cpor unos d\u00edas\u201d.<\/p>\n<p style=\"text-align: justify;\">Revel\u00f3 que es un amigo suyo y que, en breve, se dar\u00e1 a conocer la identidad del autor de la estatua de Chaac.<\/p>\n<p style=\"text-align: justify;\">Marrufo D\u00edaz sostuvo que Telchac est\u00e1 preparado para recibir a los visitantes que generar\u00e1 el nuevo atractivo.<\/p>\n<p><strong>Leer tambi\u00e9n: <\/strong><strong><a href=\"https:\/\/reporteroshoy.mx\/noticias\/empresa-meridana-factura-397000-por-poseidon-en-progreso\/\">Empresa meridana factura $397,000 por Poseid\u00f3n en Progreso<\/a><\/strong><\/p>\n<p style=\"text-align: justify;\">En redes sociales, el gobernador de Yucat\u00e1n, Mauricio Vila Dosal, felicit\u00f3 a las autoridades municipales por la iniciativa.<\/p>\n<p style=\"text-align: justify;\">\u201c\u00a1Se acab\u00f3 la pelea con Poseid\u00f3n, ya lleg\u00f3 Chaac! As\u00ed luce la nueva estatua gigante de Chaac, Dios maya de la lluvia y el agua, que se inaugur\u00f3 en #TelchacPuerto, siendo un nuevo atractivo tur\u00edstico. Reconozco el trabajo del H. Ayuntamiento de Telchac Puerto por mejorar la imagen del puerto, impulsando el turismo y los empleos de las familias telchaque\u00f1as\u201d.<\/p>\n<p style=\"text-align: justify;\">ISRAEL MEDINA<\/p>\n<p style=\"text-align: justify;\">\n","protected":false},"excerpt":{"rendered":"<p>\u201cNo estamos compitiendo con nadie\u201d, asegur\u00f3 el alcalde de Telchac Puerto, Alfredo Marrufo D\u00edaz, al develar la estatua de Chaac. <\/p>\n","protected":false},"author":5,"featured_media":115430,"comment_status":"open","ping_status":"closed","sticky":false,"template":"","format":"standard","meta":{"footnotes":""},"categories":[17],"tags":[26506,18882,806],"class_list":["post-115429","post","type-post","status-publish","format-standard","has-post-thumbnail","hentry","category-yucatan","tag-chaac","tag-estatua","tag-telchac-puerto"],"yoast_head":"<!-- This site is optimized with the Yoast SEO plugin v28.4 - https:\/\/yoast.com\/product\/yoast-seo-wordpress\/ -->\n<title>Develan la estatua de Chaac en Telchac Puerto<\/title>\n<meta name=\"description\" content=\"\u201cNo estamos compitiendo con nadie\u201d, asegur\u00f3 el alcalde de Telchac Puerto, Alfredo Marrufo D\u00edaz, al develar la estatua de Chaac.\" \/>\n<meta name=\"robots\" content=\"index, follow, max-snippet:-1, max-image-preview:large, max-video-preview:-1\" \/>\n<link rel=\"canonical\" href=\"https:\/\/reporteroshoy.mx\/noticias\/develan-la-estatua-de-chaac-en-telchac-puerto\/\" \/>\n<meta property=\"og:locale\" content=\"es_ES\" \/>\n<meta property=\"og:type\" content=\"article\" \/>\n<meta property=\"og:title\" content=\"Develan la estatua de Chaac en Telchac Puerto\" \/>\n<meta property=\"og:description\" content=\"\u201cNo estamos compitiendo con nadie\u201d, asegur\u00f3 el alcalde de Telchac Puerto, Alfredo Marrufo D\u00edaz, al develar la estatua de Chaac.\" \/>\n<meta property=\"og:url\" content=\"https:\/\/reporteroshoy.mx\/noticias\/develan-la-estatua-de-chaac-en-telchac-puerto\/\" \/>\n<meta property=\"og:site_name\" content=\"Reporteros Hoy | Noticias de Yucat\u00e1n\" \/>\n<meta property=\"article:publisher\" content=\"http:\/\/www.facebook.com\/reporteroshoymx\" \/>\n<meta property=\"article:published_time\" content=\"2024-08-17T03:33:23+00:00\" \/>\n<meta property=\"article:modified_time\" content=\"2024-08-17T03:39:09+00:00\" \/>\n<meta property=\"og:image\" content=\"https:\/\/reporteroshoy.mx\/noticias\/wp-content\/uploads\/2024\/08\/Imagen-de-WhatsApp-2024-08-16-a-las-21.24.17_97d609ac-scaled.jpg\" \/>\n\t<meta property=\"og:image:width\" content=\"768\" \/>\n\t<meta property=\"og:image:height\" content=\"432\" \/>\n\t<meta property=\"og:image:type\" content=\"image\/jpeg\" \/>\n<meta name=\"author\" content=\"Reporteros Hoy IM\" \/>\n<meta name=\"twitter:card\" content=\"summary_large_image\" \/>\n<meta name=\"twitter:creator\" content=\"@reporteroshoy\" \/>\n<meta name=\"twitter:site\" content=\"@reporteroshoy\" \/>\n<meta name=\"twitter:label1\" content=\"Escrito por\" \/>\n\t<meta name=\"twitter:data1\" content=\"Reporteros Hoy IM\" \/>\n\t<meta name=\"twitter:label2\" content=\"Tiempo de lectura\" \/>\n\t<meta name=\"twitter:data2\" content=\"2 minutos\" \/>\n<script type=\"application\/ld+json\" class=\"yoast-schema-graph\">{\"@context\":\"https:\\\/\\\/schema.org\",\"@graph\":[{\"@type\":\"Article\",\"@id\":\"https:\\\/\\\/reporteroshoy.mx\\\/noticias\\\/develan-la-estatua-de-chaac-en-telchac-puerto\\\/#article\",\"isPartOf\":{\"@id\":\"https:\\\/\\\/reporteroshoy.mx\\\/noticias\\\/develan-la-estatua-de-chaac-en-telchac-puerto\\\/\"},\"author\":{\"name\":\"Reporteros Hoy IM\",\"@id\":\"https:\\\/\\\/reporteroshoy.mx\\\/noticias\\\/#\\\/schema\\\/person\\\/948520f0d88b01be2e5266bc4acbbc15\"},\"headline\":\"Develan la estatua de Chaac en Telchac Puerto\",\"datePublished\":\"2024-08-17T03:33:23+00:00\",\"dateModified\":\"2024-08-17T03:39:09+00:00\",\"mainEntityOfPage\":{\"@id\":\"https:\\\/\\\/reporteroshoy.mx\\\/noticias\\\/develan-la-estatua-de-chaac-en-telchac-puerto\\\/\"},\"wordCount\":329,\"commentCount\":0,\"image\":{\"@id\":\"https:\\\/\\\/reporteroshoy.mx\\\/noticias\\\/develan-la-estatua-de-chaac-en-telchac-puerto\\\/#primaryimage\"},\"thumbnailUrl\":\"https:\\\/\\\/reporteroshoy.mx\\\/noticias\\\/wp-content\\\/uploads\\\/2024\\\/08\\\/Imagen-de-WhatsApp-2024-08-16-a-las-21.24.17_97d609ac-scaled.jpg\",\"keywords\":[\"Chaac\",\"Estatua\",\"telchac puerto\"],\"articleSection\":[\"Yucat\u00e1n\"],\"inLanguage\":\"es\",\"potentialAction\":[{\"@type\":\"CommentAction\",\"name\":\"Comment\",\"target\":[\"https:\\\/\\\/reporteroshoy.mx\\\/noticias\\\/develan-la-estatua-de-chaac-en-telchac-puerto\\\/#respond\"]}]},{\"@type\":\"WebPage\",\"@id\":\"https:\\\/\\\/reporteroshoy.mx\\\/noticias\\\/develan-la-estatua-de-chaac-en-telchac-puerto\\\/\",\"url\":\"https:\\\/\\\/reporteroshoy.mx\\\/noticias\\\/develan-la-estatua-de-chaac-en-telchac-puerto\\\/\",\"name\":\"Develan la estatua de Chaac en Telchac Puerto\",\"isPartOf\":{\"@id\":\"https:\\\/\\\/reporteroshoy.mx\\\/noticias\\\/#website\"},\"primaryImageOfPage\":{\"@id\":\"https:\\\/\\\/reporteroshoy.mx\\\/noticias\\\/develan-la-estatua-de-chaac-en-telchac-puerto\\\/#primaryimage\"},\"image\":{\"@id\":\"https:\\\/\\\/reporteroshoy.mx\\\/noticias\\\/develan-la-estatua-de-chaac-en-telchac-puerto\\\/#primaryimage\"},\"thumbnailUrl\":\"https:\\\/\\\/reporteroshoy.mx\\\/noticias\\\/wp-content\\\/uploads\\\/2024\\\/08\\\/Imagen-de-WhatsApp-2024-08-16-a-las-21.24.17_97d609ac-scaled.jpg\",\"datePublished\":\"2024-08-17T03:33:23+00:00\",\"dateModified\":\"2024-08-17T03:39:09+00:00\",\"author\":{\"@id\":\"https:\\\/\\\/reporteroshoy.mx\\\/noticias\\\/#\\\/schema\\\/person\\\/948520f0d88b01be2e5266bc4acbbc15\"},\"description\":\"\u201cNo estamos compitiendo con nadie\u201d, asegur\u00f3 el alcalde de Telchac Puerto, Alfredo Marrufo D\u00edaz, al develar la estatua de Chaac.\",\"breadcrumb\":{\"@id\":\"https:\\\/\\\/reporteroshoy.mx\\\/noticias\\\/develan-la-estatua-de-chaac-en-telchac-puerto\\\/#breadcrumb\"},\"inLanguage\":\"es\",\"potentialAction\":[{\"@type\":\"ReadAction\",\"target\":[\"https:\\\/\\\/reporteroshoy.mx\\\/noticias\\\/develan-la-estatua-de-chaac-en-telchac-puerto\\\/\"]}]},{\"@type\":\"ImageObject\",\"inLanguage\":\"es\",\"@id\":\"https:\\\/\\\/reporteroshoy.mx\\\/noticias\\\/develan-la-estatua-de-chaac-en-telchac-puerto\\\/#primaryimage\",\"url\":\"https:\\\/\\\/reporteroshoy.mx\\\/noticias\\\/wp-content\\\/uploads\\\/2024\\\/08\\\/Imagen-de-WhatsApp-2024-08-16-a-las-21.24.17_97d609ac-scaled.jpg\",\"contentUrl\":\"https:\\\/\\\/reporteroshoy.mx\\\/noticias\\\/wp-content\\\/uploads\\\/2024\\\/08\\\/Imagen-de-WhatsApp-2024-08-16-a-las-21.24.17_97d609ac-scaled.jpg\",\"width\":768,\"height\":432},{\"@type\":\"BreadcrumbList\",\"@id\":\"https:\\\/\\\/reporteroshoy.mx\\\/noticias\\\/develan-la-estatua-de-chaac-en-telchac-puerto\\\/#breadcrumb\",\"itemListElement\":[{\"@type\":\"ListItem\",\"position\":1,\"name\":\"Portada\",\"item\":\"https:\\\/\\\/reporteroshoy.mx\\\/noticias\\\/\"},{\"@type\":\"ListItem\",\"position\":2,\"name\":\"Develan la estatua de Chaac en Telchac Puerto\"}]},{\"@type\":\"WebSite\",\"@id\":\"https:\\\/\\\/reporteroshoy.mx\\\/noticias\\\/#website\",\"url\":\"https:\\\/\\\/reporteroshoy.mx\\\/noticias\\\/\",\"name\":\"Reporteros Hoy | Noticias de Yucat\u00e1n\",\"description\":\"Peri\u00f3dico digital con noticias diarias desde M\u00e9rida, Yucat\u00e1n para el mundo.\",\"potentialAction\":[{\"@type\":\"SearchAction\",\"target\":{\"@type\":\"EntryPoint\",\"urlTemplate\":\"https:\\\/\\\/reporteroshoy.mx\\\/noticias\\\/?s={search_term_string}\"},\"query-input\":{\"@type\":\"PropertyValueSpecification\",\"valueRequired\":true,\"valueName\":\"search_term_string\"}}],\"inLanguage\":\"es\"},{\"@type\":\"Person\",\"@id\":\"https:\\\/\\\/reporteroshoy.mx\\\/noticias\\\/#\\\/schema\\\/person\\\/948520f0d88b01be2e5266bc4acbbc15\",\"name\":\"Reporteros Hoy IM\",\"image\":{\"@type\":\"ImageObject\",\"inLanguage\":\"es\",\"@id\":\"https:\\\/\\\/secure.gravatar.com\\\/avatar\\\/d843030b96552826ac048bdfe26f2895604b800ed0c880ee55765a74d95dfc65?s=96&d=mm&r=g\",\"url\":\"https:\\\/\\\/secure.gravatar.com\\\/avatar\\\/d843030b96552826ac048bdfe26f2895604b800ed0c880ee55765a74d95dfc65?s=96&d=mm&r=g\",\"contentUrl\":\"https:\\\/\\\/secure.gravatar.com\\\/avatar\\\/d843030b96552826ac048bdfe26f2895604b800ed0c880ee55765a74d95dfc65?s=96&d=mm&r=g\",\"caption\":\"Reporteros Hoy IM\"},\"url\":\"https:\\\/\\\/reporteroshoy.mx\\\/noticias\\\/author\\\/israel\\\/\"}]}<\/script>\n<!-- \/ Yoast SEO plugin. -->","yoast_head_json":{"title":"Develan la estatua de Chaac en Telchac Puerto","description":"\u201cNo estamos compitiendo con nadie\u201d, asegur\u00f3 el alcalde de Telchac Puerto, Alfredo Marrufo D\u00edaz, al develar la estatua de Chaac.","robots":{"index":"index","follow":"follow","max-snippet":"max-snippet:-1","max-image-preview":"max-image-preview:large","max-video-preview":"max-video-preview:-1"},"canonical":"https:\/\/reporteroshoy.mx\/noticias\/develan-la-estatua-de-chaac-en-telchac-puerto\/","og_locale":"es_ES","og_type":"article","og_title":"Develan la estatua de Chaac en Telchac Puerto","og_description":"\u201cNo estamos compitiendo con nadie\u201d, asegur\u00f3 el alcalde de Telchac Puerto, Alfredo Marrufo D\u00edaz, al develar la estatua de Chaac.","og_url":"https:\/\/reporteroshoy.mx\/noticias\/develan-la-estatua-de-chaac-en-telchac-puerto\/","og_site_name":"Reporteros Hoy | Noticias de Yucat\u00e1n","article_publisher":"http:\/\/www.facebook.com\/reporteroshoymx","article_published_time":"2024-08-17T03:33:23+00:00","article_modified_time":"2024-08-17T03:39:09+00:00","og_image":[{"width":768,"height":432,"url":"https:\/\/reporteroshoy.mx\/noticias\/wp-content\/uploads\/2024\/08\/Imagen-de-WhatsApp-2024-08-16-a-las-21.24.17_97d609ac-scaled.jpg","type":"image\/jpeg"}],"author":"Reporteros Hoy IM","twitter_card":"summary_large_image","twitter_creator":"@reporteroshoy","twitter_site":"@reporteroshoy","twitter_misc":{"Escrito por":"Reporteros Hoy IM","Tiempo de lectura":"2 minutos"},"schema":{"@context":"https:\/\/schema.org","@graph":[{"@type":"Article","@id":"https:\/\/reporteroshoy.mx\/noticias\/develan-la-estatua-de-chaac-en-telchac-puerto\/#article","isPartOf":{"@id":"https:\/\/reporteroshoy.mx\/noticias\/develan-la-estatua-de-chaac-en-telchac-puerto\/"},"author":{"name":"Reporteros Hoy IM","@id":"https:\/\/reporteroshoy.mx\/noticias\/#\/schema\/person\/948520f0d88b01be2e5266bc4acbbc15"},"headline":"Develan la estatua de Chaac en Telchac Puerto","datePublished":"2024-08-17T03:33:23+00:00","dateModified":"2024-08-17T03:39:09+00:00","mainEntityOfPage":{"@id":"https:\/\/reporteroshoy.mx\/noticias\/develan-la-estatua-de-chaac-en-telchac-puerto\/"},"wordCount":329,"commentCount":0,"image":{"@id":"https:\/\/reporteroshoy.mx\/noticias\/develan-la-estatua-de-chaac-en-telchac-puerto\/#primaryimage"},"thumbnailUrl":"https:\/\/reporteroshoy.mx\/noticias\/wp-content\/uploads\/2024\/08\/Imagen-de-WhatsApp-2024-08-16-a-las-21.24.17_97d609ac-scaled.jpg","keywords":["Chaac","Estatua","telchac puerto"],"articleSection":["Yucat\u00e1n"],"inLanguage":"es","potentialAction":[{"@type":"CommentAction","name":"Comment","target":["https:\/\/reporteroshoy.mx\/noticias\/develan-la-estatua-de-chaac-en-telchac-puerto\/#respond"]}]},{"@type":"WebPage","@id":"https:\/\/reporteroshoy.mx\/noticias\/develan-la-estatua-de-chaac-en-telchac-puerto\/","url":"https:\/\/reporteroshoy.mx\/noticias\/develan-la-estatua-de-chaac-en-telchac-puerto\/","name":"Develan la estatua de Chaac en Telchac Puerto","isPartOf":{"@id":"https:\/\/reporteroshoy.mx\/noticias\/#website"},"primaryImageOfPage":{"@id":"https:\/\/reporteroshoy.mx\/noticias\/develan-la-estatua-de-chaac-en-telchac-puerto\/#primaryimage"},"image":{"@id":"https:\/\/reporteroshoy.mx\/noticias\/develan-la-estatua-de-chaac-en-telchac-puerto\/#primaryimage"},"thumbnailUrl":"https:\/\/reporteroshoy.mx\/noticias\/wp-content\/uploads\/2024\/08\/Imagen-de-WhatsApp-2024-08-16-a-las-21.24.17_97d609ac-scaled.jpg","datePublished":"2024-08-17T03:33:23+00:00","dateModified":"2024-08-17T03:39:09+00:00","author":{"@id":"https:\/\/reporteroshoy.mx\/noticias\/#\/schema\/person\/948520f0d88b01be2e5266bc4acbbc15"},"description":"\u201cNo estamos compitiendo con nadie\u201d, asegur\u00f3 el alcalde de Telchac Puerto, Alfredo Marrufo D\u00edaz, al develar la estatua de Chaac.","breadcrumb":{"@id":"https:\/\/reporteroshoy.mx\/noticias\/develan-la-estatua-de-chaac-en-telchac-puerto\/#breadcrumb"},"inLanguage":"es","potentialAction":[{"@type":"ReadAction","target":["https:\/\/reporteroshoy.mx\/noticias\/develan-la-estatua-de-chaac-en-telchac-puerto\/"]}]},{"@type":"ImageObject","inLanguage":"es","@id":"https:\/\/reporteroshoy.mx\/noticias\/develan-la-estatua-de-chaac-en-telchac-puerto\/#primaryimage","url":"https:\/\/reporteroshoy.mx\/noticias\/wp-content\/uploads\/2024\/08\/Imagen-de-WhatsApp-2024-08-16-a-las-21.24.17_97d609ac-scaled.jpg","contentUrl":"https:\/\/reporteroshoy.mx\/noticias\/wp-content\/uploads\/2024\/08\/Imagen-de-WhatsApp-2024-08-16-a-las-21.24.17_97d609ac-scaled.jpg","width":768,"height":432},{"@type":"BreadcrumbList","@id":"https:\/\/reporteroshoy.mx\/noticias\/develan-la-estatua-de-chaac-en-telchac-puerto\/#breadcrumb","itemListElement":[{"@type":"ListItem","position":1,"name":"Portada","item":"https:\/\/reporteroshoy.mx\/noticias\/"},{"@type":"ListItem","position":2,"name":"Develan la estatua de Chaac en Telchac Puerto"}]},{"@type":"WebSite","@id":"https:\/\/reporteroshoy.mx\/noticias\/#website","url":"https:\/\/reporteroshoy.mx\/noticias\/","name":"Reporteros Hoy | Noticias de Yucat\u00e1n","description":"Peri\u00f3dico digital con noticias diarias desde M\u00e9rida, Yucat\u00e1n para el mundo.","potentialAction":[{"@type":"SearchAction","target":{"@type":"EntryPoint","urlTemplate":"https:\/\/reporteroshoy.mx\/noticias\/?s={search_term_string}"},"query-input":{"@type":"PropertyValueSpecification","valueRequired":true,"valueName":"search_term_string"}}],"inLanguage":"es"},{"@type":"Person","@id":"https:\/\/reporteroshoy.mx\/noticias\/#\/schema\/person\/948520f0d88b01be2e5266bc4acbbc15","name":"Reporteros Hoy IM","image":{"@type":"ImageObject","inLanguage":"es","@id":"https:\/\/secure.gravatar.com\/avatar\/d843030b96552826ac048bdfe26f2895604b800ed0c880ee55765a74d95dfc65?s=96&d=mm&r=g","url":"https:\/\/secure.gravatar.com\/avatar\/d843030b96552826ac048bdfe26f2895604b800ed0c880ee55765a74d95dfc65?s=96&d=mm&r=g","contentUrl":"https:\/\/secure.gravatar.com\/avatar\/d843030b96552826ac048bdfe26f2895604b800ed0c880ee55765a74d95dfc65?s=96&d=mm&r=g","caption":"Reporteros Hoy IM"},"url":"https:\/\/reporteroshoy.mx\/noticias\/author\/israel\/"}]}},"_links":{"self":[{"href":"https:\/\/reporteroshoy.mx\/noticias\/wp-json\/wp\/v2\/posts\/115429","targetHints":{"allow":["GET"]}}],"collection":[{"href":"https:\/\/reporteroshoy.mx\/noticias\/wp-json\/wp\/v2\/posts"}],"about":[{"href":"https:\/\/reporteroshoy.mx\/noticias\/wp-json\/wp\/v2\/types\/post"}],"author":[{"embeddable":true,"href":"https:\/\/reporteroshoy.mx\/noticias\/wp-json\/wp\/v2\/users\/5"}],"replies":[{"embeddable":true,"href":"https:\/\/reporteroshoy.mx\/noticias\/wp-json\/wp\/v2\/comments?post=115429"}],"version-history":[{"count":0,"href":"https:\/\/reporteroshoy.mx\/noticias\/wp-json\/wp\/v2\/posts\/115429\/revisions"}],"wp:featuredmedia":[{"embeddable":true,"href":"https:\/\/reporteroshoy.mx\/noticias\/wp-json\/wp\/v2\/media\/115430"}],"wp:attachment":[{"href":"https:\/\/reporteroshoy.mx\/noticias\/wp-json\/wp\/v2\/media?parent=115429"}],"wp:term":[{"taxonomy":"category","embeddable":true,"href":"https:\/\/reporteroshoy.mx\/noticias\/wp-json\/wp\/v2\/categories?post=115429"},{"taxonomy":"post_tag","embeddable":true,"href":"https:\/\/reporteroshoy.mx\/noticias\/wp-json\/wp\/v2\/tags?post=115429"}],"curies":[{"name":"wp","href":"https:\/\/api.w.org\/{rel}","templated":true}]}}