{"id":115640,"date":"2024-08-25T21:52:53","date_gmt":"2024-08-26T03:52:53","guid":{"rendered":"https:\/\/reporteroshoy.mx\/noticias\/?p=115640"},"modified":"2024-08-25T21:52:53","modified_gmt":"2024-08-26T03:52:53","slug":"yucatan-referente-a-nivel-nacional-en-seguridad","status":"publish","type":"post","link":"https:\/\/reporteroshoy.mx\/noticias\/yucatan-referente-a-nivel-nacional-en-seguridad\/","title":{"rendered":"Yucat\u00e1n, referente a nivel nacional en seguridad"},"content":{"rendered":"<p style=\"text-align: justify;\">Yucat\u00e1n se refrend\u00f3 como el estado m\u00e1s seguro del pa\u00eds al registrar la menor incidencia delictiva, panorama que lo mantiene como referente nacional.<\/p>\n<p style=\"text-align: justify;\">En el informe del mes de julio, el <strong><a href=\"https:\/\/www.gob.mx\/sesnsp\">Secretariado Ejecutivo del Sistema Nacional de Seguridad P\u00fablica<\/a><\/strong> (Sesnsp) indic\u00f3 que el dato de incidencia en la entidad es 9 veces menor al obtenido a nivel nacional, lo que confirma que las acciones realizadas para mantener la paz y tranquilidad en Yucat\u00e1n dan resultados.<\/p>\n<p><img loading=\"lazy\" decoding=\"async\" class=\"alignnone size-full wp-image-115641\" src=\"https:\/\/reporteroshoy.mx\/noticias\/wp-content\/uploads\/2024\/08\/Imagen-de-WhatsApp-2024-08-25-a-las-18.02.49_610b3fb7-scaled.jpg\" alt=\"\" width=\"768\" height=\"510\" \/><\/p>\n<h3><strong>Referente en el pa\u00eds<\/strong><\/h3>\n<p style=\"text-align: justify;\">De igual manera, el estado obtuvo el primer lugar con menor tasa de homicidios dolosos con 1.05 casos por cada 100 mil habitantes, lo cual es m\u00e1s de 10 veces menor a la nacional de 11.37 casos, as\u00ed como en tasa de robo de veh\u00edculo.<\/p>\n<p style=\"text-align: justify;\">Tener \u00fanicamente 1.13 casos, lo que es significativamente menor al pa\u00eds con 39.29 casos por cada 100 mil habitantes.<\/p>\n<p style=\"text-align: justify;\">En lo que a extorsi\u00f3n refiere, fue la que menos casos registr\u00f3 con 0.04 casos por cada 100 mil habitantes y que se compara con el dato nacional de 4.51 casos por cada 100 mil habitantes.<\/p>\n<p><strong>Te puede interesar: <\/strong><strong><a href=\"https:\/\/reporteroshoy.mx\/noticias\/abre-sus-puertas-mercado-de-tekax-san-diego-de-alcala\/\">Reclamo a ministra de la SCJN en foro de Morena<\/a><\/strong><\/p>\n<p style=\"text-align: justify;\">Por otro lado, la entidad se coloc\u00f3 en el segundo sitio con menor tasa de robo a casa habitaci\u00f3n con 1.73 casos por cada 100 mil habitantes, logrando un m\u00ednimo hist\u00f3rico, mismo que es mucho menor a la nacional de 20.67 casos por cada 100 mil habitantes.<\/p>\n<p style=\"text-align: justify;\">Finalmente, el estado estuvo en los tres estados con menos robo a transe\u00fante al registrar 0.81 casos por cada 100 mil habitantes, siendo el menor dato en su historia y quedando muy alejado de la realidad nacional, donde se registraron 27.72 situaciones; al igual que con menor tasa de feminicidios, al tener 0.32 casos por cada 100 mil mujeres, por debajo del nacional del n\u00famero nacional de 0.69 casos.<\/p>\n","protected":false},"excerpt":{"rendered":"<p>Yucat\u00e1n se refrend\u00f3 como el estado m\u00e1s seguro del pa\u00eds al registrar la menor incidencia delictiva, panorama que lo mantiene como referente.<\/p>\n","protected":false},"author":5,"featured_media":115641,"comment_status":"open","ping_status":"closed","sticky":false,"template":"","format":"standard","meta":{"footnotes":""},"categories":[17],"tags":[298,14608,23],"class_list":["post-115640","post","type-post","status-publish","format-standard","has-post-thumbnail","hentry","category-yucatan","tag-seguridad","tag-sesnsp","tag-yucatan"],"yoast_head":"<!-- This site is optimized with the Yoast SEO plugin v28.3 - https:\/\/yoast.com\/product\/yoast-seo-wordpress\/ -->\n<title>Yucat\u00e1n, referente a nivel nacional en seguridad<\/title>\n<meta name=\"description\" content=\"Yucat\u00e1n se refrend\u00f3 como el estado m\u00e1s seguro del pa\u00eds al registrar la menor incidencia delictiva, panorama que lo mantiene como referente.\" \/>\n<meta name=\"robots\" content=\"index, follow, max-snippet:-1, max-image-preview:large, max-video-preview:-1\" \/>\n<link rel=\"canonical\" href=\"https:\/\/reporteroshoy.mx\/noticias\/yucatan-referente-a-nivel-nacional-en-seguridad\/\" \/>\n<meta property=\"og:locale\" content=\"es_ES\" \/>\n<meta property=\"og:type\" content=\"article\" \/>\n<meta property=\"og:title\" content=\"Yucat\u00e1n, referente a nivel nacional en seguridad\" \/>\n<meta property=\"og:description\" content=\"Yucat\u00e1n se refrend\u00f3 como el estado m\u00e1s seguro del pa\u00eds al registrar la menor incidencia delictiva, panorama que lo mantiene como referente.\" \/>\n<meta property=\"og:url\" content=\"https:\/\/reporteroshoy.mx\/noticias\/yucatan-referente-a-nivel-nacional-en-seguridad\/\" \/>\n<meta property=\"og:site_name\" content=\"Reporteros Hoy | Noticias de Yucat\u00e1n\" \/>\n<meta property=\"article:publisher\" content=\"http:\/\/www.facebook.com\/reporteroshoymx\" \/>\n<meta property=\"article:published_time\" content=\"2024-08-26T03:52:53+00:00\" \/>\n<meta property=\"og:image\" content=\"https:\/\/reporteroshoy.mx\/noticias\/wp-content\/uploads\/2024\/08\/Imagen-de-WhatsApp-2024-08-25-a-las-18.02.49_610b3fb7-scaled.jpg\" \/>\n\t<meta property=\"og:image:width\" content=\"768\" \/>\n\t<meta property=\"og:image:height\" content=\"510\" \/>\n\t<meta property=\"og:image:type\" content=\"image\/jpeg\" \/>\n<meta name=\"author\" content=\"Reporteros Hoy IM\" \/>\n<meta name=\"twitter:card\" content=\"summary_large_image\" \/>\n<meta name=\"twitter:creator\" content=\"@reporteroshoy\" \/>\n<meta name=\"twitter:site\" content=\"@reporteroshoy\" \/>\n<meta name=\"twitter:label1\" content=\"Escrito por\" \/>\n\t<meta name=\"twitter:data1\" content=\"Reporteros Hoy IM\" \/>\n\t<meta name=\"twitter:label2\" content=\"Tiempo de lectura\" \/>\n\t<meta name=\"twitter:data2\" content=\"2 minutos\" \/>\n<script type=\"application\/ld+json\" class=\"yoast-schema-graph\">{\"@context\":\"https:\\\/\\\/schema.org\",\"@graph\":[{\"@type\":\"Article\",\"@id\":\"https:\\\/\\\/reporteroshoy.mx\\\/noticias\\\/yucatan-referente-a-nivel-nacional-en-seguridad\\\/#article\",\"isPartOf\":{\"@id\":\"https:\\\/\\\/reporteroshoy.mx\\\/noticias\\\/yucatan-referente-a-nivel-nacional-en-seguridad\\\/\"},\"author\":{\"name\":\"Reporteros Hoy IM\",\"@id\":\"https:\\\/\\\/reporteroshoy.mx\\\/noticias\\\/#\\\/schema\\\/person\\\/948520f0d88b01be2e5266bc4acbbc15\"},\"headline\":\"Yucat\u00e1n, referente a nivel nacional en seguridad\",\"datePublished\":\"2024-08-26T03:52:53+00:00\",\"mainEntityOfPage\":{\"@id\":\"https:\\\/\\\/reporteroshoy.mx\\\/noticias\\\/yucatan-referente-a-nivel-nacional-en-seguridad\\\/\"},\"wordCount\":309,\"commentCount\":0,\"image\":{\"@id\":\"https:\\\/\\\/reporteroshoy.mx\\\/noticias\\\/yucatan-referente-a-nivel-nacional-en-seguridad\\\/#primaryimage\"},\"thumbnailUrl\":\"https:\\\/\\\/reporteroshoy.mx\\\/noticias\\\/wp-content\\\/uploads\\\/2024\\\/08\\\/Imagen-de-WhatsApp-2024-08-25-a-las-18.02.49_610b3fb7-scaled.jpg\",\"keywords\":[\"Seguridad\",\"SESNSP\",\"Yucat\u00e1n\"],\"articleSection\":[\"Yucat\u00e1n\"],\"inLanguage\":\"es\",\"potentialAction\":[{\"@type\":\"CommentAction\",\"name\":\"Comment\",\"target\":[\"https:\\\/\\\/reporteroshoy.mx\\\/noticias\\\/yucatan-referente-a-nivel-nacional-en-seguridad\\\/#respond\"]}]},{\"@type\":\"WebPage\",\"@id\":\"https:\\\/\\\/reporteroshoy.mx\\\/noticias\\\/yucatan-referente-a-nivel-nacional-en-seguridad\\\/\",\"url\":\"https:\\\/\\\/reporteroshoy.mx\\\/noticias\\\/yucatan-referente-a-nivel-nacional-en-seguridad\\\/\",\"name\":\"Yucat\u00e1n, referente a nivel nacional en seguridad\",\"isPartOf\":{\"@id\":\"https:\\\/\\\/reporteroshoy.mx\\\/noticias\\\/#website\"},\"primaryImageOfPage\":{\"@id\":\"https:\\\/\\\/reporteroshoy.mx\\\/noticias\\\/yucatan-referente-a-nivel-nacional-en-seguridad\\\/#primaryimage\"},\"image\":{\"@id\":\"https:\\\/\\\/reporteroshoy.mx\\\/noticias\\\/yucatan-referente-a-nivel-nacional-en-seguridad\\\/#primaryimage\"},\"thumbnailUrl\":\"https:\\\/\\\/reporteroshoy.mx\\\/noticias\\\/wp-content\\\/uploads\\\/2024\\\/08\\\/Imagen-de-WhatsApp-2024-08-25-a-las-18.02.49_610b3fb7-scaled.jpg\",\"datePublished\":\"2024-08-26T03:52:53+00:00\",\"author\":{\"@id\":\"https:\\\/\\\/reporteroshoy.mx\\\/noticias\\\/#\\\/schema\\\/person\\\/948520f0d88b01be2e5266bc4acbbc15\"},\"description\":\"Yucat\u00e1n se refrend\u00f3 como el estado m\u00e1s seguro del pa\u00eds al registrar la menor incidencia delictiva, panorama que lo mantiene como referente.\",\"breadcrumb\":{\"@id\":\"https:\\\/\\\/reporteroshoy.mx\\\/noticias\\\/yucatan-referente-a-nivel-nacional-en-seguridad\\\/#breadcrumb\"},\"inLanguage\":\"es\",\"potentialAction\":[{\"@type\":\"ReadAction\",\"target\":[\"https:\\\/\\\/reporteroshoy.mx\\\/noticias\\\/yucatan-referente-a-nivel-nacional-en-seguridad\\\/\"]}]},{\"@type\":\"ImageObject\",\"inLanguage\":\"es\",\"@id\":\"https:\\\/\\\/reporteroshoy.mx\\\/noticias\\\/yucatan-referente-a-nivel-nacional-en-seguridad\\\/#primaryimage\",\"url\":\"https:\\\/\\\/reporteroshoy.mx\\\/noticias\\\/wp-content\\\/uploads\\\/2024\\\/08\\\/Imagen-de-WhatsApp-2024-08-25-a-las-18.02.49_610b3fb7-scaled.jpg\",\"contentUrl\":\"https:\\\/\\\/reporteroshoy.mx\\\/noticias\\\/wp-content\\\/uploads\\\/2024\\\/08\\\/Imagen-de-WhatsApp-2024-08-25-a-las-18.02.49_610b3fb7-scaled.jpg\",\"width\":768,\"height\":510},{\"@type\":\"BreadcrumbList\",\"@id\":\"https:\\\/\\\/reporteroshoy.mx\\\/noticias\\\/yucatan-referente-a-nivel-nacional-en-seguridad\\\/#breadcrumb\",\"itemListElement\":[{\"@type\":\"ListItem\",\"position\":1,\"name\":\"Portada\",\"item\":\"https:\\\/\\\/reporteroshoy.mx\\\/noticias\\\/\"},{\"@type\":\"ListItem\",\"position\":2,\"name\":\"Yucat\u00e1n, referente a nivel nacional en seguridad\"}]},{\"@type\":\"WebSite\",\"@id\":\"https:\\\/\\\/reporteroshoy.mx\\\/noticias\\\/#website\",\"url\":\"https:\\\/\\\/reporteroshoy.mx\\\/noticias\\\/\",\"name\":\"Reporteros Hoy | Noticias de Yucat\u00e1n\",\"description\":\"Peri\u00f3dico digital con noticias diarias desde M\u00e9rida, Yucat\u00e1n para el mundo.\",\"potentialAction\":[{\"@type\":\"SearchAction\",\"target\":{\"@type\":\"EntryPoint\",\"urlTemplate\":\"https:\\\/\\\/reporteroshoy.mx\\\/noticias\\\/?s={search_term_string}\"},\"query-input\":{\"@type\":\"PropertyValueSpecification\",\"valueRequired\":true,\"valueName\":\"search_term_string\"}}],\"inLanguage\":\"es\"},{\"@type\":\"Person\",\"@id\":\"https:\\\/\\\/reporteroshoy.mx\\\/noticias\\\/#\\\/schema\\\/person\\\/948520f0d88b01be2e5266bc4acbbc15\",\"name\":\"Reporteros Hoy IM\",\"image\":{\"@type\":\"ImageObject\",\"inLanguage\":\"es\",\"@id\":\"https:\\\/\\\/secure.gravatar.com\\\/avatar\\\/d843030b96552826ac048bdfe26f2895604b800ed0c880ee55765a74d95dfc65?s=96&d=mm&r=g\",\"url\":\"https:\\\/\\\/secure.gravatar.com\\\/avatar\\\/d843030b96552826ac048bdfe26f2895604b800ed0c880ee55765a74d95dfc65?s=96&d=mm&r=g\",\"contentUrl\":\"https:\\\/\\\/secure.gravatar.com\\\/avatar\\\/d843030b96552826ac048bdfe26f2895604b800ed0c880ee55765a74d95dfc65?s=96&d=mm&r=g\",\"caption\":\"Reporteros Hoy IM\"},\"url\":\"https:\\\/\\\/reporteroshoy.mx\\\/noticias\\\/author\\\/israel\\\/\"}]}<\/script>\n<!-- \/ Yoast SEO plugin. -->","yoast_head_json":{"title":"Yucat\u00e1n, referente a nivel nacional en seguridad","description":"Yucat\u00e1n se refrend\u00f3 como el estado m\u00e1s seguro del pa\u00eds al registrar la menor incidencia delictiva, panorama que lo mantiene como referente.","robots":{"index":"index","follow":"follow","max-snippet":"max-snippet:-1","max-image-preview":"max-image-preview:large","max-video-preview":"max-video-preview:-1"},"canonical":"https:\/\/reporteroshoy.mx\/noticias\/yucatan-referente-a-nivel-nacional-en-seguridad\/","og_locale":"es_ES","og_type":"article","og_title":"Yucat\u00e1n, referente a nivel nacional en seguridad","og_description":"Yucat\u00e1n se refrend\u00f3 como el estado m\u00e1s seguro del pa\u00eds al registrar la menor incidencia delictiva, panorama que lo mantiene como referente.","og_url":"https:\/\/reporteroshoy.mx\/noticias\/yucatan-referente-a-nivel-nacional-en-seguridad\/","og_site_name":"Reporteros Hoy | Noticias de Yucat\u00e1n","article_publisher":"http:\/\/www.facebook.com\/reporteroshoymx","article_published_time":"2024-08-26T03:52:53+00:00","og_image":[{"width":768,"height":510,"url":"https:\/\/reporteroshoy.mx\/noticias\/wp-content\/uploads\/2024\/08\/Imagen-de-WhatsApp-2024-08-25-a-las-18.02.49_610b3fb7-scaled.jpg","type":"image\/jpeg"}],"author":"Reporteros Hoy IM","twitter_card":"summary_large_image","twitter_creator":"@reporteroshoy","twitter_site":"@reporteroshoy","twitter_misc":{"Escrito por":"Reporteros Hoy IM","Tiempo de lectura":"2 minutos"},"schema":{"@context":"https:\/\/schema.org","@graph":[{"@type":"Article","@id":"https:\/\/reporteroshoy.mx\/noticias\/yucatan-referente-a-nivel-nacional-en-seguridad\/#article","isPartOf":{"@id":"https:\/\/reporteroshoy.mx\/noticias\/yucatan-referente-a-nivel-nacional-en-seguridad\/"},"author":{"name":"Reporteros Hoy IM","@id":"https:\/\/reporteroshoy.mx\/noticias\/#\/schema\/person\/948520f0d88b01be2e5266bc4acbbc15"},"headline":"Yucat\u00e1n, referente a nivel nacional en seguridad","datePublished":"2024-08-26T03:52:53+00:00","mainEntityOfPage":{"@id":"https:\/\/reporteroshoy.mx\/noticias\/yucatan-referente-a-nivel-nacional-en-seguridad\/"},"wordCount":309,"commentCount":0,"image":{"@id":"https:\/\/reporteroshoy.mx\/noticias\/yucatan-referente-a-nivel-nacional-en-seguridad\/#primaryimage"},"thumbnailUrl":"https:\/\/reporteroshoy.mx\/noticias\/wp-content\/uploads\/2024\/08\/Imagen-de-WhatsApp-2024-08-25-a-las-18.02.49_610b3fb7-scaled.jpg","keywords":["Seguridad","SESNSP","Yucat\u00e1n"],"articleSection":["Yucat\u00e1n"],"inLanguage":"es","potentialAction":[{"@type":"CommentAction","name":"Comment","target":["https:\/\/reporteroshoy.mx\/noticias\/yucatan-referente-a-nivel-nacional-en-seguridad\/#respond"]}]},{"@type":"WebPage","@id":"https:\/\/reporteroshoy.mx\/noticias\/yucatan-referente-a-nivel-nacional-en-seguridad\/","url":"https:\/\/reporteroshoy.mx\/noticias\/yucatan-referente-a-nivel-nacional-en-seguridad\/","name":"Yucat\u00e1n, referente a nivel nacional en seguridad","isPartOf":{"@id":"https:\/\/reporteroshoy.mx\/noticias\/#website"},"primaryImageOfPage":{"@id":"https:\/\/reporteroshoy.mx\/noticias\/yucatan-referente-a-nivel-nacional-en-seguridad\/#primaryimage"},"image":{"@id":"https:\/\/reporteroshoy.mx\/noticias\/yucatan-referente-a-nivel-nacional-en-seguridad\/#primaryimage"},"thumbnailUrl":"https:\/\/reporteroshoy.mx\/noticias\/wp-content\/uploads\/2024\/08\/Imagen-de-WhatsApp-2024-08-25-a-las-18.02.49_610b3fb7-scaled.jpg","datePublished":"2024-08-26T03:52:53+00:00","author":{"@id":"https:\/\/reporteroshoy.mx\/noticias\/#\/schema\/person\/948520f0d88b01be2e5266bc4acbbc15"},"description":"Yucat\u00e1n se refrend\u00f3 como el estado m\u00e1s seguro del pa\u00eds al registrar la menor incidencia delictiva, panorama que lo mantiene como referente.","breadcrumb":{"@id":"https:\/\/reporteroshoy.mx\/noticias\/yucatan-referente-a-nivel-nacional-en-seguridad\/#breadcrumb"},"inLanguage":"es","potentialAction":[{"@type":"ReadAction","target":["https:\/\/reporteroshoy.mx\/noticias\/yucatan-referente-a-nivel-nacional-en-seguridad\/"]}]},{"@type":"ImageObject","inLanguage":"es","@id":"https:\/\/reporteroshoy.mx\/noticias\/yucatan-referente-a-nivel-nacional-en-seguridad\/#primaryimage","url":"https:\/\/reporteroshoy.mx\/noticias\/wp-content\/uploads\/2024\/08\/Imagen-de-WhatsApp-2024-08-25-a-las-18.02.49_610b3fb7-scaled.jpg","contentUrl":"https:\/\/reporteroshoy.mx\/noticias\/wp-content\/uploads\/2024\/08\/Imagen-de-WhatsApp-2024-08-25-a-las-18.02.49_610b3fb7-scaled.jpg","width":768,"height":510},{"@type":"BreadcrumbList","@id":"https:\/\/reporteroshoy.mx\/noticias\/yucatan-referente-a-nivel-nacional-en-seguridad\/#breadcrumb","itemListElement":[{"@type":"ListItem","position":1,"name":"Portada","item":"https:\/\/reporteroshoy.mx\/noticias\/"},{"@type":"ListItem","position":2,"name":"Yucat\u00e1n, referente a nivel nacional en seguridad"}]},{"@type":"WebSite","@id":"https:\/\/reporteroshoy.mx\/noticias\/#website","url":"https:\/\/reporteroshoy.mx\/noticias\/","name":"Reporteros Hoy | Noticias de Yucat\u00e1n","description":"Peri\u00f3dico digital con noticias diarias desde M\u00e9rida, Yucat\u00e1n para el mundo.","potentialAction":[{"@type":"SearchAction","target":{"@type":"EntryPoint","urlTemplate":"https:\/\/reporteroshoy.mx\/noticias\/?s={search_term_string}"},"query-input":{"@type":"PropertyValueSpecification","valueRequired":true,"valueName":"search_term_string"}}],"inLanguage":"es"},{"@type":"Person","@id":"https:\/\/reporteroshoy.mx\/noticias\/#\/schema\/person\/948520f0d88b01be2e5266bc4acbbc15","name":"Reporteros Hoy IM","image":{"@type":"ImageObject","inLanguage":"es","@id":"https:\/\/secure.gravatar.com\/avatar\/d843030b96552826ac048bdfe26f2895604b800ed0c880ee55765a74d95dfc65?s=96&d=mm&r=g","url":"https:\/\/secure.gravatar.com\/avatar\/d843030b96552826ac048bdfe26f2895604b800ed0c880ee55765a74d95dfc65?s=96&d=mm&r=g","contentUrl":"https:\/\/secure.gravatar.com\/avatar\/d843030b96552826ac048bdfe26f2895604b800ed0c880ee55765a74d95dfc65?s=96&d=mm&r=g","caption":"Reporteros Hoy IM"},"url":"https:\/\/reporteroshoy.mx\/noticias\/author\/israel\/"}]}},"_links":{"self":[{"href":"https:\/\/reporteroshoy.mx\/noticias\/wp-json\/wp\/v2\/posts\/115640","targetHints":{"allow":["GET"]}}],"collection":[{"href":"https:\/\/reporteroshoy.mx\/noticias\/wp-json\/wp\/v2\/posts"}],"about":[{"href":"https:\/\/reporteroshoy.mx\/noticias\/wp-json\/wp\/v2\/types\/post"}],"author":[{"embeddable":true,"href":"https:\/\/reporteroshoy.mx\/noticias\/wp-json\/wp\/v2\/users\/5"}],"replies":[{"embeddable":true,"href":"https:\/\/reporteroshoy.mx\/noticias\/wp-json\/wp\/v2\/comments?post=115640"}],"version-history":[{"count":0,"href":"https:\/\/reporteroshoy.mx\/noticias\/wp-json\/wp\/v2\/posts\/115640\/revisions"}],"wp:featuredmedia":[{"embeddable":true,"href":"https:\/\/reporteroshoy.mx\/noticias\/wp-json\/wp\/v2\/media\/115641"}],"wp:attachment":[{"href":"https:\/\/reporteroshoy.mx\/noticias\/wp-json\/wp\/v2\/media?parent=115640"}],"wp:term":[{"taxonomy":"category","embeddable":true,"href":"https:\/\/reporteroshoy.mx\/noticias\/wp-json\/wp\/v2\/categories?post=115640"},{"taxonomy":"post_tag","embeddable":true,"href":"https:\/\/reporteroshoy.mx\/noticias\/wp-json\/wp\/v2\/tags?post=115640"}],"curies":[{"name":"wp","href":"https:\/\/api.w.org\/{rel}","templated":true}]}}