{"id":115760,"date":"2024-08-30T20:41:11","date_gmt":"2024-08-31T02:41:11","guid":{"rendered":"https:\/\/reporteroshoy.mx\/noticias\/?p=115760"},"modified":"2024-08-31T06:25:10","modified_gmt":"2024-08-31T12:25:10","slug":"adecuaciones-en-el-recinto-del-poder-legislativo","status":"publish","type":"post","link":"https:\/\/reporteroshoy.mx\/noticias\/adecuaciones-en-el-recinto-del-poder-legislativo\/","title":{"rendered":"Adecuaciones en el recinto del Poder Legislativo"},"content":{"rendered":"<p style=\"text-align: justify;\">Ante la integraci\u00f3n, por primera vez, de 35 diputados locales a la Legislatura de Yucat\u00e1n, quedaron listas las adecuaciones al edificio del Congreso del Estado.<\/p>\n<p style=\"text-align: justify;\">Y es que este in\u00e9dito cambio surgi\u00f3 tras la aprobaci\u00f3n de una reforma a la Ley Electoral local que increment\u00f3 el n\u00famero de distritos locales, as\u00ed como el n\u00famero de curules que se otorgan por la v\u00eda de la representaci\u00f3n plurinominal.<\/p>\n<p><img loading=\"lazy\" decoding=\"async\" class=\"alignnone size-full wp-image-115761\" src=\"https:\/\/reporteroshoy.mx\/noticias\/wp-content\/uploads\/2024\/08\/congreso_legislatura-scaled.jpg\" alt=\"\" width=\"768\" height=\"512\" \/><\/p>\n<p style=\"text-align: justify;\">Con esto, la 63 Legislatura, que concluye labores este 31 de agosto, ser\u00e1 la \u00faltima con 25 diputados estatales.<\/p>\n<h3><strong>Adecuaciones \u00abal chalecazo\u00bb<\/strong><\/h3>\n<p style=\"text-align: justify;\">Para albergar el incremento de 10 legisladores, se aplic\u00f3 una serie de cambios en la sede del Congreso, que incluy\u00f3 adecuar uno de los pisos del edificio para ubicar los nuevos cub\u00edculos.<\/p>\n<p style=\"text-align: justify;\">Asimismo, el Pleno tiene una fila m\u00e1s de curules, por lo que el espacio de poco m\u00e1s de un metro entre ella se redujo al m\u00ednimo por lo que ahora est\u00e1n \u00abachocadas\u00bb.<\/p>\n<p style=\"text-align: justify;\">En breve entrevista, el pr\u00f3ximo presidente de la Junta de Gobierno del Congreso, Wilmer Monforte Marfil, dijo que los legisladores \u00abya se organizaron\u00bb para ocupar los nuevos espacios.<\/p>\n<p style=\"text-align: justify;\">\u00abMuy buena opini\u00f3n, todo muy bien. Muy cordial, todo muy claro\u00bb, se\u00f1al\u00f3.<\/p>\n<p style=\"text-align: justify;\">Cabe precisar que de los 35 diputados que ahora ocupan el Congreso estatal, 21 fueron electos por mayor\u00eda y 14 ingresaron por representaci\u00f3n proporcional.<\/p>\n<p><strong>Te puede interesar: <\/strong><strong><a href=\"https:\/\/reporteroshoy.mx\/noticias\/mauricio-vila-vicepresidente-de-mesa-directiva-del-senado\/\">Mauricio Vila, vicepresidente de mesa directiva del Senado<\/a><\/strong><\/p>\n<p style=\"text-align: justify;\">A diferencia de la anterior Legislatura, que estaba compuesta por 7 fuerzas pol\u00edticas, actualmente son 6 los partidos que integran el Poder Legislativo<\/p>\n<p style=\"text-align: justify;\">Morena es la bancada que ocupa m\u00e1s curules, seguido del PAN, PRI, Partido Verde, Partido del Trabajo y Movimiento ciudadano.<\/p>\n","protected":false},"excerpt":{"rendered":"<p>Ante la integraci\u00f3n, por primera vez, de 35 diputados locales a la Legislatura de Yucat\u00e1n, quedaron listas las adecuaciones al edificio.<\/p>\n","protected":false},"author":5,"featured_media":115761,"comment_status":"open","ping_status":"closed","sticky":false,"template":"","format":"standard","meta":{"footnotes":""},"categories":[24410],"tags":[26545,256,26244],"class_list":["post-115760","post","type-post","status-publish","format-standard","has-post-thumbnail","hentry","category-politica","tag-adecuaciones","tag-congreso","tag-curules"],"yoast_head":"<!-- This site is optimized with the Yoast SEO plugin v28.4 - https:\/\/yoast.com\/product\/yoast-seo-wordpress\/ -->\n<title>Adecuaciones en el recinto del Poder Legislativo<\/title>\n<meta name=\"description\" content=\"Ante la integraci\u00f3n, por primera vez, de 35 diputados locales a la Legislatura de Yucat\u00e1n, quedaron listas las adecuaciones al edificio.\" \/>\n<meta name=\"robots\" content=\"index, follow, max-snippet:-1, max-image-preview:large, max-video-preview:-1\" \/>\n<link rel=\"canonical\" href=\"https:\/\/reporteroshoy.mx\/noticias\/adecuaciones-en-el-recinto-del-poder-legislativo\/\" \/>\n<meta property=\"og:locale\" content=\"es_ES\" \/>\n<meta property=\"og:type\" content=\"article\" \/>\n<meta property=\"og:title\" content=\"Adecuaciones en el recinto del Poder Legislativo\" \/>\n<meta property=\"og:description\" content=\"Ante la integraci\u00f3n, por primera vez, de 35 diputados locales a la Legislatura de Yucat\u00e1n, quedaron listas las adecuaciones al edificio.\" \/>\n<meta property=\"og:url\" content=\"https:\/\/reporteroshoy.mx\/noticias\/adecuaciones-en-el-recinto-del-poder-legislativo\/\" \/>\n<meta property=\"og:site_name\" content=\"Reporteros Hoy | Noticias de Yucat\u00e1n\" \/>\n<meta property=\"article:publisher\" content=\"http:\/\/www.facebook.com\/reporteroshoymx\" \/>\n<meta property=\"article:published_time\" content=\"2024-08-31T02:41:11+00:00\" \/>\n<meta property=\"article:modified_time\" content=\"2024-08-31T12:25:10+00:00\" \/>\n<meta property=\"og:image\" content=\"https:\/\/reporteroshoy.mx\/noticias\/wp-content\/uploads\/2024\/08\/congreso_legislatura-scaled.jpg\" \/>\n\t<meta property=\"og:image:width\" content=\"768\" \/>\n\t<meta property=\"og:image:height\" content=\"512\" \/>\n\t<meta property=\"og:image:type\" content=\"image\/jpeg\" \/>\n<meta name=\"author\" content=\"Reporteros Hoy IM\" \/>\n<meta name=\"twitter:card\" content=\"summary_large_image\" \/>\n<meta name=\"twitter:creator\" content=\"@reporteroshoy\" \/>\n<meta name=\"twitter:site\" content=\"@reporteroshoy\" \/>\n<meta name=\"twitter:label1\" content=\"Escrito por\" \/>\n\t<meta name=\"twitter:data1\" content=\"Reporteros Hoy IM\" \/>\n\t<meta name=\"twitter:label2\" content=\"Tiempo de lectura\" \/>\n\t<meta name=\"twitter:data2\" content=\"2 minutos\" \/>\n<script type=\"application\/ld+json\" class=\"yoast-schema-graph\">{\"@context\":\"https:\\\/\\\/schema.org\",\"@graph\":[{\"@type\":\"Article\",\"@id\":\"https:\\\/\\\/reporteroshoy.mx\\\/noticias\\\/adecuaciones-en-el-recinto-del-poder-legislativo\\\/#article\",\"isPartOf\":{\"@id\":\"https:\\\/\\\/reporteroshoy.mx\\\/noticias\\\/adecuaciones-en-el-recinto-del-poder-legislativo\\\/\"},\"author\":{\"name\":\"Reporteros Hoy IM\",\"@id\":\"https:\\\/\\\/reporteroshoy.mx\\\/noticias\\\/#\\\/schema\\\/person\\\/948520f0d88b01be2e5266bc4acbbc15\"},\"headline\":\"Adecuaciones en el recinto del Poder Legislativo\",\"datePublished\":\"2024-08-31T02:41:11+00:00\",\"dateModified\":\"2024-08-31T12:25:10+00:00\",\"mainEntityOfPage\":{\"@id\":\"https:\\\/\\\/reporteroshoy.mx\\\/noticias\\\/adecuaciones-en-el-recinto-del-poder-legislativo\\\/\"},\"wordCount\":287,\"commentCount\":0,\"image\":{\"@id\":\"https:\\\/\\\/reporteroshoy.mx\\\/noticias\\\/adecuaciones-en-el-recinto-del-poder-legislativo\\\/#primaryimage\"},\"thumbnailUrl\":\"https:\\\/\\\/reporteroshoy.mx\\\/noticias\\\/wp-content\\\/uploads\\\/2024\\\/08\\\/congreso_legislatura-scaled.jpg\",\"keywords\":[\"Adecuaciones\",\"Congreso\",\"Curules\"],\"articleSection\":[\"Pol\u00edtica\"],\"inLanguage\":\"es\",\"potentialAction\":[{\"@type\":\"CommentAction\",\"name\":\"Comment\",\"target\":[\"https:\\\/\\\/reporteroshoy.mx\\\/noticias\\\/adecuaciones-en-el-recinto-del-poder-legislativo\\\/#respond\"]}]},{\"@type\":\"WebPage\",\"@id\":\"https:\\\/\\\/reporteroshoy.mx\\\/noticias\\\/adecuaciones-en-el-recinto-del-poder-legislativo\\\/\",\"url\":\"https:\\\/\\\/reporteroshoy.mx\\\/noticias\\\/adecuaciones-en-el-recinto-del-poder-legislativo\\\/\",\"name\":\"Adecuaciones en el recinto del Poder Legislativo\",\"isPartOf\":{\"@id\":\"https:\\\/\\\/reporteroshoy.mx\\\/noticias\\\/#website\"},\"primaryImageOfPage\":{\"@id\":\"https:\\\/\\\/reporteroshoy.mx\\\/noticias\\\/adecuaciones-en-el-recinto-del-poder-legislativo\\\/#primaryimage\"},\"image\":{\"@id\":\"https:\\\/\\\/reporteroshoy.mx\\\/noticias\\\/adecuaciones-en-el-recinto-del-poder-legislativo\\\/#primaryimage\"},\"thumbnailUrl\":\"https:\\\/\\\/reporteroshoy.mx\\\/noticias\\\/wp-content\\\/uploads\\\/2024\\\/08\\\/congreso_legislatura-scaled.jpg\",\"datePublished\":\"2024-08-31T02:41:11+00:00\",\"dateModified\":\"2024-08-31T12:25:10+00:00\",\"author\":{\"@id\":\"https:\\\/\\\/reporteroshoy.mx\\\/noticias\\\/#\\\/schema\\\/person\\\/948520f0d88b01be2e5266bc4acbbc15\"},\"description\":\"Ante la integraci\u00f3n, por primera vez, de 35 diputados locales a la Legislatura de Yucat\u00e1n, quedaron listas las adecuaciones al edificio.\",\"breadcrumb\":{\"@id\":\"https:\\\/\\\/reporteroshoy.mx\\\/noticias\\\/adecuaciones-en-el-recinto-del-poder-legislativo\\\/#breadcrumb\"},\"inLanguage\":\"es\",\"potentialAction\":[{\"@type\":\"ReadAction\",\"target\":[\"https:\\\/\\\/reporteroshoy.mx\\\/noticias\\\/adecuaciones-en-el-recinto-del-poder-legislativo\\\/\"]}]},{\"@type\":\"ImageObject\",\"inLanguage\":\"es\",\"@id\":\"https:\\\/\\\/reporteroshoy.mx\\\/noticias\\\/adecuaciones-en-el-recinto-del-poder-legislativo\\\/#primaryimage\",\"url\":\"https:\\\/\\\/reporteroshoy.mx\\\/noticias\\\/wp-content\\\/uploads\\\/2024\\\/08\\\/congreso_legislatura-scaled.jpg\",\"contentUrl\":\"https:\\\/\\\/reporteroshoy.mx\\\/noticias\\\/wp-content\\\/uploads\\\/2024\\\/08\\\/congreso_legislatura-scaled.jpg\",\"width\":768,\"height\":512},{\"@type\":\"BreadcrumbList\",\"@id\":\"https:\\\/\\\/reporteroshoy.mx\\\/noticias\\\/adecuaciones-en-el-recinto-del-poder-legislativo\\\/#breadcrumb\",\"itemListElement\":[{\"@type\":\"ListItem\",\"position\":1,\"name\":\"Portada\",\"item\":\"https:\\\/\\\/reporteroshoy.mx\\\/noticias\\\/\"},{\"@type\":\"ListItem\",\"position\":2,\"name\":\"Adecuaciones en el recinto del Poder Legislativo\"}]},{\"@type\":\"WebSite\",\"@id\":\"https:\\\/\\\/reporteroshoy.mx\\\/noticias\\\/#website\",\"url\":\"https:\\\/\\\/reporteroshoy.mx\\\/noticias\\\/\",\"name\":\"Reporteros Hoy | Noticias de Yucat\u00e1n\",\"description\":\"Peri\u00f3dico digital con noticias diarias desde M\u00e9rida, Yucat\u00e1n para el mundo.\",\"potentialAction\":[{\"@type\":\"SearchAction\",\"target\":{\"@type\":\"EntryPoint\",\"urlTemplate\":\"https:\\\/\\\/reporteroshoy.mx\\\/noticias\\\/?s={search_term_string}\"},\"query-input\":{\"@type\":\"PropertyValueSpecification\",\"valueRequired\":true,\"valueName\":\"search_term_string\"}}],\"inLanguage\":\"es\"},{\"@type\":\"Person\",\"@id\":\"https:\\\/\\\/reporteroshoy.mx\\\/noticias\\\/#\\\/schema\\\/person\\\/948520f0d88b01be2e5266bc4acbbc15\",\"name\":\"Reporteros Hoy IM\",\"image\":{\"@type\":\"ImageObject\",\"inLanguage\":\"es\",\"@id\":\"https:\\\/\\\/secure.gravatar.com\\\/avatar\\\/d843030b96552826ac048bdfe26f2895604b800ed0c880ee55765a74d95dfc65?s=96&d=mm&r=g\",\"url\":\"https:\\\/\\\/secure.gravatar.com\\\/avatar\\\/d843030b96552826ac048bdfe26f2895604b800ed0c880ee55765a74d95dfc65?s=96&d=mm&r=g\",\"contentUrl\":\"https:\\\/\\\/secure.gravatar.com\\\/avatar\\\/d843030b96552826ac048bdfe26f2895604b800ed0c880ee55765a74d95dfc65?s=96&d=mm&r=g\",\"caption\":\"Reporteros Hoy IM\"},\"url\":\"https:\\\/\\\/reporteroshoy.mx\\\/noticias\\\/author\\\/israel\\\/\"}]}<\/script>\n<!-- \/ Yoast SEO plugin. -->","yoast_head_json":{"title":"Adecuaciones en el recinto del Poder Legislativo","description":"Ante la integraci\u00f3n, por primera vez, de 35 diputados locales a la Legislatura de Yucat\u00e1n, quedaron listas las adecuaciones al edificio.","robots":{"index":"index","follow":"follow","max-snippet":"max-snippet:-1","max-image-preview":"max-image-preview:large","max-video-preview":"max-video-preview:-1"},"canonical":"https:\/\/reporteroshoy.mx\/noticias\/adecuaciones-en-el-recinto-del-poder-legislativo\/","og_locale":"es_ES","og_type":"article","og_title":"Adecuaciones en el recinto del Poder Legislativo","og_description":"Ante la integraci\u00f3n, por primera vez, de 35 diputados locales a la Legislatura de Yucat\u00e1n, quedaron listas las adecuaciones al edificio.","og_url":"https:\/\/reporteroshoy.mx\/noticias\/adecuaciones-en-el-recinto-del-poder-legislativo\/","og_site_name":"Reporteros Hoy | Noticias de Yucat\u00e1n","article_publisher":"http:\/\/www.facebook.com\/reporteroshoymx","article_published_time":"2024-08-31T02:41:11+00:00","article_modified_time":"2024-08-31T12:25:10+00:00","og_image":[{"width":768,"height":512,"url":"https:\/\/reporteroshoy.mx\/noticias\/wp-content\/uploads\/2024\/08\/congreso_legislatura-scaled.jpg","type":"image\/jpeg"}],"author":"Reporteros Hoy IM","twitter_card":"summary_large_image","twitter_creator":"@reporteroshoy","twitter_site":"@reporteroshoy","twitter_misc":{"Escrito por":"Reporteros Hoy IM","Tiempo de lectura":"2 minutos"},"schema":{"@context":"https:\/\/schema.org","@graph":[{"@type":"Article","@id":"https:\/\/reporteroshoy.mx\/noticias\/adecuaciones-en-el-recinto-del-poder-legislativo\/#article","isPartOf":{"@id":"https:\/\/reporteroshoy.mx\/noticias\/adecuaciones-en-el-recinto-del-poder-legislativo\/"},"author":{"name":"Reporteros Hoy IM","@id":"https:\/\/reporteroshoy.mx\/noticias\/#\/schema\/person\/948520f0d88b01be2e5266bc4acbbc15"},"headline":"Adecuaciones en el recinto del Poder Legislativo","datePublished":"2024-08-31T02:41:11+00:00","dateModified":"2024-08-31T12:25:10+00:00","mainEntityOfPage":{"@id":"https:\/\/reporteroshoy.mx\/noticias\/adecuaciones-en-el-recinto-del-poder-legislativo\/"},"wordCount":287,"commentCount":0,"image":{"@id":"https:\/\/reporteroshoy.mx\/noticias\/adecuaciones-en-el-recinto-del-poder-legislativo\/#primaryimage"},"thumbnailUrl":"https:\/\/reporteroshoy.mx\/noticias\/wp-content\/uploads\/2024\/08\/congreso_legislatura-scaled.jpg","keywords":["Adecuaciones","Congreso","Curules"],"articleSection":["Pol\u00edtica"],"inLanguage":"es","potentialAction":[{"@type":"CommentAction","name":"Comment","target":["https:\/\/reporteroshoy.mx\/noticias\/adecuaciones-en-el-recinto-del-poder-legislativo\/#respond"]}]},{"@type":"WebPage","@id":"https:\/\/reporteroshoy.mx\/noticias\/adecuaciones-en-el-recinto-del-poder-legislativo\/","url":"https:\/\/reporteroshoy.mx\/noticias\/adecuaciones-en-el-recinto-del-poder-legislativo\/","name":"Adecuaciones en el recinto del Poder Legislativo","isPartOf":{"@id":"https:\/\/reporteroshoy.mx\/noticias\/#website"},"primaryImageOfPage":{"@id":"https:\/\/reporteroshoy.mx\/noticias\/adecuaciones-en-el-recinto-del-poder-legislativo\/#primaryimage"},"image":{"@id":"https:\/\/reporteroshoy.mx\/noticias\/adecuaciones-en-el-recinto-del-poder-legislativo\/#primaryimage"},"thumbnailUrl":"https:\/\/reporteroshoy.mx\/noticias\/wp-content\/uploads\/2024\/08\/congreso_legislatura-scaled.jpg","datePublished":"2024-08-31T02:41:11+00:00","dateModified":"2024-08-31T12:25:10+00:00","author":{"@id":"https:\/\/reporteroshoy.mx\/noticias\/#\/schema\/person\/948520f0d88b01be2e5266bc4acbbc15"},"description":"Ante la integraci\u00f3n, por primera vez, de 35 diputados locales a la Legislatura de Yucat\u00e1n, quedaron listas las adecuaciones al edificio.","breadcrumb":{"@id":"https:\/\/reporteroshoy.mx\/noticias\/adecuaciones-en-el-recinto-del-poder-legislativo\/#breadcrumb"},"inLanguage":"es","potentialAction":[{"@type":"ReadAction","target":["https:\/\/reporteroshoy.mx\/noticias\/adecuaciones-en-el-recinto-del-poder-legislativo\/"]}]},{"@type":"ImageObject","inLanguage":"es","@id":"https:\/\/reporteroshoy.mx\/noticias\/adecuaciones-en-el-recinto-del-poder-legislativo\/#primaryimage","url":"https:\/\/reporteroshoy.mx\/noticias\/wp-content\/uploads\/2024\/08\/congreso_legislatura-scaled.jpg","contentUrl":"https:\/\/reporteroshoy.mx\/noticias\/wp-content\/uploads\/2024\/08\/congreso_legislatura-scaled.jpg","width":768,"height":512},{"@type":"BreadcrumbList","@id":"https:\/\/reporteroshoy.mx\/noticias\/adecuaciones-en-el-recinto-del-poder-legislativo\/#breadcrumb","itemListElement":[{"@type":"ListItem","position":1,"name":"Portada","item":"https:\/\/reporteroshoy.mx\/noticias\/"},{"@type":"ListItem","position":2,"name":"Adecuaciones en el recinto del Poder Legislativo"}]},{"@type":"WebSite","@id":"https:\/\/reporteroshoy.mx\/noticias\/#website","url":"https:\/\/reporteroshoy.mx\/noticias\/","name":"Reporteros Hoy | Noticias de Yucat\u00e1n","description":"Peri\u00f3dico digital con noticias diarias desde M\u00e9rida, Yucat\u00e1n para el mundo.","potentialAction":[{"@type":"SearchAction","target":{"@type":"EntryPoint","urlTemplate":"https:\/\/reporteroshoy.mx\/noticias\/?s={search_term_string}"},"query-input":{"@type":"PropertyValueSpecification","valueRequired":true,"valueName":"search_term_string"}}],"inLanguage":"es"},{"@type":"Person","@id":"https:\/\/reporteroshoy.mx\/noticias\/#\/schema\/person\/948520f0d88b01be2e5266bc4acbbc15","name":"Reporteros Hoy IM","image":{"@type":"ImageObject","inLanguage":"es","@id":"https:\/\/secure.gravatar.com\/avatar\/d843030b96552826ac048bdfe26f2895604b800ed0c880ee55765a74d95dfc65?s=96&d=mm&r=g","url":"https:\/\/secure.gravatar.com\/avatar\/d843030b96552826ac048bdfe26f2895604b800ed0c880ee55765a74d95dfc65?s=96&d=mm&r=g","contentUrl":"https:\/\/secure.gravatar.com\/avatar\/d843030b96552826ac048bdfe26f2895604b800ed0c880ee55765a74d95dfc65?s=96&d=mm&r=g","caption":"Reporteros Hoy IM"},"url":"https:\/\/reporteroshoy.mx\/noticias\/author\/israel\/"}]}},"_links":{"self":[{"href":"https:\/\/reporteroshoy.mx\/noticias\/wp-json\/wp\/v2\/posts\/115760","targetHints":{"allow":["GET"]}}],"collection":[{"href":"https:\/\/reporteroshoy.mx\/noticias\/wp-json\/wp\/v2\/posts"}],"about":[{"href":"https:\/\/reporteroshoy.mx\/noticias\/wp-json\/wp\/v2\/types\/post"}],"author":[{"embeddable":true,"href":"https:\/\/reporteroshoy.mx\/noticias\/wp-json\/wp\/v2\/users\/5"}],"replies":[{"embeddable":true,"href":"https:\/\/reporteroshoy.mx\/noticias\/wp-json\/wp\/v2\/comments?post=115760"}],"version-history":[{"count":0,"href":"https:\/\/reporteroshoy.mx\/noticias\/wp-json\/wp\/v2\/posts\/115760\/revisions"}],"wp:featuredmedia":[{"embeddable":true,"href":"https:\/\/reporteroshoy.mx\/noticias\/wp-json\/wp\/v2\/media\/115761"}],"wp:attachment":[{"href":"https:\/\/reporteroshoy.mx\/noticias\/wp-json\/wp\/v2\/media?parent=115760"}],"wp:term":[{"taxonomy":"category","embeddable":true,"href":"https:\/\/reporteroshoy.mx\/noticias\/wp-json\/wp\/v2\/categories?post=115760"},{"taxonomy":"post_tag","embeddable":true,"href":"https:\/\/reporteroshoy.mx\/noticias\/wp-json\/wp\/v2\/tags?post=115760"}],"curies":[{"name":"wp","href":"https:\/\/api.w.org\/{rel}","templated":true}]}}