{"id":115779,"date":"2024-08-31T23:55:30","date_gmt":"2024-09-01T05:55:30","guid":{"rendered":"https:\/\/reporteroshoy.mx\/noticias\/?p=115779"},"modified":"2024-08-31T23:55:30","modified_gmt":"2024-09-01T05:55:30","slug":"lxiv-legislatura-inicia-con-historica-presidencia-indigena","status":"publish","type":"post","link":"https:\/\/reporteroshoy.mx\/noticias\/lxiv-legislatura-inicia-con-historica-presidencia-indigena\/","title":{"rendered":"LXIV Legislatura inicia con hist\u00f3rica presidencia ind\u00edgena"},"content":{"rendered":"<p style=\"text-align: justify;\">Como parte de las actividades protocolarias, las y los diputados rindieron compromiso constitucional con lo cual se da por constituida la LXIV Legislatura que fungir\u00e1 del 1 de septiembre de 2024 al 31 de agosto de 2027.<\/p>\n<p style=\"text-align: justify;\">En primera instancia y a propuesta del diputado Wilmer Monforte Marfil, se design\u00f3 a la diputada Neyda Aracelly Pat Dzul, como presidenta, destacando que es la primera ocasi\u00f3n que una mujer de origen ind\u00edgena preside la mesa directiva; Harry Rodr\u00edguez Botello Fierro, vicepresidente; como secretarios los diputados \u00c1lvaro Cetina Puerto y Francisco Rosas Villavicencio y, como secretarias suplentes las diputadas Larissa Acosta Escalante y Rosana Couoh Chan.<\/p>\n<p style=\"text-align: justify;\">Esta Mesa Directiva fungir\u00e1 durante el Primer Per\u00edodo Ordinario de Sesiones correspondiente al Primer A\u00f1o de Ejercicio Constitucional, que abarca del 1 de septiembre al 15 de diciembre.<\/p>\n<p style=\"text-align: justify;\">Al continuar, rindi\u00f3 compromiso la diputada Neyda Aracelly Pat Dzul, como presidenta de la Mesa Directiva y posteriormente la Comisi\u00f3n Instaladora y de Entrega-Recepci\u00f3n dio la documentaci\u00f3n correspondiente al resguardo de bienes de la LXIII Legislatura.<\/p>\n<p><img loading=\"lazy\" decoding=\"async\" class=\"aligncenter wp-image-115780\" src=\"https:\/\/reporteroshoy.mx\/noticias\/wp-content\/uploads\/2024\/08\/LXIV-Legislatura-scaled.jpg\" alt=\"LXIV Legislatura inicia con hist\u00f3rica presidencia ind\u00edgena\" width=\"598\" height=\"337\" \/><\/p>\n<h4><strong>Mujer preparada<\/strong><\/h4>\n<p style=\"text-align: justify;\">La diputada <strong><span style=\"color: #0000ff;\"><a style=\"color: #0000ff;\" href=\"https:\/\/www.facebook.com\/profile.php?id=100010491308705&amp;locale=es_ES&amp;paipv=0&amp;eav=AfZ7sowP3HmsLHFV6SLjvjxRtJEkHdvXJ3AlCWnvPRRLrXgHHwNCiGgwJMXYYqu335Q&amp;_rdr\">Neyda Aracelly Pat Dzul<\/a><\/span><\/strong> es una mujer preparada que cuenta con dos licenciaturas y una maestr\u00eda, fue coordinadora nacional de trabajadores de la educaci\u00f3n, as\u00ed como secretaria nacional de pueblos ind\u00edgenas.<\/p>\n<p style=\"text-align: justify;\">Luego de entrar en funciones la Mesa Directiva, las y los 35 diputados rindieron compromiso constitucional, instal\u00e1ndose formalmente la LXIV Legislatura representada por las Fracciones Legislativas de Morena, PAN, PRI, MC, PT y PVEM.<\/p>\n<p style=\"text-align: justify;\">La Fracci\u00f3n Legislativa de Morena la integran las y los diputados: Daniel Enrique Gonz\u00e1lez Quintal, Claudia Estefan\u00eda Baeza Mart\u00ednez, Naomi Peniche L\u00f3pez, Clara Paola Rosales Montiel, Jos\u00e9 Juli\u00e1n Bustillos Medina, Bayardo Ojeda Marrufo, Samuel Lizama Gasca, Alba Cristina Cob Cort\u00e9s, Alejandro Cuevas Mena, Rafael Quintal Medina, Mar\u00eda Esther Magad\u00e1n Alonzo, Eric Quijano Gonz\u00e1lez, Maribel del Rosario Chuc Ayala, Wilmer Monforte Marfil, Wilber Dzul Canul, Ayd\u00e9 Interi\u00e1n Arg\u00fcello y Neyda Pat Dzul.<\/p>\n<p style=\"text-align: justify;\">De la Fracci\u00f3n Legislativa del PAN las y los diputados: \u00c1ngel David Valdez Jim\u00e9nez, Mar\u00eda Teresa Boehm Calero, Sayda Rodr\u00edguez G\u00f3mez, Melba Gamboa \u00c1vila, Roger Torres Peniche, \u00c1lvaro Cetina Puerto, Zhazil M\u00e9ndez Hern\u00e1ndez, Rafael Montalvo Mata, Marco Pasos Tec, Manuela Cocom Bolio, Itzel Falla Uribe y Ana Cristina Polanco Bautista.<\/p>\n<p><img loading=\"lazy\" decoding=\"async\" class=\"aligncenter wp-image-115781\" src=\"https:\/\/reporteroshoy.mx\/noticias\/wp-content\/uploads\/2024\/08\/LXIV-Legislatura3-scaled.jpg\" alt=\"LXIV Legislatura inicia con hist\u00f3rica presidencia ind\u00edgena\" width=\"600\" height=\"338\" \/><\/p>\n<p style=\"text-align: justify;\">Del PRI, el diputado Gaspar Quintal Parra y la diputada Rosana Couoh Chan. De Movimiento Ciudadano, el diputado Javier Osante Sol\u00eds y la diputada Larissa Acosta Escalante.<\/p>\n<p style=\"text-align: justify;\">Del PVEM y del PT, los diputados Harry Rodr\u00edguez Botello Fierro y Francisco Rosas Villavicencio, respectivamente.<\/p>\n<p style=\"text-align: justify;\">Al t\u00e9rmino del protocolo se convoc\u00f3 a la LXIV Legislatura a la sesi\u00f3n de apertura del Primer Per\u00edodo Ordinario de Sesiones para el domingo 1 de septiembre a las 12:00 horas.<\/p>\n<h4 style=\"text-align: justify;\"><b>Diputaci\u00f3n Permanente<\/b><\/h4>\n<p style=\"text-align: justify;\">Posteriormente, se llev\u00f3 a cabo la sesi\u00f3n de la Diputaci\u00f3n Permanente, donde se dio lectura al memorial enviado por el diputado Erik Rihani Gonz\u00e1lez, en el cual solicita licencia por tiempo ilimitado para separarse del cargo de diputado propietario.<\/p>\n<p><em><strong>Te interesa:\u00a0<a href=\"https:\/\/reporteroshoy.mx\/noticias\/adecuaciones-en-el-recinto-del-poder-legislativo\/#google_vignette\">Adecuaciones en el recinto del Poder Legislativo<\/a><\/strong><\/em><\/p>\n<p style=\"text-align: justify;\">Tambi\u00e9n, se dio por enterada de diversos oficios enviados por el Gobierno del Estado y de diversas Legislaturas.<\/p>\n<p style=\"text-align: justify;\">El legislador Luis Fern\u00e1ndez Vidal presidente de la Diputaci\u00f3n Permanente, decret\u00f3 un receso y se reanudar\u00e1 la sesi\u00f3n al t\u00e9rmino del Tercer Per\u00edodo Extraordinario de Sesiones correspondiente al Tercer A\u00f1o de Ejercicio Constitucional programada para las 17:00 horas.<\/p>\n","protected":false},"excerpt":{"rendered":"<p>Diputada Neyda Pat Dzul, primera mujer ind\u00edgena en presidir la mesa directiva, marca un hito en la historia legislativa.<\/p>\n","protected":false},"author":9,"featured_media":115782,"comment_status":"open","ping_status":"closed","sticky":false,"template":"","format":"standard","meta":{"footnotes":""},"categories":[24410],"tags":[321,583,26548],"class_list":["post-115779","post","type-post","status-publish","format-standard","has-post-thumbnail","hentry","category-politica","tag-congreso-de-yucatan","tag-diputados-locales","tag-lxiv-legislatura"],"yoast_head":"<!-- This site is optimized with the Yoast SEO plugin v28.4 - https:\/\/yoast.com\/product\/yoast-seo-wordpress\/ -->\n<title>LXIV Legislatura inicia con hist\u00f3rica presidencia ind\u00edgena<\/title>\n<meta name=\"description\" content=\"Diputada Neyda Pat Dzul, primera mujer ind\u00edgena en presidir la mesa directiva, marca un hito en la historia legislativa.\" \/>\n<meta name=\"robots\" content=\"index, follow, max-snippet:-1, max-image-preview:large, max-video-preview:-1\" \/>\n<link rel=\"canonical\" href=\"https:\/\/reporteroshoy.mx\/noticias\/lxiv-legislatura-inicia-con-historica-presidencia-indigena\/\" \/>\n<meta property=\"og:locale\" content=\"es_ES\" \/>\n<meta property=\"og:type\" content=\"article\" \/>\n<meta property=\"og:title\" content=\"LXIV Legislatura inicia con hist\u00f3rica presidencia ind\u00edgena\" \/>\n<meta property=\"og:description\" content=\"Diputada Neyda Pat Dzul, primera mujer ind\u00edgena en presidir la mesa directiva, marca un hito en la historia legislativa.\" \/>\n<meta property=\"og:url\" content=\"https:\/\/reporteroshoy.mx\/noticias\/lxiv-legislatura-inicia-con-historica-presidencia-indigena\/\" \/>\n<meta property=\"og:site_name\" content=\"Reporteros Hoy | Noticias de Yucat\u00e1n\" \/>\n<meta property=\"article:publisher\" content=\"http:\/\/www.facebook.com\/reporteroshoymx\" \/>\n<meta property=\"article:published_time\" content=\"2024-09-01T05:55:30+00:00\" \/>\n<meta property=\"og:image\" content=\"https:\/\/reporteroshoy.mx\/noticias\/wp-content\/uploads\/2024\/08\/LXIV-Legislatura2-scaled.jpg\" \/>\n\t<meta property=\"og:image:width\" content=\"768\" \/>\n\t<meta property=\"og:image:height\" content=\"432\" \/>\n\t<meta property=\"og:image:type\" content=\"image\/jpeg\" \/>\n<meta name=\"author\" content=\"Reporteros Hoy WP\" \/>\n<meta name=\"twitter:card\" content=\"summary_large_image\" \/>\n<meta name=\"twitter:creator\" content=\"@reporteroshoy\" \/>\n<meta name=\"twitter:site\" content=\"@reporteroshoy\" \/>\n<meta name=\"twitter:label1\" content=\"Escrito por\" \/>\n\t<meta name=\"twitter:data1\" content=\"Reporteros Hoy WP\" \/>\n\t<meta name=\"twitter:label2\" content=\"Tiempo de lectura\" \/>\n\t<meta name=\"twitter:data2\" content=\"4 minutos\" \/>\n<script type=\"application\/ld+json\" class=\"yoast-schema-graph\">{\"@context\":\"https:\\\/\\\/schema.org\",\"@graph\":[{\"@type\":\"Article\",\"@id\":\"https:\\\/\\\/reporteroshoy.mx\\\/noticias\\\/lxiv-legislatura-inicia-con-historica-presidencia-indigena\\\/#article\",\"isPartOf\":{\"@id\":\"https:\\\/\\\/reporteroshoy.mx\\\/noticias\\\/lxiv-legislatura-inicia-con-historica-presidencia-indigena\\\/\"},\"author\":{\"name\":\"Reporteros Hoy WP\",\"@id\":\"https:\\\/\\\/reporteroshoy.mx\\\/noticias\\\/#\\\/schema\\\/person\\\/c977527e57c958a62c5cefe8fe47876e\"},\"headline\":\"LXIV Legislatura inicia con hist\u00f3rica presidencia ind\u00edgena\",\"datePublished\":\"2024-09-01T05:55:30+00:00\",\"mainEntityOfPage\":{\"@id\":\"https:\\\/\\\/reporteroshoy.mx\\\/noticias\\\/lxiv-legislatura-inicia-con-historica-presidencia-indigena\\\/\"},\"wordCount\":584,\"commentCount\":0,\"image\":{\"@id\":\"https:\\\/\\\/reporteroshoy.mx\\\/noticias\\\/lxiv-legislatura-inicia-con-historica-presidencia-indigena\\\/#primaryimage\"},\"thumbnailUrl\":\"https:\\\/\\\/reporteroshoy.mx\\\/noticias\\\/wp-content\\\/uploads\\\/2024\\\/08\\\/LXIV-Legislatura2-scaled.jpg\",\"keywords\":[\"congreso de yucat\u00e1n\",\"Diputados locales\",\"LXIV Legislatura\"],\"articleSection\":[\"Pol\u00edtica\"],\"inLanguage\":\"es\",\"potentialAction\":[{\"@type\":\"CommentAction\",\"name\":\"Comment\",\"target\":[\"https:\\\/\\\/reporteroshoy.mx\\\/noticias\\\/lxiv-legislatura-inicia-con-historica-presidencia-indigena\\\/#respond\"]}]},{\"@type\":\"WebPage\",\"@id\":\"https:\\\/\\\/reporteroshoy.mx\\\/noticias\\\/lxiv-legislatura-inicia-con-historica-presidencia-indigena\\\/\",\"url\":\"https:\\\/\\\/reporteroshoy.mx\\\/noticias\\\/lxiv-legislatura-inicia-con-historica-presidencia-indigena\\\/\",\"name\":\"LXIV Legislatura inicia con hist\u00f3rica presidencia ind\u00edgena\",\"isPartOf\":{\"@id\":\"https:\\\/\\\/reporteroshoy.mx\\\/noticias\\\/#website\"},\"primaryImageOfPage\":{\"@id\":\"https:\\\/\\\/reporteroshoy.mx\\\/noticias\\\/lxiv-legislatura-inicia-con-historica-presidencia-indigena\\\/#primaryimage\"},\"image\":{\"@id\":\"https:\\\/\\\/reporteroshoy.mx\\\/noticias\\\/lxiv-legislatura-inicia-con-historica-presidencia-indigena\\\/#primaryimage\"},\"thumbnailUrl\":\"https:\\\/\\\/reporteroshoy.mx\\\/noticias\\\/wp-content\\\/uploads\\\/2024\\\/08\\\/LXIV-Legislatura2-scaled.jpg\",\"datePublished\":\"2024-09-01T05:55:30+00:00\",\"author\":{\"@id\":\"https:\\\/\\\/reporteroshoy.mx\\\/noticias\\\/#\\\/schema\\\/person\\\/c977527e57c958a62c5cefe8fe47876e\"},\"description\":\"Diputada Neyda Pat Dzul, primera mujer ind\u00edgena en presidir la mesa directiva, marca un hito en la historia legislativa.\",\"breadcrumb\":{\"@id\":\"https:\\\/\\\/reporteroshoy.mx\\\/noticias\\\/lxiv-legislatura-inicia-con-historica-presidencia-indigena\\\/#breadcrumb\"},\"inLanguage\":\"es\",\"potentialAction\":[{\"@type\":\"ReadAction\",\"target\":[\"https:\\\/\\\/reporteroshoy.mx\\\/noticias\\\/lxiv-legislatura-inicia-con-historica-presidencia-indigena\\\/\"]}]},{\"@type\":\"ImageObject\",\"inLanguage\":\"es\",\"@id\":\"https:\\\/\\\/reporteroshoy.mx\\\/noticias\\\/lxiv-legislatura-inicia-con-historica-presidencia-indigena\\\/#primaryimage\",\"url\":\"https:\\\/\\\/reporteroshoy.mx\\\/noticias\\\/wp-content\\\/uploads\\\/2024\\\/08\\\/LXIV-Legislatura2-scaled.jpg\",\"contentUrl\":\"https:\\\/\\\/reporteroshoy.mx\\\/noticias\\\/wp-content\\\/uploads\\\/2024\\\/08\\\/LXIV-Legislatura2-scaled.jpg\",\"width\":768,\"height\":432,\"caption\":\"LXIV Legislatura inicia con hist\u00f3rica presidencia ind\u00edgena\"},{\"@type\":\"BreadcrumbList\",\"@id\":\"https:\\\/\\\/reporteroshoy.mx\\\/noticias\\\/lxiv-legislatura-inicia-con-historica-presidencia-indigena\\\/#breadcrumb\",\"itemListElement\":[{\"@type\":\"ListItem\",\"position\":1,\"name\":\"Portada\",\"item\":\"https:\\\/\\\/reporteroshoy.mx\\\/noticias\\\/\"},{\"@type\":\"ListItem\",\"position\":2,\"name\":\"LXIV Legislatura inicia con hist\u00f3rica presidencia ind\u00edgena\"}]},{\"@type\":\"WebSite\",\"@id\":\"https:\\\/\\\/reporteroshoy.mx\\\/noticias\\\/#website\",\"url\":\"https:\\\/\\\/reporteroshoy.mx\\\/noticias\\\/\",\"name\":\"Reporteros Hoy | Noticias de Yucat\u00e1n\",\"description\":\"Peri\u00f3dico digital con noticias diarias desde M\u00e9rida, Yucat\u00e1n para el mundo.\",\"potentialAction\":[{\"@type\":\"SearchAction\",\"target\":{\"@type\":\"EntryPoint\",\"urlTemplate\":\"https:\\\/\\\/reporteroshoy.mx\\\/noticias\\\/?s={search_term_string}\"},\"query-input\":{\"@type\":\"PropertyValueSpecification\",\"valueRequired\":true,\"valueName\":\"search_term_string\"}}],\"inLanguage\":\"es\"},{\"@type\":\"Person\",\"@id\":\"https:\\\/\\\/reporteroshoy.mx\\\/noticias\\\/#\\\/schema\\\/person\\\/c977527e57c958a62c5cefe8fe47876e\",\"name\":\"Reporteros Hoy WP\",\"image\":{\"@type\":\"ImageObject\",\"inLanguage\":\"es\",\"@id\":\"https:\\\/\\\/secure.gravatar.com\\\/avatar\\\/fd2917f79a7dae30f8ac9ddc2f35e1756bb59e25e01d1cd09deaa64df7b2f73e?s=96&d=mm&r=g\",\"url\":\"https:\\\/\\\/secure.gravatar.com\\\/avatar\\\/fd2917f79a7dae30f8ac9ddc2f35e1756bb59e25e01d1cd09deaa64df7b2f73e?s=96&d=mm&r=g\",\"contentUrl\":\"https:\\\/\\\/secure.gravatar.com\\\/avatar\\\/fd2917f79a7dae30f8ac9ddc2f35e1756bb59e25e01d1cd09deaa64df7b2f73e?s=96&d=mm&r=g\",\"caption\":\"Reporteros Hoy WP\"},\"url\":\"https:\\\/\\\/reporteroshoy.mx\\\/noticias\\\/author\\\/walfer\\\/\"}]}<\/script>\n<!-- \/ Yoast SEO plugin. -->","yoast_head_json":{"title":"LXIV Legislatura inicia con hist\u00f3rica presidencia ind\u00edgena","description":"Diputada Neyda Pat Dzul, primera mujer ind\u00edgena en presidir la mesa directiva, marca un hito en la historia legislativa.","robots":{"index":"index","follow":"follow","max-snippet":"max-snippet:-1","max-image-preview":"max-image-preview:large","max-video-preview":"max-video-preview:-1"},"canonical":"https:\/\/reporteroshoy.mx\/noticias\/lxiv-legislatura-inicia-con-historica-presidencia-indigena\/","og_locale":"es_ES","og_type":"article","og_title":"LXIV Legislatura inicia con hist\u00f3rica presidencia ind\u00edgena","og_description":"Diputada Neyda Pat Dzul, primera mujer ind\u00edgena en presidir la mesa directiva, marca un hito en la historia legislativa.","og_url":"https:\/\/reporteroshoy.mx\/noticias\/lxiv-legislatura-inicia-con-historica-presidencia-indigena\/","og_site_name":"Reporteros Hoy | Noticias de Yucat\u00e1n","article_publisher":"http:\/\/www.facebook.com\/reporteroshoymx","article_published_time":"2024-09-01T05:55:30+00:00","og_image":[{"width":768,"height":432,"url":"https:\/\/reporteroshoy.mx\/noticias\/wp-content\/uploads\/2024\/08\/LXIV-Legislatura2-scaled.jpg","type":"image\/jpeg"}],"author":"Reporteros Hoy WP","twitter_card":"summary_large_image","twitter_creator":"@reporteroshoy","twitter_site":"@reporteroshoy","twitter_misc":{"Escrito por":"Reporteros Hoy WP","Tiempo de lectura":"4 minutos"},"schema":{"@context":"https:\/\/schema.org","@graph":[{"@type":"Article","@id":"https:\/\/reporteroshoy.mx\/noticias\/lxiv-legislatura-inicia-con-historica-presidencia-indigena\/#article","isPartOf":{"@id":"https:\/\/reporteroshoy.mx\/noticias\/lxiv-legislatura-inicia-con-historica-presidencia-indigena\/"},"author":{"name":"Reporteros Hoy WP","@id":"https:\/\/reporteroshoy.mx\/noticias\/#\/schema\/person\/c977527e57c958a62c5cefe8fe47876e"},"headline":"LXIV Legislatura inicia con hist\u00f3rica presidencia ind\u00edgena","datePublished":"2024-09-01T05:55:30+00:00","mainEntityOfPage":{"@id":"https:\/\/reporteroshoy.mx\/noticias\/lxiv-legislatura-inicia-con-historica-presidencia-indigena\/"},"wordCount":584,"commentCount":0,"image":{"@id":"https:\/\/reporteroshoy.mx\/noticias\/lxiv-legislatura-inicia-con-historica-presidencia-indigena\/#primaryimage"},"thumbnailUrl":"https:\/\/reporteroshoy.mx\/noticias\/wp-content\/uploads\/2024\/08\/LXIV-Legislatura2-scaled.jpg","keywords":["congreso de yucat\u00e1n","Diputados locales","LXIV Legislatura"],"articleSection":["Pol\u00edtica"],"inLanguage":"es","potentialAction":[{"@type":"CommentAction","name":"Comment","target":["https:\/\/reporteroshoy.mx\/noticias\/lxiv-legislatura-inicia-con-historica-presidencia-indigena\/#respond"]}]},{"@type":"WebPage","@id":"https:\/\/reporteroshoy.mx\/noticias\/lxiv-legislatura-inicia-con-historica-presidencia-indigena\/","url":"https:\/\/reporteroshoy.mx\/noticias\/lxiv-legislatura-inicia-con-historica-presidencia-indigena\/","name":"LXIV Legislatura inicia con hist\u00f3rica presidencia ind\u00edgena","isPartOf":{"@id":"https:\/\/reporteroshoy.mx\/noticias\/#website"},"primaryImageOfPage":{"@id":"https:\/\/reporteroshoy.mx\/noticias\/lxiv-legislatura-inicia-con-historica-presidencia-indigena\/#primaryimage"},"image":{"@id":"https:\/\/reporteroshoy.mx\/noticias\/lxiv-legislatura-inicia-con-historica-presidencia-indigena\/#primaryimage"},"thumbnailUrl":"https:\/\/reporteroshoy.mx\/noticias\/wp-content\/uploads\/2024\/08\/LXIV-Legislatura2-scaled.jpg","datePublished":"2024-09-01T05:55:30+00:00","author":{"@id":"https:\/\/reporteroshoy.mx\/noticias\/#\/schema\/person\/c977527e57c958a62c5cefe8fe47876e"},"description":"Diputada Neyda Pat Dzul, primera mujer ind\u00edgena en presidir la mesa directiva, marca un hito en la historia legislativa.","breadcrumb":{"@id":"https:\/\/reporteroshoy.mx\/noticias\/lxiv-legislatura-inicia-con-historica-presidencia-indigena\/#breadcrumb"},"inLanguage":"es","potentialAction":[{"@type":"ReadAction","target":["https:\/\/reporteroshoy.mx\/noticias\/lxiv-legislatura-inicia-con-historica-presidencia-indigena\/"]}]},{"@type":"ImageObject","inLanguage":"es","@id":"https:\/\/reporteroshoy.mx\/noticias\/lxiv-legislatura-inicia-con-historica-presidencia-indigena\/#primaryimage","url":"https:\/\/reporteroshoy.mx\/noticias\/wp-content\/uploads\/2024\/08\/LXIV-Legislatura2-scaled.jpg","contentUrl":"https:\/\/reporteroshoy.mx\/noticias\/wp-content\/uploads\/2024\/08\/LXIV-Legislatura2-scaled.jpg","width":768,"height":432,"caption":"LXIV Legislatura inicia con hist\u00f3rica presidencia ind\u00edgena"},{"@type":"BreadcrumbList","@id":"https:\/\/reporteroshoy.mx\/noticias\/lxiv-legislatura-inicia-con-historica-presidencia-indigena\/#breadcrumb","itemListElement":[{"@type":"ListItem","position":1,"name":"Portada","item":"https:\/\/reporteroshoy.mx\/noticias\/"},{"@type":"ListItem","position":2,"name":"LXIV Legislatura inicia con hist\u00f3rica presidencia ind\u00edgena"}]},{"@type":"WebSite","@id":"https:\/\/reporteroshoy.mx\/noticias\/#website","url":"https:\/\/reporteroshoy.mx\/noticias\/","name":"Reporteros Hoy | Noticias de Yucat\u00e1n","description":"Peri\u00f3dico digital con noticias diarias desde M\u00e9rida, Yucat\u00e1n para el mundo.","potentialAction":[{"@type":"SearchAction","target":{"@type":"EntryPoint","urlTemplate":"https:\/\/reporteroshoy.mx\/noticias\/?s={search_term_string}"},"query-input":{"@type":"PropertyValueSpecification","valueRequired":true,"valueName":"search_term_string"}}],"inLanguage":"es"},{"@type":"Person","@id":"https:\/\/reporteroshoy.mx\/noticias\/#\/schema\/person\/c977527e57c958a62c5cefe8fe47876e","name":"Reporteros Hoy WP","image":{"@type":"ImageObject","inLanguage":"es","@id":"https:\/\/secure.gravatar.com\/avatar\/fd2917f79a7dae30f8ac9ddc2f35e1756bb59e25e01d1cd09deaa64df7b2f73e?s=96&d=mm&r=g","url":"https:\/\/secure.gravatar.com\/avatar\/fd2917f79a7dae30f8ac9ddc2f35e1756bb59e25e01d1cd09deaa64df7b2f73e?s=96&d=mm&r=g","contentUrl":"https:\/\/secure.gravatar.com\/avatar\/fd2917f79a7dae30f8ac9ddc2f35e1756bb59e25e01d1cd09deaa64df7b2f73e?s=96&d=mm&r=g","caption":"Reporteros Hoy WP"},"url":"https:\/\/reporteroshoy.mx\/noticias\/author\/walfer\/"}]}},"_links":{"self":[{"href":"https:\/\/reporteroshoy.mx\/noticias\/wp-json\/wp\/v2\/posts\/115779","targetHints":{"allow":["GET"]}}],"collection":[{"href":"https:\/\/reporteroshoy.mx\/noticias\/wp-json\/wp\/v2\/posts"}],"about":[{"href":"https:\/\/reporteroshoy.mx\/noticias\/wp-json\/wp\/v2\/types\/post"}],"author":[{"embeddable":true,"href":"https:\/\/reporteroshoy.mx\/noticias\/wp-json\/wp\/v2\/users\/9"}],"replies":[{"embeddable":true,"href":"https:\/\/reporteroshoy.mx\/noticias\/wp-json\/wp\/v2\/comments?post=115779"}],"version-history":[{"count":0,"href":"https:\/\/reporteroshoy.mx\/noticias\/wp-json\/wp\/v2\/posts\/115779\/revisions"}],"wp:featuredmedia":[{"embeddable":true,"href":"https:\/\/reporteroshoy.mx\/noticias\/wp-json\/wp\/v2\/media\/115782"}],"wp:attachment":[{"href":"https:\/\/reporteroshoy.mx\/noticias\/wp-json\/wp\/v2\/media?parent=115779"}],"wp:term":[{"taxonomy":"category","embeddable":true,"href":"https:\/\/reporteroshoy.mx\/noticias\/wp-json\/wp\/v2\/categories?post=115779"},{"taxonomy":"post_tag","embeddable":true,"href":"https:\/\/reporteroshoy.mx\/noticias\/wp-json\/wp\/v2\/tags?post=115779"}],"curies":[{"name":"wp","href":"https:\/\/api.w.org\/{rel}","templated":true}]}}