{"id":116018,"date":"2024-09-12T12:21:01","date_gmt":"2024-09-12T18:21:01","guid":{"rendered":"https:\/\/reporteroshoy.mx\/noticias\/?p=116018"},"modified":"2024-09-12T12:25:57","modified_gmt":"2024-09-12T18:25:57","slug":"bandera-de-mexico-ya-ondea-en-la-plaza-grande-de-merida","status":"publish","type":"post","link":"https:\/\/reporteroshoy.mx\/noticias\/bandera-de-mexico-ya-ondea-en-la-plaza-grande-de-merida\/","title":{"rendered":"Bandera de M\u00e9xico ya ondea en la Plaza Grande de M\u00e9rida"},"content":{"rendered":"<p style=\"text-align: justify;\">La bandera de M\u00e9xico ondea de nuevo desde este jueves en el asta de la reci\u00e9n remodelada Plaza Grande de M\u00e9rida, tras una ceremonia que encabez\u00f3 la titular del Ejecutivo Estatal, Mar\u00eda Fritz Sierra, junto con autoridades civiles y militares.<\/p>\n<p><img loading=\"lazy\" decoding=\"async\" class=\"alignnone size-full wp-image-116019\" src=\"https:\/\/reporteroshoy.mx\/noticias\/wp-content\/uploads\/2024\/09\/Imagen-de-WhatsApp-2024-09-12-a-las-10.22.47_8250a010-scaled.jpg\" alt=\"\" width=\"768\" height=\"432\" \/><\/p>\n<p style=\"text-align: justify;\">Como parte de las actividades con motivo de las\u00a0<strong><a href=\"https:\/\/reporteroshoy.mx\/noticias\/yucatan-celebrara-las-fiestas-patrias-con-varias-actividades-civicas\/\">fiestas patrias<\/a><\/strong> y acompa\u00f1ada de la alcaldesa de M\u00e9rida, Cecilia Patr\u00f3n Laviada y los comandantes de la 13 Zona Naval, Jos\u00e9 Ram\u00f3n L\u00f3pez Luna y de la 32 Zona Militar, Jorge Enrique Mart\u00ednez Medina, Fritz Sierra atestigu\u00f3 el izamiento del l\u00e1baro patrio monumental de 17.5 metros de largo por 10 de ancho en el asta de 35 metros de altura instalada en el centro de la Plaza Grande.<\/p>\n<h3><strong>Ondea y luce en el z\u00f3calo meridano\u00a0<\/strong><\/h3>\n<p style=\"text-align: justify;\">Este espacio reci\u00e9n remodelado, fue testigo del izamiento de la ense\u00f1a tricolor, que este d\u00eda estuvo a asta, como parte de un acto para rememorar al batall\u00f3n de irlandeses que se pasaron al Ej\u00e9rcito mexicano durante la guerra entre M\u00e9xico y Estados Unidos entre1846 y 1847.<\/p>\n<p><img loading=\"lazy\" decoding=\"async\" class=\"alignnone size-full wp-image-116020\" src=\"https:\/\/reporteroshoy.mx\/noticias\/wp-content\/uploads\/2024\/09\/Imagen-de-WhatsApp-2024-09-12-a-las-10.22.48_0fdcce4d-scaled.jpg\" alt=\"\" width=\"768\" height=\"512\" \/><\/p>\n<p style=\"text-align: justify;\">Se enton\u00f3 el Himno Nacional Mexicano, seguido del yucateco, s\u00edmbolo de identidad y patrimonio cultural de nuestro estado.<\/p>\n<p style=\"text-align: justify;\">Estuvieron presentes el titular de la\u00a0<strong><a href=\"http:\/\/www.ssp.yucatan.gob.mx\/\">Secretar\u00eda de Seguridad P\u00fablica<\/a><\/strong> (SSP), Luis Felipe Said\u00e9n Ojeda; del fiscal General del estado, Juan Manuel Le\u00f3n y el encargado de la Secretar\u00eda General de Gobierno, Jos\u00e9 Carlos Puerto Patr\u00f3n.<\/p>\n","protected":false},"excerpt":{"rendered":"<p>La ense\u00f1a tricolor de tama\u00f1o monumental se iz\u00f3 en una ceremonia con motivo de las fiestas patrias. Ondea de nuevo en su lugar. <\/p>\n","protected":false},"author":5,"featured_media":116019,"comment_status":"open","ping_status":"closed","sticky":false,"template":"","format":"standard","meta":{"footnotes":""},"categories":[17],"tags":[813,14076,2024],"class_list":["post-116018","post","type-post","status-publish","format-standard","has-post-thumbnail","hentry","category-yucatan","tag-bandera","tag-izamiento","tag-plaza-grande"],"yoast_head":"<!-- This site is optimized with the Yoast SEO plugin v28.3 - https:\/\/yoast.com\/product\/yoast-seo-wordpress\/ -->\n<title>Bandera de M\u00e9xico ya ondea en la Plaza Grande de M\u00e9rida<\/title>\n<meta name=\"description\" content=\"La ense\u00f1a tricolor de tama\u00f1o monumental se iz\u00f3 en una ceremonia con motivo de las fiestas patrias. Ondea de nuevo en su lugar.\" \/>\n<meta name=\"robots\" content=\"index, follow, max-snippet:-1, max-image-preview:large, max-video-preview:-1\" \/>\n<link rel=\"canonical\" href=\"https:\/\/reporteroshoy.mx\/noticias\/bandera-de-mexico-ya-ondea-en-la-plaza-grande-de-merida\/\" \/>\n<meta property=\"og:locale\" content=\"es_ES\" \/>\n<meta property=\"og:type\" content=\"article\" \/>\n<meta property=\"og:title\" content=\"Bandera de M\u00e9xico ya ondea en la Plaza Grande de M\u00e9rida\" \/>\n<meta property=\"og:description\" content=\"La ense\u00f1a tricolor de tama\u00f1o monumental se iz\u00f3 en una ceremonia con motivo de las fiestas patrias. Ondea de nuevo en su lugar.\" \/>\n<meta property=\"og:url\" content=\"https:\/\/reporteroshoy.mx\/noticias\/bandera-de-mexico-ya-ondea-en-la-plaza-grande-de-merida\/\" \/>\n<meta property=\"og:site_name\" content=\"Reporteros Hoy | Noticias de Yucat\u00e1n\" \/>\n<meta property=\"article:publisher\" content=\"http:\/\/www.facebook.com\/reporteroshoymx\" \/>\n<meta property=\"article:published_time\" content=\"2024-09-12T18:21:01+00:00\" \/>\n<meta property=\"article:modified_time\" content=\"2024-09-12T18:25:57+00:00\" \/>\n<meta property=\"og:image\" content=\"https:\/\/reporteroshoy.mx\/noticias\/wp-content\/uploads\/2024\/09\/Imagen-de-WhatsApp-2024-09-12-a-las-10.22.47_8250a010-scaled.jpg\" \/>\n\t<meta property=\"og:image:width\" content=\"768\" \/>\n\t<meta property=\"og:image:height\" content=\"432\" \/>\n\t<meta property=\"og:image:type\" content=\"image\/jpeg\" \/>\n<meta name=\"author\" content=\"Reporteros Hoy IM\" \/>\n<meta name=\"twitter:card\" content=\"summary_large_image\" \/>\n<meta name=\"twitter:creator\" content=\"@reporteroshoy\" \/>\n<meta name=\"twitter:site\" content=\"@reporteroshoy\" \/>\n<meta name=\"twitter:label1\" content=\"Escrito por\" \/>\n\t<meta name=\"twitter:data1\" content=\"Reporteros Hoy IM\" \/>\n\t<meta name=\"twitter:label2\" content=\"Tiempo de lectura\" \/>\n\t<meta name=\"twitter:data2\" content=\"2 minutos\" \/>\n<script type=\"application\/ld+json\" class=\"yoast-schema-graph\">{\"@context\":\"https:\\\/\\\/schema.org\",\"@graph\":[{\"@type\":\"Article\",\"@id\":\"https:\\\/\\\/reporteroshoy.mx\\\/noticias\\\/bandera-de-mexico-ya-ondea-en-la-plaza-grande-de-merida\\\/#article\",\"isPartOf\":{\"@id\":\"https:\\\/\\\/reporteroshoy.mx\\\/noticias\\\/bandera-de-mexico-ya-ondea-en-la-plaza-grande-de-merida\\\/\"},\"author\":{\"name\":\"Reporteros Hoy IM\",\"@id\":\"https:\\\/\\\/reporteroshoy.mx\\\/noticias\\\/#\\\/schema\\\/person\\\/948520f0d88b01be2e5266bc4acbbc15\"},\"headline\":\"Bandera de M\u00e9xico ya ondea en la Plaza Grande de M\u00e9rida\",\"datePublished\":\"2024-09-12T18:21:01+00:00\",\"dateModified\":\"2024-09-12T18:25:57+00:00\",\"mainEntityOfPage\":{\"@id\":\"https:\\\/\\\/reporteroshoy.mx\\\/noticias\\\/bandera-de-mexico-ya-ondea-en-la-plaza-grande-de-merida\\\/\"},\"wordCount\":256,\"commentCount\":0,\"image\":{\"@id\":\"https:\\\/\\\/reporteroshoy.mx\\\/noticias\\\/bandera-de-mexico-ya-ondea-en-la-plaza-grande-de-merida\\\/#primaryimage\"},\"thumbnailUrl\":\"https:\\\/\\\/reporteroshoy.mx\\\/noticias\\\/wp-content\\\/uploads\\\/2024\\\/09\\\/Imagen-de-WhatsApp-2024-09-12-a-las-10.22.47_8250a010-scaled.jpg\",\"keywords\":[\"Bandera\",\"Izamiento\",\"Plaza Grande\"],\"articleSection\":[\"Yucat\u00e1n\"],\"inLanguage\":\"es\",\"potentialAction\":[{\"@type\":\"CommentAction\",\"name\":\"Comment\",\"target\":[\"https:\\\/\\\/reporteroshoy.mx\\\/noticias\\\/bandera-de-mexico-ya-ondea-en-la-plaza-grande-de-merida\\\/#respond\"]}]},{\"@type\":\"WebPage\",\"@id\":\"https:\\\/\\\/reporteroshoy.mx\\\/noticias\\\/bandera-de-mexico-ya-ondea-en-la-plaza-grande-de-merida\\\/\",\"url\":\"https:\\\/\\\/reporteroshoy.mx\\\/noticias\\\/bandera-de-mexico-ya-ondea-en-la-plaza-grande-de-merida\\\/\",\"name\":\"Bandera de M\u00e9xico ya ondea en la Plaza Grande de M\u00e9rida\",\"isPartOf\":{\"@id\":\"https:\\\/\\\/reporteroshoy.mx\\\/noticias\\\/#website\"},\"primaryImageOfPage\":{\"@id\":\"https:\\\/\\\/reporteroshoy.mx\\\/noticias\\\/bandera-de-mexico-ya-ondea-en-la-plaza-grande-de-merida\\\/#primaryimage\"},\"image\":{\"@id\":\"https:\\\/\\\/reporteroshoy.mx\\\/noticias\\\/bandera-de-mexico-ya-ondea-en-la-plaza-grande-de-merida\\\/#primaryimage\"},\"thumbnailUrl\":\"https:\\\/\\\/reporteroshoy.mx\\\/noticias\\\/wp-content\\\/uploads\\\/2024\\\/09\\\/Imagen-de-WhatsApp-2024-09-12-a-las-10.22.47_8250a010-scaled.jpg\",\"datePublished\":\"2024-09-12T18:21:01+00:00\",\"dateModified\":\"2024-09-12T18:25:57+00:00\",\"author\":{\"@id\":\"https:\\\/\\\/reporteroshoy.mx\\\/noticias\\\/#\\\/schema\\\/person\\\/948520f0d88b01be2e5266bc4acbbc15\"},\"description\":\"La ense\u00f1a tricolor de tama\u00f1o monumental se iz\u00f3 en una ceremonia con motivo de las fiestas patrias. Ondea de nuevo en su lugar.\",\"breadcrumb\":{\"@id\":\"https:\\\/\\\/reporteroshoy.mx\\\/noticias\\\/bandera-de-mexico-ya-ondea-en-la-plaza-grande-de-merida\\\/#breadcrumb\"},\"inLanguage\":\"es\",\"potentialAction\":[{\"@type\":\"ReadAction\",\"target\":[\"https:\\\/\\\/reporteroshoy.mx\\\/noticias\\\/bandera-de-mexico-ya-ondea-en-la-plaza-grande-de-merida\\\/\"]}]},{\"@type\":\"ImageObject\",\"inLanguage\":\"es\",\"@id\":\"https:\\\/\\\/reporteroshoy.mx\\\/noticias\\\/bandera-de-mexico-ya-ondea-en-la-plaza-grande-de-merida\\\/#primaryimage\",\"url\":\"https:\\\/\\\/reporteroshoy.mx\\\/noticias\\\/wp-content\\\/uploads\\\/2024\\\/09\\\/Imagen-de-WhatsApp-2024-09-12-a-las-10.22.47_8250a010-scaled.jpg\",\"contentUrl\":\"https:\\\/\\\/reporteroshoy.mx\\\/noticias\\\/wp-content\\\/uploads\\\/2024\\\/09\\\/Imagen-de-WhatsApp-2024-09-12-a-las-10.22.47_8250a010-scaled.jpg\",\"width\":768,\"height\":432},{\"@type\":\"BreadcrumbList\",\"@id\":\"https:\\\/\\\/reporteroshoy.mx\\\/noticias\\\/bandera-de-mexico-ya-ondea-en-la-plaza-grande-de-merida\\\/#breadcrumb\",\"itemListElement\":[{\"@type\":\"ListItem\",\"position\":1,\"name\":\"Portada\",\"item\":\"https:\\\/\\\/reporteroshoy.mx\\\/noticias\\\/\"},{\"@type\":\"ListItem\",\"position\":2,\"name\":\"Bandera de M\u00e9xico ya ondea en la Plaza Grande de M\u00e9rida\"}]},{\"@type\":\"WebSite\",\"@id\":\"https:\\\/\\\/reporteroshoy.mx\\\/noticias\\\/#website\",\"url\":\"https:\\\/\\\/reporteroshoy.mx\\\/noticias\\\/\",\"name\":\"Reporteros Hoy | Noticias de Yucat\u00e1n\",\"description\":\"Peri\u00f3dico digital con noticias diarias desde M\u00e9rida, Yucat\u00e1n para el mundo.\",\"potentialAction\":[{\"@type\":\"SearchAction\",\"target\":{\"@type\":\"EntryPoint\",\"urlTemplate\":\"https:\\\/\\\/reporteroshoy.mx\\\/noticias\\\/?s={search_term_string}\"},\"query-input\":{\"@type\":\"PropertyValueSpecification\",\"valueRequired\":true,\"valueName\":\"search_term_string\"}}],\"inLanguage\":\"es\"},{\"@type\":\"Person\",\"@id\":\"https:\\\/\\\/reporteroshoy.mx\\\/noticias\\\/#\\\/schema\\\/person\\\/948520f0d88b01be2e5266bc4acbbc15\",\"name\":\"Reporteros Hoy IM\",\"image\":{\"@type\":\"ImageObject\",\"inLanguage\":\"es\",\"@id\":\"https:\\\/\\\/secure.gravatar.com\\\/avatar\\\/d843030b96552826ac048bdfe26f2895604b800ed0c880ee55765a74d95dfc65?s=96&d=mm&r=g\",\"url\":\"https:\\\/\\\/secure.gravatar.com\\\/avatar\\\/d843030b96552826ac048bdfe26f2895604b800ed0c880ee55765a74d95dfc65?s=96&d=mm&r=g\",\"contentUrl\":\"https:\\\/\\\/secure.gravatar.com\\\/avatar\\\/d843030b96552826ac048bdfe26f2895604b800ed0c880ee55765a74d95dfc65?s=96&d=mm&r=g\",\"caption\":\"Reporteros Hoy IM\"},\"url\":\"https:\\\/\\\/reporteroshoy.mx\\\/noticias\\\/author\\\/israel\\\/\"}]}<\/script>\n<!-- \/ Yoast SEO plugin. -->","yoast_head_json":{"title":"Bandera de M\u00e9xico ya ondea en la Plaza Grande de M\u00e9rida","description":"La ense\u00f1a tricolor de tama\u00f1o monumental se iz\u00f3 en una ceremonia con motivo de las fiestas patrias. Ondea de nuevo en su lugar.","robots":{"index":"index","follow":"follow","max-snippet":"max-snippet:-1","max-image-preview":"max-image-preview:large","max-video-preview":"max-video-preview:-1"},"canonical":"https:\/\/reporteroshoy.mx\/noticias\/bandera-de-mexico-ya-ondea-en-la-plaza-grande-de-merida\/","og_locale":"es_ES","og_type":"article","og_title":"Bandera de M\u00e9xico ya ondea en la Plaza Grande de M\u00e9rida","og_description":"La ense\u00f1a tricolor de tama\u00f1o monumental se iz\u00f3 en una ceremonia con motivo de las fiestas patrias. Ondea de nuevo en su lugar.","og_url":"https:\/\/reporteroshoy.mx\/noticias\/bandera-de-mexico-ya-ondea-en-la-plaza-grande-de-merida\/","og_site_name":"Reporteros Hoy | Noticias de Yucat\u00e1n","article_publisher":"http:\/\/www.facebook.com\/reporteroshoymx","article_published_time":"2024-09-12T18:21:01+00:00","article_modified_time":"2024-09-12T18:25:57+00:00","og_image":[{"width":768,"height":432,"url":"https:\/\/reporteroshoy.mx\/noticias\/wp-content\/uploads\/2024\/09\/Imagen-de-WhatsApp-2024-09-12-a-las-10.22.47_8250a010-scaled.jpg","type":"image\/jpeg"}],"author":"Reporteros Hoy IM","twitter_card":"summary_large_image","twitter_creator":"@reporteroshoy","twitter_site":"@reporteroshoy","twitter_misc":{"Escrito por":"Reporteros Hoy IM","Tiempo de lectura":"2 minutos"},"schema":{"@context":"https:\/\/schema.org","@graph":[{"@type":"Article","@id":"https:\/\/reporteroshoy.mx\/noticias\/bandera-de-mexico-ya-ondea-en-la-plaza-grande-de-merida\/#article","isPartOf":{"@id":"https:\/\/reporteroshoy.mx\/noticias\/bandera-de-mexico-ya-ondea-en-la-plaza-grande-de-merida\/"},"author":{"name":"Reporteros Hoy IM","@id":"https:\/\/reporteroshoy.mx\/noticias\/#\/schema\/person\/948520f0d88b01be2e5266bc4acbbc15"},"headline":"Bandera de M\u00e9xico ya ondea en la Plaza Grande de M\u00e9rida","datePublished":"2024-09-12T18:21:01+00:00","dateModified":"2024-09-12T18:25:57+00:00","mainEntityOfPage":{"@id":"https:\/\/reporteroshoy.mx\/noticias\/bandera-de-mexico-ya-ondea-en-la-plaza-grande-de-merida\/"},"wordCount":256,"commentCount":0,"image":{"@id":"https:\/\/reporteroshoy.mx\/noticias\/bandera-de-mexico-ya-ondea-en-la-plaza-grande-de-merida\/#primaryimage"},"thumbnailUrl":"https:\/\/reporteroshoy.mx\/noticias\/wp-content\/uploads\/2024\/09\/Imagen-de-WhatsApp-2024-09-12-a-las-10.22.47_8250a010-scaled.jpg","keywords":["Bandera","Izamiento","Plaza Grande"],"articleSection":["Yucat\u00e1n"],"inLanguage":"es","potentialAction":[{"@type":"CommentAction","name":"Comment","target":["https:\/\/reporteroshoy.mx\/noticias\/bandera-de-mexico-ya-ondea-en-la-plaza-grande-de-merida\/#respond"]}]},{"@type":"WebPage","@id":"https:\/\/reporteroshoy.mx\/noticias\/bandera-de-mexico-ya-ondea-en-la-plaza-grande-de-merida\/","url":"https:\/\/reporteroshoy.mx\/noticias\/bandera-de-mexico-ya-ondea-en-la-plaza-grande-de-merida\/","name":"Bandera de M\u00e9xico ya ondea en la Plaza Grande de M\u00e9rida","isPartOf":{"@id":"https:\/\/reporteroshoy.mx\/noticias\/#website"},"primaryImageOfPage":{"@id":"https:\/\/reporteroshoy.mx\/noticias\/bandera-de-mexico-ya-ondea-en-la-plaza-grande-de-merida\/#primaryimage"},"image":{"@id":"https:\/\/reporteroshoy.mx\/noticias\/bandera-de-mexico-ya-ondea-en-la-plaza-grande-de-merida\/#primaryimage"},"thumbnailUrl":"https:\/\/reporteroshoy.mx\/noticias\/wp-content\/uploads\/2024\/09\/Imagen-de-WhatsApp-2024-09-12-a-las-10.22.47_8250a010-scaled.jpg","datePublished":"2024-09-12T18:21:01+00:00","dateModified":"2024-09-12T18:25:57+00:00","author":{"@id":"https:\/\/reporteroshoy.mx\/noticias\/#\/schema\/person\/948520f0d88b01be2e5266bc4acbbc15"},"description":"La ense\u00f1a tricolor de tama\u00f1o monumental se iz\u00f3 en una ceremonia con motivo de las fiestas patrias. Ondea de nuevo en su lugar.","breadcrumb":{"@id":"https:\/\/reporteroshoy.mx\/noticias\/bandera-de-mexico-ya-ondea-en-la-plaza-grande-de-merida\/#breadcrumb"},"inLanguage":"es","potentialAction":[{"@type":"ReadAction","target":["https:\/\/reporteroshoy.mx\/noticias\/bandera-de-mexico-ya-ondea-en-la-plaza-grande-de-merida\/"]}]},{"@type":"ImageObject","inLanguage":"es","@id":"https:\/\/reporteroshoy.mx\/noticias\/bandera-de-mexico-ya-ondea-en-la-plaza-grande-de-merida\/#primaryimage","url":"https:\/\/reporteroshoy.mx\/noticias\/wp-content\/uploads\/2024\/09\/Imagen-de-WhatsApp-2024-09-12-a-las-10.22.47_8250a010-scaled.jpg","contentUrl":"https:\/\/reporteroshoy.mx\/noticias\/wp-content\/uploads\/2024\/09\/Imagen-de-WhatsApp-2024-09-12-a-las-10.22.47_8250a010-scaled.jpg","width":768,"height":432},{"@type":"BreadcrumbList","@id":"https:\/\/reporteroshoy.mx\/noticias\/bandera-de-mexico-ya-ondea-en-la-plaza-grande-de-merida\/#breadcrumb","itemListElement":[{"@type":"ListItem","position":1,"name":"Portada","item":"https:\/\/reporteroshoy.mx\/noticias\/"},{"@type":"ListItem","position":2,"name":"Bandera de M\u00e9xico ya ondea en la Plaza Grande de M\u00e9rida"}]},{"@type":"WebSite","@id":"https:\/\/reporteroshoy.mx\/noticias\/#website","url":"https:\/\/reporteroshoy.mx\/noticias\/","name":"Reporteros Hoy | Noticias de Yucat\u00e1n","description":"Peri\u00f3dico digital con noticias diarias desde M\u00e9rida, Yucat\u00e1n para el mundo.","potentialAction":[{"@type":"SearchAction","target":{"@type":"EntryPoint","urlTemplate":"https:\/\/reporteroshoy.mx\/noticias\/?s={search_term_string}"},"query-input":{"@type":"PropertyValueSpecification","valueRequired":true,"valueName":"search_term_string"}}],"inLanguage":"es"},{"@type":"Person","@id":"https:\/\/reporteroshoy.mx\/noticias\/#\/schema\/person\/948520f0d88b01be2e5266bc4acbbc15","name":"Reporteros Hoy IM","image":{"@type":"ImageObject","inLanguage":"es","@id":"https:\/\/secure.gravatar.com\/avatar\/d843030b96552826ac048bdfe26f2895604b800ed0c880ee55765a74d95dfc65?s=96&d=mm&r=g","url":"https:\/\/secure.gravatar.com\/avatar\/d843030b96552826ac048bdfe26f2895604b800ed0c880ee55765a74d95dfc65?s=96&d=mm&r=g","contentUrl":"https:\/\/secure.gravatar.com\/avatar\/d843030b96552826ac048bdfe26f2895604b800ed0c880ee55765a74d95dfc65?s=96&d=mm&r=g","caption":"Reporteros Hoy IM"},"url":"https:\/\/reporteroshoy.mx\/noticias\/author\/israel\/"}]}},"_links":{"self":[{"href":"https:\/\/reporteroshoy.mx\/noticias\/wp-json\/wp\/v2\/posts\/116018","targetHints":{"allow":["GET"]}}],"collection":[{"href":"https:\/\/reporteroshoy.mx\/noticias\/wp-json\/wp\/v2\/posts"}],"about":[{"href":"https:\/\/reporteroshoy.mx\/noticias\/wp-json\/wp\/v2\/types\/post"}],"author":[{"embeddable":true,"href":"https:\/\/reporteroshoy.mx\/noticias\/wp-json\/wp\/v2\/users\/5"}],"replies":[{"embeddable":true,"href":"https:\/\/reporteroshoy.mx\/noticias\/wp-json\/wp\/v2\/comments?post=116018"}],"version-history":[{"count":0,"href":"https:\/\/reporteroshoy.mx\/noticias\/wp-json\/wp\/v2\/posts\/116018\/revisions"}],"wp:featuredmedia":[{"embeddable":true,"href":"https:\/\/reporteroshoy.mx\/noticias\/wp-json\/wp\/v2\/media\/116019"}],"wp:attachment":[{"href":"https:\/\/reporteroshoy.mx\/noticias\/wp-json\/wp\/v2\/media?parent=116018"}],"wp:term":[{"taxonomy":"category","embeddable":true,"href":"https:\/\/reporteroshoy.mx\/noticias\/wp-json\/wp\/v2\/categories?post=116018"},{"taxonomy":"post_tag","embeddable":true,"href":"https:\/\/reporteroshoy.mx\/noticias\/wp-json\/wp\/v2\/tags?post=116018"}],"curies":[{"name":"wp","href":"https:\/\/api.w.org\/{rel}","templated":true}]}}