{"id":116346,"date":"2024-09-24T21:28:45","date_gmt":"2024-09-25T03:28:45","guid":{"rendered":"https:\/\/reporteroshoy.mx\/noticias\/?p=116346"},"modified":"2024-09-24T21:28:45","modified_gmt":"2024-09-25T03:28:45","slug":"gobierno-yucateco-llama-a-tomar-medidas-por-helene","status":"publish","type":"post","link":"https:\/\/reporteroshoy.mx\/noticias\/gobierno-yucateco-llama-a-tomar-medidas-por-helene\/","title":{"rendered":"Gobierno yucateco llama a tomar medidas por \u201cHelene\u201d"},"content":{"rendered":"<p style=\"text-align: justify;\">Ante la presencia de la tormenta tropical \u201cHelene\u201d, que se espera que en las pr\u00f3ximas horas evolucione a hurac\u00e1n, la encargada del Despacho del Gobernador, Mar\u00eda Fritz Sierra, en funciones del titular del Poder Ejecutivo, llam\u00f3 a la poblaci\u00f3n a tomar medidas preventivas y mantenerse informados a trav\u00e9s de los canales oficiales donde se compartir\u00e1n los avances de este fen\u00f3meno natural.<\/p>\n<p><img loading=\"lazy\" decoding=\"async\" class=\"alignnone size-full wp-image-116348\" src=\"https:\/\/reporteroshoy.mx\/noticias\/wp-content\/uploads\/2024\/09\/MARIA-FRITZ--scaled.jpg\" alt=\"\" width=\"768\" height=\"378\" srcset=\"https:\/\/reporteroshoy.mx\/noticias\/wp-content\/uploads\/2024\/09\/MARIA-FRITZ--scaled.jpg 768w, https:\/\/reporteroshoy.mx\/noticias\/wp-content\/uploads\/2024\/09\/MARIA-FRITZ--1536x756.jpg 1536w\" sizes=\"auto, (max-width: 768px) 100vw, 768px\" \/><\/p>\n<p style=\"text-align: justify;\">A trav\u00e9s de un mensaje emitido v\u00eda redes sociales, Fritz Sierra indic\u00f3 que, en atenci\u00f3n a los pron\u00f3sticos emitidos por la <strong><a href=\"https:\/\/smn.conagua.gob.mx\/es\/\">Comisi\u00f3n Nacional del Agua<\/a><\/strong>, se ha establecido como zona de prioridad el oriente del estado, por tratarse de la zona m\u00e1s cercana al paso de este cicl\u00f3n tropical por el canal de Yucat\u00e1n, donde, de acuerdo con los pron\u00f3sticos, podr\u00eda transitar ya como un hurac\u00e1n.<\/p>\n<p style=\"text-align: justify;\">Con base en las recomendaciones del \u201cSistema de Alerta Temprana para Ciclones Tropicales\u201d, la encargada del Despacho indic\u00f3 que se ha declarado oficialmente la alerta amarilla para 27 municipios, Buctzotz, Calotmul, Cantamayec, Cuncunul, Chankom, Chemax, Chichimil\u00e1, Chikindzonot, Dzit\u00e1s, Espita, Kaua, Panab\u00e1, Peto, Quintana Roo, R\u00edo Lagartos, San Felipe, Sotuta, Sucil\u00e1, Tahdzi\u00fa, Tekom, Temoz\u00f3n, Tinum, Tixcacalcupul, Tizim\u00edn, Uayma, Valladolid y Yaxcab\u00e1.<\/p>\n<p><strong>Leer tambi\u00e9n: <\/strong><strong><a href=\"https:\/\/reporteroshoy.mx\/noticias\/tormenta-helene-alerta-en-puertos-y-evacuaciones-en-san-felipe\/\">Tormenta Helene: alerta en puertos y evacuaciones en San Felipe<\/a><\/strong><\/p>\n<p style=\"text-align: justify;\">Asimismo, inform\u00f3 que elementos de Protecci\u00f3n Civil se encuentran distribuidos estrat\u00e9gicamente en las 5 bases operativas y en los 106 municipios del estado en coordinaci\u00f3n con los ayuntamientos para alertar y atender a la poblaci\u00f3n de posibles evacuaciones que puedan ocurrir por las afectaciones de \u201cHelene\u201d.<\/p>\n","protected":false},"excerpt":{"rendered":"<p>La titular del Ejecutivo Estatal, Mar\u00eda Fritz, emiti\u00f3 un mensaje en redes sociales por la presencia de \u201cHelene\u201d en territorio yucateco. <\/p>\n","protected":false},"author":5,"featured_media":116348,"comment_status":"open","ping_status":"closed","sticky":false,"template":"","format":"standard","meta":{"footnotes":""},"categories":[17],"tags":[533,26641,1017],"class_list":["post-116346","post","type-post","status-publish","format-standard","has-post-thumbnail","hentry","category-yucatan","tag-gobierno-de-yucatan","tag-helene","tag-procivy"],"yoast_head":"<!-- This site is optimized with the Yoast SEO plugin v28.3 - https:\/\/yoast.com\/product\/yoast-seo-wordpress\/ -->\n<title>Gobierno yucateco llama a tomar medidas por \u201cHelene\u201d<\/title>\n<meta name=\"description\" content=\"La titular del Ejecutivo Estatal, Mar\u00eda Fritz, emiti\u00f3 un mensaje en redes sociales por la presencia de \u201cHelene\u201d en territorio yucateco.\" \/>\n<meta name=\"robots\" content=\"index, follow, max-snippet:-1, max-image-preview:large, max-video-preview:-1\" \/>\n<link rel=\"canonical\" href=\"https:\/\/reporteroshoy.mx\/noticias\/gobierno-yucateco-llama-a-tomar-medidas-por-helene\/\" \/>\n<meta property=\"og:locale\" content=\"es_ES\" \/>\n<meta property=\"og:type\" content=\"article\" \/>\n<meta property=\"og:title\" content=\"Gobierno yucateco llama a tomar medidas por \u201cHelene\u201d\" \/>\n<meta property=\"og:description\" content=\"La titular del Ejecutivo Estatal, Mar\u00eda Fritz, emiti\u00f3 un mensaje en redes sociales por la presencia de \u201cHelene\u201d en territorio yucateco.\" \/>\n<meta property=\"og:url\" content=\"https:\/\/reporteroshoy.mx\/noticias\/gobierno-yucateco-llama-a-tomar-medidas-por-helene\/\" \/>\n<meta property=\"og:site_name\" content=\"Reporteros Hoy | Noticias de Yucat\u00e1n\" \/>\n<meta property=\"article:publisher\" content=\"http:\/\/www.facebook.com\/reporteroshoymx\" \/>\n<meta property=\"article:published_time\" content=\"2024-09-25T03:28:45+00:00\" \/>\n<meta property=\"og:image\" content=\"https:\/\/reporteroshoy.mx\/noticias\/wp-content\/uploads\/2024\/09\/MARIA-FRITZ--scaled.jpg\" \/>\n\t<meta property=\"og:image:width\" content=\"768\" \/>\n\t<meta property=\"og:image:height\" content=\"378\" \/>\n\t<meta property=\"og:image:type\" content=\"image\/jpeg\" \/>\n<meta name=\"author\" content=\"Reporteros Hoy IM\" \/>\n<meta name=\"twitter:card\" content=\"summary_large_image\" \/>\n<meta name=\"twitter:creator\" content=\"@reporteroshoy\" \/>\n<meta name=\"twitter:site\" content=\"@reporteroshoy\" \/>\n<meta name=\"twitter:label1\" content=\"Escrito por\" \/>\n\t<meta name=\"twitter:data1\" content=\"Reporteros Hoy IM\" \/>\n\t<meta name=\"twitter:label2\" content=\"Tiempo de lectura\" \/>\n\t<meta name=\"twitter:data2\" content=\"2 minutos\" \/>\n<script type=\"application\/ld+json\" class=\"yoast-schema-graph\">{\"@context\":\"https:\\\/\\\/schema.org\",\"@graph\":[{\"@type\":\"Article\",\"@id\":\"https:\\\/\\\/reporteroshoy.mx\\\/noticias\\\/gobierno-yucateco-llama-a-tomar-medidas-por-helene\\\/#article\",\"isPartOf\":{\"@id\":\"https:\\\/\\\/reporteroshoy.mx\\\/noticias\\\/gobierno-yucateco-llama-a-tomar-medidas-por-helene\\\/\"},\"author\":{\"name\":\"Reporteros Hoy IM\",\"@id\":\"https:\\\/\\\/reporteroshoy.mx\\\/noticias\\\/#\\\/schema\\\/person\\\/948520f0d88b01be2e5266bc4acbbc15\"},\"headline\":\"Gobierno yucateco llama a tomar medidas por \u201cHelene\u201d\",\"datePublished\":\"2024-09-25T03:28:45+00:00\",\"mainEntityOfPage\":{\"@id\":\"https:\\\/\\\/reporteroshoy.mx\\\/noticias\\\/gobierno-yucateco-llama-a-tomar-medidas-por-helene\\\/\"},\"wordCount\":277,\"commentCount\":0,\"image\":{\"@id\":\"https:\\\/\\\/reporteroshoy.mx\\\/noticias\\\/gobierno-yucateco-llama-a-tomar-medidas-por-helene\\\/#primaryimage\"},\"thumbnailUrl\":\"https:\\\/\\\/reporteroshoy.mx\\\/noticias\\\/wp-content\\\/uploads\\\/2024\\\/09\\\/MARIA-FRITZ--scaled.jpg\",\"keywords\":[\"Gobierno de Yucat\u00e1n\",\"Helene\",\"Procivy\"],\"articleSection\":[\"Yucat\u00e1n\"],\"inLanguage\":\"es\",\"potentialAction\":[{\"@type\":\"CommentAction\",\"name\":\"Comment\",\"target\":[\"https:\\\/\\\/reporteroshoy.mx\\\/noticias\\\/gobierno-yucateco-llama-a-tomar-medidas-por-helene\\\/#respond\"]}]},{\"@type\":\"WebPage\",\"@id\":\"https:\\\/\\\/reporteroshoy.mx\\\/noticias\\\/gobierno-yucateco-llama-a-tomar-medidas-por-helene\\\/\",\"url\":\"https:\\\/\\\/reporteroshoy.mx\\\/noticias\\\/gobierno-yucateco-llama-a-tomar-medidas-por-helene\\\/\",\"name\":\"Gobierno yucateco llama a tomar medidas por \u201cHelene\u201d\",\"isPartOf\":{\"@id\":\"https:\\\/\\\/reporteroshoy.mx\\\/noticias\\\/#website\"},\"primaryImageOfPage\":{\"@id\":\"https:\\\/\\\/reporteroshoy.mx\\\/noticias\\\/gobierno-yucateco-llama-a-tomar-medidas-por-helene\\\/#primaryimage\"},\"image\":{\"@id\":\"https:\\\/\\\/reporteroshoy.mx\\\/noticias\\\/gobierno-yucateco-llama-a-tomar-medidas-por-helene\\\/#primaryimage\"},\"thumbnailUrl\":\"https:\\\/\\\/reporteroshoy.mx\\\/noticias\\\/wp-content\\\/uploads\\\/2024\\\/09\\\/MARIA-FRITZ--scaled.jpg\",\"datePublished\":\"2024-09-25T03:28:45+00:00\",\"author\":{\"@id\":\"https:\\\/\\\/reporteroshoy.mx\\\/noticias\\\/#\\\/schema\\\/person\\\/948520f0d88b01be2e5266bc4acbbc15\"},\"description\":\"La titular del Ejecutivo Estatal, Mar\u00eda Fritz, emiti\u00f3 un mensaje en redes sociales por la presencia de \u201cHelene\u201d en territorio yucateco.\",\"breadcrumb\":{\"@id\":\"https:\\\/\\\/reporteroshoy.mx\\\/noticias\\\/gobierno-yucateco-llama-a-tomar-medidas-por-helene\\\/#breadcrumb\"},\"inLanguage\":\"es\",\"potentialAction\":[{\"@type\":\"ReadAction\",\"target\":[\"https:\\\/\\\/reporteroshoy.mx\\\/noticias\\\/gobierno-yucateco-llama-a-tomar-medidas-por-helene\\\/\"]}]},{\"@type\":\"ImageObject\",\"inLanguage\":\"es\",\"@id\":\"https:\\\/\\\/reporteroshoy.mx\\\/noticias\\\/gobierno-yucateco-llama-a-tomar-medidas-por-helene\\\/#primaryimage\",\"url\":\"https:\\\/\\\/reporteroshoy.mx\\\/noticias\\\/wp-content\\\/uploads\\\/2024\\\/09\\\/MARIA-FRITZ--scaled.jpg\",\"contentUrl\":\"https:\\\/\\\/reporteroshoy.mx\\\/noticias\\\/wp-content\\\/uploads\\\/2024\\\/09\\\/MARIA-FRITZ--scaled.jpg\",\"width\":768,\"height\":378},{\"@type\":\"BreadcrumbList\",\"@id\":\"https:\\\/\\\/reporteroshoy.mx\\\/noticias\\\/gobierno-yucateco-llama-a-tomar-medidas-por-helene\\\/#breadcrumb\",\"itemListElement\":[{\"@type\":\"ListItem\",\"position\":1,\"name\":\"Portada\",\"item\":\"https:\\\/\\\/reporteroshoy.mx\\\/noticias\\\/\"},{\"@type\":\"ListItem\",\"position\":2,\"name\":\"Gobierno yucateco llama a tomar medidas por \u201cHelene\u201d\"}]},{\"@type\":\"WebSite\",\"@id\":\"https:\\\/\\\/reporteroshoy.mx\\\/noticias\\\/#website\",\"url\":\"https:\\\/\\\/reporteroshoy.mx\\\/noticias\\\/\",\"name\":\"Reporteros Hoy | Noticias de Yucat\u00e1n\",\"description\":\"Peri\u00f3dico digital con noticias diarias desde M\u00e9rida, Yucat\u00e1n para el mundo.\",\"potentialAction\":[{\"@type\":\"SearchAction\",\"target\":{\"@type\":\"EntryPoint\",\"urlTemplate\":\"https:\\\/\\\/reporteroshoy.mx\\\/noticias\\\/?s={search_term_string}\"},\"query-input\":{\"@type\":\"PropertyValueSpecification\",\"valueRequired\":true,\"valueName\":\"search_term_string\"}}],\"inLanguage\":\"es\"},{\"@type\":\"Person\",\"@id\":\"https:\\\/\\\/reporteroshoy.mx\\\/noticias\\\/#\\\/schema\\\/person\\\/948520f0d88b01be2e5266bc4acbbc15\",\"name\":\"Reporteros Hoy IM\",\"image\":{\"@type\":\"ImageObject\",\"inLanguage\":\"es\",\"@id\":\"https:\\\/\\\/secure.gravatar.com\\\/avatar\\\/d843030b96552826ac048bdfe26f2895604b800ed0c880ee55765a74d95dfc65?s=96&d=mm&r=g\",\"url\":\"https:\\\/\\\/secure.gravatar.com\\\/avatar\\\/d843030b96552826ac048bdfe26f2895604b800ed0c880ee55765a74d95dfc65?s=96&d=mm&r=g\",\"contentUrl\":\"https:\\\/\\\/secure.gravatar.com\\\/avatar\\\/d843030b96552826ac048bdfe26f2895604b800ed0c880ee55765a74d95dfc65?s=96&d=mm&r=g\",\"caption\":\"Reporteros Hoy IM\"},\"url\":\"https:\\\/\\\/reporteroshoy.mx\\\/noticias\\\/author\\\/israel\\\/\"}]}<\/script>\n<!-- \/ Yoast SEO plugin. -->","yoast_head_json":{"title":"Gobierno yucateco llama a tomar medidas por \u201cHelene\u201d","description":"La titular del Ejecutivo Estatal, Mar\u00eda Fritz, emiti\u00f3 un mensaje en redes sociales por la presencia de \u201cHelene\u201d en territorio yucateco.","robots":{"index":"index","follow":"follow","max-snippet":"max-snippet:-1","max-image-preview":"max-image-preview:large","max-video-preview":"max-video-preview:-1"},"canonical":"https:\/\/reporteroshoy.mx\/noticias\/gobierno-yucateco-llama-a-tomar-medidas-por-helene\/","og_locale":"es_ES","og_type":"article","og_title":"Gobierno yucateco llama a tomar medidas por \u201cHelene\u201d","og_description":"La titular del Ejecutivo Estatal, Mar\u00eda Fritz, emiti\u00f3 un mensaje en redes sociales por la presencia de \u201cHelene\u201d en territorio yucateco.","og_url":"https:\/\/reporteroshoy.mx\/noticias\/gobierno-yucateco-llama-a-tomar-medidas-por-helene\/","og_site_name":"Reporteros Hoy | Noticias de Yucat\u00e1n","article_publisher":"http:\/\/www.facebook.com\/reporteroshoymx","article_published_time":"2024-09-25T03:28:45+00:00","og_image":[{"width":768,"height":378,"url":"https:\/\/reporteroshoy.mx\/noticias\/wp-content\/uploads\/2024\/09\/MARIA-FRITZ--scaled.jpg","type":"image\/jpeg"}],"author":"Reporteros Hoy IM","twitter_card":"summary_large_image","twitter_creator":"@reporteroshoy","twitter_site":"@reporteroshoy","twitter_misc":{"Escrito por":"Reporteros Hoy IM","Tiempo de lectura":"2 minutos"},"schema":{"@context":"https:\/\/schema.org","@graph":[{"@type":"Article","@id":"https:\/\/reporteroshoy.mx\/noticias\/gobierno-yucateco-llama-a-tomar-medidas-por-helene\/#article","isPartOf":{"@id":"https:\/\/reporteroshoy.mx\/noticias\/gobierno-yucateco-llama-a-tomar-medidas-por-helene\/"},"author":{"name":"Reporteros Hoy IM","@id":"https:\/\/reporteroshoy.mx\/noticias\/#\/schema\/person\/948520f0d88b01be2e5266bc4acbbc15"},"headline":"Gobierno yucateco llama a tomar medidas por \u201cHelene\u201d","datePublished":"2024-09-25T03:28:45+00:00","mainEntityOfPage":{"@id":"https:\/\/reporteroshoy.mx\/noticias\/gobierno-yucateco-llama-a-tomar-medidas-por-helene\/"},"wordCount":277,"commentCount":0,"image":{"@id":"https:\/\/reporteroshoy.mx\/noticias\/gobierno-yucateco-llama-a-tomar-medidas-por-helene\/#primaryimage"},"thumbnailUrl":"https:\/\/reporteroshoy.mx\/noticias\/wp-content\/uploads\/2024\/09\/MARIA-FRITZ--scaled.jpg","keywords":["Gobierno de Yucat\u00e1n","Helene","Procivy"],"articleSection":["Yucat\u00e1n"],"inLanguage":"es","potentialAction":[{"@type":"CommentAction","name":"Comment","target":["https:\/\/reporteroshoy.mx\/noticias\/gobierno-yucateco-llama-a-tomar-medidas-por-helene\/#respond"]}]},{"@type":"WebPage","@id":"https:\/\/reporteroshoy.mx\/noticias\/gobierno-yucateco-llama-a-tomar-medidas-por-helene\/","url":"https:\/\/reporteroshoy.mx\/noticias\/gobierno-yucateco-llama-a-tomar-medidas-por-helene\/","name":"Gobierno yucateco llama a tomar medidas por \u201cHelene\u201d","isPartOf":{"@id":"https:\/\/reporteroshoy.mx\/noticias\/#website"},"primaryImageOfPage":{"@id":"https:\/\/reporteroshoy.mx\/noticias\/gobierno-yucateco-llama-a-tomar-medidas-por-helene\/#primaryimage"},"image":{"@id":"https:\/\/reporteroshoy.mx\/noticias\/gobierno-yucateco-llama-a-tomar-medidas-por-helene\/#primaryimage"},"thumbnailUrl":"https:\/\/reporteroshoy.mx\/noticias\/wp-content\/uploads\/2024\/09\/MARIA-FRITZ--scaled.jpg","datePublished":"2024-09-25T03:28:45+00:00","author":{"@id":"https:\/\/reporteroshoy.mx\/noticias\/#\/schema\/person\/948520f0d88b01be2e5266bc4acbbc15"},"description":"La titular del Ejecutivo Estatal, Mar\u00eda Fritz, emiti\u00f3 un mensaje en redes sociales por la presencia de \u201cHelene\u201d en territorio yucateco.","breadcrumb":{"@id":"https:\/\/reporteroshoy.mx\/noticias\/gobierno-yucateco-llama-a-tomar-medidas-por-helene\/#breadcrumb"},"inLanguage":"es","potentialAction":[{"@type":"ReadAction","target":["https:\/\/reporteroshoy.mx\/noticias\/gobierno-yucateco-llama-a-tomar-medidas-por-helene\/"]}]},{"@type":"ImageObject","inLanguage":"es","@id":"https:\/\/reporteroshoy.mx\/noticias\/gobierno-yucateco-llama-a-tomar-medidas-por-helene\/#primaryimage","url":"https:\/\/reporteroshoy.mx\/noticias\/wp-content\/uploads\/2024\/09\/MARIA-FRITZ--scaled.jpg","contentUrl":"https:\/\/reporteroshoy.mx\/noticias\/wp-content\/uploads\/2024\/09\/MARIA-FRITZ--scaled.jpg","width":768,"height":378},{"@type":"BreadcrumbList","@id":"https:\/\/reporteroshoy.mx\/noticias\/gobierno-yucateco-llama-a-tomar-medidas-por-helene\/#breadcrumb","itemListElement":[{"@type":"ListItem","position":1,"name":"Portada","item":"https:\/\/reporteroshoy.mx\/noticias\/"},{"@type":"ListItem","position":2,"name":"Gobierno yucateco llama a tomar medidas por \u201cHelene\u201d"}]},{"@type":"WebSite","@id":"https:\/\/reporteroshoy.mx\/noticias\/#website","url":"https:\/\/reporteroshoy.mx\/noticias\/","name":"Reporteros Hoy | Noticias de Yucat\u00e1n","description":"Peri\u00f3dico digital con noticias diarias desde M\u00e9rida, Yucat\u00e1n para el mundo.","potentialAction":[{"@type":"SearchAction","target":{"@type":"EntryPoint","urlTemplate":"https:\/\/reporteroshoy.mx\/noticias\/?s={search_term_string}"},"query-input":{"@type":"PropertyValueSpecification","valueRequired":true,"valueName":"search_term_string"}}],"inLanguage":"es"},{"@type":"Person","@id":"https:\/\/reporteroshoy.mx\/noticias\/#\/schema\/person\/948520f0d88b01be2e5266bc4acbbc15","name":"Reporteros Hoy IM","image":{"@type":"ImageObject","inLanguage":"es","@id":"https:\/\/secure.gravatar.com\/avatar\/d843030b96552826ac048bdfe26f2895604b800ed0c880ee55765a74d95dfc65?s=96&d=mm&r=g","url":"https:\/\/secure.gravatar.com\/avatar\/d843030b96552826ac048bdfe26f2895604b800ed0c880ee55765a74d95dfc65?s=96&d=mm&r=g","contentUrl":"https:\/\/secure.gravatar.com\/avatar\/d843030b96552826ac048bdfe26f2895604b800ed0c880ee55765a74d95dfc65?s=96&d=mm&r=g","caption":"Reporteros Hoy IM"},"url":"https:\/\/reporteroshoy.mx\/noticias\/author\/israel\/"}]}},"_links":{"self":[{"href":"https:\/\/reporteroshoy.mx\/noticias\/wp-json\/wp\/v2\/posts\/116346","targetHints":{"allow":["GET"]}}],"collection":[{"href":"https:\/\/reporteroshoy.mx\/noticias\/wp-json\/wp\/v2\/posts"}],"about":[{"href":"https:\/\/reporteroshoy.mx\/noticias\/wp-json\/wp\/v2\/types\/post"}],"author":[{"embeddable":true,"href":"https:\/\/reporteroshoy.mx\/noticias\/wp-json\/wp\/v2\/users\/5"}],"replies":[{"embeddable":true,"href":"https:\/\/reporteroshoy.mx\/noticias\/wp-json\/wp\/v2\/comments?post=116346"}],"version-history":[{"count":0,"href":"https:\/\/reporteroshoy.mx\/noticias\/wp-json\/wp\/v2\/posts\/116346\/revisions"}],"wp:featuredmedia":[{"embeddable":true,"href":"https:\/\/reporteroshoy.mx\/noticias\/wp-json\/wp\/v2\/media\/116348"}],"wp:attachment":[{"href":"https:\/\/reporteroshoy.mx\/noticias\/wp-json\/wp\/v2\/media?parent=116346"}],"wp:term":[{"taxonomy":"category","embeddable":true,"href":"https:\/\/reporteroshoy.mx\/noticias\/wp-json\/wp\/v2\/categories?post=116346"},{"taxonomy":"post_tag","embeddable":true,"href":"https:\/\/reporteroshoy.mx\/noticias\/wp-json\/wp\/v2\/tags?post=116346"}],"curies":[{"name":"wp","href":"https:\/\/api.w.org\/{rel}","templated":true}]}}