{"id":116357,"date":"2024-09-25T12:47:14","date_gmt":"2024-09-25T18:47:14","guid":{"rendered":"https:\/\/reporteroshoy.mx\/noticias\/?p=116357"},"modified":"2024-09-25T12:47:14","modified_gmt":"2024-09-25T18:47:14","slug":"preparado-operativo-para-la-evacuacion-de-familias-por-helene","status":"publish","type":"post","link":"https:\/\/reporteroshoy.mx\/noticias\/preparado-operativo-para-la-evacuacion-de-familias-por-helene\/","title":{"rendered":"Preparado operativo para la evacuaci\u00f3n de familias por \u201cHelene\u201d"},"content":{"rendered":"<p style=\"text-align: justify;\">Tras la emisi\u00f3n de una alerta Naranja por parte de la <a href=\"https:\/\/reporteroshoy.mx\/noticias\/gobierno-yucateco-llama-a-tomar-medidas-por-helene\/\"><strong>unidad estatal de Protecci\u00f3n Civil<\/strong><\/a>, los municipios del oriente de Yucat\u00e1n han tomado medidas para la evacuaci\u00f3n de familias.<\/p>\n<p style=\"text-align: justify;\">El Ayuntamiento de Tizim\u00edn habilit\u00f3 refugios temporales para la poblaci\u00f3n que lo requiera para su seguridad.<\/p>\n<p><img loading=\"lazy\" decoding=\"async\" class=\"alignnone size-full wp-image-116358\" src=\"https:\/\/reporteroshoy.mx\/noticias\/wp-content\/uploads\/2024\/09\/IMG_5765-scaled.jpg\" alt=\"\" width=\"768\" height=\"576\" srcset=\"https:\/\/reporteroshoy.mx\/noticias\/wp-content\/uploads\/2024\/09\/IMG_5765-scaled.jpg 768w, https:\/\/reporteroshoy.mx\/noticias\/wp-content\/uploads\/2024\/09\/IMG_5765-1536x1152.jpg 1536w\" sizes=\"auto, (max-width: 768px) 100vw, 768px\" \/><\/p>\n<p style=\"text-align: justify;\">Adem\u00e1s, en el puerto de El Cuyo, se prepararon espacios para albergar familias, en caso de ser necesario.<\/p>\n<p style=\"text-align: justify;\">Durante la ma\u00f1ana, seis unidades de transporte p\u00fablico llegaron a Tizim\u00edn. Estos veh\u00edculos se destinaron a la evacuaci\u00f3n de personas en los puertos, seg\u00fan lo dispongan las autoridades locales.<\/p>\n<p style=\"text-align: justify;\">En Valladolid, conocida como la Sultana del Oriente, se implementaron medidas similares. Se abrieron refugios y se intensificaron labores de limpieza en calles y alcantarillados para mitigar posibles inundaciones.<\/p>\n<p style=\"text-align: justify;\">Los cuerpos de seguridad, como la Polic\u00eda Municipal y la Secretar\u00eda de Seguridad P\u00fablica (SSP), han mantenido una alerta m\u00e1xima.<\/p>\n<p><img loading=\"lazy\" decoding=\"async\" class=\"alignnone size-full wp-image-116359\" src=\"https:\/\/reporteroshoy.mx\/noticias\/wp-content\/uploads\/2024\/09\/IMG_5769-scaled.jpg\" alt=\"\" width=\"768\" height=\"576\" \/><\/p>\n<p style=\"text-align: justify;\">Los bomberos y Protecci\u00f3n Civil se encuentran listos para actuar de inmediato. Si la situaci\u00f3n lo demanda, estas dependencias responder\u00e1n en el momento adecuado.<\/p>\n<p style=\"text-align: justify;\">Aunque la\u00a0<strong><a href=\"https:\/\/educacion.yucatan.gob.mx\/\">Secretar\u00eda de Educaci\u00f3n del Gobierno del Estado Yucat\u00e1n<\/a><\/strong> (Segey) anunci\u00f3 la suspensi\u00f3n de clases hace pocas horas, en Tizim\u00edn, varias escuelas decidieron cancelar actividades. Las lluvias ligeras que se presentaron por la ma\u00f1ana llevaron a esta decisi\u00f3n.<\/p>\n<p style=\"text-align: justify;\">En colegios de R\u00edo Lagartos, San Felipe, Panab\u00e1, Buctzotz, Sucil\u00e1, Espita, Calotmul y Tizim\u00edn, se cancel\u00f3 el turno vespertino de hoy 25 de septiembre y ambos turnos de ma\u00f1ana 26 de septiembre.<\/p>\n<p><em>ACOM<\/em><\/p>\n","protected":false},"excerpt":{"rendered":"<p>Adem\u00e1s del operativo para la evacuaci\u00f3n, se determin\u00f3 suspender las clases en 8 municipios del oriente del estado. <\/p>\n","protected":false},"author":5,"featured_media":116358,"comment_status":"open","ping_status":"closed","sticky":false,"template":"","format":"standard","meta":{"footnotes":""},"categories":[17],"tags":[12201,26641,7972],"class_list":["post-116357","post","type-post","status-publish","format-standard","has-post-thumbnail","hentry","category-yucatan","tag-evacuacion","tag-helene","tag-oriente-de-yucatan"],"yoast_head":"<!-- This site is optimized with the Yoast SEO plugin v28.3 - https:\/\/yoast.com\/product\/yoast-seo-wordpress\/ -->\n<title>Preparado operativo para la evacuaci\u00f3n de familias por \u201cHelene\u201d<\/title>\n<meta name=\"description\" content=\"Adem\u00e1s del operativo para la evacuaci\u00f3n, se determin\u00f3 suspender las clases en 8 municipios del oriente del estado.\" \/>\n<meta name=\"robots\" content=\"index, follow, max-snippet:-1, max-image-preview:large, max-video-preview:-1\" \/>\n<link rel=\"canonical\" href=\"https:\/\/reporteroshoy.mx\/noticias\/preparado-operativo-para-la-evacuacion-de-familias-por-helene\/\" \/>\n<meta property=\"og:locale\" content=\"es_ES\" \/>\n<meta property=\"og:type\" content=\"article\" \/>\n<meta property=\"og:title\" content=\"Preparado operativo para la evacuaci\u00f3n de familias por \u201cHelene\u201d\" \/>\n<meta property=\"og:description\" content=\"Adem\u00e1s del operativo para la evacuaci\u00f3n, se determin\u00f3 suspender las clases en 8 municipios del oriente del estado.\" \/>\n<meta property=\"og:url\" content=\"https:\/\/reporteroshoy.mx\/noticias\/preparado-operativo-para-la-evacuacion-de-familias-por-helene\/\" \/>\n<meta property=\"og:site_name\" content=\"Reporteros Hoy | Noticias de Yucat\u00e1n\" \/>\n<meta property=\"article:publisher\" content=\"http:\/\/www.facebook.com\/reporteroshoymx\" \/>\n<meta property=\"article:published_time\" content=\"2024-09-25T18:47:14+00:00\" \/>\n<meta property=\"og:image\" content=\"https:\/\/reporteroshoy.mx\/noticias\/wp-content\/uploads\/2024\/09\/IMG_5765-scaled.jpg\" \/>\n\t<meta property=\"og:image:width\" content=\"768\" \/>\n\t<meta property=\"og:image:height\" content=\"576\" \/>\n\t<meta property=\"og:image:type\" content=\"image\/jpeg\" \/>\n<meta name=\"author\" content=\"Reporteros Hoy IM\" \/>\n<meta name=\"twitter:card\" content=\"summary_large_image\" \/>\n<meta name=\"twitter:creator\" content=\"@reporteroshoy\" \/>\n<meta name=\"twitter:site\" content=\"@reporteroshoy\" \/>\n<meta name=\"twitter:label1\" content=\"Escrito por\" \/>\n\t<meta name=\"twitter:data1\" content=\"Reporteros Hoy IM\" \/>\n\t<meta name=\"twitter:label2\" content=\"Tiempo de lectura\" \/>\n\t<meta name=\"twitter:data2\" content=\"2 minutos\" \/>\n<script type=\"application\/ld+json\" class=\"yoast-schema-graph\">{\"@context\":\"https:\\\/\\\/schema.org\",\"@graph\":[{\"@type\":\"Article\",\"@id\":\"https:\\\/\\\/reporteroshoy.mx\\\/noticias\\\/preparado-operativo-para-la-evacuacion-de-familias-por-helene\\\/#article\",\"isPartOf\":{\"@id\":\"https:\\\/\\\/reporteroshoy.mx\\\/noticias\\\/preparado-operativo-para-la-evacuacion-de-familias-por-helene\\\/\"},\"author\":{\"name\":\"Reporteros Hoy IM\",\"@id\":\"https:\\\/\\\/reporteroshoy.mx\\\/noticias\\\/#\\\/schema\\\/person\\\/948520f0d88b01be2e5266bc4acbbc15\"},\"headline\":\"Preparado operativo para la evacuaci\u00f3n de familias por \u201cHelene\u201d\",\"datePublished\":\"2024-09-25T18:47:14+00:00\",\"mainEntityOfPage\":{\"@id\":\"https:\\\/\\\/reporteroshoy.mx\\\/noticias\\\/preparado-operativo-para-la-evacuacion-de-familias-por-helene\\\/\"},\"wordCount\":276,\"commentCount\":0,\"image\":{\"@id\":\"https:\\\/\\\/reporteroshoy.mx\\\/noticias\\\/preparado-operativo-para-la-evacuacion-de-familias-por-helene\\\/#primaryimage\"},\"thumbnailUrl\":\"https:\\\/\\\/reporteroshoy.mx\\\/noticias\\\/wp-content\\\/uploads\\\/2024\\\/09\\\/IMG_5765-scaled.jpg\",\"keywords\":[\"Evacuaci\u00f3n\",\"Helene\",\"Oriente de Yucat\u00e1n\"],\"articleSection\":[\"Yucat\u00e1n\"],\"inLanguage\":\"es\",\"potentialAction\":[{\"@type\":\"CommentAction\",\"name\":\"Comment\",\"target\":[\"https:\\\/\\\/reporteroshoy.mx\\\/noticias\\\/preparado-operativo-para-la-evacuacion-de-familias-por-helene\\\/#respond\"]}]},{\"@type\":\"WebPage\",\"@id\":\"https:\\\/\\\/reporteroshoy.mx\\\/noticias\\\/preparado-operativo-para-la-evacuacion-de-familias-por-helene\\\/\",\"url\":\"https:\\\/\\\/reporteroshoy.mx\\\/noticias\\\/preparado-operativo-para-la-evacuacion-de-familias-por-helene\\\/\",\"name\":\"Preparado operativo para la evacuaci\u00f3n de familias por \u201cHelene\u201d\",\"isPartOf\":{\"@id\":\"https:\\\/\\\/reporteroshoy.mx\\\/noticias\\\/#website\"},\"primaryImageOfPage\":{\"@id\":\"https:\\\/\\\/reporteroshoy.mx\\\/noticias\\\/preparado-operativo-para-la-evacuacion-de-familias-por-helene\\\/#primaryimage\"},\"image\":{\"@id\":\"https:\\\/\\\/reporteroshoy.mx\\\/noticias\\\/preparado-operativo-para-la-evacuacion-de-familias-por-helene\\\/#primaryimage\"},\"thumbnailUrl\":\"https:\\\/\\\/reporteroshoy.mx\\\/noticias\\\/wp-content\\\/uploads\\\/2024\\\/09\\\/IMG_5765-scaled.jpg\",\"datePublished\":\"2024-09-25T18:47:14+00:00\",\"author\":{\"@id\":\"https:\\\/\\\/reporteroshoy.mx\\\/noticias\\\/#\\\/schema\\\/person\\\/948520f0d88b01be2e5266bc4acbbc15\"},\"description\":\"Adem\u00e1s del operativo para la evacuaci\u00f3n, se determin\u00f3 suspender las clases en 8 municipios del oriente del estado.\",\"breadcrumb\":{\"@id\":\"https:\\\/\\\/reporteroshoy.mx\\\/noticias\\\/preparado-operativo-para-la-evacuacion-de-familias-por-helene\\\/#breadcrumb\"},\"inLanguage\":\"es\",\"potentialAction\":[{\"@type\":\"ReadAction\",\"target\":[\"https:\\\/\\\/reporteroshoy.mx\\\/noticias\\\/preparado-operativo-para-la-evacuacion-de-familias-por-helene\\\/\"]}]},{\"@type\":\"ImageObject\",\"inLanguage\":\"es\",\"@id\":\"https:\\\/\\\/reporteroshoy.mx\\\/noticias\\\/preparado-operativo-para-la-evacuacion-de-familias-por-helene\\\/#primaryimage\",\"url\":\"https:\\\/\\\/reporteroshoy.mx\\\/noticias\\\/wp-content\\\/uploads\\\/2024\\\/09\\\/IMG_5765-scaled.jpg\",\"contentUrl\":\"https:\\\/\\\/reporteroshoy.mx\\\/noticias\\\/wp-content\\\/uploads\\\/2024\\\/09\\\/IMG_5765-scaled.jpg\",\"width\":768,\"height\":576},{\"@type\":\"BreadcrumbList\",\"@id\":\"https:\\\/\\\/reporteroshoy.mx\\\/noticias\\\/preparado-operativo-para-la-evacuacion-de-familias-por-helene\\\/#breadcrumb\",\"itemListElement\":[{\"@type\":\"ListItem\",\"position\":1,\"name\":\"Portada\",\"item\":\"https:\\\/\\\/reporteroshoy.mx\\\/noticias\\\/\"},{\"@type\":\"ListItem\",\"position\":2,\"name\":\"Preparado operativo para la evacuaci\u00f3n de familias por \u201cHelene\u201d\"}]},{\"@type\":\"WebSite\",\"@id\":\"https:\\\/\\\/reporteroshoy.mx\\\/noticias\\\/#website\",\"url\":\"https:\\\/\\\/reporteroshoy.mx\\\/noticias\\\/\",\"name\":\"Reporteros Hoy | Noticias de Yucat\u00e1n\",\"description\":\"Peri\u00f3dico digital con noticias diarias desde M\u00e9rida, Yucat\u00e1n para el mundo.\",\"potentialAction\":[{\"@type\":\"SearchAction\",\"target\":{\"@type\":\"EntryPoint\",\"urlTemplate\":\"https:\\\/\\\/reporteroshoy.mx\\\/noticias\\\/?s={search_term_string}\"},\"query-input\":{\"@type\":\"PropertyValueSpecification\",\"valueRequired\":true,\"valueName\":\"search_term_string\"}}],\"inLanguage\":\"es\"},{\"@type\":\"Person\",\"@id\":\"https:\\\/\\\/reporteroshoy.mx\\\/noticias\\\/#\\\/schema\\\/person\\\/948520f0d88b01be2e5266bc4acbbc15\",\"name\":\"Reporteros Hoy IM\",\"image\":{\"@type\":\"ImageObject\",\"inLanguage\":\"es\",\"@id\":\"https:\\\/\\\/secure.gravatar.com\\\/avatar\\\/d843030b96552826ac048bdfe26f2895604b800ed0c880ee55765a74d95dfc65?s=96&d=mm&r=g\",\"url\":\"https:\\\/\\\/secure.gravatar.com\\\/avatar\\\/d843030b96552826ac048bdfe26f2895604b800ed0c880ee55765a74d95dfc65?s=96&d=mm&r=g\",\"contentUrl\":\"https:\\\/\\\/secure.gravatar.com\\\/avatar\\\/d843030b96552826ac048bdfe26f2895604b800ed0c880ee55765a74d95dfc65?s=96&d=mm&r=g\",\"caption\":\"Reporteros Hoy IM\"},\"url\":\"https:\\\/\\\/reporteroshoy.mx\\\/noticias\\\/author\\\/israel\\\/\"}]}<\/script>\n<!-- \/ Yoast SEO plugin. -->","yoast_head_json":{"title":"Preparado operativo para la evacuaci\u00f3n de familias por \u201cHelene\u201d","description":"Adem\u00e1s del operativo para la evacuaci\u00f3n, se determin\u00f3 suspender las clases en 8 municipios del oriente del estado.","robots":{"index":"index","follow":"follow","max-snippet":"max-snippet:-1","max-image-preview":"max-image-preview:large","max-video-preview":"max-video-preview:-1"},"canonical":"https:\/\/reporteroshoy.mx\/noticias\/preparado-operativo-para-la-evacuacion-de-familias-por-helene\/","og_locale":"es_ES","og_type":"article","og_title":"Preparado operativo para la evacuaci\u00f3n de familias por \u201cHelene\u201d","og_description":"Adem\u00e1s del operativo para la evacuaci\u00f3n, se determin\u00f3 suspender las clases en 8 municipios del oriente del estado.","og_url":"https:\/\/reporteroshoy.mx\/noticias\/preparado-operativo-para-la-evacuacion-de-familias-por-helene\/","og_site_name":"Reporteros Hoy | Noticias de Yucat\u00e1n","article_publisher":"http:\/\/www.facebook.com\/reporteroshoymx","article_published_time":"2024-09-25T18:47:14+00:00","og_image":[{"width":768,"height":576,"url":"https:\/\/reporteroshoy.mx\/noticias\/wp-content\/uploads\/2024\/09\/IMG_5765-scaled.jpg","type":"image\/jpeg"}],"author":"Reporteros Hoy IM","twitter_card":"summary_large_image","twitter_creator":"@reporteroshoy","twitter_site":"@reporteroshoy","twitter_misc":{"Escrito por":"Reporteros Hoy IM","Tiempo de lectura":"2 minutos"},"schema":{"@context":"https:\/\/schema.org","@graph":[{"@type":"Article","@id":"https:\/\/reporteroshoy.mx\/noticias\/preparado-operativo-para-la-evacuacion-de-familias-por-helene\/#article","isPartOf":{"@id":"https:\/\/reporteroshoy.mx\/noticias\/preparado-operativo-para-la-evacuacion-de-familias-por-helene\/"},"author":{"name":"Reporteros Hoy IM","@id":"https:\/\/reporteroshoy.mx\/noticias\/#\/schema\/person\/948520f0d88b01be2e5266bc4acbbc15"},"headline":"Preparado operativo para la evacuaci\u00f3n de familias por \u201cHelene\u201d","datePublished":"2024-09-25T18:47:14+00:00","mainEntityOfPage":{"@id":"https:\/\/reporteroshoy.mx\/noticias\/preparado-operativo-para-la-evacuacion-de-familias-por-helene\/"},"wordCount":276,"commentCount":0,"image":{"@id":"https:\/\/reporteroshoy.mx\/noticias\/preparado-operativo-para-la-evacuacion-de-familias-por-helene\/#primaryimage"},"thumbnailUrl":"https:\/\/reporteroshoy.mx\/noticias\/wp-content\/uploads\/2024\/09\/IMG_5765-scaled.jpg","keywords":["Evacuaci\u00f3n","Helene","Oriente de Yucat\u00e1n"],"articleSection":["Yucat\u00e1n"],"inLanguage":"es","potentialAction":[{"@type":"CommentAction","name":"Comment","target":["https:\/\/reporteroshoy.mx\/noticias\/preparado-operativo-para-la-evacuacion-de-familias-por-helene\/#respond"]}]},{"@type":"WebPage","@id":"https:\/\/reporteroshoy.mx\/noticias\/preparado-operativo-para-la-evacuacion-de-familias-por-helene\/","url":"https:\/\/reporteroshoy.mx\/noticias\/preparado-operativo-para-la-evacuacion-de-familias-por-helene\/","name":"Preparado operativo para la evacuaci\u00f3n de familias por \u201cHelene\u201d","isPartOf":{"@id":"https:\/\/reporteroshoy.mx\/noticias\/#website"},"primaryImageOfPage":{"@id":"https:\/\/reporteroshoy.mx\/noticias\/preparado-operativo-para-la-evacuacion-de-familias-por-helene\/#primaryimage"},"image":{"@id":"https:\/\/reporteroshoy.mx\/noticias\/preparado-operativo-para-la-evacuacion-de-familias-por-helene\/#primaryimage"},"thumbnailUrl":"https:\/\/reporteroshoy.mx\/noticias\/wp-content\/uploads\/2024\/09\/IMG_5765-scaled.jpg","datePublished":"2024-09-25T18:47:14+00:00","author":{"@id":"https:\/\/reporteroshoy.mx\/noticias\/#\/schema\/person\/948520f0d88b01be2e5266bc4acbbc15"},"description":"Adem\u00e1s del operativo para la evacuaci\u00f3n, se determin\u00f3 suspender las clases en 8 municipios del oriente del estado.","breadcrumb":{"@id":"https:\/\/reporteroshoy.mx\/noticias\/preparado-operativo-para-la-evacuacion-de-familias-por-helene\/#breadcrumb"},"inLanguage":"es","potentialAction":[{"@type":"ReadAction","target":["https:\/\/reporteroshoy.mx\/noticias\/preparado-operativo-para-la-evacuacion-de-familias-por-helene\/"]}]},{"@type":"ImageObject","inLanguage":"es","@id":"https:\/\/reporteroshoy.mx\/noticias\/preparado-operativo-para-la-evacuacion-de-familias-por-helene\/#primaryimage","url":"https:\/\/reporteroshoy.mx\/noticias\/wp-content\/uploads\/2024\/09\/IMG_5765-scaled.jpg","contentUrl":"https:\/\/reporteroshoy.mx\/noticias\/wp-content\/uploads\/2024\/09\/IMG_5765-scaled.jpg","width":768,"height":576},{"@type":"BreadcrumbList","@id":"https:\/\/reporteroshoy.mx\/noticias\/preparado-operativo-para-la-evacuacion-de-familias-por-helene\/#breadcrumb","itemListElement":[{"@type":"ListItem","position":1,"name":"Portada","item":"https:\/\/reporteroshoy.mx\/noticias\/"},{"@type":"ListItem","position":2,"name":"Preparado operativo para la evacuaci\u00f3n de familias por \u201cHelene\u201d"}]},{"@type":"WebSite","@id":"https:\/\/reporteroshoy.mx\/noticias\/#website","url":"https:\/\/reporteroshoy.mx\/noticias\/","name":"Reporteros Hoy | Noticias de Yucat\u00e1n","description":"Peri\u00f3dico digital con noticias diarias desde M\u00e9rida, Yucat\u00e1n para el mundo.","potentialAction":[{"@type":"SearchAction","target":{"@type":"EntryPoint","urlTemplate":"https:\/\/reporteroshoy.mx\/noticias\/?s={search_term_string}"},"query-input":{"@type":"PropertyValueSpecification","valueRequired":true,"valueName":"search_term_string"}}],"inLanguage":"es"},{"@type":"Person","@id":"https:\/\/reporteroshoy.mx\/noticias\/#\/schema\/person\/948520f0d88b01be2e5266bc4acbbc15","name":"Reporteros Hoy IM","image":{"@type":"ImageObject","inLanguage":"es","@id":"https:\/\/secure.gravatar.com\/avatar\/d843030b96552826ac048bdfe26f2895604b800ed0c880ee55765a74d95dfc65?s=96&d=mm&r=g","url":"https:\/\/secure.gravatar.com\/avatar\/d843030b96552826ac048bdfe26f2895604b800ed0c880ee55765a74d95dfc65?s=96&d=mm&r=g","contentUrl":"https:\/\/secure.gravatar.com\/avatar\/d843030b96552826ac048bdfe26f2895604b800ed0c880ee55765a74d95dfc65?s=96&d=mm&r=g","caption":"Reporteros Hoy IM"},"url":"https:\/\/reporteroshoy.mx\/noticias\/author\/israel\/"}]}},"_links":{"self":[{"href":"https:\/\/reporteroshoy.mx\/noticias\/wp-json\/wp\/v2\/posts\/116357","targetHints":{"allow":["GET"]}}],"collection":[{"href":"https:\/\/reporteroshoy.mx\/noticias\/wp-json\/wp\/v2\/posts"}],"about":[{"href":"https:\/\/reporteroshoy.mx\/noticias\/wp-json\/wp\/v2\/types\/post"}],"author":[{"embeddable":true,"href":"https:\/\/reporteroshoy.mx\/noticias\/wp-json\/wp\/v2\/users\/5"}],"replies":[{"embeddable":true,"href":"https:\/\/reporteroshoy.mx\/noticias\/wp-json\/wp\/v2\/comments?post=116357"}],"version-history":[{"count":0,"href":"https:\/\/reporteroshoy.mx\/noticias\/wp-json\/wp\/v2\/posts\/116357\/revisions"}],"wp:featuredmedia":[{"embeddable":true,"href":"https:\/\/reporteroshoy.mx\/noticias\/wp-json\/wp\/v2\/media\/116358"}],"wp:attachment":[{"href":"https:\/\/reporteroshoy.mx\/noticias\/wp-json\/wp\/v2\/media?parent=116357"}],"wp:term":[{"taxonomy":"category","embeddable":true,"href":"https:\/\/reporteroshoy.mx\/noticias\/wp-json\/wp\/v2\/categories?post=116357"},{"taxonomy":"post_tag","embeddable":true,"href":"https:\/\/reporteroshoy.mx\/noticias\/wp-json\/wp\/v2\/tags?post=116357"}],"curies":[{"name":"wp","href":"https:\/\/api.w.org\/{rel}","templated":true}]}}