{"id":116378,"date":"2024-09-25T12:15:03","date_gmt":"2024-09-25T18:15:03","guid":{"rendered":"https:\/\/reporteroshoy.mx\/noticias\/?p=116378"},"modified":"2024-09-26T12:13:48","modified_gmt":"2024-09-26T18:13:48","slug":"listos-para-atender-a-la-poblacion-por-efectos-de-helene","status":"publish","type":"post","link":"https:\/\/reporteroshoy.mx\/noticias\/listos-para-atender-a-la-poblacion-por-efectos-de-helene\/","title":{"rendered":"Listos para atender a la poblaci\u00f3n por efectos de \u201cHelene\u201d"},"content":{"rendered":"<p style=\"text-align: justify;\">El\u00a0<strong><a href=\"https:\/\/www.yucatan.gob.mx\/\">Gobierno del Estado<\/a><\/strong> en coordinaci\u00f3n con las Fuerzas Armadas y los Ayuntamientos mantiene una constante vigilancia de la evoluci\u00f3n y trayecto del hurac\u00e1n \u201cHelene\u201d, para atender a la poblaci\u00f3n yucateca en caso de cualquier escenario en torno a este fen\u00f3meno.<\/p>\n<p style=\"text-align: justify;\">Como medida de prevenci\u00f3n, la encargada del Despacho del Gobernador, Mar\u00eda Fritz Sierra, en funciones del titular del Poder Ejecutivo, instruy\u00f3 a los funcionarios estatales a mantener la coordinaci\u00f3n permanente con los alcaldes de R\u00edo Lagartos, Tizim\u00edn, San Felipe, Buctzotz, Panab\u00e1, Sucil\u00e1, Espita y Calotmul para atender a la poblaci\u00f3n que lo requiera.<\/p>\n<p><img loading=\"lazy\" decoding=\"async\" class=\"alignnone size-full wp-image-116379\" src=\"https:\/\/reporteroshoy.mx\/noticias\/wp-content\/uploads\/2024\/09\/Imagen-de-WhatsApp-2024-09-25-a-las-17.09.31_18df0f19-scaled.jpg\" alt=\"\" width=\"768\" height=\"576\" \/><\/p>\n<p style=\"text-align: justify;\">En reuni\u00f3n con integrantes del gabinete legal y ampliado\u00a0<strong><a href=\"https:\/\/reporteroshoy.mx\/noticias\/preparado-operativo-para-la-evacuacion-de-familias-por-helene\/\">se acord\u00f3 disponer de veh\u00edculos<\/a><\/strong> en Tizim\u00edn, San Felipe y el Cuyo para apoyar a la poblaci\u00f3n que requiera traslado a los refugios.<\/p>\n<p style=\"text-align: justify;\">En ese sentido, la Secretar\u00eda de Educaci\u00f3n del Estado (Segey) detall\u00f3 que ya se encuentran instalados refugios temporales en escuelas para recibir a la poblaci\u00f3n que lo necesite, adem\u00e1s de que hoy y ma\u00f1ana se suspenden clases en los municipios con alerta naranja.<\/p>\n<p style=\"text-align: justify;\">Fritz Sierra reiter\u00f3 que se est\u00e1n realizando acciones anticipadas, dada la consciencia preventiva y el pron\u00f3stico.<\/p>\n<p style=\"text-align: justify;\">Adem\u00e1s, hizo un llamado a la poblaci\u00f3n a mantener la calma e informarse sobre la evoluci\u00f3n del fen\u00f3meno natural \u00fanicamente a trav\u00e9s de los canales oficiales.<\/p>\n","protected":false},"excerpt":{"rendered":"<p>Mar\u00eda Fritz Sierra instruy\u00f3 a los funcionarios estatales a mantener la coordinaci\u00f3n en la atenci\u00f3n de la poblaci\u00f3n. <\/p>\n","protected":false},"author":5,"featured_media":116379,"comment_status":"open","ping_status":"closed","sticky":false,"template":"","format":"standard","meta":{"footnotes":""},"categories":[17],"tags":[26641,584,23],"class_list":["post-116378","post","type-post","status-publish","format-standard","has-post-thumbnail","hentry","category-yucatan","tag-helene","tag-proteccion-civil","tag-yucatan"],"yoast_head":"<!-- This site is optimized with the Yoast SEO plugin v28.3 - https:\/\/yoast.com\/product\/yoast-seo-wordpress\/ -->\n<title>Listos para atender a la poblaci\u00f3n por efectos de \u201cHelene\u201d<\/title>\n<meta name=\"description\" content=\"Mar\u00eda Fritz Sierra instruy\u00f3 a los funcionarios estatales a mantener la coordinaci\u00f3n en la atenci\u00f3n de la poblaci\u00f3n.\" \/>\n<meta name=\"robots\" content=\"index, follow, max-snippet:-1, max-image-preview:large, max-video-preview:-1\" \/>\n<link rel=\"canonical\" href=\"https:\/\/reporteroshoy.mx\/noticias\/listos-para-atender-a-la-poblacion-por-efectos-de-helene\/\" \/>\n<meta property=\"og:locale\" content=\"es_ES\" \/>\n<meta property=\"og:type\" content=\"article\" \/>\n<meta property=\"og:title\" content=\"Listos para atender a la poblaci\u00f3n por efectos de \u201cHelene\u201d\" \/>\n<meta property=\"og:description\" content=\"Mar\u00eda Fritz Sierra instruy\u00f3 a los funcionarios estatales a mantener la coordinaci\u00f3n en la atenci\u00f3n de la poblaci\u00f3n.\" \/>\n<meta property=\"og:url\" content=\"https:\/\/reporteroshoy.mx\/noticias\/listos-para-atender-a-la-poblacion-por-efectos-de-helene\/\" \/>\n<meta property=\"og:site_name\" content=\"Reporteros Hoy | Noticias de Yucat\u00e1n\" \/>\n<meta property=\"article:publisher\" content=\"http:\/\/www.facebook.com\/reporteroshoymx\" \/>\n<meta property=\"article:published_time\" content=\"2024-09-25T18:15:03+00:00\" \/>\n<meta property=\"article:modified_time\" content=\"2024-09-26T18:13:48+00:00\" \/>\n<meta property=\"og:image\" content=\"https:\/\/reporteroshoy.mx\/noticias\/wp-content\/uploads\/2024\/09\/Imagen-de-WhatsApp-2024-09-25-a-las-17.09.31_18df0f19-scaled.jpg\" \/>\n\t<meta property=\"og:image:width\" content=\"768\" \/>\n\t<meta property=\"og:image:height\" content=\"576\" \/>\n\t<meta property=\"og:image:type\" content=\"image\/jpeg\" \/>\n<meta name=\"author\" content=\"Reporteros Hoy IM\" \/>\n<meta name=\"twitter:card\" content=\"summary_large_image\" \/>\n<meta name=\"twitter:creator\" content=\"@reporteroshoy\" \/>\n<meta name=\"twitter:site\" content=\"@reporteroshoy\" \/>\n<meta name=\"twitter:label1\" content=\"Escrito por\" \/>\n\t<meta name=\"twitter:data1\" content=\"Reporteros Hoy IM\" \/>\n\t<meta name=\"twitter:label2\" content=\"Tiempo de lectura\" \/>\n\t<meta name=\"twitter:data2\" content=\"2 minutos\" \/>\n<script type=\"application\/ld+json\" class=\"yoast-schema-graph\">{\"@context\":\"https:\\\/\\\/schema.org\",\"@graph\":[{\"@type\":\"Article\",\"@id\":\"https:\\\/\\\/reporteroshoy.mx\\\/noticias\\\/listos-para-atender-a-la-poblacion-por-efectos-de-helene\\\/#article\",\"isPartOf\":{\"@id\":\"https:\\\/\\\/reporteroshoy.mx\\\/noticias\\\/listos-para-atender-a-la-poblacion-por-efectos-de-helene\\\/\"},\"author\":{\"name\":\"Reporteros Hoy IM\",\"@id\":\"https:\\\/\\\/reporteroshoy.mx\\\/noticias\\\/#\\\/schema\\\/person\\\/948520f0d88b01be2e5266bc4acbbc15\"},\"headline\":\"Listos para atender a la poblaci\u00f3n por efectos de \u201cHelene\u201d\",\"datePublished\":\"2024-09-25T18:15:03+00:00\",\"dateModified\":\"2024-09-26T18:13:48+00:00\",\"mainEntityOfPage\":{\"@id\":\"https:\\\/\\\/reporteroshoy.mx\\\/noticias\\\/listos-para-atender-a-la-poblacion-por-efectos-de-helene\\\/\"},\"wordCount\":249,\"commentCount\":0,\"image\":{\"@id\":\"https:\\\/\\\/reporteroshoy.mx\\\/noticias\\\/listos-para-atender-a-la-poblacion-por-efectos-de-helene\\\/#primaryimage\"},\"thumbnailUrl\":\"https:\\\/\\\/reporteroshoy.mx\\\/noticias\\\/wp-content\\\/uploads\\\/2024\\\/09\\\/Imagen-de-WhatsApp-2024-09-25-a-las-17.09.31_18df0f19-scaled.jpg\",\"keywords\":[\"Helene\",\"Protecci\u00f3n Civil\",\"Yucat\u00e1n\"],\"articleSection\":[\"Yucat\u00e1n\"],\"inLanguage\":\"es\",\"potentialAction\":[{\"@type\":\"CommentAction\",\"name\":\"Comment\",\"target\":[\"https:\\\/\\\/reporteroshoy.mx\\\/noticias\\\/listos-para-atender-a-la-poblacion-por-efectos-de-helene\\\/#respond\"]}]},{\"@type\":\"WebPage\",\"@id\":\"https:\\\/\\\/reporteroshoy.mx\\\/noticias\\\/listos-para-atender-a-la-poblacion-por-efectos-de-helene\\\/\",\"url\":\"https:\\\/\\\/reporteroshoy.mx\\\/noticias\\\/listos-para-atender-a-la-poblacion-por-efectos-de-helene\\\/\",\"name\":\"Listos para atender a la poblaci\u00f3n por efectos de \u201cHelene\u201d\",\"isPartOf\":{\"@id\":\"https:\\\/\\\/reporteroshoy.mx\\\/noticias\\\/#website\"},\"primaryImageOfPage\":{\"@id\":\"https:\\\/\\\/reporteroshoy.mx\\\/noticias\\\/listos-para-atender-a-la-poblacion-por-efectos-de-helene\\\/#primaryimage\"},\"image\":{\"@id\":\"https:\\\/\\\/reporteroshoy.mx\\\/noticias\\\/listos-para-atender-a-la-poblacion-por-efectos-de-helene\\\/#primaryimage\"},\"thumbnailUrl\":\"https:\\\/\\\/reporteroshoy.mx\\\/noticias\\\/wp-content\\\/uploads\\\/2024\\\/09\\\/Imagen-de-WhatsApp-2024-09-25-a-las-17.09.31_18df0f19-scaled.jpg\",\"datePublished\":\"2024-09-25T18:15:03+00:00\",\"dateModified\":\"2024-09-26T18:13:48+00:00\",\"author\":{\"@id\":\"https:\\\/\\\/reporteroshoy.mx\\\/noticias\\\/#\\\/schema\\\/person\\\/948520f0d88b01be2e5266bc4acbbc15\"},\"description\":\"Mar\u00eda Fritz Sierra instruy\u00f3 a los funcionarios estatales a mantener la coordinaci\u00f3n en la atenci\u00f3n de la poblaci\u00f3n.\",\"breadcrumb\":{\"@id\":\"https:\\\/\\\/reporteroshoy.mx\\\/noticias\\\/listos-para-atender-a-la-poblacion-por-efectos-de-helene\\\/#breadcrumb\"},\"inLanguage\":\"es\",\"potentialAction\":[{\"@type\":\"ReadAction\",\"target\":[\"https:\\\/\\\/reporteroshoy.mx\\\/noticias\\\/listos-para-atender-a-la-poblacion-por-efectos-de-helene\\\/\"]}]},{\"@type\":\"ImageObject\",\"inLanguage\":\"es\",\"@id\":\"https:\\\/\\\/reporteroshoy.mx\\\/noticias\\\/listos-para-atender-a-la-poblacion-por-efectos-de-helene\\\/#primaryimage\",\"url\":\"https:\\\/\\\/reporteroshoy.mx\\\/noticias\\\/wp-content\\\/uploads\\\/2024\\\/09\\\/Imagen-de-WhatsApp-2024-09-25-a-las-17.09.31_18df0f19-scaled.jpg\",\"contentUrl\":\"https:\\\/\\\/reporteroshoy.mx\\\/noticias\\\/wp-content\\\/uploads\\\/2024\\\/09\\\/Imagen-de-WhatsApp-2024-09-25-a-las-17.09.31_18df0f19-scaled.jpg\",\"width\":768,\"height\":576},{\"@type\":\"BreadcrumbList\",\"@id\":\"https:\\\/\\\/reporteroshoy.mx\\\/noticias\\\/listos-para-atender-a-la-poblacion-por-efectos-de-helene\\\/#breadcrumb\",\"itemListElement\":[{\"@type\":\"ListItem\",\"position\":1,\"name\":\"Portada\",\"item\":\"https:\\\/\\\/reporteroshoy.mx\\\/noticias\\\/\"},{\"@type\":\"ListItem\",\"position\":2,\"name\":\"Listos para atender a la poblaci\u00f3n por efectos de \u201cHelene\u201d\"}]},{\"@type\":\"WebSite\",\"@id\":\"https:\\\/\\\/reporteroshoy.mx\\\/noticias\\\/#website\",\"url\":\"https:\\\/\\\/reporteroshoy.mx\\\/noticias\\\/\",\"name\":\"Reporteros Hoy | Noticias de Yucat\u00e1n\",\"description\":\"Peri\u00f3dico digital con noticias diarias desde M\u00e9rida, Yucat\u00e1n para el mundo.\",\"potentialAction\":[{\"@type\":\"SearchAction\",\"target\":{\"@type\":\"EntryPoint\",\"urlTemplate\":\"https:\\\/\\\/reporteroshoy.mx\\\/noticias\\\/?s={search_term_string}\"},\"query-input\":{\"@type\":\"PropertyValueSpecification\",\"valueRequired\":true,\"valueName\":\"search_term_string\"}}],\"inLanguage\":\"es\"},{\"@type\":\"Person\",\"@id\":\"https:\\\/\\\/reporteroshoy.mx\\\/noticias\\\/#\\\/schema\\\/person\\\/948520f0d88b01be2e5266bc4acbbc15\",\"name\":\"Reporteros Hoy IM\",\"image\":{\"@type\":\"ImageObject\",\"inLanguage\":\"es\",\"@id\":\"https:\\\/\\\/secure.gravatar.com\\\/avatar\\\/d843030b96552826ac048bdfe26f2895604b800ed0c880ee55765a74d95dfc65?s=96&d=mm&r=g\",\"url\":\"https:\\\/\\\/secure.gravatar.com\\\/avatar\\\/d843030b96552826ac048bdfe26f2895604b800ed0c880ee55765a74d95dfc65?s=96&d=mm&r=g\",\"contentUrl\":\"https:\\\/\\\/secure.gravatar.com\\\/avatar\\\/d843030b96552826ac048bdfe26f2895604b800ed0c880ee55765a74d95dfc65?s=96&d=mm&r=g\",\"caption\":\"Reporteros Hoy IM\"},\"url\":\"https:\\\/\\\/reporteroshoy.mx\\\/noticias\\\/author\\\/israel\\\/\"}]}<\/script>\n<!-- \/ Yoast SEO plugin. -->","yoast_head_json":{"title":"Listos para atender a la poblaci\u00f3n por efectos de \u201cHelene\u201d","description":"Mar\u00eda Fritz Sierra instruy\u00f3 a los funcionarios estatales a mantener la coordinaci\u00f3n en la atenci\u00f3n de la poblaci\u00f3n.","robots":{"index":"index","follow":"follow","max-snippet":"max-snippet:-1","max-image-preview":"max-image-preview:large","max-video-preview":"max-video-preview:-1"},"canonical":"https:\/\/reporteroshoy.mx\/noticias\/listos-para-atender-a-la-poblacion-por-efectos-de-helene\/","og_locale":"es_ES","og_type":"article","og_title":"Listos para atender a la poblaci\u00f3n por efectos de \u201cHelene\u201d","og_description":"Mar\u00eda Fritz Sierra instruy\u00f3 a los funcionarios estatales a mantener la coordinaci\u00f3n en la atenci\u00f3n de la poblaci\u00f3n.","og_url":"https:\/\/reporteroshoy.mx\/noticias\/listos-para-atender-a-la-poblacion-por-efectos-de-helene\/","og_site_name":"Reporteros Hoy | Noticias de Yucat\u00e1n","article_publisher":"http:\/\/www.facebook.com\/reporteroshoymx","article_published_time":"2024-09-25T18:15:03+00:00","article_modified_time":"2024-09-26T18:13:48+00:00","og_image":[{"width":768,"height":576,"url":"https:\/\/reporteroshoy.mx\/noticias\/wp-content\/uploads\/2024\/09\/Imagen-de-WhatsApp-2024-09-25-a-las-17.09.31_18df0f19-scaled.jpg","type":"image\/jpeg"}],"author":"Reporteros Hoy IM","twitter_card":"summary_large_image","twitter_creator":"@reporteroshoy","twitter_site":"@reporteroshoy","twitter_misc":{"Escrito por":"Reporteros Hoy IM","Tiempo de lectura":"2 minutos"},"schema":{"@context":"https:\/\/schema.org","@graph":[{"@type":"Article","@id":"https:\/\/reporteroshoy.mx\/noticias\/listos-para-atender-a-la-poblacion-por-efectos-de-helene\/#article","isPartOf":{"@id":"https:\/\/reporteroshoy.mx\/noticias\/listos-para-atender-a-la-poblacion-por-efectos-de-helene\/"},"author":{"name":"Reporteros Hoy IM","@id":"https:\/\/reporteroshoy.mx\/noticias\/#\/schema\/person\/948520f0d88b01be2e5266bc4acbbc15"},"headline":"Listos para atender a la poblaci\u00f3n por efectos de \u201cHelene\u201d","datePublished":"2024-09-25T18:15:03+00:00","dateModified":"2024-09-26T18:13:48+00:00","mainEntityOfPage":{"@id":"https:\/\/reporteroshoy.mx\/noticias\/listos-para-atender-a-la-poblacion-por-efectos-de-helene\/"},"wordCount":249,"commentCount":0,"image":{"@id":"https:\/\/reporteroshoy.mx\/noticias\/listos-para-atender-a-la-poblacion-por-efectos-de-helene\/#primaryimage"},"thumbnailUrl":"https:\/\/reporteroshoy.mx\/noticias\/wp-content\/uploads\/2024\/09\/Imagen-de-WhatsApp-2024-09-25-a-las-17.09.31_18df0f19-scaled.jpg","keywords":["Helene","Protecci\u00f3n Civil","Yucat\u00e1n"],"articleSection":["Yucat\u00e1n"],"inLanguage":"es","potentialAction":[{"@type":"CommentAction","name":"Comment","target":["https:\/\/reporteroshoy.mx\/noticias\/listos-para-atender-a-la-poblacion-por-efectos-de-helene\/#respond"]}]},{"@type":"WebPage","@id":"https:\/\/reporteroshoy.mx\/noticias\/listos-para-atender-a-la-poblacion-por-efectos-de-helene\/","url":"https:\/\/reporteroshoy.mx\/noticias\/listos-para-atender-a-la-poblacion-por-efectos-de-helene\/","name":"Listos para atender a la poblaci\u00f3n por efectos de \u201cHelene\u201d","isPartOf":{"@id":"https:\/\/reporteroshoy.mx\/noticias\/#website"},"primaryImageOfPage":{"@id":"https:\/\/reporteroshoy.mx\/noticias\/listos-para-atender-a-la-poblacion-por-efectos-de-helene\/#primaryimage"},"image":{"@id":"https:\/\/reporteroshoy.mx\/noticias\/listos-para-atender-a-la-poblacion-por-efectos-de-helene\/#primaryimage"},"thumbnailUrl":"https:\/\/reporteroshoy.mx\/noticias\/wp-content\/uploads\/2024\/09\/Imagen-de-WhatsApp-2024-09-25-a-las-17.09.31_18df0f19-scaled.jpg","datePublished":"2024-09-25T18:15:03+00:00","dateModified":"2024-09-26T18:13:48+00:00","author":{"@id":"https:\/\/reporteroshoy.mx\/noticias\/#\/schema\/person\/948520f0d88b01be2e5266bc4acbbc15"},"description":"Mar\u00eda Fritz Sierra instruy\u00f3 a los funcionarios estatales a mantener la coordinaci\u00f3n en la atenci\u00f3n de la poblaci\u00f3n.","breadcrumb":{"@id":"https:\/\/reporteroshoy.mx\/noticias\/listos-para-atender-a-la-poblacion-por-efectos-de-helene\/#breadcrumb"},"inLanguage":"es","potentialAction":[{"@type":"ReadAction","target":["https:\/\/reporteroshoy.mx\/noticias\/listos-para-atender-a-la-poblacion-por-efectos-de-helene\/"]}]},{"@type":"ImageObject","inLanguage":"es","@id":"https:\/\/reporteroshoy.mx\/noticias\/listos-para-atender-a-la-poblacion-por-efectos-de-helene\/#primaryimage","url":"https:\/\/reporteroshoy.mx\/noticias\/wp-content\/uploads\/2024\/09\/Imagen-de-WhatsApp-2024-09-25-a-las-17.09.31_18df0f19-scaled.jpg","contentUrl":"https:\/\/reporteroshoy.mx\/noticias\/wp-content\/uploads\/2024\/09\/Imagen-de-WhatsApp-2024-09-25-a-las-17.09.31_18df0f19-scaled.jpg","width":768,"height":576},{"@type":"BreadcrumbList","@id":"https:\/\/reporteroshoy.mx\/noticias\/listos-para-atender-a-la-poblacion-por-efectos-de-helene\/#breadcrumb","itemListElement":[{"@type":"ListItem","position":1,"name":"Portada","item":"https:\/\/reporteroshoy.mx\/noticias\/"},{"@type":"ListItem","position":2,"name":"Listos para atender a la poblaci\u00f3n por efectos de \u201cHelene\u201d"}]},{"@type":"WebSite","@id":"https:\/\/reporteroshoy.mx\/noticias\/#website","url":"https:\/\/reporteroshoy.mx\/noticias\/","name":"Reporteros Hoy | Noticias de Yucat\u00e1n","description":"Peri\u00f3dico digital con noticias diarias desde M\u00e9rida, Yucat\u00e1n para el mundo.","potentialAction":[{"@type":"SearchAction","target":{"@type":"EntryPoint","urlTemplate":"https:\/\/reporteroshoy.mx\/noticias\/?s={search_term_string}"},"query-input":{"@type":"PropertyValueSpecification","valueRequired":true,"valueName":"search_term_string"}}],"inLanguage":"es"},{"@type":"Person","@id":"https:\/\/reporteroshoy.mx\/noticias\/#\/schema\/person\/948520f0d88b01be2e5266bc4acbbc15","name":"Reporteros Hoy IM","image":{"@type":"ImageObject","inLanguage":"es","@id":"https:\/\/secure.gravatar.com\/avatar\/d843030b96552826ac048bdfe26f2895604b800ed0c880ee55765a74d95dfc65?s=96&d=mm&r=g","url":"https:\/\/secure.gravatar.com\/avatar\/d843030b96552826ac048bdfe26f2895604b800ed0c880ee55765a74d95dfc65?s=96&d=mm&r=g","contentUrl":"https:\/\/secure.gravatar.com\/avatar\/d843030b96552826ac048bdfe26f2895604b800ed0c880ee55765a74d95dfc65?s=96&d=mm&r=g","caption":"Reporteros Hoy IM"},"url":"https:\/\/reporteroshoy.mx\/noticias\/author\/israel\/"}]}},"_links":{"self":[{"href":"https:\/\/reporteroshoy.mx\/noticias\/wp-json\/wp\/v2\/posts\/116378","targetHints":{"allow":["GET"]}}],"collection":[{"href":"https:\/\/reporteroshoy.mx\/noticias\/wp-json\/wp\/v2\/posts"}],"about":[{"href":"https:\/\/reporteroshoy.mx\/noticias\/wp-json\/wp\/v2\/types\/post"}],"author":[{"embeddable":true,"href":"https:\/\/reporteroshoy.mx\/noticias\/wp-json\/wp\/v2\/users\/5"}],"replies":[{"embeddable":true,"href":"https:\/\/reporteroshoy.mx\/noticias\/wp-json\/wp\/v2\/comments?post=116378"}],"version-history":[{"count":0,"href":"https:\/\/reporteroshoy.mx\/noticias\/wp-json\/wp\/v2\/posts\/116378\/revisions"}],"wp:featuredmedia":[{"embeddable":true,"href":"https:\/\/reporteroshoy.mx\/noticias\/wp-json\/wp\/v2\/media\/116379"}],"wp:attachment":[{"href":"https:\/\/reporteroshoy.mx\/noticias\/wp-json\/wp\/v2\/media?parent=116378"}],"wp:term":[{"taxonomy":"category","embeddable":true,"href":"https:\/\/reporteroshoy.mx\/noticias\/wp-json\/wp\/v2\/categories?post=116378"},{"taxonomy":"post_tag","embeddable":true,"href":"https:\/\/reporteroshoy.mx\/noticias\/wp-json\/wp\/v2\/tags?post=116378"}],"curies":[{"name":"wp","href":"https:\/\/api.w.org\/{rel}","templated":true}]}}