{"id":116557,"date":"2024-10-03T23:46:31","date_gmt":"2024-10-04T05:46:31","guid":{"rendered":"https:\/\/reporteroshoy.mx\/noticias\/?p=116557"},"modified":"2024-10-03T23:46:31","modified_gmt":"2024-10-04T05:46:31","slug":"inauguran-la-expo-vivienda-yucatan-2024","status":"publish","type":"post","link":"https:\/\/reporteroshoy.mx\/noticias\/inauguran-la-expo-vivienda-yucatan-2024\/","title":{"rendered":"Inauguran la Expo Vivienda Yucat\u00e1n 2024"},"content":{"rendered":"<p style=\"text-align: justify;\">El Gobernador\u00a0<strong><a href=\"https:\/\/www.facebook.com\/huachodiazmena\">Joaqu\u00edn D\u00edaz Mena<\/a><\/strong> presidi\u00f3 la inauguraci\u00f3n de la vig\u00e9sima tercera Expo Vivienda Yucat\u00e1n, un evento que simboliza el presente y futuro de Yucat\u00e1n, as\u00ed como el compromiso de construir un bienestar integral para las familias del estado.<\/p>\n<p><img loading=\"lazy\" decoding=\"async\" class=\"alignnone size-full wp-image-116554\" src=\"https:\/\/reporteroshoy.mx\/noticias\/wp-content\/uploads\/2024\/10\/Imagen-de-WhatsApp-2024-10-03-a-las-18.47.14_d86cca70-scaled.jpg\" alt=\"\" width=\"768\" height=\"493\" srcset=\"https:\/\/reporteroshoy.mx\/noticias\/wp-content\/uploads\/2024\/10\/Imagen-de-WhatsApp-2024-10-03-a-las-18.47.14_d86cca70-scaled.jpg 768w, https:\/\/reporteroshoy.mx\/noticias\/wp-content\/uploads\/2024\/10\/Imagen-de-WhatsApp-2024-10-03-a-las-18.47.14_d86cca70-1536x987.jpg 1536w\" sizes=\"auto, (max-width: 768px) 100vw, 768px\" \/><\/p>\n<p style=\"text-align: justify;\">Junto al presidente de la C\u00e1mara Nacional de la Industria de Desarrollo y Promoci\u00f3n de Vivienda en Yucat\u00e1n, Sergei L\u00f3pez Cant\u00f3n, D\u00edaz Mena destac\u00f3 la importancia de desarrollar proyectos de vivienda que no solo sean dignos y accesibles, sino que tambi\u00e9n impulsen el crecimiento sostenible de Yucat\u00e1n:<\/p>\n<p style=\"text-align: justify;\">\u201cEste evento representa c\u00f3mo queremos que vivan nuestras familias y c\u00f3mo construiremos un futuro mejor a trav\u00e9s de la vivienda\u201d.<\/p>\n<p style=\"text-align: justify;\">\u00a0El Gobernador refrend\u00f3 su visi\u00f3n social y compromiso con el pueblo de Yucat\u00e1n, resaltando que el desarrollo debe extenderse a todos los rincones del estado y contar con los servicios b\u00e1sicos necesarios para el bienestar de las familias.<\/p>\n<p style=\"text-align: justify;\">\u201cNo queremos que el crecimiento se concentre en unas pocas zonas. Es fundamental que los hogares cuenten con calles, agua, energ\u00eda el\u00e9ctrica y servicios b\u00e1sicos de calidad\u201d, detall\u00f3.<\/p>\n<p style=\"text-align: justify;\">D\u00edaz Mena record\u00f3 que, durante su campa\u00f1a, se comprometi\u00f3 a construir 10 mil viviendas sociales que sean seguras, bien planeadas y accesibles para todas las familias yucatecas, reafirmando as\u00ed su objetivo de mejorar la calidad de vida de la poblaci\u00f3n.<\/p>\n<p><img loading=\"lazy\" decoding=\"async\" class=\"alignnone size-full wp-image-116553\" src=\"https:\/\/reporteroshoy.mx\/noticias\/wp-content\/uploads\/2024\/10\/Imagen-de-WhatsApp-2024-10-03-a-las-20.58.46_b46370b7-scaled.jpg\" alt=\"\" width=\"768\" height=\"512\" \/><\/p>\n<p style=\"text-align: justify;\">Posteriormente, visit\u00f3 el Centro de Rehabilitaci\u00f3n y Educaci\u00f3n Especial (CREE) junto con su esposa, la maestra Wendy M\u00e9ndez Naal.<\/p>\n<p style=\"text-align: justify;\">Ah\u00ed, ambos reconocieron la importancia que tiene para la inclusi\u00f3n de las personas con discapacidad, y reafirmaron la misi\u00f3n del actual gobierno de promover una sociedad m\u00e1s inclusiva y accesible para todas y todos.<\/p>\n<p><strong>Leer tambi\u00e9n: <\/strong><strong><a href=\"https:\/\/reporteroshoy.mx\/noticias\/se-reune-diaz-mena-con-mandos-de-seguridad\/\">Se re\u00fane D\u00edaz Mena con mandos de seguridad<\/a><\/strong><\/p>\n<p style=\"text-align: justify;\">El espacio atiende a alrededor de 6,300 personas con discapacidad al a\u00f1o, brind\u00e1ndoles terapias de rehabilitaci\u00f3n f\u00edsica, ocupacional y de lenguaje.<\/p>\n","protected":false},"excerpt":{"rendered":"<p>El gobernador Joaqu\u00edn D\u00edaz Mena inaugur\u00f3 la Expo Vivienda 2024 y visit\u00f3 el Centro de Rehabilitaci\u00f3n y Educaci\u00f3n Especial (CREE). <\/p>\n","protected":false},"author":5,"featured_media":116555,"comment_status":"open","ping_status":"closed","sticky":false,"template":"","format":"standard","meta":{"footnotes":""},"categories":[17],"tags":[4849,17835,21840],"class_list":["post-116557","post","type-post","status-publish","format-standard","has-post-thumbnail","hentry","category-yucatan","tag-cree","tag-expo-vivienda","tag-huacho-diaz-mena"],"yoast_head":"<!-- This site is optimized with the Yoast SEO plugin v28.3 - https:\/\/yoast.com\/product\/yoast-seo-wordpress\/ -->\n<title>Inauguran la Expo Vivienda Yucat\u00e1n 2024<\/title>\n<meta name=\"description\" content=\"El gobernador Joaqu\u00edn D\u00edaz Mena inaugur\u00f3 la Expo Vivienda 2024 y visit\u00f3 el Centro de Rehabilitaci\u00f3n y Educaci\u00f3n Especial (CREE).\" \/>\n<meta name=\"robots\" content=\"index, follow, max-snippet:-1, max-image-preview:large, max-video-preview:-1\" \/>\n<link rel=\"canonical\" href=\"https:\/\/reporteroshoy.mx\/noticias\/inauguran-la-expo-vivienda-yucatan-2024\/\" \/>\n<meta property=\"og:locale\" content=\"es_ES\" \/>\n<meta property=\"og:type\" content=\"article\" \/>\n<meta property=\"og:title\" content=\"Inauguran la Expo Vivienda Yucat\u00e1n 2024\" \/>\n<meta property=\"og:description\" content=\"El gobernador Joaqu\u00edn D\u00edaz Mena inaugur\u00f3 la Expo Vivienda 2024 y visit\u00f3 el Centro de Rehabilitaci\u00f3n y Educaci\u00f3n Especial (CREE).\" \/>\n<meta property=\"og:url\" content=\"https:\/\/reporteroshoy.mx\/noticias\/inauguran-la-expo-vivienda-yucatan-2024\/\" \/>\n<meta property=\"og:site_name\" content=\"Reporteros Hoy | Noticias de Yucat\u00e1n\" \/>\n<meta property=\"article:publisher\" content=\"http:\/\/www.facebook.com\/reporteroshoymx\" \/>\n<meta property=\"article:published_time\" content=\"2024-10-04T05:46:31+00:00\" \/>\n<meta property=\"og:image\" content=\"https:\/\/reporteroshoy.mx\/noticias\/wp-content\/uploads\/2024\/10\/Imagen-de-WhatsApp-2024-10-03-a-las-18.47.14_27b703b6-scaled.jpg\" \/>\n\t<meta property=\"og:image:width\" content=\"768\" \/>\n\t<meta property=\"og:image:height\" content=\"512\" \/>\n\t<meta property=\"og:image:type\" content=\"image\/jpeg\" \/>\n<meta name=\"author\" content=\"Reporteros Hoy IM\" \/>\n<meta name=\"twitter:card\" content=\"summary_large_image\" \/>\n<meta name=\"twitter:creator\" content=\"@reporteroshoy\" \/>\n<meta name=\"twitter:site\" content=\"@reporteroshoy\" \/>\n<meta name=\"twitter:label1\" content=\"Escrito por\" \/>\n\t<meta name=\"twitter:data1\" content=\"Reporteros Hoy IM\" \/>\n\t<meta name=\"twitter:label2\" content=\"Tiempo de lectura\" \/>\n\t<meta name=\"twitter:data2\" content=\"2 minutos\" \/>\n<script type=\"application\/ld+json\" class=\"yoast-schema-graph\">{\"@context\":\"https:\\\/\\\/schema.org\",\"@graph\":[{\"@type\":\"Article\",\"@id\":\"https:\\\/\\\/reporteroshoy.mx\\\/noticias\\\/inauguran-la-expo-vivienda-yucatan-2024\\\/#article\",\"isPartOf\":{\"@id\":\"https:\\\/\\\/reporteroshoy.mx\\\/noticias\\\/inauguran-la-expo-vivienda-yucatan-2024\\\/\"},\"author\":{\"name\":\"Reporteros Hoy IM\",\"@id\":\"https:\\\/\\\/reporteroshoy.mx\\\/noticias\\\/#\\\/schema\\\/person\\\/948520f0d88b01be2e5266bc4acbbc15\"},\"headline\":\"Inauguran la Expo Vivienda Yucat\u00e1n 2024\",\"datePublished\":\"2024-10-04T05:46:31+00:00\",\"mainEntityOfPage\":{\"@id\":\"https:\\\/\\\/reporteroshoy.mx\\\/noticias\\\/inauguran-la-expo-vivienda-yucatan-2024\\\/\"},\"wordCount\":339,\"commentCount\":0,\"image\":{\"@id\":\"https:\\\/\\\/reporteroshoy.mx\\\/noticias\\\/inauguran-la-expo-vivienda-yucatan-2024\\\/#primaryimage\"},\"thumbnailUrl\":\"https:\\\/\\\/reporteroshoy.mx\\\/noticias\\\/wp-content\\\/uploads\\\/2024\\\/10\\\/Imagen-de-WhatsApp-2024-10-03-a-las-18.47.14_27b703b6-scaled.jpg\",\"keywords\":[\"cree\",\"Expo vivienda\",\"Huacho D\u00edaz Mena\"],\"articleSection\":[\"Yucat\u00e1n\"],\"inLanguage\":\"es\",\"potentialAction\":[{\"@type\":\"CommentAction\",\"name\":\"Comment\",\"target\":[\"https:\\\/\\\/reporteroshoy.mx\\\/noticias\\\/inauguran-la-expo-vivienda-yucatan-2024\\\/#respond\"]}]},{\"@type\":\"WebPage\",\"@id\":\"https:\\\/\\\/reporteroshoy.mx\\\/noticias\\\/inauguran-la-expo-vivienda-yucatan-2024\\\/\",\"url\":\"https:\\\/\\\/reporteroshoy.mx\\\/noticias\\\/inauguran-la-expo-vivienda-yucatan-2024\\\/\",\"name\":\"Inauguran la Expo Vivienda Yucat\u00e1n 2024\",\"isPartOf\":{\"@id\":\"https:\\\/\\\/reporteroshoy.mx\\\/noticias\\\/#website\"},\"primaryImageOfPage\":{\"@id\":\"https:\\\/\\\/reporteroshoy.mx\\\/noticias\\\/inauguran-la-expo-vivienda-yucatan-2024\\\/#primaryimage\"},\"image\":{\"@id\":\"https:\\\/\\\/reporteroshoy.mx\\\/noticias\\\/inauguran-la-expo-vivienda-yucatan-2024\\\/#primaryimage\"},\"thumbnailUrl\":\"https:\\\/\\\/reporteroshoy.mx\\\/noticias\\\/wp-content\\\/uploads\\\/2024\\\/10\\\/Imagen-de-WhatsApp-2024-10-03-a-las-18.47.14_27b703b6-scaled.jpg\",\"datePublished\":\"2024-10-04T05:46:31+00:00\",\"author\":{\"@id\":\"https:\\\/\\\/reporteroshoy.mx\\\/noticias\\\/#\\\/schema\\\/person\\\/948520f0d88b01be2e5266bc4acbbc15\"},\"description\":\"El gobernador Joaqu\u00edn D\u00edaz Mena inaugur\u00f3 la Expo Vivienda 2024 y visit\u00f3 el Centro de Rehabilitaci\u00f3n y Educaci\u00f3n Especial (CREE).\",\"breadcrumb\":{\"@id\":\"https:\\\/\\\/reporteroshoy.mx\\\/noticias\\\/inauguran-la-expo-vivienda-yucatan-2024\\\/#breadcrumb\"},\"inLanguage\":\"es\",\"potentialAction\":[{\"@type\":\"ReadAction\",\"target\":[\"https:\\\/\\\/reporteroshoy.mx\\\/noticias\\\/inauguran-la-expo-vivienda-yucatan-2024\\\/\"]}]},{\"@type\":\"ImageObject\",\"inLanguage\":\"es\",\"@id\":\"https:\\\/\\\/reporteroshoy.mx\\\/noticias\\\/inauguran-la-expo-vivienda-yucatan-2024\\\/#primaryimage\",\"url\":\"https:\\\/\\\/reporteroshoy.mx\\\/noticias\\\/wp-content\\\/uploads\\\/2024\\\/10\\\/Imagen-de-WhatsApp-2024-10-03-a-las-18.47.14_27b703b6-scaled.jpg\",\"contentUrl\":\"https:\\\/\\\/reporteroshoy.mx\\\/noticias\\\/wp-content\\\/uploads\\\/2024\\\/10\\\/Imagen-de-WhatsApp-2024-10-03-a-las-18.47.14_27b703b6-scaled.jpg\",\"width\":768,\"height\":512},{\"@type\":\"BreadcrumbList\",\"@id\":\"https:\\\/\\\/reporteroshoy.mx\\\/noticias\\\/inauguran-la-expo-vivienda-yucatan-2024\\\/#breadcrumb\",\"itemListElement\":[{\"@type\":\"ListItem\",\"position\":1,\"name\":\"Portada\",\"item\":\"https:\\\/\\\/reporteroshoy.mx\\\/noticias\\\/\"},{\"@type\":\"ListItem\",\"position\":2,\"name\":\"Inauguran la Expo Vivienda Yucat\u00e1n 2024\"}]},{\"@type\":\"WebSite\",\"@id\":\"https:\\\/\\\/reporteroshoy.mx\\\/noticias\\\/#website\",\"url\":\"https:\\\/\\\/reporteroshoy.mx\\\/noticias\\\/\",\"name\":\"Reporteros Hoy | Noticias de Yucat\u00e1n\",\"description\":\"Peri\u00f3dico digital con noticias diarias desde M\u00e9rida, Yucat\u00e1n para el mundo.\",\"potentialAction\":[{\"@type\":\"SearchAction\",\"target\":{\"@type\":\"EntryPoint\",\"urlTemplate\":\"https:\\\/\\\/reporteroshoy.mx\\\/noticias\\\/?s={search_term_string}\"},\"query-input\":{\"@type\":\"PropertyValueSpecification\",\"valueRequired\":true,\"valueName\":\"search_term_string\"}}],\"inLanguage\":\"es\"},{\"@type\":\"Person\",\"@id\":\"https:\\\/\\\/reporteroshoy.mx\\\/noticias\\\/#\\\/schema\\\/person\\\/948520f0d88b01be2e5266bc4acbbc15\",\"name\":\"Reporteros Hoy IM\",\"image\":{\"@type\":\"ImageObject\",\"inLanguage\":\"es\",\"@id\":\"https:\\\/\\\/secure.gravatar.com\\\/avatar\\\/d843030b96552826ac048bdfe26f2895604b800ed0c880ee55765a74d95dfc65?s=96&d=mm&r=g\",\"url\":\"https:\\\/\\\/secure.gravatar.com\\\/avatar\\\/d843030b96552826ac048bdfe26f2895604b800ed0c880ee55765a74d95dfc65?s=96&d=mm&r=g\",\"contentUrl\":\"https:\\\/\\\/secure.gravatar.com\\\/avatar\\\/d843030b96552826ac048bdfe26f2895604b800ed0c880ee55765a74d95dfc65?s=96&d=mm&r=g\",\"caption\":\"Reporteros Hoy IM\"},\"url\":\"https:\\\/\\\/reporteroshoy.mx\\\/noticias\\\/author\\\/israel\\\/\"}]}<\/script>\n<!-- \/ Yoast SEO plugin. -->","yoast_head_json":{"title":"Inauguran la Expo Vivienda Yucat\u00e1n 2024","description":"El gobernador Joaqu\u00edn D\u00edaz Mena inaugur\u00f3 la Expo Vivienda 2024 y visit\u00f3 el Centro de Rehabilitaci\u00f3n y Educaci\u00f3n Especial (CREE).","robots":{"index":"index","follow":"follow","max-snippet":"max-snippet:-1","max-image-preview":"max-image-preview:large","max-video-preview":"max-video-preview:-1"},"canonical":"https:\/\/reporteroshoy.mx\/noticias\/inauguran-la-expo-vivienda-yucatan-2024\/","og_locale":"es_ES","og_type":"article","og_title":"Inauguran la Expo Vivienda Yucat\u00e1n 2024","og_description":"El gobernador Joaqu\u00edn D\u00edaz Mena inaugur\u00f3 la Expo Vivienda 2024 y visit\u00f3 el Centro de Rehabilitaci\u00f3n y Educaci\u00f3n Especial (CREE).","og_url":"https:\/\/reporteroshoy.mx\/noticias\/inauguran-la-expo-vivienda-yucatan-2024\/","og_site_name":"Reporteros Hoy | Noticias de Yucat\u00e1n","article_publisher":"http:\/\/www.facebook.com\/reporteroshoymx","article_published_time":"2024-10-04T05:46:31+00:00","og_image":[{"width":768,"height":512,"url":"https:\/\/reporteroshoy.mx\/noticias\/wp-content\/uploads\/2024\/10\/Imagen-de-WhatsApp-2024-10-03-a-las-18.47.14_27b703b6-scaled.jpg","type":"image\/jpeg"}],"author":"Reporteros Hoy IM","twitter_card":"summary_large_image","twitter_creator":"@reporteroshoy","twitter_site":"@reporteroshoy","twitter_misc":{"Escrito por":"Reporteros Hoy IM","Tiempo de lectura":"2 minutos"},"schema":{"@context":"https:\/\/schema.org","@graph":[{"@type":"Article","@id":"https:\/\/reporteroshoy.mx\/noticias\/inauguran-la-expo-vivienda-yucatan-2024\/#article","isPartOf":{"@id":"https:\/\/reporteroshoy.mx\/noticias\/inauguran-la-expo-vivienda-yucatan-2024\/"},"author":{"name":"Reporteros Hoy IM","@id":"https:\/\/reporteroshoy.mx\/noticias\/#\/schema\/person\/948520f0d88b01be2e5266bc4acbbc15"},"headline":"Inauguran la Expo Vivienda Yucat\u00e1n 2024","datePublished":"2024-10-04T05:46:31+00:00","mainEntityOfPage":{"@id":"https:\/\/reporteroshoy.mx\/noticias\/inauguran-la-expo-vivienda-yucatan-2024\/"},"wordCount":339,"commentCount":0,"image":{"@id":"https:\/\/reporteroshoy.mx\/noticias\/inauguran-la-expo-vivienda-yucatan-2024\/#primaryimage"},"thumbnailUrl":"https:\/\/reporteroshoy.mx\/noticias\/wp-content\/uploads\/2024\/10\/Imagen-de-WhatsApp-2024-10-03-a-las-18.47.14_27b703b6-scaled.jpg","keywords":["cree","Expo vivienda","Huacho D\u00edaz Mena"],"articleSection":["Yucat\u00e1n"],"inLanguage":"es","potentialAction":[{"@type":"CommentAction","name":"Comment","target":["https:\/\/reporteroshoy.mx\/noticias\/inauguran-la-expo-vivienda-yucatan-2024\/#respond"]}]},{"@type":"WebPage","@id":"https:\/\/reporteroshoy.mx\/noticias\/inauguran-la-expo-vivienda-yucatan-2024\/","url":"https:\/\/reporteroshoy.mx\/noticias\/inauguran-la-expo-vivienda-yucatan-2024\/","name":"Inauguran la Expo Vivienda Yucat\u00e1n 2024","isPartOf":{"@id":"https:\/\/reporteroshoy.mx\/noticias\/#website"},"primaryImageOfPage":{"@id":"https:\/\/reporteroshoy.mx\/noticias\/inauguran-la-expo-vivienda-yucatan-2024\/#primaryimage"},"image":{"@id":"https:\/\/reporteroshoy.mx\/noticias\/inauguran-la-expo-vivienda-yucatan-2024\/#primaryimage"},"thumbnailUrl":"https:\/\/reporteroshoy.mx\/noticias\/wp-content\/uploads\/2024\/10\/Imagen-de-WhatsApp-2024-10-03-a-las-18.47.14_27b703b6-scaled.jpg","datePublished":"2024-10-04T05:46:31+00:00","author":{"@id":"https:\/\/reporteroshoy.mx\/noticias\/#\/schema\/person\/948520f0d88b01be2e5266bc4acbbc15"},"description":"El gobernador Joaqu\u00edn D\u00edaz Mena inaugur\u00f3 la Expo Vivienda 2024 y visit\u00f3 el Centro de Rehabilitaci\u00f3n y Educaci\u00f3n Especial (CREE).","breadcrumb":{"@id":"https:\/\/reporteroshoy.mx\/noticias\/inauguran-la-expo-vivienda-yucatan-2024\/#breadcrumb"},"inLanguage":"es","potentialAction":[{"@type":"ReadAction","target":["https:\/\/reporteroshoy.mx\/noticias\/inauguran-la-expo-vivienda-yucatan-2024\/"]}]},{"@type":"ImageObject","inLanguage":"es","@id":"https:\/\/reporteroshoy.mx\/noticias\/inauguran-la-expo-vivienda-yucatan-2024\/#primaryimage","url":"https:\/\/reporteroshoy.mx\/noticias\/wp-content\/uploads\/2024\/10\/Imagen-de-WhatsApp-2024-10-03-a-las-18.47.14_27b703b6-scaled.jpg","contentUrl":"https:\/\/reporteroshoy.mx\/noticias\/wp-content\/uploads\/2024\/10\/Imagen-de-WhatsApp-2024-10-03-a-las-18.47.14_27b703b6-scaled.jpg","width":768,"height":512},{"@type":"BreadcrumbList","@id":"https:\/\/reporteroshoy.mx\/noticias\/inauguran-la-expo-vivienda-yucatan-2024\/#breadcrumb","itemListElement":[{"@type":"ListItem","position":1,"name":"Portada","item":"https:\/\/reporteroshoy.mx\/noticias\/"},{"@type":"ListItem","position":2,"name":"Inauguran la Expo Vivienda Yucat\u00e1n 2024"}]},{"@type":"WebSite","@id":"https:\/\/reporteroshoy.mx\/noticias\/#website","url":"https:\/\/reporteroshoy.mx\/noticias\/","name":"Reporteros Hoy | Noticias de Yucat\u00e1n","description":"Peri\u00f3dico digital con noticias diarias desde M\u00e9rida, Yucat\u00e1n para el mundo.","potentialAction":[{"@type":"SearchAction","target":{"@type":"EntryPoint","urlTemplate":"https:\/\/reporteroshoy.mx\/noticias\/?s={search_term_string}"},"query-input":{"@type":"PropertyValueSpecification","valueRequired":true,"valueName":"search_term_string"}}],"inLanguage":"es"},{"@type":"Person","@id":"https:\/\/reporteroshoy.mx\/noticias\/#\/schema\/person\/948520f0d88b01be2e5266bc4acbbc15","name":"Reporteros Hoy IM","image":{"@type":"ImageObject","inLanguage":"es","@id":"https:\/\/secure.gravatar.com\/avatar\/d843030b96552826ac048bdfe26f2895604b800ed0c880ee55765a74d95dfc65?s=96&d=mm&r=g","url":"https:\/\/secure.gravatar.com\/avatar\/d843030b96552826ac048bdfe26f2895604b800ed0c880ee55765a74d95dfc65?s=96&d=mm&r=g","contentUrl":"https:\/\/secure.gravatar.com\/avatar\/d843030b96552826ac048bdfe26f2895604b800ed0c880ee55765a74d95dfc65?s=96&d=mm&r=g","caption":"Reporteros Hoy IM"},"url":"https:\/\/reporteroshoy.mx\/noticias\/author\/israel\/"}]}},"_links":{"self":[{"href":"https:\/\/reporteroshoy.mx\/noticias\/wp-json\/wp\/v2\/posts\/116557","targetHints":{"allow":["GET"]}}],"collection":[{"href":"https:\/\/reporteroshoy.mx\/noticias\/wp-json\/wp\/v2\/posts"}],"about":[{"href":"https:\/\/reporteroshoy.mx\/noticias\/wp-json\/wp\/v2\/types\/post"}],"author":[{"embeddable":true,"href":"https:\/\/reporteroshoy.mx\/noticias\/wp-json\/wp\/v2\/users\/5"}],"replies":[{"embeddable":true,"href":"https:\/\/reporteroshoy.mx\/noticias\/wp-json\/wp\/v2\/comments?post=116557"}],"version-history":[{"count":0,"href":"https:\/\/reporteroshoy.mx\/noticias\/wp-json\/wp\/v2\/posts\/116557\/revisions"}],"wp:featuredmedia":[{"embeddable":true,"href":"https:\/\/reporteroshoy.mx\/noticias\/wp-json\/wp\/v2\/media\/116555"}],"wp:attachment":[{"href":"https:\/\/reporteroshoy.mx\/noticias\/wp-json\/wp\/v2\/media?parent=116557"}],"wp:term":[{"taxonomy":"category","embeddable":true,"href":"https:\/\/reporteroshoy.mx\/noticias\/wp-json\/wp\/v2\/categories?post=116557"},{"taxonomy":"post_tag","embeddable":true,"href":"https:\/\/reporteroshoy.mx\/noticias\/wp-json\/wp\/v2\/tags?post=116557"}],"curies":[{"name":"wp","href":"https:\/\/api.w.org\/{rel}","templated":true}]}}