{"id":116616,"date":"2024-10-07T16:23:37","date_gmt":"2024-10-07T22:23:37","guid":{"rendered":"https:\/\/reporteroshoy.mx\/noticias\/?p=116616"},"modified":"2024-10-07T22:31:52","modified_gmt":"2024-10-08T04:31:52","slug":"supervisan-labores-de-evacuacion-en-la-costa-yucateca","status":"publish","type":"post","link":"https:\/\/reporteroshoy.mx\/noticias\/supervisan-labores-de-evacuacion-en-la-costa-yucateca\/","title":{"rendered":"Supervisan labores de evacuaci\u00f3n en la costa yucateca"},"content":{"rendered":"<p style=\"text-align: justify;\">El Gobernador del Estado, <strong><a href=\"https:\/\/www.facebook.com\/huachodiazmena\">Joaqu\u00edn D\u00edaz Mena<\/a><\/strong>, recorri\u00f3 localidades de la costa yucateca para supervisar las labores de evacuaci\u00f3n y traslado a los refugios temporales instalados en el Estado, para preservar la salud e integridad de la poblaci\u00f3n, principalmente en las zonas de mayor riesgo.<\/p>\n<p style=\"text-align: justify;\">Luego de encabezar la sesi\u00f3n extraordinaria del Comit\u00e9 de Emergencias del Consejo Estatal de Protecci\u00f3n Civil, D\u00edaz Mena se dirigi\u00f3 a los puertos de Celest\u00fan, Sisal y Progreso para constatar que los refugios se encuentran listos para recibir a la poblaci\u00f3n que as\u00ed lo necesite, adem\u00e1s del transporte necesario para la movilizaci\u00f3n de las personas en las zonas de riesgo.<\/p>\n<p><img loading=\"lazy\" decoding=\"async\" class=\"alignnone size-full wp-image-116618\" src=\"https:\/\/reporteroshoy.mx\/noticias\/wp-content\/uploads\/2024\/10\/Imagen-de-WhatsApp-2024-10-07-a-las-15.41.08_76c017c2-scaled.jpg\" alt=\"\" width=\"768\" height=\"512\" srcset=\"https:\/\/reporteroshoy.mx\/noticias\/wp-content\/uploads\/2024\/10\/Imagen-de-WhatsApp-2024-10-07-a-las-15.41.08_76c017c2-scaled.jpg 768w, https:\/\/reporteroshoy.mx\/noticias\/wp-content\/uploads\/2024\/10\/Imagen-de-WhatsApp-2024-10-07-a-las-15.41.08_76c017c2-1536x1023.jpg 1536w\" sizes=\"auto, (max-width: 768px) 100vw, 768px\" \/><\/p>\n<h3><strong>Labores de evacuaci\u00f3n en marcha<\/strong><\/h3>\n<p style=\"text-align: justify;\">El Gobernador instruy\u00f3 al personal de Protecci\u00f3n Civil, en coordinaci\u00f3n con los Ayuntamientos, a ir de casa en casa en las zonas de mayor riesgo, para invitar a las familias a salir de sus viviendas y que se instalen en alg\u00fan refugio, \u00abla integridad de su familia es lo m\u00e1s importante que hay que cuidar\u00bb, puntualiz\u00f3.<\/p>\n<p style=\"text-align: justify;\">Indic\u00f3 que los 162 albergues habilitados est\u00e1n debidamente abastecidos con v\u00edveres, colchonetas y agua.<\/p>\n<p style=\"text-align: justify;\">Reiter\u00f3 el llamado a las y los yucatecos a atender las indicaciones de las autoridades correspondientes, para salvaguardar su integridad y la de sus familias.<\/p>\n<p><img loading=\"lazy\" decoding=\"async\" class=\"alignnone size-full wp-image-116617\" src=\"https:\/\/reporteroshoy.mx\/noticias\/wp-content\/uploads\/2024\/10\/Imagen-de-WhatsApp-2024-10-07-a-las-15.41.06_5d14848a-scaled.jpg\" alt=\"\" width=\"768\" height=\"512\" srcset=\"https:\/\/reporteroshoy.mx\/noticias\/wp-content\/uploads\/2024\/10\/Imagen-de-WhatsApp-2024-10-07-a-las-15.41.06_5d14848a-scaled.jpg 768w, https:\/\/reporteroshoy.mx\/noticias\/wp-content\/uploads\/2024\/10\/Imagen-de-WhatsApp-2024-10-07-a-las-15.41.06_5d14848a-1536x1023.jpg 1536w\" sizes=\"auto, (max-width: 768px) 100vw, 768px\" \/><\/p>\n<p style=\"text-align: justify;\">Finalmente, D\u00edaz Mena pidi\u00f3 mantenerse atentos a la informaci\u00f3n que se est\u00e1 emitiendo a trav\u00e9s de los canales oficiales sobre la evoluci\u00f3n y trayectoria del fen\u00f3meno meteorol\u00f3gico.<\/p>\n<p><strong>Leer tambi\u00e9n: <\/strong><strong><a href=\"https:\/\/reporteroshoy.mx\/noticias\/suspension-de-actividades-no-esenciales-por-huracan-milton\/\">Suspensi\u00f3n de actividades no esenciales por Hurac\u00e1n Milton<\/a><\/strong><\/p>\n<p style=\"text-align: justify;\">A trav\u00e9s del Comit\u00e9 de Emergencias del Consejo Estatal de Protecci\u00f3n Civil, que se encuentra en sesi\u00f3n permanente para mantener la vigilancia del Hurac\u00e1n \u201cMilton\u201d, categor\u00eda 5 en escala Saffir-Simpson, se hizo un llamado a la poblaci\u00f3n a conservar la calma, atender las indicaciones de las autoridades, permanecer en un lugar seguro, mantener desconectados, gas, luz y agua; y usar el tel\u00e9fono solo para casos de emergencia.<\/p>\n","protected":false},"excerpt":{"rendered":"<p>El Gobernador, Joaqu\u00edn D\u00edaz Mena, recorri\u00f3 localidades de la costa yucateca para supervisar las labores de evacuaci\u00f3n.  <\/p>\n","protected":false},"author":5,"featured_media":116618,"comment_status":"open","ping_status":"closed","sticky":false,"template":"","format":"standard","meta":{"footnotes":""},"categories":[17],"tags":[1390,12201,26678],"class_list":["post-116616","post","type-post","status-publish","format-standard","has-post-thumbnail","hentry","category-yucatan","tag-costa","tag-evacuacion","tag-milton"],"yoast_head":"<!-- This site is optimized with the Yoast SEO plugin v28.3 - https:\/\/yoast.com\/product\/yoast-seo-wordpress\/ -->\n<title>Supervisan labores de evacuaci\u00f3n en la costa yucateca<\/title>\n<meta name=\"description\" content=\"El Gobernador, Joaqu\u00edn D\u00edaz Mena, recorri\u00f3 localidades de la costa yucateca para supervisar las labores de evacuaci\u00f3n.\" \/>\n<meta name=\"robots\" content=\"index, follow, max-snippet:-1, max-image-preview:large, max-video-preview:-1\" \/>\n<link rel=\"canonical\" href=\"https:\/\/reporteroshoy.mx\/noticias\/supervisan-labores-de-evacuacion-en-la-costa-yucateca\/\" \/>\n<meta property=\"og:locale\" content=\"es_ES\" \/>\n<meta property=\"og:type\" content=\"article\" \/>\n<meta property=\"og:title\" content=\"Supervisan labores de evacuaci\u00f3n en la costa yucateca\" \/>\n<meta property=\"og:description\" content=\"El Gobernador, Joaqu\u00edn D\u00edaz Mena, recorri\u00f3 localidades de la costa yucateca para supervisar las labores de evacuaci\u00f3n.\" \/>\n<meta property=\"og:url\" content=\"https:\/\/reporteroshoy.mx\/noticias\/supervisan-labores-de-evacuacion-en-la-costa-yucateca\/\" \/>\n<meta property=\"og:site_name\" content=\"Reporteros Hoy | Noticias de Yucat\u00e1n\" \/>\n<meta property=\"article:publisher\" content=\"http:\/\/www.facebook.com\/reporteroshoymx\" \/>\n<meta property=\"article:published_time\" content=\"2024-10-07T22:23:37+00:00\" \/>\n<meta property=\"article:modified_time\" content=\"2024-10-08T04:31:52+00:00\" \/>\n<meta property=\"og:image\" content=\"https:\/\/reporteroshoy.mx\/noticias\/wp-content\/uploads\/2024\/10\/Imagen-de-WhatsApp-2024-10-07-a-las-15.41.08_76c017c2-scaled.jpg\" \/>\n\t<meta property=\"og:image:width\" content=\"768\" \/>\n\t<meta property=\"og:image:height\" content=\"512\" \/>\n\t<meta property=\"og:image:type\" content=\"image\/jpeg\" \/>\n<meta name=\"author\" content=\"Reporteros Hoy IM\" \/>\n<meta name=\"twitter:card\" content=\"summary_large_image\" \/>\n<meta name=\"twitter:creator\" content=\"@reporteroshoy\" \/>\n<meta name=\"twitter:site\" content=\"@reporteroshoy\" \/>\n<meta name=\"twitter:label1\" content=\"Escrito por\" \/>\n\t<meta name=\"twitter:data1\" content=\"Reporteros Hoy IM\" \/>\n\t<meta name=\"twitter:label2\" content=\"Tiempo de lectura\" \/>\n\t<meta name=\"twitter:data2\" content=\"3 minutos\" \/>\n<script type=\"application\/ld+json\" class=\"yoast-schema-graph\">{\"@context\":\"https:\\\/\\\/schema.org\",\"@graph\":[{\"@type\":\"Article\",\"@id\":\"https:\\\/\\\/reporteroshoy.mx\\\/noticias\\\/supervisan-labores-de-evacuacion-en-la-costa-yucateca\\\/#article\",\"isPartOf\":{\"@id\":\"https:\\\/\\\/reporteroshoy.mx\\\/noticias\\\/supervisan-labores-de-evacuacion-en-la-costa-yucateca\\\/\"},\"author\":{\"name\":\"Reporteros Hoy IM\",\"@id\":\"https:\\\/\\\/reporteroshoy.mx\\\/noticias\\\/#\\\/schema\\\/person\\\/948520f0d88b01be2e5266bc4acbbc15\"},\"headline\":\"Supervisan labores de evacuaci\u00f3n en la costa yucateca\",\"datePublished\":\"2024-10-07T22:23:37+00:00\",\"dateModified\":\"2024-10-08T04:31:52+00:00\",\"mainEntityOfPage\":{\"@id\":\"https:\\\/\\\/reporteroshoy.mx\\\/noticias\\\/supervisan-labores-de-evacuacion-en-la-costa-yucateca\\\/\"},\"wordCount\":350,\"commentCount\":0,\"image\":{\"@id\":\"https:\\\/\\\/reporteroshoy.mx\\\/noticias\\\/supervisan-labores-de-evacuacion-en-la-costa-yucateca\\\/#primaryimage\"},\"thumbnailUrl\":\"https:\\\/\\\/reporteroshoy.mx\\\/noticias\\\/wp-content\\\/uploads\\\/2024\\\/10\\\/Imagen-de-WhatsApp-2024-10-07-a-las-15.41.08_76c017c2-scaled.jpg\",\"keywords\":[\"costa\",\"Evacuaci\u00f3n\",\"Milton\"],\"articleSection\":[\"Yucat\u00e1n\"],\"inLanguage\":\"es\",\"potentialAction\":[{\"@type\":\"CommentAction\",\"name\":\"Comment\",\"target\":[\"https:\\\/\\\/reporteroshoy.mx\\\/noticias\\\/supervisan-labores-de-evacuacion-en-la-costa-yucateca\\\/#respond\"]}]},{\"@type\":\"WebPage\",\"@id\":\"https:\\\/\\\/reporteroshoy.mx\\\/noticias\\\/supervisan-labores-de-evacuacion-en-la-costa-yucateca\\\/\",\"url\":\"https:\\\/\\\/reporteroshoy.mx\\\/noticias\\\/supervisan-labores-de-evacuacion-en-la-costa-yucateca\\\/\",\"name\":\"Supervisan labores de evacuaci\u00f3n en la costa yucateca\",\"isPartOf\":{\"@id\":\"https:\\\/\\\/reporteroshoy.mx\\\/noticias\\\/#website\"},\"primaryImageOfPage\":{\"@id\":\"https:\\\/\\\/reporteroshoy.mx\\\/noticias\\\/supervisan-labores-de-evacuacion-en-la-costa-yucateca\\\/#primaryimage\"},\"image\":{\"@id\":\"https:\\\/\\\/reporteroshoy.mx\\\/noticias\\\/supervisan-labores-de-evacuacion-en-la-costa-yucateca\\\/#primaryimage\"},\"thumbnailUrl\":\"https:\\\/\\\/reporteroshoy.mx\\\/noticias\\\/wp-content\\\/uploads\\\/2024\\\/10\\\/Imagen-de-WhatsApp-2024-10-07-a-las-15.41.08_76c017c2-scaled.jpg\",\"datePublished\":\"2024-10-07T22:23:37+00:00\",\"dateModified\":\"2024-10-08T04:31:52+00:00\",\"author\":{\"@id\":\"https:\\\/\\\/reporteroshoy.mx\\\/noticias\\\/#\\\/schema\\\/person\\\/948520f0d88b01be2e5266bc4acbbc15\"},\"description\":\"El Gobernador, Joaqu\u00edn D\u00edaz Mena, recorri\u00f3 localidades de la costa yucateca para supervisar las labores de evacuaci\u00f3n.\",\"breadcrumb\":{\"@id\":\"https:\\\/\\\/reporteroshoy.mx\\\/noticias\\\/supervisan-labores-de-evacuacion-en-la-costa-yucateca\\\/#breadcrumb\"},\"inLanguage\":\"es\",\"potentialAction\":[{\"@type\":\"ReadAction\",\"target\":[\"https:\\\/\\\/reporteroshoy.mx\\\/noticias\\\/supervisan-labores-de-evacuacion-en-la-costa-yucateca\\\/\"]}]},{\"@type\":\"ImageObject\",\"inLanguage\":\"es\",\"@id\":\"https:\\\/\\\/reporteroshoy.mx\\\/noticias\\\/supervisan-labores-de-evacuacion-en-la-costa-yucateca\\\/#primaryimage\",\"url\":\"https:\\\/\\\/reporteroshoy.mx\\\/noticias\\\/wp-content\\\/uploads\\\/2024\\\/10\\\/Imagen-de-WhatsApp-2024-10-07-a-las-15.41.08_76c017c2-scaled.jpg\",\"contentUrl\":\"https:\\\/\\\/reporteroshoy.mx\\\/noticias\\\/wp-content\\\/uploads\\\/2024\\\/10\\\/Imagen-de-WhatsApp-2024-10-07-a-las-15.41.08_76c017c2-scaled.jpg\",\"width\":768,\"height\":512},{\"@type\":\"BreadcrumbList\",\"@id\":\"https:\\\/\\\/reporteroshoy.mx\\\/noticias\\\/supervisan-labores-de-evacuacion-en-la-costa-yucateca\\\/#breadcrumb\",\"itemListElement\":[{\"@type\":\"ListItem\",\"position\":1,\"name\":\"Portada\",\"item\":\"https:\\\/\\\/reporteroshoy.mx\\\/noticias\\\/\"},{\"@type\":\"ListItem\",\"position\":2,\"name\":\"Supervisan labores de evacuaci\u00f3n en la costa yucateca\"}]},{\"@type\":\"WebSite\",\"@id\":\"https:\\\/\\\/reporteroshoy.mx\\\/noticias\\\/#website\",\"url\":\"https:\\\/\\\/reporteroshoy.mx\\\/noticias\\\/\",\"name\":\"Reporteros Hoy | Noticias de Yucat\u00e1n\",\"description\":\"Peri\u00f3dico digital con noticias diarias desde M\u00e9rida, Yucat\u00e1n para el mundo.\",\"potentialAction\":[{\"@type\":\"SearchAction\",\"target\":{\"@type\":\"EntryPoint\",\"urlTemplate\":\"https:\\\/\\\/reporteroshoy.mx\\\/noticias\\\/?s={search_term_string}\"},\"query-input\":{\"@type\":\"PropertyValueSpecification\",\"valueRequired\":true,\"valueName\":\"search_term_string\"}}],\"inLanguage\":\"es\"},{\"@type\":\"Person\",\"@id\":\"https:\\\/\\\/reporteroshoy.mx\\\/noticias\\\/#\\\/schema\\\/person\\\/948520f0d88b01be2e5266bc4acbbc15\",\"name\":\"Reporteros Hoy IM\",\"image\":{\"@type\":\"ImageObject\",\"inLanguage\":\"es\",\"@id\":\"https:\\\/\\\/secure.gravatar.com\\\/avatar\\\/d843030b96552826ac048bdfe26f2895604b800ed0c880ee55765a74d95dfc65?s=96&d=mm&r=g\",\"url\":\"https:\\\/\\\/secure.gravatar.com\\\/avatar\\\/d843030b96552826ac048bdfe26f2895604b800ed0c880ee55765a74d95dfc65?s=96&d=mm&r=g\",\"contentUrl\":\"https:\\\/\\\/secure.gravatar.com\\\/avatar\\\/d843030b96552826ac048bdfe26f2895604b800ed0c880ee55765a74d95dfc65?s=96&d=mm&r=g\",\"caption\":\"Reporteros Hoy IM\"},\"url\":\"https:\\\/\\\/reporteroshoy.mx\\\/noticias\\\/author\\\/israel\\\/\"}]}<\/script>\n<!-- \/ Yoast SEO plugin. -->","yoast_head_json":{"title":"Supervisan labores de evacuaci\u00f3n en la costa yucateca","description":"El Gobernador, Joaqu\u00edn D\u00edaz Mena, recorri\u00f3 localidades de la costa yucateca para supervisar las labores de evacuaci\u00f3n.","robots":{"index":"index","follow":"follow","max-snippet":"max-snippet:-1","max-image-preview":"max-image-preview:large","max-video-preview":"max-video-preview:-1"},"canonical":"https:\/\/reporteroshoy.mx\/noticias\/supervisan-labores-de-evacuacion-en-la-costa-yucateca\/","og_locale":"es_ES","og_type":"article","og_title":"Supervisan labores de evacuaci\u00f3n en la costa yucateca","og_description":"El Gobernador, Joaqu\u00edn D\u00edaz Mena, recorri\u00f3 localidades de la costa yucateca para supervisar las labores de evacuaci\u00f3n.","og_url":"https:\/\/reporteroshoy.mx\/noticias\/supervisan-labores-de-evacuacion-en-la-costa-yucateca\/","og_site_name":"Reporteros Hoy | Noticias de Yucat\u00e1n","article_publisher":"http:\/\/www.facebook.com\/reporteroshoymx","article_published_time":"2024-10-07T22:23:37+00:00","article_modified_time":"2024-10-08T04:31:52+00:00","og_image":[{"width":768,"height":512,"url":"https:\/\/reporteroshoy.mx\/noticias\/wp-content\/uploads\/2024\/10\/Imagen-de-WhatsApp-2024-10-07-a-las-15.41.08_76c017c2-scaled.jpg","type":"image\/jpeg"}],"author":"Reporteros Hoy IM","twitter_card":"summary_large_image","twitter_creator":"@reporteroshoy","twitter_site":"@reporteroshoy","twitter_misc":{"Escrito por":"Reporteros Hoy IM","Tiempo de lectura":"3 minutos"},"schema":{"@context":"https:\/\/schema.org","@graph":[{"@type":"Article","@id":"https:\/\/reporteroshoy.mx\/noticias\/supervisan-labores-de-evacuacion-en-la-costa-yucateca\/#article","isPartOf":{"@id":"https:\/\/reporteroshoy.mx\/noticias\/supervisan-labores-de-evacuacion-en-la-costa-yucateca\/"},"author":{"name":"Reporteros Hoy IM","@id":"https:\/\/reporteroshoy.mx\/noticias\/#\/schema\/person\/948520f0d88b01be2e5266bc4acbbc15"},"headline":"Supervisan labores de evacuaci\u00f3n en la costa yucateca","datePublished":"2024-10-07T22:23:37+00:00","dateModified":"2024-10-08T04:31:52+00:00","mainEntityOfPage":{"@id":"https:\/\/reporteroshoy.mx\/noticias\/supervisan-labores-de-evacuacion-en-la-costa-yucateca\/"},"wordCount":350,"commentCount":0,"image":{"@id":"https:\/\/reporteroshoy.mx\/noticias\/supervisan-labores-de-evacuacion-en-la-costa-yucateca\/#primaryimage"},"thumbnailUrl":"https:\/\/reporteroshoy.mx\/noticias\/wp-content\/uploads\/2024\/10\/Imagen-de-WhatsApp-2024-10-07-a-las-15.41.08_76c017c2-scaled.jpg","keywords":["costa","Evacuaci\u00f3n","Milton"],"articleSection":["Yucat\u00e1n"],"inLanguage":"es","potentialAction":[{"@type":"CommentAction","name":"Comment","target":["https:\/\/reporteroshoy.mx\/noticias\/supervisan-labores-de-evacuacion-en-la-costa-yucateca\/#respond"]}]},{"@type":"WebPage","@id":"https:\/\/reporteroshoy.mx\/noticias\/supervisan-labores-de-evacuacion-en-la-costa-yucateca\/","url":"https:\/\/reporteroshoy.mx\/noticias\/supervisan-labores-de-evacuacion-en-la-costa-yucateca\/","name":"Supervisan labores de evacuaci\u00f3n en la costa yucateca","isPartOf":{"@id":"https:\/\/reporteroshoy.mx\/noticias\/#website"},"primaryImageOfPage":{"@id":"https:\/\/reporteroshoy.mx\/noticias\/supervisan-labores-de-evacuacion-en-la-costa-yucateca\/#primaryimage"},"image":{"@id":"https:\/\/reporteroshoy.mx\/noticias\/supervisan-labores-de-evacuacion-en-la-costa-yucateca\/#primaryimage"},"thumbnailUrl":"https:\/\/reporteroshoy.mx\/noticias\/wp-content\/uploads\/2024\/10\/Imagen-de-WhatsApp-2024-10-07-a-las-15.41.08_76c017c2-scaled.jpg","datePublished":"2024-10-07T22:23:37+00:00","dateModified":"2024-10-08T04:31:52+00:00","author":{"@id":"https:\/\/reporteroshoy.mx\/noticias\/#\/schema\/person\/948520f0d88b01be2e5266bc4acbbc15"},"description":"El Gobernador, Joaqu\u00edn D\u00edaz Mena, recorri\u00f3 localidades de la costa yucateca para supervisar las labores de evacuaci\u00f3n.","breadcrumb":{"@id":"https:\/\/reporteroshoy.mx\/noticias\/supervisan-labores-de-evacuacion-en-la-costa-yucateca\/#breadcrumb"},"inLanguage":"es","potentialAction":[{"@type":"ReadAction","target":["https:\/\/reporteroshoy.mx\/noticias\/supervisan-labores-de-evacuacion-en-la-costa-yucateca\/"]}]},{"@type":"ImageObject","inLanguage":"es","@id":"https:\/\/reporteroshoy.mx\/noticias\/supervisan-labores-de-evacuacion-en-la-costa-yucateca\/#primaryimage","url":"https:\/\/reporteroshoy.mx\/noticias\/wp-content\/uploads\/2024\/10\/Imagen-de-WhatsApp-2024-10-07-a-las-15.41.08_76c017c2-scaled.jpg","contentUrl":"https:\/\/reporteroshoy.mx\/noticias\/wp-content\/uploads\/2024\/10\/Imagen-de-WhatsApp-2024-10-07-a-las-15.41.08_76c017c2-scaled.jpg","width":768,"height":512},{"@type":"BreadcrumbList","@id":"https:\/\/reporteroshoy.mx\/noticias\/supervisan-labores-de-evacuacion-en-la-costa-yucateca\/#breadcrumb","itemListElement":[{"@type":"ListItem","position":1,"name":"Portada","item":"https:\/\/reporteroshoy.mx\/noticias\/"},{"@type":"ListItem","position":2,"name":"Supervisan labores de evacuaci\u00f3n en la costa yucateca"}]},{"@type":"WebSite","@id":"https:\/\/reporteroshoy.mx\/noticias\/#website","url":"https:\/\/reporteroshoy.mx\/noticias\/","name":"Reporteros Hoy | Noticias de Yucat\u00e1n","description":"Peri\u00f3dico digital con noticias diarias desde M\u00e9rida, Yucat\u00e1n para el mundo.","potentialAction":[{"@type":"SearchAction","target":{"@type":"EntryPoint","urlTemplate":"https:\/\/reporteroshoy.mx\/noticias\/?s={search_term_string}"},"query-input":{"@type":"PropertyValueSpecification","valueRequired":true,"valueName":"search_term_string"}}],"inLanguage":"es"},{"@type":"Person","@id":"https:\/\/reporteroshoy.mx\/noticias\/#\/schema\/person\/948520f0d88b01be2e5266bc4acbbc15","name":"Reporteros Hoy IM","image":{"@type":"ImageObject","inLanguage":"es","@id":"https:\/\/secure.gravatar.com\/avatar\/d843030b96552826ac048bdfe26f2895604b800ed0c880ee55765a74d95dfc65?s=96&d=mm&r=g","url":"https:\/\/secure.gravatar.com\/avatar\/d843030b96552826ac048bdfe26f2895604b800ed0c880ee55765a74d95dfc65?s=96&d=mm&r=g","contentUrl":"https:\/\/secure.gravatar.com\/avatar\/d843030b96552826ac048bdfe26f2895604b800ed0c880ee55765a74d95dfc65?s=96&d=mm&r=g","caption":"Reporteros Hoy IM"},"url":"https:\/\/reporteroshoy.mx\/noticias\/author\/israel\/"}]}},"_links":{"self":[{"href":"https:\/\/reporteroshoy.mx\/noticias\/wp-json\/wp\/v2\/posts\/116616","targetHints":{"allow":["GET"]}}],"collection":[{"href":"https:\/\/reporteroshoy.mx\/noticias\/wp-json\/wp\/v2\/posts"}],"about":[{"href":"https:\/\/reporteroshoy.mx\/noticias\/wp-json\/wp\/v2\/types\/post"}],"author":[{"embeddable":true,"href":"https:\/\/reporteroshoy.mx\/noticias\/wp-json\/wp\/v2\/users\/5"}],"replies":[{"embeddable":true,"href":"https:\/\/reporteroshoy.mx\/noticias\/wp-json\/wp\/v2\/comments?post=116616"}],"version-history":[{"count":0,"href":"https:\/\/reporteroshoy.mx\/noticias\/wp-json\/wp\/v2\/posts\/116616\/revisions"}],"wp:featuredmedia":[{"embeddable":true,"href":"https:\/\/reporteroshoy.mx\/noticias\/wp-json\/wp\/v2\/media\/116618"}],"wp:attachment":[{"href":"https:\/\/reporteroshoy.mx\/noticias\/wp-json\/wp\/v2\/media?parent=116616"}],"wp:term":[{"taxonomy":"category","embeddable":true,"href":"https:\/\/reporteroshoy.mx\/noticias\/wp-json\/wp\/v2\/categories?post=116616"},{"taxonomy":"post_tag","embeddable":true,"href":"https:\/\/reporteroshoy.mx\/noticias\/wp-json\/wp\/v2\/tags?post=116616"}],"curies":[{"name":"wp","href":"https:\/\/api.w.org\/{rel}","templated":true}]}}