{"id":116738,"date":"2024-10-12T20:30:04","date_gmt":"2024-10-13T02:30:04","guid":{"rendered":"https:\/\/reporteroshoy.mx\/noticias\/?p=116738"},"modified":"2024-10-13T15:26:08","modified_gmt":"2024-10-13T21:26:08","slug":"avanza-la-atencion-a-comunidades-afectadas-por-milton","status":"publish","type":"post","link":"https:\/\/reporteroshoy.mx\/noticias\/avanza-la-atencion-a-comunidades-afectadas-por-milton\/","title":{"rendered":"Avanza la atenci\u00f3n a comunidades afectadas por \u201cMilton\u201d"},"content":{"rendered":"<p style=\"text-align: justify;\">El gobernador, <strong><a href=\"https:\/\/www.facebook.com\/huachodiazmena\">Joaqu\u00edn D\u00edaz Mena<\/a><\/strong>, encabez\u00f3 una reuni\u00f3n de trabajo con integrantes de su Gabinete legal y ampliado, para conocer los avances en la atenci\u00f3n a a comunidades afectadas por el paso del Hurac\u00e1n Milton.<\/p>\n<p style=\"text-align: justify;\">En este sentido, se inform\u00f3 que las acciones de fumigaci\u00f3n, reparto de despensas, retiro de basura y escombros, as\u00ed como la limpieza en las colonias m\u00e1s afectadas, avanzan para proporcionar las mejores condiciones posibles a la poblaci\u00f3n tras el paso del meteoro.<\/p>\n<p><img loading=\"lazy\" decoding=\"async\" class=\"alignnone size-full wp-image-116739\" src=\"https:\/\/reporteroshoy.mx\/noticias\/wp-content\/uploads\/2024\/10\/Imagen-de-WhatsApp-2024-10-12-a-las-20.24.56_f8eeb1d4-scaled.jpg\" alt=\"\" width=\"768\" height=\"512\" srcset=\"https:\/\/reporteroshoy.mx\/noticias\/wp-content\/uploads\/2024\/10\/Imagen-de-WhatsApp-2024-10-12-a-las-20.24.56_f8eeb1d4-scaled.jpg 768w, https:\/\/reporteroshoy.mx\/noticias\/wp-content\/uploads\/2024\/10\/Imagen-de-WhatsApp-2024-10-12-a-las-20.24.56_f8eeb1d4-1536x1023.jpg 1536w\" sizes=\"auto, (max-width: 768px) 100vw, 768px\" \/><\/p>\n<p style=\"text-align: justify;\">Con respecto a las tareas preventivas en materia de salud, se inform\u00f3 que, como parte del segundo ciclo de reforzamiento del operativo de fumigaci\u00f3n de la zona costera, se atender\u00e1n distintas zonas de Progreso, Celest\u00fan, Sisal, y Chuburn\u00e1 Puerto.<\/p>\n<p style=\"text-align: justify;\">Asimismo, el s\u00e1bado 19 de octubre se trabajar\u00e1 en Chelem, Yucalpet\u00e9n, Chicxulub, Telchac Puerto, San Crisanto y Chabihau, y el domingo 20 se fumigar\u00e1n las localidades de Santa Clara, Dzilam de Bravo, Flamboyanes y San Ignacio.<\/p>\n<p style=\"text-align: justify;\">Se inform\u00f3 que en los pr\u00f3ximos d\u00edas se continuar\u00e1 con la atenci\u00f3n de distintas zonas de la capital yucateca, as\u00ed como con acciones preventivas contra el dengue, zika y chikungunya en toda la entidad.<\/p>\n<h3><strong>M\u00e1s despensas a comunidades afectadas<\/strong><\/h3>\n<p style=\"text-align: justify;\">El DIF Yucat\u00e1n, con el apoyo de colaboradores y voluntarios, contin\u00faa entregando las m\u00e1s de 28 mil despensas en todos los municipios de la zona costera; en Celest\u00fan, se cuenta con 15 equipos de m\u00e1s de 150 colaboradores que visitan las viviendas de 15 zonas del municipio.<\/p>\n<p style=\"text-align: justify;\">En cuanto a la rehabilitaci\u00f3n de las 35 escuelas afectadas, se anticip\u00f3 que la pr\u00f3xima semana deber\u00e1n reanudar sus labores regularmente.<\/p>\n<p style=\"text-align: justify;\">Con respecto al operativo de limpieza en Celest\u00fan, se inform\u00f3 que las acciones continuar\u00e1n a lo largo de la semana<\/p>\n","protected":false},"excerpt":{"rendered":"<p>El gobernador, Joaqu\u00edn D\u00edaz Mena, recibi\u00f3 el informe de su Gabinete legal y ampliado sobre los avances a comunidades afectadas. <\/p>\n","protected":false},"author":5,"featured_media":116739,"comment_status":"open","ping_status":"closed","sticky":false,"template":"","format":"standard","meta":{"footnotes":""},"categories":[17],"tags":[533,1335,26678],"class_list":["post-116738","post","type-post","status-publish","format-standard","has-post-thumbnail","hentry","category-yucatan","tag-gobierno-de-yucatan","tag-joaquin-diaz-mena","tag-milton"],"yoast_head":"<!-- This site is optimized with the Yoast SEO plugin v28.4 - https:\/\/yoast.com\/product\/yoast-seo-wordpress\/ -->\n<title>Avanza la atenci\u00f3n a comunidades afectadas por \u201cMilton\u201d<\/title>\n<meta name=\"description\" content=\"El gobernador, Joaqu\u00edn D\u00edaz Mena, recibi\u00f3 el informe de su Gabinete legal y ampliado sobre los avances a comunidades afectadas.\" \/>\n<meta name=\"robots\" content=\"index, follow, max-snippet:-1, max-image-preview:large, max-video-preview:-1\" \/>\n<link rel=\"canonical\" href=\"https:\/\/reporteroshoy.mx\/noticias\/avanza-la-atencion-a-comunidades-afectadas-por-milton\/\" \/>\n<meta property=\"og:locale\" content=\"es_ES\" \/>\n<meta property=\"og:type\" content=\"article\" \/>\n<meta property=\"og:title\" content=\"Avanza la atenci\u00f3n a comunidades afectadas por \u201cMilton\u201d\" \/>\n<meta property=\"og:description\" content=\"El gobernador, Joaqu\u00edn D\u00edaz Mena, recibi\u00f3 el informe de su Gabinete legal y ampliado sobre los avances a comunidades afectadas.\" \/>\n<meta property=\"og:url\" content=\"https:\/\/reporteroshoy.mx\/noticias\/avanza-la-atencion-a-comunidades-afectadas-por-milton\/\" \/>\n<meta property=\"og:site_name\" content=\"Reporteros Hoy | Noticias de Yucat\u00e1n\" \/>\n<meta property=\"article:publisher\" content=\"http:\/\/www.facebook.com\/reporteroshoymx\" \/>\n<meta property=\"article:published_time\" content=\"2024-10-13T02:30:04+00:00\" \/>\n<meta property=\"article:modified_time\" content=\"2024-10-13T21:26:08+00:00\" \/>\n<meta property=\"og:image\" content=\"https:\/\/reporteroshoy.mx\/noticias\/wp-content\/uploads\/2024\/10\/Imagen-de-WhatsApp-2024-10-12-a-las-20.24.56_f8eeb1d4-scaled.jpg\" \/>\n\t<meta property=\"og:image:width\" content=\"768\" \/>\n\t<meta property=\"og:image:height\" content=\"512\" \/>\n\t<meta property=\"og:image:type\" content=\"image\/jpeg\" \/>\n<meta name=\"author\" content=\"Reporteros Hoy IM\" \/>\n<meta name=\"twitter:card\" content=\"summary_large_image\" \/>\n<meta name=\"twitter:creator\" content=\"@reporteroshoy\" \/>\n<meta name=\"twitter:site\" content=\"@reporteroshoy\" \/>\n<meta name=\"twitter:label1\" content=\"Escrito por\" \/>\n\t<meta name=\"twitter:data1\" content=\"Reporteros Hoy IM\" \/>\n\t<meta name=\"twitter:label2\" content=\"Tiempo de lectura\" \/>\n\t<meta name=\"twitter:data2\" content=\"2 minutos\" \/>\n<script type=\"application\/ld+json\" class=\"yoast-schema-graph\">{\"@context\":\"https:\\\/\\\/schema.org\",\"@graph\":[{\"@type\":\"Article\",\"@id\":\"https:\\\/\\\/reporteroshoy.mx\\\/noticias\\\/avanza-la-atencion-a-comunidades-afectadas-por-milton\\\/#article\",\"isPartOf\":{\"@id\":\"https:\\\/\\\/reporteroshoy.mx\\\/noticias\\\/avanza-la-atencion-a-comunidades-afectadas-por-milton\\\/\"},\"author\":{\"name\":\"Reporteros Hoy IM\",\"@id\":\"https:\\\/\\\/reporteroshoy.mx\\\/noticias\\\/#\\\/schema\\\/person\\\/948520f0d88b01be2e5266bc4acbbc15\"},\"headline\":\"Avanza la atenci\u00f3n a comunidades afectadas por \u201cMilton\u201d\",\"datePublished\":\"2024-10-13T02:30:04+00:00\",\"dateModified\":\"2024-10-13T21:26:08+00:00\",\"mainEntityOfPage\":{\"@id\":\"https:\\\/\\\/reporteroshoy.mx\\\/noticias\\\/avanza-la-atencion-a-comunidades-afectadas-por-milton\\\/\"},\"wordCount\":309,\"commentCount\":0,\"image\":{\"@id\":\"https:\\\/\\\/reporteroshoy.mx\\\/noticias\\\/avanza-la-atencion-a-comunidades-afectadas-por-milton\\\/#primaryimage\"},\"thumbnailUrl\":\"https:\\\/\\\/reporteroshoy.mx\\\/noticias\\\/wp-content\\\/uploads\\\/2024\\\/10\\\/Imagen-de-WhatsApp-2024-10-12-a-las-20.24.56_f8eeb1d4-scaled.jpg\",\"keywords\":[\"Gobierno de Yucat\u00e1n\",\"Joaqu\u00edn D\u00edaz Mena\",\"Milton\"],\"articleSection\":[\"Yucat\u00e1n\"],\"inLanguage\":\"es\",\"potentialAction\":[{\"@type\":\"CommentAction\",\"name\":\"Comment\",\"target\":[\"https:\\\/\\\/reporteroshoy.mx\\\/noticias\\\/avanza-la-atencion-a-comunidades-afectadas-por-milton\\\/#respond\"]}]},{\"@type\":\"WebPage\",\"@id\":\"https:\\\/\\\/reporteroshoy.mx\\\/noticias\\\/avanza-la-atencion-a-comunidades-afectadas-por-milton\\\/\",\"url\":\"https:\\\/\\\/reporteroshoy.mx\\\/noticias\\\/avanza-la-atencion-a-comunidades-afectadas-por-milton\\\/\",\"name\":\"Avanza la atenci\u00f3n a comunidades afectadas por \u201cMilton\u201d\",\"isPartOf\":{\"@id\":\"https:\\\/\\\/reporteroshoy.mx\\\/noticias\\\/#website\"},\"primaryImageOfPage\":{\"@id\":\"https:\\\/\\\/reporteroshoy.mx\\\/noticias\\\/avanza-la-atencion-a-comunidades-afectadas-por-milton\\\/#primaryimage\"},\"image\":{\"@id\":\"https:\\\/\\\/reporteroshoy.mx\\\/noticias\\\/avanza-la-atencion-a-comunidades-afectadas-por-milton\\\/#primaryimage\"},\"thumbnailUrl\":\"https:\\\/\\\/reporteroshoy.mx\\\/noticias\\\/wp-content\\\/uploads\\\/2024\\\/10\\\/Imagen-de-WhatsApp-2024-10-12-a-las-20.24.56_f8eeb1d4-scaled.jpg\",\"datePublished\":\"2024-10-13T02:30:04+00:00\",\"dateModified\":\"2024-10-13T21:26:08+00:00\",\"author\":{\"@id\":\"https:\\\/\\\/reporteroshoy.mx\\\/noticias\\\/#\\\/schema\\\/person\\\/948520f0d88b01be2e5266bc4acbbc15\"},\"description\":\"El gobernador, Joaqu\u00edn D\u00edaz Mena, recibi\u00f3 el informe de su Gabinete legal y ampliado sobre los avances a comunidades afectadas.\",\"breadcrumb\":{\"@id\":\"https:\\\/\\\/reporteroshoy.mx\\\/noticias\\\/avanza-la-atencion-a-comunidades-afectadas-por-milton\\\/#breadcrumb\"},\"inLanguage\":\"es\",\"potentialAction\":[{\"@type\":\"ReadAction\",\"target\":[\"https:\\\/\\\/reporteroshoy.mx\\\/noticias\\\/avanza-la-atencion-a-comunidades-afectadas-por-milton\\\/\"]}]},{\"@type\":\"ImageObject\",\"inLanguage\":\"es\",\"@id\":\"https:\\\/\\\/reporteroshoy.mx\\\/noticias\\\/avanza-la-atencion-a-comunidades-afectadas-por-milton\\\/#primaryimage\",\"url\":\"https:\\\/\\\/reporteroshoy.mx\\\/noticias\\\/wp-content\\\/uploads\\\/2024\\\/10\\\/Imagen-de-WhatsApp-2024-10-12-a-las-20.24.56_f8eeb1d4-scaled.jpg\",\"contentUrl\":\"https:\\\/\\\/reporteroshoy.mx\\\/noticias\\\/wp-content\\\/uploads\\\/2024\\\/10\\\/Imagen-de-WhatsApp-2024-10-12-a-las-20.24.56_f8eeb1d4-scaled.jpg\",\"width\":768,\"height\":512},{\"@type\":\"BreadcrumbList\",\"@id\":\"https:\\\/\\\/reporteroshoy.mx\\\/noticias\\\/avanza-la-atencion-a-comunidades-afectadas-por-milton\\\/#breadcrumb\",\"itemListElement\":[{\"@type\":\"ListItem\",\"position\":1,\"name\":\"Portada\",\"item\":\"https:\\\/\\\/reporteroshoy.mx\\\/noticias\\\/\"},{\"@type\":\"ListItem\",\"position\":2,\"name\":\"Avanza la atenci\u00f3n a comunidades afectadas por \u201cMilton\u201d\"}]},{\"@type\":\"WebSite\",\"@id\":\"https:\\\/\\\/reporteroshoy.mx\\\/noticias\\\/#website\",\"url\":\"https:\\\/\\\/reporteroshoy.mx\\\/noticias\\\/\",\"name\":\"Reporteros Hoy | Noticias de Yucat\u00e1n\",\"description\":\"Peri\u00f3dico digital con noticias diarias desde M\u00e9rida, Yucat\u00e1n para el mundo.\",\"potentialAction\":[{\"@type\":\"SearchAction\",\"target\":{\"@type\":\"EntryPoint\",\"urlTemplate\":\"https:\\\/\\\/reporteroshoy.mx\\\/noticias\\\/?s={search_term_string}\"},\"query-input\":{\"@type\":\"PropertyValueSpecification\",\"valueRequired\":true,\"valueName\":\"search_term_string\"}}],\"inLanguage\":\"es\"},{\"@type\":\"Person\",\"@id\":\"https:\\\/\\\/reporteroshoy.mx\\\/noticias\\\/#\\\/schema\\\/person\\\/948520f0d88b01be2e5266bc4acbbc15\",\"name\":\"Reporteros Hoy IM\",\"image\":{\"@type\":\"ImageObject\",\"inLanguage\":\"es\",\"@id\":\"https:\\\/\\\/secure.gravatar.com\\\/avatar\\\/d843030b96552826ac048bdfe26f2895604b800ed0c880ee55765a74d95dfc65?s=96&d=mm&r=g\",\"url\":\"https:\\\/\\\/secure.gravatar.com\\\/avatar\\\/d843030b96552826ac048bdfe26f2895604b800ed0c880ee55765a74d95dfc65?s=96&d=mm&r=g\",\"contentUrl\":\"https:\\\/\\\/secure.gravatar.com\\\/avatar\\\/d843030b96552826ac048bdfe26f2895604b800ed0c880ee55765a74d95dfc65?s=96&d=mm&r=g\",\"caption\":\"Reporteros Hoy IM\"},\"url\":\"https:\\\/\\\/reporteroshoy.mx\\\/noticias\\\/author\\\/israel\\\/\"}]}<\/script>\n<!-- \/ Yoast SEO plugin. -->","yoast_head_json":{"title":"Avanza la atenci\u00f3n a comunidades afectadas por \u201cMilton\u201d","description":"El gobernador, Joaqu\u00edn D\u00edaz Mena, recibi\u00f3 el informe de su Gabinete legal y ampliado sobre los avances a comunidades afectadas.","robots":{"index":"index","follow":"follow","max-snippet":"max-snippet:-1","max-image-preview":"max-image-preview:large","max-video-preview":"max-video-preview:-1"},"canonical":"https:\/\/reporteroshoy.mx\/noticias\/avanza-la-atencion-a-comunidades-afectadas-por-milton\/","og_locale":"es_ES","og_type":"article","og_title":"Avanza la atenci\u00f3n a comunidades afectadas por \u201cMilton\u201d","og_description":"El gobernador, Joaqu\u00edn D\u00edaz Mena, recibi\u00f3 el informe de su Gabinete legal y ampliado sobre los avances a comunidades afectadas.","og_url":"https:\/\/reporteroshoy.mx\/noticias\/avanza-la-atencion-a-comunidades-afectadas-por-milton\/","og_site_name":"Reporteros Hoy | Noticias de Yucat\u00e1n","article_publisher":"http:\/\/www.facebook.com\/reporteroshoymx","article_published_time":"2024-10-13T02:30:04+00:00","article_modified_time":"2024-10-13T21:26:08+00:00","og_image":[{"width":768,"height":512,"url":"https:\/\/reporteroshoy.mx\/noticias\/wp-content\/uploads\/2024\/10\/Imagen-de-WhatsApp-2024-10-12-a-las-20.24.56_f8eeb1d4-scaled.jpg","type":"image\/jpeg"}],"author":"Reporteros Hoy IM","twitter_card":"summary_large_image","twitter_creator":"@reporteroshoy","twitter_site":"@reporteroshoy","twitter_misc":{"Escrito por":"Reporteros Hoy IM","Tiempo de lectura":"2 minutos"},"schema":{"@context":"https:\/\/schema.org","@graph":[{"@type":"Article","@id":"https:\/\/reporteroshoy.mx\/noticias\/avanza-la-atencion-a-comunidades-afectadas-por-milton\/#article","isPartOf":{"@id":"https:\/\/reporteroshoy.mx\/noticias\/avanza-la-atencion-a-comunidades-afectadas-por-milton\/"},"author":{"name":"Reporteros Hoy IM","@id":"https:\/\/reporteroshoy.mx\/noticias\/#\/schema\/person\/948520f0d88b01be2e5266bc4acbbc15"},"headline":"Avanza la atenci\u00f3n a comunidades afectadas por \u201cMilton\u201d","datePublished":"2024-10-13T02:30:04+00:00","dateModified":"2024-10-13T21:26:08+00:00","mainEntityOfPage":{"@id":"https:\/\/reporteroshoy.mx\/noticias\/avanza-la-atencion-a-comunidades-afectadas-por-milton\/"},"wordCount":309,"commentCount":0,"image":{"@id":"https:\/\/reporteroshoy.mx\/noticias\/avanza-la-atencion-a-comunidades-afectadas-por-milton\/#primaryimage"},"thumbnailUrl":"https:\/\/reporteroshoy.mx\/noticias\/wp-content\/uploads\/2024\/10\/Imagen-de-WhatsApp-2024-10-12-a-las-20.24.56_f8eeb1d4-scaled.jpg","keywords":["Gobierno de Yucat\u00e1n","Joaqu\u00edn D\u00edaz Mena","Milton"],"articleSection":["Yucat\u00e1n"],"inLanguage":"es","potentialAction":[{"@type":"CommentAction","name":"Comment","target":["https:\/\/reporteroshoy.mx\/noticias\/avanza-la-atencion-a-comunidades-afectadas-por-milton\/#respond"]}]},{"@type":"WebPage","@id":"https:\/\/reporteroshoy.mx\/noticias\/avanza-la-atencion-a-comunidades-afectadas-por-milton\/","url":"https:\/\/reporteroshoy.mx\/noticias\/avanza-la-atencion-a-comunidades-afectadas-por-milton\/","name":"Avanza la atenci\u00f3n a comunidades afectadas por \u201cMilton\u201d","isPartOf":{"@id":"https:\/\/reporteroshoy.mx\/noticias\/#website"},"primaryImageOfPage":{"@id":"https:\/\/reporteroshoy.mx\/noticias\/avanza-la-atencion-a-comunidades-afectadas-por-milton\/#primaryimage"},"image":{"@id":"https:\/\/reporteroshoy.mx\/noticias\/avanza-la-atencion-a-comunidades-afectadas-por-milton\/#primaryimage"},"thumbnailUrl":"https:\/\/reporteroshoy.mx\/noticias\/wp-content\/uploads\/2024\/10\/Imagen-de-WhatsApp-2024-10-12-a-las-20.24.56_f8eeb1d4-scaled.jpg","datePublished":"2024-10-13T02:30:04+00:00","dateModified":"2024-10-13T21:26:08+00:00","author":{"@id":"https:\/\/reporteroshoy.mx\/noticias\/#\/schema\/person\/948520f0d88b01be2e5266bc4acbbc15"},"description":"El gobernador, Joaqu\u00edn D\u00edaz Mena, recibi\u00f3 el informe de su Gabinete legal y ampliado sobre los avances a comunidades afectadas.","breadcrumb":{"@id":"https:\/\/reporteroshoy.mx\/noticias\/avanza-la-atencion-a-comunidades-afectadas-por-milton\/#breadcrumb"},"inLanguage":"es","potentialAction":[{"@type":"ReadAction","target":["https:\/\/reporteroshoy.mx\/noticias\/avanza-la-atencion-a-comunidades-afectadas-por-milton\/"]}]},{"@type":"ImageObject","inLanguage":"es","@id":"https:\/\/reporteroshoy.mx\/noticias\/avanza-la-atencion-a-comunidades-afectadas-por-milton\/#primaryimage","url":"https:\/\/reporteroshoy.mx\/noticias\/wp-content\/uploads\/2024\/10\/Imagen-de-WhatsApp-2024-10-12-a-las-20.24.56_f8eeb1d4-scaled.jpg","contentUrl":"https:\/\/reporteroshoy.mx\/noticias\/wp-content\/uploads\/2024\/10\/Imagen-de-WhatsApp-2024-10-12-a-las-20.24.56_f8eeb1d4-scaled.jpg","width":768,"height":512},{"@type":"BreadcrumbList","@id":"https:\/\/reporteroshoy.mx\/noticias\/avanza-la-atencion-a-comunidades-afectadas-por-milton\/#breadcrumb","itemListElement":[{"@type":"ListItem","position":1,"name":"Portada","item":"https:\/\/reporteroshoy.mx\/noticias\/"},{"@type":"ListItem","position":2,"name":"Avanza la atenci\u00f3n a comunidades afectadas por \u201cMilton\u201d"}]},{"@type":"WebSite","@id":"https:\/\/reporteroshoy.mx\/noticias\/#website","url":"https:\/\/reporteroshoy.mx\/noticias\/","name":"Reporteros Hoy | Noticias de Yucat\u00e1n","description":"Peri\u00f3dico digital con noticias diarias desde M\u00e9rida, Yucat\u00e1n para el mundo.","potentialAction":[{"@type":"SearchAction","target":{"@type":"EntryPoint","urlTemplate":"https:\/\/reporteroshoy.mx\/noticias\/?s={search_term_string}"},"query-input":{"@type":"PropertyValueSpecification","valueRequired":true,"valueName":"search_term_string"}}],"inLanguage":"es"},{"@type":"Person","@id":"https:\/\/reporteroshoy.mx\/noticias\/#\/schema\/person\/948520f0d88b01be2e5266bc4acbbc15","name":"Reporteros Hoy IM","image":{"@type":"ImageObject","inLanguage":"es","@id":"https:\/\/secure.gravatar.com\/avatar\/d843030b96552826ac048bdfe26f2895604b800ed0c880ee55765a74d95dfc65?s=96&d=mm&r=g","url":"https:\/\/secure.gravatar.com\/avatar\/d843030b96552826ac048bdfe26f2895604b800ed0c880ee55765a74d95dfc65?s=96&d=mm&r=g","contentUrl":"https:\/\/secure.gravatar.com\/avatar\/d843030b96552826ac048bdfe26f2895604b800ed0c880ee55765a74d95dfc65?s=96&d=mm&r=g","caption":"Reporteros Hoy IM"},"url":"https:\/\/reporteroshoy.mx\/noticias\/author\/israel\/"}]}},"_links":{"self":[{"href":"https:\/\/reporteroshoy.mx\/noticias\/wp-json\/wp\/v2\/posts\/116738","targetHints":{"allow":["GET"]}}],"collection":[{"href":"https:\/\/reporteroshoy.mx\/noticias\/wp-json\/wp\/v2\/posts"}],"about":[{"href":"https:\/\/reporteroshoy.mx\/noticias\/wp-json\/wp\/v2\/types\/post"}],"author":[{"embeddable":true,"href":"https:\/\/reporteroshoy.mx\/noticias\/wp-json\/wp\/v2\/users\/5"}],"replies":[{"embeddable":true,"href":"https:\/\/reporteroshoy.mx\/noticias\/wp-json\/wp\/v2\/comments?post=116738"}],"version-history":[{"count":0,"href":"https:\/\/reporteroshoy.mx\/noticias\/wp-json\/wp\/v2\/posts\/116738\/revisions"}],"wp:featuredmedia":[{"embeddable":true,"href":"https:\/\/reporteroshoy.mx\/noticias\/wp-json\/wp\/v2\/media\/116739"}],"wp:attachment":[{"href":"https:\/\/reporteroshoy.mx\/noticias\/wp-json\/wp\/v2\/media?parent=116738"}],"wp:term":[{"taxonomy":"category","embeddable":true,"href":"https:\/\/reporteroshoy.mx\/noticias\/wp-json\/wp\/v2\/categories?post=116738"},{"taxonomy":"post_tag","embeddable":true,"href":"https:\/\/reporteroshoy.mx\/noticias\/wp-json\/wp\/v2\/tags?post=116738"}],"curies":[{"name":"wp","href":"https:\/\/api.w.org\/{rel}","templated":true}]}}