{"id":116766,"date":"2024-10-15T07:25:03","date_gmt":"2024-10-15T13:25:03","guid":{"rendered":"https:\/\/reporteroshoy.mx\/noticias\/?p=116766"},"modified":"2024-10-15T07:25:03","modified_gmt":"2024-10-15T13:25:03","slug":"tekanto-realizo-la-peticion-del-santo-cristo-de-la-exaltacion","status":"publish","type":"post","link":"https:\/\/reporteroshoy.mx\/noticias\/tekanto-realizo-la-peticion-del-santo-cristo-de-la-exaltacion\/","title":{"rendered":"Tekant\u00f3 realiz\u00f3 la petici\u00f3n del Santo Cristo de la Exaltaci\u00f3n"},"content":{"rendered":"<p style=\"text-align: justify;\">La comunidad cat\u00f3lica del municipio de Tekant\u00f3 realiz\u00f3 la petici\u00f3n formal de la venerada imagen del Santo Cristo de la Exaltaci\u00f3n para que acuda en peregrinaci\u00f3n el pr\u00f3ximo 15 de noviembre del a\u00f1o en curso.<\/p>\n<p style=\"text-align: justify;\">En la reuni\u00f3n efectuada en la iglesia cat\u00f3lica de la comisar\u00eda de Citilcum, se acordaron varios puntos con relaci\u00f3n al traslado de la sagrada imagen hacia Tekant\u00f3, el pr\u00f3ximo 15 de noviembre.<\/p>\n<p><img loading=\"lazy\" decoding=\"async\" class=\"alignnone size-full wp-image-116768\" src=\"https:\/\/reporteroshoy.mx\/noticias\/wp-content\/uploads\/2024\/10\/IMG-20241013-WA0019-scaled.jpg\" alt=\"\" width=\"768\" height=\"346\" srcset=\"https:\/\/reporteroshoy.mx\/noticias\/wp-content\/uploads\/2024\/10\/IMG-20241013-WA0019-scaled.jpg 768w, https:\/\/reporteroshoy.mx\/noticias\/wp-content\/uploads\/2024\/10\/IMG-20241013-WA0019-1536x691.jpg 1536w\" sizes=\"auto, (max-width: 768px) 100vw, 768px\" \/><\/p>\n<p style=\"text-align: justify;\">El templo religioso registr\u00f3 un lleno total con feligreses de ambos municipios.<\/p>\n<p style=\"text-align: justify;\">Atestiguaron el acto de la petici\u00f3n, la presidenta municipal Flory Cen Balam y el p\u00e1rroco Cristhian Andrade Guti\u00e9rrez.<\/p>\n<p><img loading=\"lazy\" decoding=\"async\" class=\"alignnone size-full wp-image-116769\" src=\"https:\/\/reporteroshoy.mx\/noticias\/wp-content\/uploads\/2024\/10\/IMG-20241013-WA00211-scaled.jpg\" alt=\"\" width=\"768\" height=\"346\" srcset=\"https:\/\/reporteroshoy.mx\/noticias\/wp-content\/uploads\/2024\/10\/IMG-20241013-WA00211-scaled.jpg 768w, https:\/\/reporteroshoy.mx\/noticias\/wp-content\/uploads\/2024\/10\/IMG-20241013-WA00211-1536x691.jpg 1536w\" sizes=\"auto, (max-width: 768px) 100vw, 768px\" \/><\/p>\n<p style=\"text-align: justify;\">Como es costumbre y tradici\u00f3n de muchos a\u00f1os atr\u00e1s, durante la estancia de la efigie sagrada, se realizar\u00e1n diferentes y actividades.<\/p>\n<p style=\"text-align: justify;\">Entre ellas: entrada y salida de gremios, misas, visita en los sectores, procesi\u00f3n y en la parte social, bailes populares y corridas de toros.<\/p>\n<p><img loading=\"lazy\" decoding=\"async\" class=\"alignnone size-full wp-image-116767\" src=\"https:\/\/reporteroshoy.mx\/noticias\/wp-content\/uploads\/2024\/10\/IMG-20241013-WA0015-scaled.jpg\" alt=\"\" width=\"768\" height=\"346\" srcset=\"https:\/\/reporteroshoy.mx\/noticias\/wp-content\/uploads\/2024\/10\/IMG-20241013-WA0015-scaled.jpg 768w, https:\/\/reporteroshoy.mx\/noticias\/wp-content\/uploads\/2024\/10\/IMG-20241013-WA0015-1536x691.jpg 1536w\" sizes=\"auto, (max-width: 768px) 100vw, 768px\" \/><\/p>\n<p style=\"text-align: justify;\">Durante la petici\u00f3n, se realiz\u00f3 la firma de actas y responsabilidad por parte de la presidenta municipal, Flory Cen Balam; el presb\u00edtero, Cristhian Adri\u00e1n Andrade Guti\u00e9rrez; comisarios, y custodios del santo de ambas comunidades.<\/p>\n<p><strong>Te puede interesar: <\/strong><strong><a href=\"https:\/\/reporteroshoy.mx\/noticias\/homun-lanza-festival-artistico-para-restaurar-convento\/\">Hom\u00fan lanza festival art\u00edstico para restaurar convento<\/a><\/strong><\/p>\n<p style=\"text-align: justify;\">Por su parte, el sacerdote destac\u00f3 que como comunidad cat\u00f3lica \u201cdebemos abrir siempre el coraz\u00f3n para recibir a Dios nuestro se\u00f1or\u201d.<\/p>\n<p style=\"text-align: justify;\">De esta manera, se formaliz\u00f3 la petici\u00f3n de la venerada imagen del Santo Cristo de la Exaltaci\u00f3n.<\/p>\n","protected":false},"excerpt":{"rendered":"<p>La comunidad cat\u00f3lica realiz\u00f3 la petici\u00f3n formal de la venerada imagen del Santo Cristo de la Exaltaci\u00f3n para el 15 de noviembre. <\/p>\n","protected":false},"author":5,"featured_media":116768,"comment_status":"open","ping_status":"closed","sticky":false,"template":"","format":"standard","meta":{"footnotes":""},"categories":[17],"tags":[7128,239,1212],"class_list":["post-116766","post","type-post","status-publish","format-standard","has-post-thumbnail","hentry","category-yucatan","tag-cristo-de-la-exaltacion","tag-izamal","tag-tekanto"],"yoast_head":"<!-- This site is optimized with the Yoast SEO plugin v28.4 - https:\/\/yoast.com\/product\/yoast-seo-wordpress\/ -->\n<title>Tekant\u00f3 realiz\u00f3 la petici\u00f3n del Santo Cristo de la Exaltaci\u00f3n<\/title>\n<meta name=\"description\" content=\"La comunidad cat\u00f3lica realiz\u00f3 la petici\u00f3n formal de la venerada imagen del Santo Cristo de la Exaltaci\u00f3n para el 15 de noviembre.\" \/>\n<meta name=\"robots\" content=\"index, follow, max-snippet:-1, max-image-preview:large, max-video-preview:-1\" \/>\n<link rel=\"canonical\" href=\"https:\/\/reporteroshoy.mx\/noticias\/tekanto-realizo-la-peticion-del-santo-cristo-de-la-exaltacion\/\" \/>\n<meta property=\"og:locale\" content=\"es_ES\" \/>\n<meta property=\"og:type\" content=\"article\" \/>\n<meta property=\"og:title\" content=\"Tekant\u00f3 realiz\u00f3 la petici\u00f3n del Santo Cristo de la Exaltaci\u00f3n\" \/>\n<meta property=\"og:description\" content=\"La comunidad cat\u00f3lica realiz\u00f3 la petici\u00f3n formal de la venerada imagen del Santo Cristo de la Exaltaci\u00f3n para el 15 de noviembre.\" \/>\n<meta property=\"og:url\" content=\"https:\/\/reporteroshoy.mx\/noticias\/tekanto-realizo-la-peticion-del-santo-cristo-de-la-exaltacion\/\" \/>\n<meta property=\"og:site_name\" content=\"Reporteros Hoy | Noticias de Yucat\u00e1n\" \/>\n<meta property=\"article:publisher\" content=\"http:\/\/www.facebook.com\/reporteroshoymx\" \/>\n<meta property=\"article:published_time\" content=\"2024-10-15T13:25:03+00:00\" \/>\n<meta property=\"og:image\" content=\"https:\/\/reporteroshoy.mx\/noticias\/wp-content\/uploads\/2024\/10\/IMG-20241013-WA0019-scaled.jpg\" \/>\n\t<meta property=\"og:image:width\" content=\"768\" \/>\n\t<meta property=\"og:image:height\" content=\"346\" \/>\n\t<meta property=\"og:image:type\" content=\"image\/jpeg\" \/>\n<meta name=\"author\" content=\"Reporteros Hoy IM\" \/>\n<meta name=\"twitter:card\" content=\"summary_large_image\" \/>\n<meta name=\"twitter:creator\" content=\"@reporteroshoy\" \/>\n<meta name=\"twitter:site\" content=\"@reporteroshoy\" \/>\n<meta name=\"twitter:label1\" content=\"Escrito por\" \/>\n\t<meta name=\"twitter:data1\" content=\"Reporteros Hoy IM\" \/>\n\t<meta name=\"twitter:label2\" content=\"Tiempo de lectura\" \/>\n\t<meta name=\"twitter:data2\" content=\"2 minutos\" \/>\n<script type=\"application\/ld+json\" class=\"yoast-schema-graph\">{\"@context\":\"https:\\\/\\\/schema.org\",\"@graph\":[{\"@type\":\"Article\",\"@id\":\"https:\\\/\\\/reporteroshoy.mx\\\/noticias\\\/tekanto-realizo-la-peticion-del-santo-cristo-de-la-exaltacion\\\/#article\",\"isPartOf\":{\"@id\":\"https:\\\/\\\/reporteroshoy.mx\\\/noticias\\\/tekanto-realizo-la-peticion-del-santo-cristo-de-la-exaltacion\\\/\"},\"author\":{\"name\":\"Reporteros Hoy IM\",\"@id\":\"https:\\\/\\\/reporteroshoy.mx\\\/noticias\\\/#\\\/schema\\\/person\\\/948520f0d88b01be2e5266bc4acbbc15\"},\"headline\":\"Tekant\u00f3 realiz\u00f3 la petici\u00f3n del Santo Cristo de la Exaltaci\u00f3n\",\"datePublished\":\"2024-10-15T13:25:03+00:00\",\"mainEntityOfPage\":{\"@id\":\"https:\\\/\\\/reporteroshoy.mx\\\/noticias\\\/tekanto-realizo-la-peticion-del-santo-cristo-de-la-exaltacion\\\/\"},\"wordCount\":264,\"commentCount\":0,\"image\":{\"@id\":\"https:\\\/\\\/reporteroshoy.mx\\\/noticias\\\/tekanto-realizo-la-peticion-del-santo-cristo-de-la-exaltacion\\\/#primaryimage\"},\"thumbnailUrl\":\"https:\\\/\\\/reporteroshoy.mx\\\/noticias\\\/wp-content\\\/uploads\\\/2024\\\/10\\\/IMG-20241013-WA0019-scaled.jpg\",\"keywords\":[\"Cristo de la Exaltaci\u00f3n\",\"izamal\",\"Tekant\u00f3\"],\"articleSection\":[\"Yucat\u00e1n\"],\"inLanguage\":\"es\",\"potentialAction\":[{\"@type\":\"CommentAction\",\"name\":\"Comment\",\"target\":[\"https:\\\/\\\/reporteroshoy.mx\\\/noticias\\\/tekanto-realizo-la-peticion-del-santo-cristo-de-la-exaltacion\\\/#respond\"]}]},{\"@type\":\"WebPage\",\"@id\":\"https:\\\/\\\/reporteroshoy.mx\\\/noticias\\\/tekanto-realizo-la-peticion-del-santo-cristo-de-la-exaltacion\\\/\",\"url\":\"https:\\\/\\\/reporteroshoy.mx\\\/noticias\\\/tekanto-realizo-la-peticion-del-santo-cristo-de-la-exaltacion\\\/\",\"name\":\"Tekant\u00f3 realiz\u00f3 la petici\u00f3n del Santo Cristo de la Exaltaci\u00f3n\",\"isPartOf\":{\"@id\":\"https:\\\/\\\/reporteroshoy.mx\\\/noticias\\\/#website\"},\"primaryImageOfPage\":{\"@id\":\"https:\\\/\\\/reporteroshoy.mx\\\/noticias\\\/tekanto-realizo-la-peticion-del-santo-cristo-de-la-exaltacion\\\/#primaryimage\"},\"image\":{\"@id\":\"https:\\\/\\\/reporteroshoy.mx\\\/noticias\\\/tekanto-realizo-la-peticion-del-santo-cristo-de-la-exaltacion\\\/#primaryimage\"},\"thumbnailUrl\":\"https:\\\/\\\/reporteroshoy.mx\\\/noticias\\\/wp-content\\\/uploads\\\/2024\\\/10\\\/IMG-20241013-WA0019-scaled.jpg\",\"datePublished\":\"2024-10-15T13:25:03+00:00\",\"author\":{\"@id\":\"https:\\\/\\\/reporteroshoy.mx\\\/noticias\\\/#\\\/schema\\\/person\\\/948520f0d88b01be2e5266bc4acbbc15\"},\"description\":\"La comunidad cat\u00f3lica realiz\u00f3 la petici\u00f3n formal de la venerada imagen del Santo Cristo de la Exaltaci\u00f3n para el 15 de noviembre.\",\"breadcrumb\":{\"@id\":\"https:\\\/\\\/reporteroshoy.mx\\\/noticias\\\/tekanto-realizo-la-peticion-del-santo-cristo-de-la-exaltacion\\\/#breadcrumb\"},\"inLanguage\":\"es\",\"potentialAction\":[{\"@type\":\"ReadAction\",\"target\":[\"https:\\\/\\\/reporteroshoy.mx\\\/noticias\\\/tekanto-realizo-la-peticion-del-santo-cristo-de-la-exaltacion\\\/\"]}]},{\"@type\":\"ImageObject\",\"inLanguage\":\"es\",\"@id\":\"https:\\\/\\\/reporteroshoy.mx\\\/noticias\\\/tekanto-realizo-la-peticion-del-santo-cristo-de-la-exaltacion\\\/#primaryimage\",\"url\":\"https:\\\/\\\/reporteroshoy.mx\\\/noticias\\\/wp-content\\\/uploads\\\/2024\\\/10\\\/IMG-20241013-WA0019-scaled.jpg\",\"contentUrl\":\"https:\\\/\\\/reporteroshoy.mx\\\/noticias\\\/wp-content\\\/uploads\\\/2024\\\/10\\\/IMG-20241013-WA0019-scaled.jpg\",\"width\":768,\"height\":346},{\"@type\":\"BreadcrumbList\",\"@id\":\"https:\\\/\\\/reporteroshoy.mx\\\/noticias\\\/tekanto-realizo-la-peticion-del-santo-cristo-de-la-exaltacion\\\/#breadcrumb\",\"itemListElement\":[{\"@type\":\"ListItem\",\"position\":1,\"name\":\"Portada\",\"item\":\"https:\\\/\\\/reporteroshoy.mx\\\/noticias\\\/\"},{\"@type\":\"ListItem\",\"position\":2,\"name\":\"Tekant\u00f3 realiz\u00f3 la petici\u00f3n del Santo Cristo de la Exaltaci\u00f3n\"}]},{\"@type\":\"WebSite\",\"@id\":\"https:\\\/\\\/reporteroshoy.mx\\\/noticias\\\/#website\",\"url\":\"https:\\\/\\\/reporteroshoy.mx\\\/noticias\\\/\",\"name\":\"Reporteros Hoy | Noticias de Yucat\u00e1n\",\"description\":\"Peri\u00f3dico digital con noticias diarias desde M\u00e9rida, Yucat\u00e1n para el mundo.\",\"potentialAction\":[{\"@type\":\"SearchAction\",\"target\":{\"@type\":\"EntryPoint\",\"urlTemplate\":\"https:\\\/\\\/reporteroshoy.mx\\\/noticias\\\/?s={search_term_string}\"},\"query-input\":{\"@type\":\"PropertyValueSpecification\",\"valueRequired\":true,\"valueName\":\"search_term_string\"}}],\"inLanguage\":\"es\"},{\"@type\":\"Person\",\"@id\":\"https:\\\/\\\/reporteroshoy.mx\\\/noticias\\\/#\\\/schema\\\/person\\\/948520f0d88b01be2e5266bc4acbbc15\",\"name\":\"Reporteros Hoy IM\",\"image\":{\"@type\":\"ImageObject\",\"inLanguage\":\"es\",\"@id\":\"https:\\\/\\\/secure.gravatar.com\\\/avatar\\\/d843030b96552826ac048bdfe26f2895604b800ed0c880ee55765a74d95dfc65?s=96&d=mm&r=g\",\"url\":\"https:\\\/\\\/secure.gravatar.com\\\/avatar\\\/d843030b96552826ac048bdfe26f2895604b800ed0c880ee55765a74d95dfc65?s=96&d=mm&r=g\",\"contentUrl\":\"https:\\\/\\\/secure.gravatar.com\\\/avatar\\\/d843030b96552826ac048bdfe26f2895604b800ed0c880ee55765a74d95dfc65?s=96&d=mm&r=g\",\"caption\":\"Reporteros Hoy IM\"},\"url\":\"https:\\\/\\\/reporteroshoy.mx\\\/noticias\\\/author\\\/israel\\\/\"}]}<\/script>\n<!-- \/ Yoast SEO plugin. -->","yoast_head_json":{"title":"Tekant\u00f3 realiz\u00f3 la petici\u00f3n del Santo Cristo de la Exaltaci\u00f3n","description":"La comunidad cat\u00f3lica realiz\u00f3 la petici\u00f3n formal de la venerada imagen del Santo Cristo de la Exaltaci\u00f3n para el 15 de noviembre.","robots":{"index":"index","follow":"follow","max-snippet":"max-snippet:-1","max-image-preview":"max-image-preview:large","max-video-preview":"max-video-preview:-1"},"canonical":"https:\/\/reporteroshoy.mx\/noticias\/tekanto-realizo-la-peticion-del-santo-cristo-de-la-exaltacion\/","og_locale":"es_ES","og_type":"article","og_title":"Tekant\u00f3 realiz\u00f3 la petici\u00f3n del Santo Cristo de la Exaltaci\u00f3n","og_description":"La comunidad cat\u00f3lica realiz\u00f3 la petici\u00f3n formal de la venerada imagen del Santo Cristo de la Exaltaci\u00f3n para el 15 de noviembre.","og_url":"https:\/\/reporteroshoy.mx\/noticias\/tekanto-realizo-la-peticion-del-santo-cristo-de-la-exaltacion\/","og_site_name":"Reporteros Hoy | Noticias de Yucat\u00e1n","article_publisher":"http:\/\/www.facebook.com\/reporteroshoymx","article_published_time":"2024-10-15T13:25:03+00:00","og_image":[{"width":768,"height":346,"url":"https:\/\/reporteroshoy.mx\/noticias\/wp-content\/uploads\/2024\/10\/IMG-20241013-WA0019-scaled.jpg","type":"image\/jpeg"}],"author":"Reporteros Hoy IM","twitter_card":"summary_large_image","twitter_creator":"@reporteroshoy","twitter_site":"@reporteroshoy","twitter_misc":{"Escrito por":"Reporteros Hoy IM","Tiempo de lectura":"2 minutos"},"schema":{"@context":"https:\/\/schema.org","@graph":[{"@type":"Article","@id":"https:\/\/reporteroshoy.mx\/noticias\/tekanto-realizo-la-peticion-del-santo-cristo-de-la-exaltacion\/#article","isPartOf":{"@id":"https:\/\/reporteroshoy.mx\/noticias\/tekanto-realizo-la-peticion-del-santo-cristo-de-la-exaltacion\/"},"author":{"name":"Reporteros Hoy IM","@id":"https:\/\/reporteroshoy.mx\/noticias\/#\/schema\/person\/948520f0d88b01be2e5266bc4acbbc15"},"headline":"Tekant\u00f3 realiz\u00f3 la petici\u00f3n del Santo Cristo de la Exaltaci\u00f3n","datePublished":"2024-10-15T13:25:03+00:00","mainEntityOfPage":{"@id":"https:\/\/reporteroshoy.mx\/noticias\/tekanto-realizo-la-peticion-del-santo-cristo-de-la-exaltacion\/"},"wordCount":264,"commentCount":0,"image":{"@id":"https:\/\/reporteroshoy.mx\/noticias\/tekanto-realizo-la-peticion-del-santo-cristo-de-la-exaltacion\/#primaryimage"},"thumbnailUrl":"https:\/\/reporteroshoy.mx\/noticias\/wp-content\/uploads\/2024\/10\/IMG-20241013-WA0019-scaled.jpg","keywords":["Cristo de la Exaltaci\u00f3n","izamal","Tekant\u00f3"],"articleSection":["Yucat\u00e1n"],"inLanguage":"es","potentialAction":[{"@type":"CommentAction","name":"Comment","target":["https:\/\/reporteroshoy.mx\/noticias\/tekanto-realizo-la-peticion-del-santo-cristo-de-la-exaltacion\/#respond"]}]},{"@type":"WebPage","@id":"https:\/\/reporteroshoy.mx\/noticias\/tekanto-realizo-la-peticion-del-santo-cristo-de-la-exaltacion\/","url":"https:\/\/reporteroshoy.mx\/noticias\/tekanto-realizo-la-peticion-del-santo-cristo-de-la-exaltacion\/","name":"Tekant\u00f3 realiz\u00f3 la petici\u00f3n del Santo Cristo de la Exaltaci\u00f3n","isPartOf":{"@id":"https:\/\/reporteroshoy.mx\/noticias\/#website"},"primaryImageOfPage":{"@id":"https:\/\/reporteroshoy.mx\/noticias\/tekanto-realizo-la-peticion-del-santo-cristo-de-la-exaltacion\/#primaryimage"},"image":{"@id":"https:\/\/reporteroshoy.mx\/noticias\/tekanto-realizo-la-peticion-del-santo-cristo-de-la-exaltacion\/#primaryimage"},"thumbnailUrl":"https:\/\/reporteroshoy.mx\/noticias\/wp-content\/uploads\/2024\/10\/IMG-20241013-WA0019-scaled.jpg","datePublished":"2024-10-15T13:25:03+00:00","author":{"@id":"https:\/\/reporteroshoy.mx\/noticias\/#\/schema\/person\/948520f0d88b01be2e5266bc4acbbc15"},"description":"La comunidad cat\u00f3lica realiz\u00f3 la petici\u00f3n formal de la venerada imagen del Santo Cristo de la Exaltaci\u00f3n para el 15 de noviembre.","breadcrumb":{"@id":"https:\/\/reporteroshoy.mx\/noticias\/tekanto-realizo-la-peticion-del-santo-cristo-de-la-exaltacion\/#breadcrumb"},"inLanguage":"es","potentialAction":[{"@type":"ReadAction","target":["https:\/\/reporteroshoy.mx\/noticias\/tekanto-realizo-la-peticion-del-santo-cristo-de-la-exaltacion\/"]}]},{"@type":"ImageObject","inLanguage":"es","@id":"https:\/\/reporteroshoy.mx\/noticias\/tekanto-realizo-la-peticion-del-santo-cristo-de-la-exaltacion\/#primaryimage","url":"https:\/\/reporteroshoy.mx\/noticias\/wp-content\/uploads\/2024\/10\/IMG-20241013-WA0019-scaled.jpg","contentUrl":"https:\/\/reporteroshoy.mx\/noticias\/wp-content\/uploads\/2024\/10\/IMG-20241013-WA0019-scaled.jpg","width":768,"height":346},{"@type":"BreadcrumbList","@id":"https:\/\/reporteroshoy.mx\/noticias\/tekanto-realizo-la-peticion-del-santo-cristo-de-la-exaltacion\/#breadcrumb","itemListElement":[{"@type":"ListItem","position":1,"name":"Portada","item":"https:\/\/reporteroshoy.mx\/noticias\/"},{"@type":"ListItem","position":2,"name":"Tekant\u00f3 realiz\u00f3 la petici\u00f3n del Santo Cristo de la Exaltaci\u00f3n"}]},{"@type":"WebSite","@id":"https:\/\/reporteroshoy.mx\/noticias\/#website","url":"https:\/\/reporteroshoy.mx\/noticias\/","name":"Reporteros Hoy | Noticias de Yucat\u00e1n","description":"Peri\u00f3dico digital con noticias diarias desde M\u00e9rida, Yucat\u00e1n para el mundo.","potentialAction":[{"@type":"SearchAction","target":{"@type":"EntryPoint","urlTemplate":"https:\/\/reporteroshoy.mx\/noticias\/?s={search_term_string}"},"query-input":{"@type":"PropertyValueSpecification","valueRequired":true,"valueName":"search_term_string"}}],"inLanguage":"es"},{"@type":"Person","@id":"https:\/\/reporteroshoy.mx\/noticias\/#\/schema\/person\/948520f0d88b01be2e5266bc4acbbc15","name":"Reporteros Hoy IM","image":{"@type":"ImageObject","inLanguage":"es","@id":"https:\/\/secure.gravatar.com\/avatar\/d843030b96552826ac048bdfe26f2895604b800ed0c880ee55765a74d95dfc65?s=96&d=mm&r=g","url":"https:\/\/secure.gravatar.com\/avatar\/d843030b96552826ac048bdfe26f2895604b800ed0c880ee55765a74d95dfc65?s=96&d=mm&r=g","contentUrl":"https:\/\/secure.gravatar.com\/avatar\/d843030b96552826ac048bdfe26f2895604b800ed0c880ee55765a74d95dfc65?s=96&d=mm&r=g","caption":"Reporteros Hoy IM"},"url":"https:\/\/reporteroshoy.mx\/noticias\/author\/israel\/"}]}},"_links":{"self":[{"href":"https:\/\/reporteroshoy.mx\/noticias\/wp-json\/wp\/v2\/posts\/116766","targetHints":{"allow":["GET"]}}],"collection":[{"href":"https:\/\/reporteroshoy.mx\/noticias\/wp-json\/wp\/v2\/posts"}],"about":[{"href":"https:\/\/reporteroshoy.mx\/noticias\/wp-json\/wp\/v2\/types\/post"}],"author":[{"embeddable":true,"href":"https:\/\/reporteroshoy.mx\/noticias\/wp-json\/wp\/v2\/users\/5"}],"replies":[{"embeddable":true,"href":"https:\/\/reporteroshoy.mx\/noticias\/wp-json\/wp\/v2\/comments?post=116766"}],"version-history":[{"count":0,"href":"https:\/\/reporteroshoy.mx\/noticias\/wp-json\/wp\/v2\/posts\/116766\/revisions"}],"wp:featuredmedia":[{"embeddable":true,"href":"https:\/\/reporteroshoy.mx\/noticias\/wp-json\/wp\/v2\/media\/116768"}],"wp:attachment":[{"href":"https:\/\/reporteroshoy.mx\/noticias\/wp-json\/wp\/v2\/media?parent=116766"}],"wp:term":[{"taxonomy":"category","embeddable":true,"href":"https:\/\/reporteroshoy.mx\/noticias\/wp-json\/wp\/v2\/categories?post=116766"},{"taxonomy":"post_tag","embeddable":true,"href":"https:\/\/reporteroshoy.mx\/noticias\/wp-json\/wp\/v2\/tags?post=116766"}],"curies":[{"name":"wp","href":"https:\/\/api.w.org\/{rel}","templated":true}]}}