{"id":117154,"date":"2024-11-02T12:00:30","date_gmt":"2024-11-02T18:00:30","guid":{"rendered":"https:\/\/reporteroshoy.mx\/noticias\/?p=117154"},"modified":"2024-11-03T08:14:38","modified_gmt":"2024-11-03T14:14:38","slug":"inicio-festival-gastronomico-cultural-y-artesanal-temozon-2024","status":"publish","type":"post","link":"https:\/\/reporteroshoy.mx\/noticias\/inicio-festival-gastronomico-cultural-y-artesanal-temozon-2024\/","title":{"rendered":"Inici\u00f3 Festival Gastron\u00f3mico, Cultural y Artesanal, Temoz\u00f3n 2024"},"content":{"rendered":"<p style=\"text-align: justify;\">Con un amplio abanico de sabores, expositores, eventos art\u00edsticos y actividades culturales, abri\u00f3 sus puertas el Primer Festival Gastron\u00f3mico, Cultural y Artesanal de Temoz\u00f3n, el cual inaugur\u00f3 el Gobernador <strong><a href=\"https:\/\/www.facebook.com\/huachodiazmena\">Joaqu\u00edn D\u00edaz Mena<\/a><\/strong> con el objetivo de promover los atractivos de este municipio y posicionarlo como un destino tur\u00edstico en la regi\u00f3n.<\/p>\n<p><img loading=\"lazy\" decoding=\"async\" class=\"alignnone size-full wp-image-117156\" src=\"https:\/\/reporteroshoy.mx\/noticias\/wp-content\/uploads\/2024\/11\/Imagen-de-WhatsApp-2024-11-02-a-las-11.15.23_cb4a2dd8-scaled.jpg\" alt=\"\" width=\"768\" height=\"512\" srcset=\"https:\/\/reporteroshoy.mx\/noticias\/wp-content\/uploads\/2024\/11\/Imagen-de-WhatsApp-2024-11-02-a-las-11.15.23_cb4a2dd8-scaled.jpg 768w, https:\/\/reporteroshoy.mx\/noticias\/wp-content\/uploads\/2024\/11\/Imagen-de-WhatsApp-2024-11-02-a-las-11.15.23_cb4a2dd8-1536x1023.jpg 1536w\" sizes=\"auto, (max-width: 768px) 100vw, 768px\" \/><\/p>\n<p style=\"text-align: justify;\">D\u00edaz Mena, acompa\u00f1ado de la presidenta del DIF Yucat\u00e1n, Wendy M\u00e9ndez Naal, y del alcalde anfitri\u00f3n, Ger\u00f3nimo Aguilar Canch\u00e9, cort\u00f3 el list\u00f3n inaugural de este escaparate, que, del 1 al 3 de noviembre, coloca a Temoz\u00f3n, su carne ahumada, artesan\u00edas y tradiciones, como una parada obligatoria para quienes visitan la regi\u00f3n Oriente de nuestro estado.<\/p>\n<h3><strong>El significado del Festival Gastron\u00f3mico<br \/>\n<\/strong><\/h3>\n<p style=\"text-align: justify;\">Afirm\u00f3 que esta primera edici\u00f3n del Festival Gastron\u00f3mico, Cultural y Artesanal, que se realiza en el parque principal del municipio, es una celebraci\u00f3n que representa lo que nos define como yucatecos: el amor por nuestras tradiciones, la creatividad de los artesanos, la calidad de nuestros productos y el calor humano de nuestra gente.<\/p>\n<p><img loading=\"lazy\" decoding=\"async\" class=\"alignnone size-full wp-image-117155\" src=\"https:\/\/reporteroshoy.mx\/noticias\/wp-content\/uploads\/2024\/11\/Imagen-de-WhatsApp-2024-11-02-a-las-11.15.22_b441a41d-scaled.jpg\" alt=\"\" width=\"768\" height=\"513\" srcset=\"https:\/\/reporteroshoy.mx\/noticias\/wp-content\/uploads\/2024\/11\/Imagen-de-WhatsApp-2024-11-02-a-las-11.15.22_b441a41d-scaled.jpg 768w, https:\/\/reporteroshoy.mx\/noticias\/wp-content\/uploads\/2024\/11\/Imagen-de-WhatsApp-2024-11-02-a-las-11.15.22_b441a41d-1536x1025.jpg 1536w\" sizes=\"auto, (max-width: 768px) 100vw, 768px\" \/><\/p>\n<p style=\"text-align: justify;\">Posteriormente, D\u00edaz Mena realiz\u00f3 un recorrido por los stands de los 27 expositores locales que presentan al mundo sus productos gastron\u00f3micos, a base de madera, bordados, entre otros.<\/p>\n<p><strong>Te puede interesar: <\/strong><strong><a href=\"https:\/\/reporteroshoy.mx\/noticias\/primera-muestra-inclusiva-de-altares-de-janal-pixan\/\">Primera muestra inclusiva de altares de Janal Pix\u00e1n<\/a><\/strong><\/p>\n<p style=\"text-align: justify;\">Tambi\u00e9n se sum\u00f3 al Paseo de las \u00c1nimas que se realiz\u00f3 en el marco de la inauguraci\u00f3n, para despu\u00e9s presenciar una ceremonia maya, la exhibici\u00f3n de altares, as\u00ed como la presentaci\u00f3n de danzantes mayas y un baile regional, actividades que forman parte de los atractivos que este escaparate ofrece a locales y visitantes.<\/p>\n","protected":false},"excerpt":{"rendered":"<p>El gobernador, Joaqu\u00edn D\u00edaz Mena, inaugur\u00f3 el Festival Gastron\u00f3mico, Cultural y Artesanal, escaparate de artesan\u00edas y tradiciones.<\/p>\n","protected":false},"author":5,"featured_media":117156,"comment_status":"open","ping_status":"closed","sticky":false,"template":"","format":"standard","meta":{"footnotes":""},"categories":[17],"tags":[19721,1335,459],"class_list":["post-117154","post","type-post","status-publish","format-standard","has-post-thumbnail","hentry","category-yucatan","tag-festival-gastronomico","tag-joaquin-diaz-mena","tag-temozon"],"yoast_head":"<!-- This site is optimized with the Yoast SEO plugin v28.4 - https:\/\/yoast.com\/product\/yoast-seo-wordpress\/ -->\n<title>Inici\u00f3 Festival Gastron\u00f3mico, Cultural y Artesanal, Temoz\u00f3n 2024<\/title>\n<meta name=\"description\" content=\"El gobernador, Joaqu\u00edn D\u00edaz Mena, inaugur\u00f3 el Festival Gastron\u00f3mico, Cultural y Artesanal, escaparate de artesan\u00edas y tradiciones.\" \/>\n<meta name=\"robots\" content=\"index, follow, max-snippet:-1, max-image-preview:large, max-video-preview:-1\" \/>\n<link rel=\"canonical\" href=\"https:\/\/reporteroshoy.mx\/noticias\/inicio-festival-gastronomico-cultural-y-artesanal-temozon-2024\/\" \/>\n<meta property=\"og:locale\" content=\"es_ES\" \/>\n<meta property=\"og:type\" content=\"article\" \/>\n<meta property=\"og:title\" content=\"Inici\u00f3 Festival Gastron\u00f3mico, Cultural y Artesanal, Temoz\u00f3n 2024\" \/>\n<meta property=\"og:description\" content=\"El gobernador, Joaqu\u00edn D\u00edaz Mena, inaugur\u00f3 el Festival Gastron\u00f3mico, Cultural y Artesanal, escaparate de artesan\u00edas y tradiciones.\" \/>\n<meta property=\"og:url\" content=\"https:\/\/reporteroshoy.mx\/noticias\/inicio-festival-gastronomico-cultural-y-artesanal-temozon-2024\/\" \/>\n<meta property=\"og:site_name\" content=\"Reporteros Hoy | Noticias de Yucat\u00e1n\" \/>\n<meta property=\"article:publisher\" content=\"http:\/\/www.facebook.com\/reporteroshoymx\" \/>\n<meta property=\"article:published_time\" content=\"2024-11-02T18:00:30+00:00\" \/>\n<meta property=\"article:modified_time\" content=\"2024-11-03T14:14:38+00:00\" \/>\n<meta property=\"og:image\" content=\"https:\/\/reporteroshoy.mx\/noticias\/wp-content\/uploads\/2024\/11\/Imagen-de-WhatsApp-2024-11-02-a-las-11.15.23_cb4a2dd8-scaled.jpg\" \/>\n\t<meta property=\"og:image:width\" content=\"768\" \/>\n\t<meta property=\"og:image:height\" content=\"512\" \/>\n\t<meta property=\"og:image:type\" content=\"image\/jpeg\" \/>\n<meta name=\"author\" content=\"Reporteros Hoy IM\" \/>\n<meta name=\"twitter:card\" content=\"summary_large_image\" \/>\n<meta name=\"twitter:creator\" content=\"@reporteroshoy\" \/>\n<meta name=\"twitter:site\" content=\"@reporteroshoy\" \/>\n<meta name=\"twitter:label1\" content=\"Escrito por\" \/>\n\t<meta name=\"twitter:data1\" content=\"Reporteros Hoy IM\" \/>\n\t<meta name=\"twitter:label2\" content=\"Tiempo de lectura\" \/>\n\t<meta name=\"twitter:data2\" content=\"2 minutos\" \/>\n<script type=\"application\/ld+json\" class=\"yoast-schema-graph\">{\"@context\":\"https:\\\/\\\/schema.org\",\"@graph\":[{\"@type\":\"Article\",\"@id\":\"https:\\\/\\\/reporteroshoy.mx\\\/noticias\\\/inicio-festival-gastronomico-cultural-y-artesanal-temozon-2024\\\/#article\",\"isPartOf\":{\"@id\":\"https:\\\/\\\/reporteroshoy.mx\\\/noticias\\\/inicio-festival-gastronomico-cultural-y-artesanal-temozon-2024\\\/\"},\"author\":{\"name\":\"Reporteros Hoy IM\",\"@id\":\"https:\\\/\\\/reporteroshoy.mx\\\/noticias\\\/#\\\/schema\\\/person\\\/948520f0d88b01be2e5266bc4acbbc15\"},\"headline\":\"Inici\u00f3 Festival Gastron\u00f3mico, Cultural y Artesanal, Temoz\u00f3n 2024\",\"datePublished\":\"2024-11-02T18:00:30+00:00\",\"dateModified\":\"2024-11-03T14:14:38+00:00\",\"mainEntityOfPage\":{\"@id\":\"https:\\\/\\\/reporteroshoy.mx\\\/noticias\\\/inicio-festival-gastronomico-cultural-y-artesanal-temozon-2024\\\/\"},\"wordCount\":291,\"commentCount\":0,\"image\":{\"@id\":\"https:\\\/\\\/reporteroshoy.mx\\\/noticias\\\/inicio-festival-gastronomico-cultural-y-artesanal-temozon-2024\\\/#primaryimage\"},\"thumbnailUrl\":\"https:\\\/\\\/reporteroshoy.mx\\\/noticias\\\/wp-content\\\/uploads\\\/2024\\\/11\\\/Imagen-de-WhatsApp-2024-11-02-a-las-11.15.23_cb4a2dd8-scaled.jpg\",\"keywords\":[\"Festival gastron\u00f3mico\",\"Joaqu\u00edn D\u00edaz Mena\",\"Temoz\u00f3n\"],\"articleSection\":[\"Yucat\u00e1n\"],\"inLanguage\":\"es\",\"potentialAction\":[{\"@type\":\"CommentAction\",\"name\":\"Comment\",\"target\":[\"https:\\\/\\\/reporteroshoy.mx\\\/noticias\\\/inicio-festival-gastronomico-cultural-y-artesanal-temozon-2024\\\/#respond\"]}]},{\"@type\":\"WebPage\",\"@id\":\"https:\\\/\\\/reporteroshoy.mx\\\/noticias\\\/inicio-festival-gastronomico-cultural-y-artesanal-temozon-2024\\\/\",\"url\":\"https:\\\/\\\/reporteroshoy.mx\\\/noticias\\\/inicio-festival-gastronomico-cultural-y-artesanal-temozon-2024\\\/\",\"name\":\"Inici\u00f3 Festival Gastron\u00f3mico, Cultural y Artesanal, Temoz\u00f3n 2024\",\"isPartOf\":{\"@id\":\"https:\\\/\\\/reporteroshoy.mx\\\/noticias\\\/#website\"},\"primaryImageOfPage\":{\"@id\":\"https:\\\/\\\/reporteroshoy.mx\\\/noticias\\\/inicio-festival-gastronomico-cultural-y-artesanal-temozon-2024\\\/#primaryimage\"},\"image\":{\"@id\":\"https:\\\/\\\/reporteroshoy.mx\\\/noticias\\\/inicio-festival-gastronomico-cultural-y-artesanal-temozon-2024\\\/#primaryimage\"},\"thumbnailUrl\":\"https:\\\/\\\/reporteroshoy.mx\\\/noticias\\\/wp-content\\\/uploads\\\/2024\\\/11\\\/Imagen-de-WhatsApp-2024-11-02-a-las-11.15.23_cb4a2dd8-scaled.jpg\",\"datePublished\":\"2024-11-02T18:00:30+00:00\",\"dateModified\":\"2024-11-03T14:14:38+00:00\",\"author\":{\"@id\":\"https:\\\/\\\/reporteroshoy.mx\\\/noticias\\\/#\\\/schema\\\/person\\\/948520f0d88b01be2e5266bc4acbbc15\"},\"description\":\"El gobernador, Joaqu\u00edn D\u00edaz Mena, inaugur\u00f3 el Festival Gastron\u00f3mico, Cultural y Artesanal, escaparate de artesan\u00edas y tradiciones.\",\"breadcrumb\":{\"@id\":\"https:\\\/\\\/reporteroshoy.mx\\\/noticias\\\/inicio-festival-gastronomico-cultural-y-artesanal-temozon-2024\\\/#breadcrumb\"},\"inLanguage\":\"es\",\"potentialAction\":[{\"@type\":\"ReadAction\",\"target\":[\"https:\\\/\\\/reporteroshoy.mx\\\/noticias\\\/inicio-festival-gastronomico-cultural-y-artesanal-temozon-2024\\\/\"]}]},{\"@type\":\"ImageObject\",\"inLanguage\":\"es\",\"@id\":\"https:\\\/\\\/reporteroshoy.mx\\\/noticias\\\/inicio-festival-gastronomico-cultural-y-artesanal-temozon-2024\\\/#primaryimage\",\"url\":\"https:\\\/\\\/reporteroshoy.mx\\\/noticias\\\/wp-content\\\/uploads\\\/2024\\\/11\\\/Imagen-de-WhatsApp-2024-11-02-a-las-11.15.23_cb4a2dd8-scaled.jpg\",\"contentUrl\":\"https:\\\/\\\/reporteroshoy.mx\\\/noticias\\\/wp-content\\\/uploads\\\/2024\\\/11\\\/Imagen-de-WhatsApp-2024-11-02-a-las-11.15.23_cb4a2dd8-scaled.jpg\",\"width\":768,\"height\":512},{\"@type\":\"BreadcrumbList\",\"@id\":\"https:\\\/\\\/reporteroshoy.mx\\\/noticias\\\/inicio-festival-gastronomico-cultural-y-artesanal-temozon-2024\\\/#breadcrumb\",\"itemListElement\":[{\"@type\":\"ListItem\",\"position\":1,\"name\":\"Portada\",\"item\":\"https:\\\/\\\/reporteroshoy.mx\\\/noticias\\\/\"},{\"@type\":\"ListItem\",\"position\":2,\"name\":\"Inici\u00f3 Festival Gastron\u00f3mico, Cultural y Artesanal, Temoz\u00f3n 2024\"}]},{\"@type\":\"WebSite\",\"@id\":\"https:\\\/\\\/reporteroshoy.mx\\\/noticias\\\/#website\",\"url\":\"https:\\\/\\\/reporteroshoy.mx\\\/noticias\\\/\",\"name\":\"Reporteros Hoy | Noticias de Yucat\u00e1n\",\"description\":\"Peri\u00f3dico digital con noticias diarias desde M\u00e9rida, Yucat\u00e1n para el mundo.\",\"potentialAction\":[{\"@type\":\"SearchAction\",\"target\":{\"@type\":\"EntryPoint\",\"urlTemplate\":\"https:\\\/\\\/reporteroshoy.mx\\\/noticias\\\/?s={search_term_string}\"},\"query-input\":{\"@type\":\"PropertyValueSpecification\",\"valueRequired\":true,\"valueName\":\"search_term_string\"}}],\"inLanguage\":\"es\"},{\"@type\":\"Person\",\"@id\":\"https:\\\/\\\/reporteroshoy.mx\\\/noticias\\\/#\\\/schema\\\/person\\\/948520f0d88b01be2e5266bc4acbbc15\",\"name\":\"Reporteros Hoy IM\",\"image\":{\"@type\":\"ImageObject\",\"inLanguage\":\"es\",\"@id\":\"https:\\\/\\\/secure.gravatar.com\\\/avatar\\\/d843030b96552826ac048bdfe26f2895604b800ed0c880ee55765a74d95dfc65?s=96&d=mm&r=g\",\"url\":\"https:\\\/\\\/secure.gravatar.com\\\/avatar\\\/d843030b96552826ac048bdfe26f2895604b800ed0c880ee55765a74d95dfc65?s=96&d=mm&r=g\",\"contentUrl\":\"https:\\\/\\\/secure.gravatar.com\\\/avatar\\\/d843030b96552826ac048bdfe26f2895604b800ed0c880ee55765a74d95dfc65?s=96&d=mm&r=g\",\"caption\":\"Reporteros Hoy IM\"},\"url\":\"https:\\\/\\\/reporteroshoy.mx\\\/noticias\\\/author\\\/israel\\\/\"}]}<\/script>\n<!-- \/ Yoast SEO plugin. -->","yoast_head_json":{"title":"Inici\u00f3 Festival Gastron\u00f3mico, Cultural y Artesanal, Temoz\u00f3n 2024","description":"El gobernador, Joaqu\u00edn D\u00edaz Mena, inaugur\u00f3 el Festival Gastron\u00f3mico, Cultural y Artesanal, escaparate de artesan\u00edas y tradiciones.","robots":{"index":"index","follow":"follow","max-snippet":"max-snippet:-1","max-image-preview":"max-image-preview:large","max-video-preview":"max-video-preview:-1"},"canonical":"https:\/\/reporteroshoy.mx\/noticias\/inicio-festival-gastronomico-cultural-y-artesanal-temozon-2024\/","og_locale":"es_ES","og_type":"article","og_title":"Inici\u00f3 Festival Gastron\u00f3mico, Cultural y Artesanal, Temoz\u00f3n 2024","og_description":"El gobernador, Joaqu\u00edn D\u00edaz Mena, inaugur\u00f3 el Festival Gastron\u00f3mico, Cultural y Artesanal, escaparate de artesan\u00edas y tradiciones.","og_url":"https:\/\/reporteroshoy.mx\/noticias\/inicio-festival-gastronomico-cultural-y-artesanal-temozon-2024\/","og_site_name":"Reporteros Hoy | Noticias de Yucat\u00e1n","article_publisher":"http:\/\/www.facebook.com\/reporteroshoymx","article_published_time":"2024-11-02T18:00:30+00:00","article_modified_time":"2024-11-03T14:14:38+00:00","og_image":[{"width":768,"height":512,"url":"https:\/\/reporteroshoy.mx\/noticias\/wp-content\/uploads\/2024\/11\/Imagen-de-WhatsApp-2024-11-02-a-las-11.15.23_cb4a2dd8-scaled.jpg","type":"image\/jpeg"}],"author":"Reporteros Hoy IM","twitter_card":"summary_large_image","twitter_creator":"@reporteroshoy","twitter_site":"@reporteroshoy","twitter_misc":{"Escrito por":"Reporteros Hoy IM","Tiempo de lectura":"2 minutos"},"schema":{"@context":"https:\/\/schema.org","@graph":[{"@type":"Article","@id":"https:\/\/reporteroshoy.mx\/noticias\/inicio-festival-gastronomico-cultural-y-artesanal-temozon-2024\/#article","isPartOf":{"@id":"https:\/\/reporteroshoy.mx\/noticias\/inicio-festival-gastronomico-cultural-y-artesanal-temozon-2024\/"},"author":{"name":"Reporteros Hoy IM","@id":"https:\/\/reporteroshoy.mx\/noticias\/#\/schema\/person\/948520f0d88b01be2e5266bc4acbbc15"},"headline":"Inici\u00f3 Festival Gastron\u00f3mico, Cultural y Artesanal, Temoz\u00f3n 2024","datePublished":"2024-11-02T18:00:30+00:00","dateModified":"2024-11-03T14:14:38+00:00","mainEntityOfPage":{"@id":"https:\/\/reporteroshoy.mx\/noticias\/inicio-festival-gastronomico-cultural-y-artesanal-temozon-2024\/"},"wordCount":291,"commentCount":0,"image":{"@id":"https:\/\/reporteroshoy.mx\/noticias\/inicio-festival-gastronomico-cultural-y-artesanal-temozon-2024\/#primaryimage"},"thumbnailUrl":"https:\/\/reporteroshoy.mx\/noticias\/wp-content\/uploads\/2024\/11\/Imagen-de-WhatsApp-2024-11-02-a-las-11.15.23_cb4a2dd8-scaled.jpg","keywords":["Festival gastron\u00f3mico","Joaqu\u00edn D\u00edaz Mena","Temoz\u00f3n"],"articleSection":["Yucat\u00e1n"],"inLanguage":"es","potentialAction":[{"@type":"CommentAction","name":"Comment","target":["https:\/\/reporteroshoy.mx\/noticias\/inicio-festival-gastronomico-cultural-y-artesanal-temozon-2024\/#respond"]}]},{"@type":"WebPage","@id":"https:\/\/reporteroshoy.mx\/noticias\/inicio-festival-gastronomico-cultural-y-artesanal-temozon-2024\/","url":"https:\/\/reporteroshoy.mx\/noticias\/inicio-festival-gastronomico-cultural-y-artesanal-temozon-2024\/","name":"Inici\u00f3 Festival Gastron\u00f3mico, Cultural y Artesanal, Temoz\u00f3n 2024","isPartOf":{"@id":"https:\/\/reporteroshoy.mx\/noticias\/#website"},"primaryImageOfPage":{"@id":"https:\/\/reporteroshoy.mx\/noticias\/inicio-festival-gastronomico-cultural-y-artesanal-temozon-2024\/#primaryimage"},"image":{"@id":"https:\/\/reporteroshoy.mx\/noticias\/inicio-festival-gastronomico-cultural-y-artesanal-temozon-2024\/#primaryimage"},"thumbnailUrl":"https:\/\/reporteroshoy.mx\/noticias\/wp-content\/uploads\/2024\/11\/Imagen-de-WhatsApp-2024-11-02-a-las-11.15.23_cb4a2dd8-scaled.jpg","datePublished":"2024-11-02T18:00:30+00:00","dateModified":"2024-11-03T14:14:38+00:00","author":{"@id":"https:\/\/reporteroshoy.mx\/noticias\/#\/schema\/person\/948520f0d88b01be2e5266bc4acbbc15"},"description":"El gobernador, Joaqu\u00edn D\u00edaz Mena, inaugur\u00f3 el Festival Gastron\u00f3mico, Cultural y Artesanal, escaparate de artesan\u00edas y tradiciones.","breadcrumb":{"@id":"https:\/\/reporteroshoy.mx\/noticias\/inicio-festival-gastronomico-cultural-y-artesanal-temozon-2024\/#breadcrumb"},"inLanguage":"es","potentialAction":[{"@type":"ReadAction","target":["https:\/\/reporteroshoy.mx\/noticias\/inicio-festival-gastronomico-cultural-y-artesanal-temozon-2024\/"]}]},{"@type":"ImageObject","inLanguage":"es","@id":"https:\/\/reporteroshoy.mx\/noticias\/inicio-festival-gastronomico-cultural-y-artesanal-temozon-2024\/#primaryimage","url":"https:\/\/reporteroshoy.mx\/noticias\/wp-content\/uploads\/2024\/11\/Imagen-de-WhatsApp-2024-11-02-a-las-11.15.23_cb4a2dd8-scaled.jpg","contentUrl":"https:\/\/reporteroshoy.mx\/noticias\/wp-content\/uploads\/2024\/11\/Imagen-de-WhatsApp-2024-11-02-a-las-11.15.23_cb4a2dd8-scaled.jpg","width":768,"height":512},{"@type":"BreadcrumbList","@id":"https:\/\/reporteroshoy.mx\/noticias\/inicio-festival-gastronomico-cultural-y-artesanal-temozon-2024\/#breadcrumb","itemListElement":[{"@type":"ListItem","position":1,"name":"Portada","item":"https:\/\/reporteroshoy.mx\/noticias\/"},{"@type":"ListItem","position":2,"name":"Inici\u00f3 Festival Gastron\u00f3mico, Cultural y Artesanal, Temoz\u00f3n 2024"}]},{"@type":"WebSite","@id":"https:\/\/reporteroshoy.mx\/noticias\/#website","url":"https:\/\/reporteroshoy.mx\/noticias\/","name":"Reporteros Hoy | Noticias de Yucat\u00e1n","description":"Peri\u00f3dico digital con noticias diarias desde M\u00e9rida, Yucat\u00e1n para el mundo.","potentialAction":[{"@type":"SearchAction","target":{"@type":"EntryPoint","urlTemplate":"https:\/\/reporteroshoy.mx\/noticias\/?s={search_term_string}"},"query-input":{"@type":"PropertyValueSpecification","valueRequired":true,"valueName":"search_term_string"}}],"inLanguage":"es"},{"@type":"Person","@id":"https:\/\/reporteroshoy.mx\/noticias\/#\/schema\/person\/948520f0d88b01be2e5266bc4acbbc15","name":"Reporteros Hoy IM","image":{"@type":"ImageObject","inLanguage":"es","@id":"https:\/\/secure.gravatar.com\/avatar\/d843030b96552826ac048bdfe26f2895604b800ed0c880ee55765a74d95dfc65?s=96&d=mm&r=g","url":"https:\/\/secure.gravatar.com\/avatar\/d843030b96552826ac048bdfe26f2895604b800ed0c880ee55765a74d95dfc65?s=96&d=mm&r=g","contentUrl":"https:\/\/secure.gravatar.com\/avatar\/d843030b96552826ac048bdfe26f2895604b800ed0c880ee55765a74d95dfc65?s=96&d=mm&r=g","caption":"Reporteros Hoy IM"},"url":"https:\/\/reporteroshoy.mx\/noticias\/author\/israel\/"}]}},"_links":{"self":[{"href":"https:\/\/reporteroshoy.mx\/noticias\/wp-json\/wp\/v2\/posts\/117154","targetHints":{"allow":["GET"]}}],"collection":[{"href":"https:\/\/reporteroshoy.mx\/noticias\/wp-json\/wp\/v2\/posts"}],"about":[{"href":"https:\/\/reporteroshoy.mx\/noticias\/wp-json\/wp\/v2\/types\/post"}],"author":[{"embeddable":true,"href":"https:\/\/reporteroshoy.mx\/noticias\/wp-json\/wp\/v2\/users\/5"}],"replies":[{"embeddable":true,"href":"https:\/\/reporteroshoy.mx\/noticias\/wp-json\/wp\/v2\/comments?post=117154"}],"version-history":[{"count":0,"href":"https:\/\/reporteroshoy.mx\/noticias\/wp-json\/wp\/v2\/posts\/117154\/revisions"}],"wp:featuredmedia":[{"embeddable":true,"href":"https:\/\/reporteroshoy.mx\/noticias\/wp-json\/wp\/v2\/media\/117156"}],"wp:attachment":[{"href":"https:\/\/reporteroshoy.mx\/noticias\/wp-json\/wp\/v2\/media?parent=117154"}],"wp:term":[{"taxonomy":"category","embeddable":true,"href":"https:\/\/reporteroshoy.mx\/noticias\/wp-json\/wp\/v2\/categories?post=117154"},{"taxonomy":"post_tag","embeddable":true,"href":"https:\/\/reporteroshoy.mx\/noticias\/wp-json\/wp\/v2\/tags?post=117154"}],"curies":[{"name":"wp","href":"https:\/\/api.w.org\/{rel}","templated":true}]}}