{"id":117482,"date":"2024-11-21T15:03:52","date_gmt":"2024-11-21T21:03:52","guid":{"rendered":"https:\/\/reporteroshoy.mx\/noticias\/?p=117482"},"modified":"2024-11-21T23:07:15","modified_gmt":"2024-11-22T05:07:15","slug":"progreso-implementara-infraestructura-inclusiva-en-su-malecon","status":"publish","type":"post","link":"https:\/\/reporteroshoy.mx\/noticias\/progreso-implementara-infraestructura-inclusiva-en-su-malecon\/","title":{"rendered":"Progreso implementar\u00e1 infraestructura inclusiva en su malec\u00f3n"},"content":{"rendered":"<p style=\"text-align: justify;\">La Comuna de Progreso anunci\u00f3 que implementar\u00e1 infraestructura inclusiva en el malec\u00f3n de la localidad para mejorar la accesibilidad de adultos mayores y personas con discapacidad.<\/p>\n<p style=\"text-align: justify;\">Este proyecto tiene como objetivo garantizar que todos los ciudadanos, sin importar sus capacidades f\u00edsicas, puedan disfrutar de este espacio p\u00fablico, adem\u00e1s, la estrategia buscar\u00e1 integrar el malec\u00f3n con las actividades cotidianas de los vecinos, quienes frecuentemente utilizan la v\u00eda para diversas actividades.<\/p>\n<p><img loading=\"lazy\" decoding=\"async\" class=\"wp-image-79289 aligncenter\" src=\"https:\/\/reporteroshoy.mx\/noticias\/wp-content\/uploads\/2022\/01\/PROGRESO_MALECON.jpeg\" alt=\"\" width=\"601\" height=\"340\" \/><\/p>\n<p style=\"text-align: justify;\">El alcalde, <strong><span style=\"color: #0000ff;\"><a style=\"color: #0000ff;\" href=\"https:\/\/www.facebook.com\/erikrihani.mx\/?locale=es_LA\">Erik Rihani Gonz\u00e1lez<\/a><\/span><\/strong>, explic\u00f3 que, junto a la mejora de la infraestructura, se trabajar\u00e1 en un plan para controlar el tr\u00e1nsito en el malec\u00f3n, lo que permitir\u00e1 un uso adecuado y seguro del lugar.<\/p>\n<p style=\"text-align: justify;\">\u00abEstamos trabajando en hacer adecuaciones a los reglamentos del espacio p\u00fablico, espec\u00edficamente del malec\u00f3n, y fortalecerlo con infraestructura, que va de se\u00f1al\u00e9tica, una planeaci\u00f3n de reglamento y tambi\u00e9n, una polic\u00eda que procure que el tr\u00e1nsito que se d\u00e9 en los malecones de Progreso sea el adecuado y en beneficio de la sociedad\u00bb, coment\u00f3.<\/p>\n<p><em><strong>Te interesa:\u00a0<a href=\"https:\/\/reporteroshoy.mx\/noticias\/cenote-de-xocen-se-prepara-como-atractivo-turistico\/#google_vignette\">Cenote de Xoc\u00e9n se prepara como atractivo tur\u00edstico<\/a><\/strong><\/em><\/p>\n<p style=\"text-align: justify;\">La administraci\u00f3n municipal detall\u00f3 que la intenci\u00f3n es crear una estrategia integral que permita a todos los ciudadanos acceder al malec\u00f3n de manera segura y c\u00f3moda.<\/p>\n<p style=\"text-align: justify;\">Actualmente, se est\u00e1n definiendo las medidas necesarias para la implementaci\u00f3n de la infraestructura inclusiva, que se espera est\u00e9 lista para el pr\u00f3ximo a\u00f1o, una vez que se cuente con los recursos necesarios.<\/p>\n<p><strong>ACOM<\/strong><\/p>\n","protected":false},"excerpt":{"rendered":"<p>La Comuna de Progreso trabaja en infraestructura inclusiva para mejorar la accesibilidad en el malec\u00f3n para personas con discapacidad. <\/p>\n","protected":false},"author":9,"featured_media":79289,"comment_status":"open","ping_status":"closed","sticky":false,"template":"","format":"standard","meta":{"footnotes":""},"categories":[17],"tags":[3639,3838,113],"class_list":["post-117482","post","type-post","status-publish","format-standard","has-post-thumbnail","hentry","category-yucatan","tag-inclusion","tag-malecon-de-progreso","tag-progreso"],"yoast_head":"<!-- This site is optimized with the Yoast SEO plugin v28.3 - https:\/\/yoast.com\/product\/yoast-seo-wordpress\/ -->\n<title>Progreso implementar\u00e1 infraestructura inclusiva en su malec\u00f3n<\/title>\n<meta name=\"description\" content=\"La Comuna de Progreso trabaja en infraestructura inclusiva para mejorar la accesibilidad en el malec\u00f3n para personas con discapacidad.\" \/>\n<meta name=\"robots\" content=\"index, follow, max-snippet:-1, max-image-preview:large, max-video-preview:-1\" \/>\n<link rel=\"canonical\" href=\"https:\/\/reporteroshoy.mx\/noticias\/progreso-implementara-infraestructura-inclusiva-en-su-malecon\/\" \/>\n<meta property=\"og:locale\" content=\"es_ES\" \/>\n<meta property=\"og:type\" content=\"article\" \/>\n<meta property=\"og:title\" content=\"Progreso implementar\u00e1 infraestructura inclusiva en su malec\u00f3n\" \/>\n<meta property=\"og:description\" content=\"La Comuna de Progreso trabaja en infraestructura inclusiva para mejorar la accesibilidad en el malec\u00f3n para personas con discapacidad.\" \/>\n<meta property=\"og:url\" content=\"https:\/\/reporteroshoy.mx\/noticias\/progreso-implementara-infraestructura-inclusiva-en-su-malecon\/\" \/>\n<meta property=\"og:site_name\" content=\"Reporteros Hoy | Noticias de Yucat\u00e1n\" \/>\n<meta property=\"article:publisher\" content=\"http:\/\/www.facebook.com\/reporteroshoymx\" \/>\n<meta property=\"article:published_time\" content=\"2024-11-21T21:03:52+00:00\" \/>\n<meta property=\"article:modified_time\" content=\"2024-11-22T05:07:15+00:00\" \/>\n<meta property=\"og:image\" content=\"https:\/\/reporteroshoy.mx\/noticias\/wp-content\/uploads\/2022\/01\/PROGRESO_MALECON.jpeg\" \/>\n\t<meta property=\"og:image:width\" content=\"768\" \/>\n\t<meta property=\"og:image:height\" content=\"435\" \/>\n\t<meta property=\"og:image:type\" content=\"image\/jpeg\" \/>\n<meta name=\"author\" content=\"Reporteros Hoy WP\" \/>\n<meta name=\"twitter:card\" content=\"summary_large_image\" \/>\n<meta name=\"twitter:creator\" content=\"@reporteroshoy\" \/>\n<meta name=\"twitter:site\" content=\"@reporteroshoy\" \/>\n<meta name=\"twitter:label1\" content=\"Escrito por\" \/>\n\t<meta name=\"twitter:data1\" content=\"Reporteros Hoy WP\" \/>\n\t<meta name=\"twitter:label2\" content=\"Tiempo de lectura\" \/>\n\t<meta name=\"twitter:data2\" content=\"2 minutos\" \/>\n<script type=\"application\/ld+json\" class=\"yoast-schema-graph\">{\"@context\":\"https:\\\/\\\/schema.org\",\"@graph\":[{\"@type\":\"Article\",\"@id\":\"https:\\\/\\\/reporteroshoy.mx\\\/noticias\\\/progreso-implementara-infraestructura-inclusiva-en-su-malecon\\\/#article\",\"isPartOf\":{\"@id\":\"https:\\\/\\\/reporteroshoy.mx\\\/noticias\\\/progreso-implementara-infraestructura-inclusiva-en-su-malecon\\\/\"},\"author\":{\"name\":\"Reporteros Hoy WP\",\"@id\":\"https:\\\/\\\/reporteroshoy.mx\\\/noticias\\\/#\\\/schema\\\/person\\\/c977527e57c958a62c5cefe8fe47876e\"},\"headline\":\"Progreso implementar\u00e1 infraestructura inclusiva en su malec\u00f3n\",\"datePublished\":\"2024-11-21T21:03:52+00:00\",\"dateModified\":\"2024-11-22T05:07:15+00:00\",\"mainEntityOfPage\":{\"@id\":\"https:\\\/\\\/reporteroshoy.mx\\\/noticias\\\/progreso-implementara-infraestructura-inclusiva-en-su-malecon\\\/\"},\"wordCount\":263,\"commentCount\":0,\"image\":{\"@id\":\"https:\\\/\\\/reporteroshoy.mx\\\/noticias\\\/progreso-implementara-infraestructura-inclusiva-en-su-malecon\\\/#primaryimage\"},\"thumbnailUrl\":\"https:\\\/\\\/reporteroshoy.mx\\\/noticias\\\/wp-content\\\/uploads\\\/2022\\\/01\\\/PROGRESO_MALECON.jpeg\",\"keywords\":[\"Inclusi\u00f3n\",\"malec\u00f3n de progreso\",\"Progreso\"],\"articleSection\":[\"Yucat\u00e1n\"],\"inLanguage\":\"es\",\"potentialAction\":[{\"@type\":\"CommentAction\",\"name\":\"Comment\",\"target\":[\"https:\\\/\\\/reporteroshoy.mx\\\/noticias\\\/progreso-implementara-infraestructura-inclusiva-en-su-malecon\\\/#respond\"]}]},{\"@type\":\"WebPage\",\"@id\":\"https:\\\/\\\/reporteroshoy.mx\\\/noticias\\\/progreso-implementara-infraestructura-inclusiva-en-su-malecon\\\/\",\"url\":\"https:\\\/\\\/reporteroshoy.mx\\\/noticias\\\/progreso-implementara-infraestructura-inclusiva-en-su-malecon\\\/\",\"name\":\"Progreso implementar\u00e1 infraestructura inclusiva en su malec\u00f3n\",\"isPartOf\":{\"@id\":\"https:\\\/\\\/reporteroshoy.mx\\\/noticias\\\/#website\"},\"primaryImageOfPage\":{\"@id\":\"https:\\\/\\\/reporteroshoy.mx\\\/noticias\\\/progreso-implementara-infraestructura-inclusiva-en-su-malecon\\\/#primaryimage\"},\"image\":{\"@id\":\"https:\\\/\\\/reporteroshoy.mx\\\/noticias\\\/progreso-implementara-infraestructura-inclusiva-en-su-malecon\\\/#primaryimage\"},\"thumbnailUrl\":\"https:\\\/\\\/reporteroshoy.mx\\\/noticias\\\/wp-content\\\/uploads\\\/2022\\\/01\\\/PROGRESO_MALECON.jpeg\",\"datePublished\":\"2024-11-21T21:03:52+00:00\",\"dateModified\":\"2024-11-22T05:07:15+00:00\",\"author\":{\"@id\":\"https:\\\/\\\/reporteroshoy.mx\\\/noticias\\\/#\\\/schema\\\/person\\\/c977527e57c958a62c5cefe8fe47876e\"},\"description\":\"La Comuna de Progreso trabaja en infraestructura inclusiva para mejorar la accesibilidad en el malec\u00f3n para personas con discapacidad.\",\"breadcrumb\":{\"@id\":\"https:\\\/\\\/reporteroshoy.mx\\\/noticias\\\/progreso-implementara-infraestructura-inclusiva-en-su-malecon\\\/#breadcrumb\"},\"inLanguage\":\"es\",\"potentialAction\":[{\"@type\":\"ReadAction\",\"target\":[\"https:\\\/\\\/reporteroshoy.mx\\\/noticias\\\/progreso-implementara-infraestructura-inclusiva-en-su-malecon\\\/\"]}]},{\"@type\":\"ImageObject\",\"inLanguage\":\"es\",\"@id\":\"https:\\\/\\\/reporteroshoy.mx\\\/noticias\\\/progreso-implementara-infraestructura-inclusiva-en-su-malecon\\\/#primaryimage\",\"url\":\"https:\\\/\\\/reporteroshoy.mx\\\/noticias\\\/wp-content\\\/uploads\\\/2022\\\/01\\\/PROGRESO_MALECON.jpeg\",\"contentUrl\":\"https:\\\/\\\/reporteroshoy.mx\\\/noticias\\\/wp-content\\\/uploads\\\/2022\\\/01\\\/PROGRESO_MALECON.jpeg\",\"width\":768,\"height\":435,\"caption\":\"Progreso implementar\u00e1 infraestructura inclusiva en su malec\u00f3n\"},{\"@type\":\"BreadcrumbList\",\"@id\":\"https:\\\/\\\/reporteroshoy.mx\\\/noticias\\\/progreso-implementara-infraestructura-inclusiva-en-su-malecon\\\/#breadcrumb\",\"itemListElement\":[{\"@type\":\"ListItem\",\"position\":1,\"name\":\"Portada\",\"item\":\"https:\\\/\\\/reporteroshoy.mx\\\/noticias\\\/\"},{\"@type\":\"ListItem\",\"position\":2,\"name\":\"Progreso implementar\u00e1 infraestructura inclusiva en su malec\u00f3n\"}]},{\"@type\":\"WebSite\",\"@id\":\"https:\\\/\\\/reporteroshoy.mx\\\/noticias\\\/#website\",\"url\":\"https:\\\/\\\/reporteroshoy.mx\\\/noticias\\\/\",\"name\":\"Reporteros Hoy | Noticias de Yucat\u00e1n\",\"description\":\"Peri\u00f3dico digital con noticias diarias desde M\u00e9rida, Yucat\u00e1n para el mundo.\",\"potentialAction\":[{\"@type\":\"SearchAction\",\"target\":{\"@type\":\"EntryPoint\",\"urlTemplate\":\"https:\\\/\\\/reporteroshoy.mx\\\/noticias\\\/?s={search_term_string}\"},\"query-input\":{\"@type\":\"PropertyValueSpecification\",\"valueRequired\":true,\"valueName\":\"search_term_string\"}}],\"inLanguage\":\"es\"},{\"@type\":\"Person\",\"@id\":\"https:\\\/\\\/reporteroshoy.mx\\\/noticias\\\/#\\\/schema\\\/person\\\/c977527e57c958a62c5cefe8fe47876e\",\"name\":\"Reporteros Hoy WP\",\"image\":{\"@type\":\"ImageObject\",\"inLanguage\":\"es\",\"@id\":\"https:\\\/\\\/secure.gravatar.com\\\/avatar\\\/fd2917f79a7dae30f8ac9ddc2f35e1756bb59e25e01d1cd09deaa64df7b2f73e?s=96&d=mm&r=g\",\"url\":\"https:\\\/\\\/secure.gravatar.com\\\/avatar\\\/fd2917f79a7dae30f8ac9ddc2f35e1756bb59e25e01d1cd09deaa64df7b2f73e?s=96&d=mm&r=g\",\"contentUrl\":\"https:\\\/\\\/secure.gravatar.com\\\/avatar\\\/fd2917f79a7dae30f8ac9ddc2f35e1756bb59e25e01d1cd09deaa64df7b2f73e?s=96&d=mm&r=g\",\"caption\":\"Reporteros Hoy WP\"},\"url\":\"https:\\\/\\\/reporteroshoy.mx\\\/noticias\\\/author\\\/walfer\\\/\"}]}<\/script>\n<!-- \/ Yoast SEO plugin. -->","yoast_head_json":{"title":"Progreso implementar\u00e1 infraestructura inclusiva en su malec\u00f3n","description":"La Comuna de Progreso trabaja en infraestructura inclusiva para mejorar la accesibilidad en el malec\u00f3n para personas con discapacidad.","robots":{"index":"index","follow":"follow","max-snippet":"max-snippet:-1","max-image-preview":"max-image-preview:large","max-video-preview":"max-video-preview:-1"},"canonical":"https:\/\/reporteroshoy.mx\/noticias\/progreso-implementara-infraestructura-inclusiva-en-su-malecon\/","og_locale":"es_ES","og_type":"article","og_title":"Progreso implementar\u00e1 infraestructura inclusiva en su malec\u00f3n","og_description":"La Comuna de Progreso trabaja en infraestructura inclusiva para mejorar la accesibilidad en el malec\u00f3n para personas con discapacidad.","og_url":"https:\/\/reporteroshoy.mx\/noticias\/progreso-implementara-infraestructura-inclusiva-en-su-malecon\/","og_site_name":"Reporteros Hoy | Noticias de Yucat\u00e1n","article_publisher":"http:\/\/www.facebook.com\/reporteroshoymx","article_published_time":"2024-11-21T21:03:52+00:00","article_modified_time":"2024-11-22T05:07:15+00:00","og_image":[{"width":768,"height":435,"url":"https:\/\/reporteroshoy.mx\/noticias\/wp-content\/uploads\/2022\/01\/PROGRESO_MALECON.jpeg","type":"image\/jpeg"}],"author":"Reporteros Hoy WP","twitter_card":"summary_large_image","twitter_creator":"@reporteroshoy","twitter_site":"@reporteroshoy","twitter_misc":{"Escrito por":"Reporteros Hoy WP","Tiempo de lectura":"2 minutos"},"schema":{"@context":"https:\/\/schema.org","@graph":[{"@type":"Article","@id":"https:\/\/reporteroshoy.mx\/noticias\/progreso-implementara-infraestructura-inclusiva-en-su-malecon\/#article","isPartOf":{"@id":"https:\/\/reporteroshoy.mx\/noticias\/progreso-implementara-infraestructura-inclusiva-en-su-malecon\/"},"author":{"name":"Reporteros Hoy WP","@id":"https:\/\/reporteroshoy.mx\/noticias\/#\/schema\/person\/c977527e57c958a62c5cefe8fe47876e"},"headline":"Progreso implementar\u00e1 infraestructura inclusiva en su malec\u00f3n","datePublished":"2024-11-21T21:03:52+00:00","dateModified":"2024-11-22T05:07:15+00:00","mainEntityOfPage":{"@id":"https:\/\/reporteroshoy.mx\/noticias\/progreso-implementara-infraestructura-inclusiva-en-su-malecon\/"},"wordCount":263,"commentCount":0,"image":{"@id":"https:\/\/reporteroshoy.mx\/noticias\/progreso-implementara-infraestructura-inclusiva-en-su-malecon\/#primaryimage"},"thumbnailUrl":"https:\/\/reporteroshoy.mx\/noticias\/wp-content\/uploads\/2022\/01\/PROGRESO_MALECON.jpeg","keywords":["Inclusi\u00f3n","malec\u00f3n de progreso","Progreso"],"articleSection":["Yucat\u00e1n"],"inLanguage":"es","potentialAction":[{"@type":"CommentAction","name":"Comment","target":["https:\/\/reporteroshoy.mx\/noticias\/progreso-implementara-infraestructura-inclusiva-en-su-malecon\/#respond"]}]},{"@type":"WebPage","@id":"https:\/\/reporteroshoy.mx\/noticias\/progreso-implementara-infraestructura-inclusiva-en-su-malecon\/","url":"https:\/\/reporteroshoy.mx\/noticias\/progreso-implementara-infraestructura-inclusiva-en-su-malecon\/","name":"Progreso implementar\u00e1 infraestructura inclusiva en su malec\u00f3n","isPartOf":{"@id":"https:\/\/reporteroshoy.mx\/noticias\/#website"},"primaryImageOfPage":{"@id":"https:\/\/reporteroshoy.mx\/noticias\/progreso-implementara-infraestructura-inclusiva-en-su-malecon\/#primaryimage"},"image":{"@id":"https:\/\/reporteroshoy.mx\/noticias\/progreso-implementara-infraestructura-inclusiva-en-su-malecon\/#primaryimage"},"thumbnailUrl":"https:\/\/reporteroshoy.mx\/noticias\/wp-content\/uploads\/2022\/01\/PROGRESO_MALECON.jpeg","datePublished":"2024-11-21T21:03:52+00:00","dateModified":"2024-11-22T05:07:15+00:00","author":{"@id":"https:\/\/reporteroshoy.mx\/noticias\/#\/schema\/person\/c977527e57c958a62c5cefe8fe47876e"},"description":"La Comuna de Progreso trabaja en infraestructura inclusiva para mejorar la accesibilidad en el malec\u00f3n para personas con discapacidad.","breadcrumb":{"@id":"https:\/\/reporteroshoy.mx\/noticias\/progreso-implementara-infraestructura-inclusiva-en-su-malecon\/#breadcrumb"},"inLanguage":"es","potentialAction":[{"@type":"ReadAction","target":["https:\/\/reporteroshoy.mx\/noticias\/progreso-implementara-infraestructura-inclusiva-en-su-malecon\/"]}]},{"@type":"ImageObject","inLanguage":"es","@id":"https:\/\/reporteroshoy.mx\/noticias\/progreso-implementara-infraestructura-inclusiva-en-su-malecon\/#primaryimage","url":"https:\/\/reporteroshoy.mx\/noticias\/wp-content\/uploads\/2022\/01\/PROGRESO_MALECON.jpeg","contentUrl":"https:\/\/reporteroshoy.mx\/noticias\/wp-content\/uploads\/2022\/01\/PROGRESO_MALECON.jpeg","width":768,"height":435,"caption":"Progreso implementar\u00e1 infraestructura inclusiva en su malec\u00f3n"},{"@type":"BreadcrumbList","@id":"https:\/\/reporteroshoy.mx\/noticias\/progreso-implementara-infraestructura-inclusiva-en-su-malecon\/#breadcrumb","itemListElement":[{"@type":"ListItem","position":1,"name":"Portada","item":"https:\/\/reporteroshoy.mx\/noticias\/"},{"@type":"ListItem","position":2,"name":"Progreso implementar\u00e1 infraestructura inclusiva en su malec\u00f3n"}]},{"@type":"WebSite","@id":"https:\/\/reporteroshoy.mx\/noticias\/#website","url":"https:\/\/reporteroshoy.mx\/noticias\/","name":"Reporteros Hoy | Noticias de Yucat\u00e1n","description":"Peri\u00f3dico digital con noticias diarias desde M\u00e9rida, Yucat\u00e1n para el mundo.","potentialAction":[{"@type":"SearchAction","target":{"@type":"EntryPoint","urlTemplate":"https:\/\/reporteroshoy.mx\/noticias\/?s={search_term_string}"},"query-input":{"@type":"PropertyValueSpecification","valueRequired":true,"valueName":"search_term_string"}}],"inLanguage":"es"},{"@type":"Person","@id":"https:\/\/reporteroshoy.mx\/noticias\/#\/schema\/person\/c977527e57c958a62c5cefe8fe47876e","name":"Reporteros Hoy WP","image":{"@type":"ImageObject","inLanguage":"es","@id":"https:\/\/secure.gravatar.com\/avatar\/fd2917f79a7dae30f8ac9ddc2f35e1756bb59e25e01d1cd09deaa64df7b2f73e?s=96&d=mm&r=g","url":"https:\/\/secure.gravatar.com\/avatar\/fd2917f79a7dae30f8ac9ddc2f35e1756bb59e25e01d1cd09deaa64df7b2f73e?s=96&d=mm&r=g","contentUrl":"https:\/\/secure.gravatar.com\/avatar\/fd2917f79a7dae30f8ac9ddc2f35e1756bb59e25e01d1cd09deaa64df7b2f73e?s=96&d=mm&r=g","caption":"Reporteros Hoy WP"},"url":"https:\/\/reporteroshoy.mx\/noticias\/author\/walfer\/"}]}},"_links":{"self":[{"href":"https:\/\/reporteroshoy.mx\/noticias\/wp-json\/wp\/v2\/posts\/117482","targetHints":{"allow":["GET"]}}],"collection":[{"href":"https:\/\/reporteroshoy.mx\/noticias\/wp-json\/wp\/v2\/posts"}],"about":[{"href":"https:\/\/reporteroshoy.mx\/noticias\/wp-json\/wp\/v2\/types\/post"}],"author":[{"embeddable":true,"href":"https:\/\/reporteroshoy.mx\/noticias\/wp-json\/wp\/v2\/users\/9"}],"replies":[{"embeddable":true,"href":"https:\/\/reporteroshoy.mx\/noticias\/wp-json\/wp\/v2\/comments?post=117482"}],"version-history":[{"count":0,"href":"https:\/\/reporteroshoy.mx\/noticias\/wp-json\/wp\/v2\/posts\/117482\/revisions"}],"wp:featuredmedia":[{"embeddable":true,"href":"https:\/\/reporteroshoy.mx\/noticias\/wp-json\/wp\/v2\/media\/79289"}],"wp:attachment":[{"href":"https:\/\/reporteroshoy.mx\/noticias\/wp-json\/wp\/v2\/media?parent=117482"}],"wp:term":[{"taxonomy":"category","embeddable":true,"href":"https:\/\/reporteroshoy.mx\/noticias\/wp-json\/wp\/v2\/categories?post=117482"},{"taxonomy":"post_tag","embeddable":true,"href":"https:\/\/reporteroshoy.mx\/noticias\/wp-json\/wp\/v2\/tags?post=117482"}],"curies":[{"name":"wp","href":"https:\/\/api.w.org\/{rel}","templated":true}]}}