{"id":117518,"date":"2024-11-22T20:50:25","date_gmt":"2024-11-23T02:50:25","guid":{"rendered":"https:\/\/reporteroshoy.mx\/noticias\/?p=117518"},"modified":"2024-11-22T20:50:25","modified_gmt":"2024-11-23T02:50:25","slug":"tekanto-se-viste-de-fiesta-para-honrar-al-cristo-de-la-exaltacion","status":"publish","type":"post","link":"https:\/\/reporteroshoy.mx\/noticias\/tekanto-se-viste-de-fiesta-para-honrar-al-cristo-de-la-exaltacion\/","title":{"rendered":"Tekant\u00f3 se viste de fiesta para honrar al Cristo de la Exaltaci\u00f3n"},"content":{"rendered":"<p style=\"text-align: justify;\" data-sourcepos=\"5:1-5:229\"><span style=\"color: #000000;\">Con un ambiente lleno de alegr\u00eda y fervor religioso, la noche del jueves se realiz\u00f3 la magna vaquer\u00eda que marca el inicio de la tradicional fiesta en honor al Santo Cristo de la Exaltaci\u00f3n en <span style=\"text-decoration: underline; color: #0000ff;\"><strong><a style=\"color: #0000ff; text-decoration: underline;\" href=\"https:\/\/www.yucatan.gob.mx\/estado\/ver_municipio.php?id=78\">Tekant\u00f3<\/a><\/strong><\/span>.<\/span><\/p>\n<p data-sourcepos=\"5:1-5:229\"><img loading=\"lazy\" decoding=\"async\" class=\"wp-image-117521 aligncenter\" src=\"https:\/\/reporteroshoy.mx\/noticias\/wp-content\/uploads\/2024\/11\/TEKANTO-2-scaled.jpg\" alt=\"Tekant\u00f3 \" width=\"605\" height=\"432\" \/><\/p>\n<p style=\"text-align: justify;\" data-sourcepos=\"7:1-7:354\"><span style=\"color: #000000;\">Centenares de <span style=\"text-decoration: underline; color: #0000ff;\"><strong><a style=\"color: #0000ff; text-decoration: underline;\" href=\"https:\/\/reporteroshoy.mx\/noticias\/tag\/jarana\/\">jaraneros<\/a><\/strong><\/span> se dieron cita en la casa de la cultura para dar inicio a un recorrido lleno de color y m\u00fasica que los llev\u00f3 hasta el palacio municipal. Las calles adornadas con \u00abpasa calles\u00bb y luces de colores sirvieron como marco para la alegre procesi\u00f3n encabezada por autoridades municipales, estatales y las bellas embajadoras de la fiesta.<\/span><\/p>\n<p style=\"text-align: justify;\" data-sourcepos=\"7:1-7:354\"><img loading=\"lazy\" decoding=\"async\" class=\"size-full wp-image-117519 aligncenter\" src=\"https:\/\/reporteroshoy.mx\/noticias\/wp-content\/uploads\/2024\/11\/TEKANTO-4-scaled.jpg\" alt=\"Tekant\u00f3 \" width=\"548\" height=\"768\" srcset=\"https:\/\/reporteroshoy.mx\/noticias\/wp-content\/uploads\/2024\/11\/TEKANTO-4-scaled.jpg 548w, https:\/\/reporteroshoy.mx\/noticias\/wp-content\/uploads\/2024\/11\/TEKANTO-4-768x1077.jpg 768w\" sizes=\"auto, (max-width: 548px) 100vw, 548px\" \/> <span style=\"color: #000000;\">La noche alcanz\u00f3 su punto culminante en el recinto ferial, donde la embajadora Lucelly Yaremi Ferr\u00e1ez Lugo hizo su entrada triunfal, acompa\u00f1ada de su corte de honor y la contagiosa energ\u00eda de la Sonora Yucateca. Junto a ella, las embajadoras infantil y de se\u00f1oras, Candy Chi Kant\u00fan y Antonia Arceo Dom\u00ednguez, respectivamente, tambi\u00e9n fueron ovacionadas por el p\u00fablico.<\/span><\/p>\n<p data-sourcepos=\"9:1-9:369\"><img loading=\"lazy\" decoding=\"async\" class=\"wp-image-117520 aligncenter\" src=\"https:\/\/reporteroshoy.mx\/noticias\/wp-content\/uploads\/2024\/11\/TEKANTO-3-scaled.jpg\" alt=\"Tekant\u00f3 \" width=\"576\" height=\"411\" \/><\/p>\n<p style=\"text-align: justify;\" data-sourcepos=\"11:1-11:241\"><span style=\"color: #000000;\">Durante la ceremonia, las autoridades municipales, encabezadas por la alcaldesa Flory Cen Balam, coronaron oficialmente a las embajadoras, reconociendo su compromiso y dedicaci\u00f3n para representar a la comunidad en esta importante festividad.<\/span><\/p>\n<p style=\"text-align: justify;\" data-sourcepos=\"13:1-13:285\"><span style=\"color: #000000;\">En su mensaje, la alcaldesa destac\u00f3 la importancia de preservar las tradiciones y exhort\u00f3 a los presentes a disfrutar al m\u00e1ximo de esta noche de vaquer\u00eda. Por su parte, la embajadora Lucelly Ferr\u00e1ez Lugo expres\u00f3 su orgullo y emoci\u00f3n por representar a su pueblo.<\/span><\/p>\n<p data-sourcepos=\"13:1-13:285\"><img loading=\"lazy\" decoding=\"async\" class=\"wp-image-117522 aligncenter\" src=\"https:\/\/reporteroshoy.mx\/noticias\/wp-content\/uploads\/2024\/11\/TEKANTO-1-scaled.jpg\" alt=\"Tekant\u00f3 \" width=\"604\" height=\"340\" srcset=\"https:\/\/reporteroshoy.mx\/noticias\/wp-content\/uploads\/2024\/11\/TEKANTO-1-scaled.jpg 768w, https:\/\/reporteroshoy.mx\/noticias\/wp-content\/uploads\/2024\/11\/TEKANTO-1-1536x864.jpg 1536w\" sizes=\"auto, (max-width: 604px) 100vw, 604px\" \/><\/p>\n<p style=\"text-align: justify;\" data-sourcepos=\"15:1-15:166\"><span style=\"color: #000000;\">Con esta apertura, Tekant\u00f3 se prepara para vivir d\u00edas llenos de fervor religioso, m\u00fasica, danza y tradiciones, en honor al Santo Cristo de la Exaltaci\u00f3n.<\/span><\/p>\n","protected":false},"excerpt":{"rendered":"<p>Con un ambiente lleno de alegr\u00eda y fervor religioso, se realiz\u00f3 la magna vaquer\u00eda que marca el inicio de la fiesta en honor al Santo Cristo de la Exaltaci\u00f3n.<\/p>\n","protected":false},"author":2,"featured_media":117522,"comment_status":"open","ping_status":"closed","sticky":false,"template":"","format":"standard","meta":{"footnotes":""},"categories":[17],"tags":[2622,1212,1378,23],"class_list":["post-117518","post","type-post","status-publish","format-standard","has-post-thumbnail","hentry","category-yucatan","tag-cultura","tag-tekanto","tag-vaqueria","tag-yucatan"],"yoast_head":"<!-- This site is optimized with the Yoast SEO plugin v28.4 - https:\/\/yoast.com\/product\/yoast-seo-wordpress\/ -->\n<title>Tekant\u00f3 se viste de fiesta para honrar al Cristo de la Exaltaci\u00f3n<\/title>\n<meta name=\"description\" content=\"Con un ambiente lleno de alegr\u00eda y fervor religioso, en Tekant\u00f3 se realiz\u00f3 la magna vaquer\u00eda que marca el inicio de la fiesta en honor al Santo Cristo de la Exaltaci\u00f3n.\" \/>\n<meta name=\"robots\" content=\"index, follow, max-snippet:-1, max-image-preview:large, max-video-preview:-1\" \/>\n<link rel=\"canonical\" href=\"https:\/\/reporteroshoy.mx\/noticias\/tekanto-se-viste-de-fiesta-para-honrar-al-cristo-de-la-exaltacion\/\" \/>\n<meta property=\"og:locale\" content=\"es_ES\" \/>\n<meta property=\"og:type\" content=\"article\" \/>\n<meta property=\"og:title\" content=\"Tekant\u00f3 se viste de fiesta para honrar al Cristo de la Exaltaci\u00f3n\" \/>\n<meta property=\"og:description\" content=\"Con un ambiente lleno de alegr\u00eda y fervor religioso, en Tekant\u00f3 se realiz\u00f3 la magna vaquer\u00eda que marca el inicio de la fiesta en honor al Santo Cristo de la Exaltaci\u00f3n.\" \/>\n<meta property=\"og:url\" content=\"https:\/\/reporteroshoy.mx\/noticias\/tekanto-se-viste-de-fiesta-para-honrar-al-cristo-de-la-exaltacion\/\" \/>\n<meta property=\"og:site_name\" content=\"Reporteros Hoy | Noticias de Yucat\u00e1n\" \/>\n<meta property=\"article:publisher\" content=\"http:\/\/www.facebook.com\/reporteroshoymx\" \/>\n<meta property=\"article:published_time\" content=\"2024-11-23T02:50:25+00:00\" \/>\n<meta property=\"og:image\" content=\"https:\/\/reporteroshoy.mx\/noticias\/wp-content\/uploads\/2024\/11\/TEKANTO-1-scaled.jpg\" \/>\n\t<meta property=\"og:image:width\" content=\"768\" \/>\n\t<meta property=\"og:image:height\" content=\"432\" \/>\n\t<meta property=\"og:image:type\" content=\"image\/jpeg\" \/>\n<meta name=\"author\" content=\"Reporteros Hoy HY\" \/>\n<meta name=\"twitter:card\" content=\"summary_large_image\" \/>\n<meta name=\"twitter:creator\" content=\"@reporteroshoy\" \/>\n<meta name=\"twitter:site\" content=\"@reporteroshoy\" \/>\n<meta name=\"twitter:label1\" content=\"Escrito por\" \/>\n\t<meta name=\"twitter:data1\" content=\"Reporteros Hoy HY\" \/>\n\t<meta name=\"twitter:label2\" content=\"Tiempo de lectura\" \/>\n\t<meta name=\"twitter:data2\" content=\"3 minutos\" \/>\n<script type=\"application\/ld+json\" class=\"yoast-schema-graph\">{\"@context\":\"https:\\\/\\\/schema.org\",\"@graph\":[{\"@type\":\"Article\",\"@id\":\"https:\\\/\\\/reporteroshoy.mx\\\/noticias\\\/tekanto-se-viste-de-fiesta-para-honrar-al-cristo-de-la-exaltacion\\\/#article\",\"isPartOf\":{\"@id\":\"https:\\\/\\\/reporteroshoy.mx\\\/noticias\\\/tekanto-se-viste-de-fiesta-para-honrar-al-cristo-de-la-exaltacion\\\/\"},\"author\":{\"name\":\"Reporteros Hoy HY\",\"@id\":\"https:\\\/\\\/reporteroshoy.mx\\\/noticias\\\/#\\\/schema\\\/person\\\/d32189074678a9d41498d4248e29aac3\"},\"headline\":\"Tekant\u00f3 se viste de fiesta para honrar al Cristo de la Exaltaci\u00f3n\",\"datePublished\":\"2024-11-23T02:50:25+00:00\",\"mainEntityOfPage\":{\"@id\":\"https:\\\/\\\/reporteroshoy.mx\\\/noticias\\\/tekanto-se-viste-de-fiesta-para-honrar-al-cristo-de-la-exaltacion\\\/\"},\"wordCount\":288,\"commentCount\":0,\"image\":{\"@id\":\"https:\\\/\\\/reporteroshoy.mx\\\/noticias\\\/tekanto-se-viste-de-fiesta-para-honrar-al-cristo-de-la-exaltacion\\\/#primaryimage\"},\"thumbnailUrl\":\"https:\\\/\\\/reporteroshoy.mx\\\/noticias\\\/wp-content\\\/uploads\\\/2024\\\/11\\\/TEKANTO-1-scaled.jpg\",\"keywords\":[\"Cultura\",\"Tekant\u00f3\",\"Vaquer\u00eda\",\"Yucat\u00e1n\"],\"articleSection\":[\"Yucat\u00e1n\"],\"inLanguage\":\"es\",\"potentialAction\":[{\"@type\":\"CommentAction\",\"name\":\"Comment\",\"target\":[\"https:\\\/\\\/reporteroshoy.mx\\\/noticias\\\/tekanto-se-viste-de-fiesta-para-honrar-al-cristo-de-la-exaltacion\\\/#respond\"]}]},{\"@type\":\"WebPage\",\"@id\":\"https:\\\/\\\/reporteroshoy.mx\\\/noticias\\\/tekanto-se-viste-de-fiesta-para-honrar-al-cristo-de-la-exaltacion\\\/\",\"url\":\"https:\\\/\\\/reporteroshoy.mx\\\/noticias\\\/tekanto-se-viste-de-fiesta-para-honrar-al-cristo-de-la-exaltacion\\\/\",\"name\":\"Tekant\u00f3 se viste de fiesta para honrar al Cristo de la Exaltaci\u00f3n\",\"isPartOf\":{\"@id\":\"https:\\\/\\\/reporteroshoy.mx\\\/noticias\\\/#website\"},\"primaryImageOfPage\":{\"@id\":\"https:\\\/\\\/reporteroshoy.mx\\\/noticias\\\/tekanto-se-viste-de-fiesta-para-honrar-al-cristo-de-la-exaltacion\\\/#primaryimage\"},\"image\":{\"@id\":\"https:\\\/\\\/reporteroshoy.mx\\\/noticias\\\/tekanto-se-viste-de-fiesta-para-honrar-al-cristo-de-la-exaltacion\\\/#primaryimage\"},\"thumbnailUrl\":\"https:\\\/\\\/reporteroshoy.mx\\\/noticias\\\/wp-content\\\/uploads\\\/2024\\\/11\\\/TEKANTO-1-scaled.jpg\",\"datePublished\":\"2024-11-23T02:50:25+00:00\",\"author\":{\"@id\":\"https:\\\/\\\/reporteroshoy.mx\\\/noticias\\\/#\\\/schema\\\/person\\\/d32189074678a9d41498d4248e29aac3\"},\"description\":\"Con un ambiente lleno de alegr\u00eda y fervor religioso, en Tekant\u00f3 se realiz\u00f3 la magna vaquer\u00eda que marca el inicio de la fiesta en honor al Santo Cristo de la Exaltaci\u00f3n.\",\"breadcrumb\":{\"@id\":\"https:\\\/\\\/reporteroshoy.mx\\\/noticias\\\/tekanto-se-viste-de-fiesta-para-honrar-al-cristo-de-la-exaltacion\\\/#breadcrumb\"},\"inLanguage\":\"es\",\"potentialAction\":[{\"@type\":\"ReadAction\",\"target\":[\"https:\\\/\\\/reporteroshoy.mx\\\/noticias\\\/tekanto-se-viste-de-fiesta-para-honrar-al-cristo-de-la-exaltacion\\\/\"]}]},{\"@type\":\"ImageObject\",\"inLanguage\":\"es\",\"@id\":\"https:\\\/\\\/reporteroshoy.mx\\\/noticias\\\/tekanto-se-viste-de-fiesta-para-honrar-al-cristo-de-la-exaltacion\\\/#primaryimage\",\"url\":\"https:\\\/\\\/reporteroshoy.mx\\\/noticias\\\/wp-content\\\/uploads\\\/2024\\\/11\\\/TEKANTO-1-scaled.jpg\",\"contentUrl\":\"https:\\\/\\\/reporteroshoy.mx\\\/noticias\\\/wp-content\\\/uploads\\\/2024\\\/11\\\/TEKANTO-1-scaled.jpg\",\"width\":768,\"height\":432,\"caption\":\"Tekant\u00f3\"},{\"@type\":\"BreadcrumbList\",\"@id\":\"https:\\\/\\\/reporteroshoy.mx\\\/noticias\\\/tekanto-se-viste-de-fiesta-para-honrar-al-cristo-de-la-exaltacion\\\/#breadcrumb\",\"itemListElement\":[{\"@type\":\"ListItem\",\"position\":1,\"name\":\"Portada\",\"item\":\"https:\\\/\\\/reporteroshoy.mx\\\/noticias\\\/\"},{\"@type\":\"ListItem\",\"position\":2,\"name\":\"Tekant\u00f3 se viste de fiesta para honrar al Cristo de la Exaltaci\u00f3n\"}]},{\"@type\":\"WebSite\",\"@id\":\"https:\\\/\\\/reporteroshoy.mx\\\/noticias\\\/#website\",\"url\":\"https:\\\/\\\/reporteroshoy.mx\\\/noticias\\\/\",\"name\":\"Reporteros Hoy | Noticias de Yucat\u00e1n\",\"description\":\"Peri\u00f3dico digital con noticias diarias desde M\u00e9rida, Yucat\u00e1n para el mundo.\",\"potentialAction\":[{\"@type\":\"SearchAction\",\"target\":{\"@type\":\"EntryPoint\",\"urlTemplate\":\"https:\\\/\\\/reporteroshoy.mx\\\/noticias\\\/?s={search_term_string}\"},\"query-input\":{\"@type\":\"PropertyValueSpecification\",\"valueRequired\":true,\"valueName\":\"search_term_string\"}}],\"inLanguage\":\"es\"},{\"@type\":\"Person\",\"@id\":\"https:\\\/\\\/reporteroshoy.mx\\\/noticias\\\/#\\\/schema\\\/person\\\/d32189074678a9d41498d4248e29aac3\",\"name\":\"Reporteros Hoy HY\",\"image\":{\"@type\":\"ImageObject\",\"inLanguage\":\"es\",\"@id\":\"https:\\\/\\\/secure.gravatar.com\\\/avatar\\\/c539a82770f256437b35bda44650bb50f5fd4b7017f8b29672ed9f27a43cec47?s=96&d=mm&r=g\",\"url\":\"https:\\\/\\\/secure.gravatar.com\\\/avatar\\\/c539a82770f256437b35bda44650bb50f5fd4b7017f8b29672ed9f27a43cec47?s=96&d=mm&r=g\",\"contentUrl\":\"https:\\\/\\\/secure.gravatar.com\\\/avatar\\\/c539a82770f256437b35bda44650bb50f5fd4b7017f8b29672ed9f27a43cec47?s=96&d=mm&r=g\",\"caption\":\"Reporteros Hoy HY\"},\"url\":\"https:\\\/\\\/reporteroshoy.mx\\\/noticias\\\/author\\\/thelmo\\\/\"}]}<\/script>\n<!-- \/ Yoast SEO plugin. -->","yoast_head_json":{"title":"Tekant\u00f3 se viste de fiesta para honrar al Cristo de la Exaltaci\u00f3n","description":"Con un ambiente lleno de alegr\u00eda y fervor religioso, en Tekant\u00f3 se realiz\u00f3 la magna vaquer\u00eda que marca el inicio de la fiesta en honor al Santo Cristo de la Exaltaci\u00f3n.","robots":{"index":"index","follow":"follow","max-snippet":"max-snippet:-1","max-image-preview":"max-image-preview:large","max-video-preview":"max-video-preview:-1"},"canonical":"https:\/\/reporteroshoy.mx\/noticias\/tekanto-se-viste-de-fiesta-para-honrar-al-cristo-de-la-exaltacion\/","og_locale":"es_ES","og_type":"article","og_title":"Tekant\u00f3 se viste de fiesta para honrar al Cristo de la Exaltaci\u00f3n","og_description":"Con un ambiente lleno de alegr\u00eda y fervor religioso, en Tekant\u00f3 se realiz\u00f3 la magna vaquer\u00eda que marca el inicio de la fiesta en honor al Santo Cristo de la Exaltaci\u00f3n.","og_url":"https:\/\/reporteroshoy.mx\/noticias\/tekanto-se-viste-de-fiesta-para-honrar-al-cristo-de-la-exaltacion\/","og_site_name":"Reporteros Hoy | Noticias de Yucat\u00e1n","article_publisher":"http:\/\/www.facebook.com\/reporteroshoymx","article_published_time":"2024-11-23T02:50:25+00:00","og_image":[{"width":768,"height":432,"url":"https:\/\/reporteroshoy.mx\/noticias\/wp-content\/uploads\/2024\/11\/TEKANTO-1-scaled.jpg","type":"image\/jpeg"}],"author":"Reporteros Hoy HY","twitter_card":"summary_large_image","twitter_creator":"@reporteroshoy","twitter_site":"@reporteroshoy","twitter_misc":{"Escrito por":"Reporteros Hoy HY","Tiempo de lectura":"3 minutos"},"schema":{"@context":"https:\/\/schema.org","@graph":[{"@type":"Article","@id":"https:\/\/reporteroshoy.mx\/noticias\/tekanto-se-viste-de-fiesta-para-honrar-al-cristo-de-la-exaltacion\/#article","isPartOf":{"@id":"https:\/\/reporteroshoy.mx\/noticias\/tekanto-se-viste-de-fiesta-para-honrar-al-cristo-de-la-exaltacion\/"},"author":{"name":"Reporteros Hoy HY","@id":"https:\/\/reporteroshoy.mx\/noticias\/#\/schema\/person\/d32189074678a9d41498d4248e29aac3"},"headline":"Tekant\u00f3 se viste de fiesta para honrar al Cristo de la Exaltaci\u00f3n","datePublished":"2024-11-23T02:50:25+00:00","mainEntityOfPage":{"@id":"https:\/\/reporteroshoy.mx\/noticias\/tekanto-se-viste-de-fiesta-para-honrar-al-cristo-de-la-exaltacion\/"},"wordCount":288,"commentCount":0,"image":{"@id":"https:\/\/reporteroshoy.mx\/noticias\/tekanto-se-viste-de-fiesta-para-honrar-al-cristo-de-la-exaltacion\/#primaryimage"},"thumbnailUrl":"https:\/\/reporteroshoy.mx\/noticias\/wp-content\/uploads\/2024\/11\/TEKANTO-1-scaled.jpg","keywords":["Cultura","Tekant\u00f3","Vaquer\u00eda","Yucat\u00e1n"],"articleSection":["Yucat\u00e1n"],"inLanguage":"es","potentialAction":[{"@type":"CommentAction","name":"Comment","target":["https:\/\/reporteroshoy.mx\/noticias\/tekanto-se-viste-de-fiesta-para-honrar-al-cristo-de-la-exaltacion\/#respond"]}]},{"@type":"WebPage","@id":"https:\/\/reporteroshoy.mx\/noticias\/tekanto-se-viste-de-fiesta-para-honrar-al-cristo-de-la-exaltacion\/","url":"https:\/\/reporteroshoy.mx\/noticias\/tekanto-se-viste-de-fiesta-para-honrar-al-cristo-de-la-exaltacion\/","name":"Tekant\u00f3 se viste de fiesta para honrar al Cristo de la Exaltaci\u00f3n","isPartOf":{"@id":"https:\/\/reporteroshoy.mx\/noticias\/#website"},"primaryImageOfPage":{"@id":"https:\/\/reporteroshoy.mx\/noticias\/tekanto-se-viste-de-fiesta-para-honrar-al-cristo-de-la-exaltacion\/#primaryimage"},"image":{"@id":"https:\/\/reporteroshoy.mx\/noticias\/tekanto-se-viste-de-fiesta-para-honrar-al-cristo-de-la-exaltacion\/#primaryimage"},"thumbnailUrl":"https:\/\/reporteroshoy.mx\/noticias\/wp-content\/uploads\/2024\/11\/TEKANTO-1-scaled.jpg","datePublished":"2024-11-23T02:50:25+00:00","author":{"@id":"https:\/\/reporteroshoy.mx\/noticias\/#\/schema\/person\/d32189074678a9d41498d4248e29aac3"},"description":"Con un ambiente lleno de alegr\u00eda y fervor religioso, en Tekant\u00f3 se realiz\u00f3 la magna vaquer\u00eda que marca el inicio de la fiesta en honor al Santo Cristo de la Exaltaci\u00f3n.","breadcrumb":{"@id":"https:\/\/reporteroshoy.mx\/noticias\/tekanto-se-viste-de-fiesta-para-honrar-al-cristo-de-la-exaltacion\/#breadcrumb"},"inLanguage":"es","potentialAction":[{"@type":"ReadAction","target":["https:\/\/reporteroshoy.mx\/noticias\/tekanto-se-viste-de-fiesta-para-honrar-al-cristo-de-la-exaltacion\/"]}]},{"@type":"ImageObject","inLanguage":"es","@id":"https:\/\/reporteroshoy.mx\/noticias\/tekanto-se-viste-de-fiesta-para-honrar-al-cristo-de-la-exaltacion\/#primaryimage","url":"https:\/\/reporteroshoy.mx\/noticias\/wp-content\/uploads\/2024\/11\/TEKANTO-1-scaled.jpg","contentUrl":"https:\/\/reporteroshoy.mx\/noticias\/wp-content\/uploads\/2024\/11\/TEKANTO-1-scaled.jpg","width":768,"height":432,"caption":"Tekant\u00f3"},{"@type":"BreadcrumbList","@id":"https:\/\/reporteroshoy.mx\/noticias\/tekanto-se-viste-de-fiesta-para-honrar-al-cristo-de-la-exaltacion\/#breadcrumb","itemListElement":[{"@type":"ListItem","position":1,"name":"Portada","item":"https:\/\/reporteroshoy.mx\/noticias\/"},{"@type":"ListItem","position":2,"name":"Tekant\u00f3 se viste de fiesta para honrar al Cristo de la Exaltaci\u00f3n"}]},{"@type":"WebSite","@id":"https:\/\/reporteroshoy.mx\/noticias\/#website","url":"https:\/\/reporteroshoy.mx\/noticias\/","name":"Reporteros Hoy | Noticias de Yucat\u00e1n","description":"Peri\u00f3dico digital con noticias diarias desde M\u00e9rida, Yucat\u00e1n para el mundo.","potentialAction":[{"@type":"SearchAction","target":{"@type":"EntryPoint","urlTemplate":"https:\/\/reporteroshoy.mx\/noticias\/?s={search_term_string}"},"query-input":{"@type":"PropertyValueSpecification","valueRequired":true,"valueName":"search_term_string"}}],"inLanguage":"es"},{"@type":"Person","@id":"https:\/\/reporteroshoy.mx\/noticias\/#\/schema\/person\/d32189074678a9d41498d4248e29aac3","name":"Reporteros Hoy HY","image":{"@type":"ImageObject","inLanguage":"es","@id":"https:\/\/secure.gravatar.com\/avatar\/c539a82770f256437b35bda44650bb50f5fd4b7017f8b29672ed9f27a43cec47?s=96&d=mm&r=g","url":"https:\/\/secure.gravatar.com\/avatar\/c539a82770f256437b35bda44650bb50f5fd4b7017f8b29672ed9f27a43cec47?s=96&d=mm&r=g","contentUrl":"https:\/\/secure.gravatar.com\/avatar\/c539a82770f256437b35bda44650bb50f5fd4b7017f8b29672ed9f27a43cec47?s=96&d=mm&r=g","caption":"Reporteros Hoy HY"},"url":"https:\/\/reporteroshoy.mx\/noticias\/author\/thelmo\/"}]}},"_links":{"self":[{"href":"https:\/\/reporteroshoy.mx\/noticias\/wp-json\/wp\/v2\/posts\/117518","targetHints":{"allow":["GET"]}}],"collection":[{"href":"https:\/\/reporteroshoy.mx\/noticias\/wp-json\/wp\/v2\/posts"}],"about":[{"href":"https:\/\/reporteroshoy.mx\/noticias\/wp-json\/wp\/v2\/types\/post"}],"author":[{"embeddable":true,"href":"https:\/\/reporteroshoy.mx\/noticias\/wp-json\/wp\/v2\/users\/2"}],"replies":[{"embeddable":true,"href":"https:\/\/reporteroshoy.mx\/noticias\/wp-json\/wp\/v2\/comments?post=117518"}],"version-history":[{"count":0,"href":"https:\/\/reporteroshoy.mx\/noticias\/wp-json\/wp\/v2\/posts\/117518\/revisions"}],"wp:featuredmedia":[{"embeddable":true,"href":"https:\/\/reporteroshoy.mx\/noticias\/wp-json\/wp\/v2\/media\/117522"}],"wp:attachment":[{"href":"https:\/\/reporteroshoy.mx\/noticias\/wp-json\/wp\/v2\/media?parent=117518"}],"wp:term":[{"taxonomy":"category","embeddable":true,"href":"https:\/\/reporteroshoy.mx\/noticias\/wp-json\/wp\/v2\/categories?post=117518"},{"taxonomy":"post_tag","embeddable":true,"href":"https:\/\/reporteroshoy.mx\/noticias\/wp-json\/wp\/v2\/tags?post=117518"}],"curies":[{"name":"wp","href":"https:\/\/api.w.org\/{rel}","templated":true}]}}