{"id":117586,"date":"2024-11-26T14:34:43","date_gmt":"2024-11-26T20:34:43","guid":{"rendered":"https:\/\/reporteroshoy.mx\/noticias\/?p=117586"},"modified":"2024-11-26T14:34:43","modified_gmt":"2024-11-26T20:34:43","slug":"inteligencia-artificial-revolucion-del-siglo","status":"publish","type":"post","link":"https:\/\/reporteroshoy.mx\/noticias\/inteligencia-artificial-revolucion-del-siglo\/","title":{"rendered":"Inteligencia artificial, revoluci\u00f3n del siglo"},"content":{"rendered":"<p style=\"text-align: justify;\">En un llamado a abrazar la transformaci\u00f3n tecnol\u00f3gica, la Semana de la Econom\u00eda Digital inici\u00f3 en M\u00e9rida con un enfoque en la capacitaci\u00f3n y adopci\u00f3n de inteligencia artificial como herramienta clave para el crecimiento empresarial.<\/p>\n<p style=\"text-align: justify;\">Organizado por <strong><span style=\"color: #0000ff;\"><a style=\"color: #0000ff;\" href=\"https:\/\/canacintrayucatan.org.mx\/\">Canacintra<\/a> <\/span><\/strong>y <strong><span style=\"color: #0000ff;\"><a style=\"color: #0000ff;\" href=\"https:\/\/www.canieti.org\/inicio.aspx\">Canieti<\/a><\/span><\/strong>, y con el respaldo del Gobierno del Estado, el evento, efectuado en el Siglo XXI, reuni\u00f3 a l\u00edderes empresariales y tecnol\u00f3gicos para subrayar que la digitalizaci\u00f3n es una necesidad ineludible en el mundo actual.<\/p>\n<h4 style=\"text-align: justify;\"><strong>La era de la inteligencia artificial<\/strong><\/h4>\n<p style=\"text-align: justify;\">En la inauguraci\u00f3n, Alejandro G\u00f3mory Mart\u00ednez, presidente de Canacintra y del Consejo Coordinador Empresarial, declar\u00f3 que la inteligencia artificial y la miner\u00eda de datos son ejes transformadores en esta cuarta edici\u00f3n del evento. \u201cFortalecer la productividad a trav\u00e9s del tr\u00e1fico digital es la nueva revoluci\u00f3n de este siglo. Hace cinco a\u00f1os comenzamos con la agenda de transformaci\u00f3n digital, y hoy, con talleres y conferencias de expertos de Amazon, Google y Meta, damos un paso m\u00e1s hacia el futuro\u201d, se\u00f1al\u00f3.<\/p>\n<p><img loading=\"lazy\" decoding=\"async\" class=\"wp-image-117587 aligncenter\" src=\"https:\/\/reporteroshoy.mx\/noticias\/wp-content\/uploads\/2024\/11\/Economia-Digital-scaled.jpeg\" alt=\"\" width=\"598\" height=\"337\" srcset=\"https:\/\/reporteroshoy.mx\/noticias\/wp-content\/uploads\/2024\/11\/Economia-Digital-scaled.jpeg 768w, https:\/\/reporteroshoy.mx\/noticias\/wp-content\/uploads\/2024\/11\/Economia-Digital-1536x864.jpeg 1536w\" sizes=\"auto, (max-width: 598px) 100vw, 598px\" \/><\/p>\n<h4 style=\"text-align: justify;\"><strong>\u201cLa digitalizaci\u00f3n no es un lujo, es una necesidad\u201d<\/strong><\/h4>\n<p style=\"text-align: justify;\">Juli\u00e1n Morales Rivas, presidente de la C\u00e1mara Nacional de la Industria Electr\u00f3nica, de Telecomunicaciones y Tecnolog\u00edas de la Informaci\u00f3n (CANIETI), destac\u00f3 que las empresas que no se digitalicen para 2030 enfrentar\u00e1n desaf\u00edos significativos. \u201cNuestro compromiso con el desarrollo tecnol\u00f3gico no solo abre oportunidades de aprendizaje, sino tambi\u00e9n nos posiciona como referentes en tecnolog\u00eda. La digitalizaci\u00f3n debe ser un pilar de nuestras estrategias empresariales\u201d, afirm\u00f3.<\/p>\n<p style=\"text-align: justify;\"><em><strong>Te interesa:\u00a0<a href=\"https:\/\/reporteroshoy.mx\/noticias\/empresas-yucatecas-necesitan-adoptar-inteligencia-artificial-urgentemente\/\">Empresas yucatecas necesitan adoptar inteligencia artificial urgentemente<\/a><\/strong><\/em><\/p>\n<p style=\"text-align: justify;\">Por su parte, Gerardo Gonz\u00e1lez Morales, presidente de la C\u00e1mara de la Industria del Vestido, resalt\u00f3 c\u00f3mo su sector ya ha dado grandes pasos en este \u00e1mbito. \u201cHemos incorporado tecnolog\u00eda de punta con laboratorios digitales y maquinaria de impresi\u00f3n para la industria. Estamos preparados para competir en un mundo globalizado\u201d, dijo, anunciando tambi\u00e9n un pr\u00f3ximo convenio con el gobierno estatal.<\/p>\n<h4 style=\"text-align: justify;\"><strong>Transformaci\u00f3n empresarial como meta estatal<\/strong><\/h4>\n<p style=\"text-align: justify;\">El subsecretario de Inversi\u00f3n y Fomento, Roger G\u00f3ngora Garc\u00eda, subray\u00f3 la importancia de las herramientas digitales para las empresas locales. \u201cEn esta edici\u00f3n participan microempresas (45%), peque\u00f1as (25%) y medianas (30%). Buscamos que todas adopten estas tecnolog\u00edas para optimizar sus procesos y ser m\u00e1s competitivas\u201d, declar\u00f3.<\/p>\n<h4 style=\"text-align: justify;\"><strong>Un futuro liderado por la tecnolog\u00eda<\/strong><\/h4>\n<p style=\"text-align: justify;\">La Semana de la Econom\u00eda Digital representa una plataforma crucial para posicionar a Yucat\u00e1n como un referente tecnol\u00f3gico en M\u00e9xico. Con actividades dirigidas a empresarios y emprendedores, el evento pone \u00e9nfasis en la capacitaci\u00f3n para utilizar la inteligencia artificial como una herramienta que no solo mejora la productividad, sino que redefine la manera de trabajar en el mundo empresarial.<\/p>\n<p style=\"text-align: justify;\">\u201cEstamos viviendo una nueva revoluci\u00f3n tecnol\u00f3gica. Adaptarse no es opcional; es esencial para competir y prosperar en un mundo cada vez m\u00e1s digitalizado\u201d, concluyeron los organizadores.<\/p>\n<p><strong>ACOM<\/strong><\/p>\n","protected":false},"excerpt":{"rendered":"<p>La Semana de Econom\u00eda Digital en M\u00e9rida promueve la adopci\u00f3n de inteligencia artificial como clave para crecimiento empresarial.<\/p>\n","protected":false},"author":9,"featured_media":117587,"comment_status":"open","ping_status":"closed","sticky":false,"template":"","format":"standard","meta":{"footnotes":""},"categories":[5],"tags":[369,2984,10246,26827],"class_list":["post-117586","post","type-post","status-publish","format-standard","has-post-thumbnail","hentry","category-empresas","tag-canacintra","tag-canieti","tag-inteligencia-artificial","tag-semana-de-economia-digital"],"yoast_head":"<!-- This site is optimized with the Yoast SEO plugin v28.4 - https:\/\/yoast.com\/product\/yoast-seo-wordpress\/ -->\n<title>Inteligencia artificial, revoluci\u00f3n del siglo<\/title>\n<meta name=\"description\" content=\"La Semana de Econom\u00eda Digital en M\u00e9rida promueve la adopci\u00f3n de inteligencia artificial como clave para crecimiento empresarial.\" \/>\n<meta name=\"robots\" content=\"index, follow, max-snippet:-1, max-image-preview:large, max-video-preview:-1\" \/>\n<link rel=\"canonical\" href=\"https:\/\/reporteroshoy.mx\/noticias\/inteligencia-artificial-revolucion-del-siglo\/\" \/>\n<meta property=\"og:locale\" content=\"es_ES\" \/>\n<meta property=\"og:type\" content=\"article\" \/>\n<meta property=\"og:title\" content=\"Inteligencia artificial, revoluci\u00f3n del siglo\" \/>\n<meta property=\"og:description\" content=\"La Semana de Econom\u00eda Digital en M\u00e9rida promueve la adopci\u00f3n de inteligencia artificial como clave para crecimiento empresarial.\" \/>\n<meta property=\"og:url\" content=\"https:\/\/reporteroshoy.mx\/noticias\/inteligencia-artificial-revolucion-del-siglo\/\" \/>\n<meta property=\"og:site_name\" content=\"Reporteros Hoy | Noticias de Yucat\u00e1n\" \/>\n<meta property=\"article:publisher\" content=\"http:\/\/www.facebook.com\/reporteroshoymx\" \/>\n<meta property=\"article:published_time\" content=\"2024-11-26T20:34:43+00:00\" \/>\n<meta property=\"og:image\" content=\"https:\/\/reporteroshoy.mx\/noticias\/wp-content\/uploads\/2024\/11\/Economia-Digital-scaled.jpeg\" \/>\n\t<meta property=\"og:image:width\" content=\"768\" \/>\n\t<meta property=\"og:image:height\" content=\"432\" \/>\n\t<meta property=\"og:image:type\" content=\"image\/jpeg\" \/>\n<meta name=\"author\" content=\"Reporteros Hoy WP\" \/>\n<meta name=\"twitter:card\" content=\"summary_large_image\" \/>\n<meta name=\"twitter:creator\" content=\"@reporteroshoy\" \/>\n<meta name=\"twitter:site\" content=\"@reporteroshoy\" \/>\n<meta name=\"twitter:label1\" content=\"Escrito por\" \/>\n\t<meta name=\"twitter:data1\" content=\"Reporteros Hoy WP\" \/>\n\t<meta name=\"twitter:label2\" content=\"Tiempo de lectura\" \/>\n\t<meta name=\"twitter:data2\" content=\"3 minutos\" \/>\n<script type=\"application\/ld+json\" class=\"yoast-schema-graph\">{\"@context\":\"https:\\\/\\\/schema.org\",\"@graph\":[{\"@type\":\"Article\",\"@id\":\"https:\\\/\\\/reporteroshoy.mx\\\/noticias\\\/inteligencia-artificial-revolucion-del-siglo\\\/#article\",\"isPartOf\":{\"@id\":\"https:\\\/\\\/reporteroshoy.mx\\\/noticias\\\/inteligencia-artificial-revolucion-del-siglo\\\/\"},\"author\":{\"name\":\"Reporteros Hoy WP\",\"@id\":\"https:\\\/\\\/reporteroshoy.mx\\\/noticias\\\/#\\\/schema\\\/person\\\/c977527e57c958a62c5cefe8fe47876e\"},\"headline\":\"Inteligencia artificial, revoluci\u00f3n del siglo\",\"datePublished\":\"2024-11-26T20:34:43+00:00\",\"mainEntityOfPage\":{\"@id\":\"https:\\\/\\\/reporteroshoy.mx\\\/noticias\\\/inteligencia-artificial-revolucion-del-siglo\\\/\"},\"wordCount\":503,\"commentCount\":0,\"image\":{\"@id\":\"https:\\\/\\\/reporteroshoy.mx\\\/noticias\\\/inteligencia-artificial-revolucion-del-siglo\\\/#primaryimage\"},\"thumbnailUrl\":\"https:\\\/\\\/reporteroshoy.mx\\\/noticias\\\/wp-content\\\/uploads\\\/2024\\\/11\\\/Economia-Digital-scaled.jpeg\",\"keywords\":[\"Canacintra\",\"CANIETI\",\"Inteligencia artificial\",\"Semana de Econom\u00eda Digital\"],\"articleSection\":[\"Empresas\"],\"inLanguage\":\"es\",\"potentialAction\":[{\"@type\":\"CommentAction\",\"name\":\"Comment\",\"target\":[\"https:\\\/\\\/reporteroshoy.mx\\\/noticias\\\/inteligencia-artificial-revolucion-del-siglo\\\/#respond\"]}]},{\"@type\":\"WebPage\",\"@id\":\"https:\\\/\\\/reporteroshoy.mx\\\/noticias\\\/inteligencia-artificial-revolucion-del-siglo\\\/\",\"url\":\"https:\\\/\\\/reporteroshoy.mx\\\/noticias\\\/inteligencia-artificial-revolucion-del-siglo\\\/\",\"name\":\"Inteligencia artificial, revoluci\u00f3n del siglo\",\"isPartOf\":{\"@id\":\"https:\\\/\\\/reporteroshoy.mx\\\/noticias\\\/#website\"},\"primaryImageOfPage\":{\"@id\":\"https:\\\/\\\/reporteroshoy.mx\\\/noticias\\\/inteligencia-artificial-revolucion-del-siglo\\\/#primaryimage\"},\"image\":{\"@id\":\"https:\\\/\\\/reporteroshoy.mx\\\/noticias\\\/inteligencia-artificial-revolucion-del-siglo\\\/#primaryimage\"},\"thumbnailUrl\":\"https:\\\/\\\/reporteroshoy.mx\\\/noticias\\\/wp-content\\\/uploads\\\/2024\\\/11\\\/Economia-Digital-scaled.jpeg\",\"datePublished\":\"2024-11-26T20:34:43+00:00\",\"author\":{\"@id\":\"https:\\\/\\\/reporteroshoy.mx\\\/noticias\\\/#\\\/schema\\\/person\\\/c977527e57c958a62c5cefe8fe47876e\"},\"description\":\"La Semana de Econom\u00eda Digital en M\u00e9rida promueve la adopci\u00f3n de inteligencia artificial como clave para crecimiento empresarial.\",\"breadcrumb\":{\"@id\":\"https:\\\/\\\/reporteroshoy.mx\\\/noticias\\\/inteligencia-artificial-revolucion-del-siglo\\\/#breadcrumb\"},\"inLanguage\":\"es\",\"potentialAction\":[{\"@type\":\"ReadAction\",\"target\":[\"https:\\\/\\\/reporteroshoy.mx\\\/noticias\\\/inteligencia-artificial-revolucion-del-siglo\\\/\"]}]},{\"@type\":\"ImageObject\",\"inLanguage\":\"es\",\"@id\":\"https:\\\/\\\/reporteroshoy.mx\\\/noticias\\\/inteligencia-artificial-revolucion-del-siglo\\\/#primaryimage\",\"url\":\"https:\\\/\\\/reporteroshoy.mx\\\/noticias\\\/wp-content\\\/uploads\\\/2024\\\/11\\\/Economia-Digital-scaled.jpeg\",\"contentUrl\":\"https:\\\/\\\/reporteroshoy.mx\\\/noticias\\\/wp-content\\\/uploads\\\/2024\\\/11\\\/Economia-Digital-scaled.jpeg\",\"width\":768,\"height\":432,\"caption\":\"Inteligencia artificial, revoluci\u00f3n del siglo\"},{\"@type\":\"BreadcrumbList\",\"@id\":\"https:\\\/\\\/reporteroshoy.mx\\\/noticias\\\/inteligencia-artificial-revolucion-del-siglo\\\/#breadcrumb\",\"itemListElement\":[{\"@type\":\"ListItem\",\"position\":1,\"name\":\"Portada\",\"item\":\"https:\\\/\\\/reporteroshoy.mx\\\/noticias\\\/\"},{\"@type\":\"ListItem\",\"position\":2,\"name\":\"Inteligencia artificial, revoluci\u00f3n del siglo\"}]},{\"@type\":\"WebSite\",\"@id\":\"https:\\\/\\\/reporteroshoy.mx\\\/noticias\\\/#website\",\"url\":\"https:\\\/\\\/reporteroshoy.mx\\\/noticias\\\/\",\"name\":\"Reporteros Hoy | Noticias de Yucat\u00e1n\",\"description\":\"Peri\u00f3dico digital con noticias diarias desde M\u00e9rida, Yucat\u00e1n para el mundo.\",\"potentialAction\":[{\"@type\":\"SearchAction\",\"target\":{\"@type\":\"EntryPoint\",\"urlTemplate\":\"https:\\\/\\\/reporteroshoy.mx\\\/noticias\\\/?s={search_term_string}\"},\"query-input\":{\"@type\":\"PropertyValueSpecification\",\"valueRequired\":true,\"valueName\":\"search_term_string\"}}],\"inLanguage\":\"es\"},{\"@type\":\"Person\",\"@id\":\"https:\\\/\\\/reporteroshoy.mx\\\/noticias\\\/#\\\/schema\\\/person\\\/c977527e57c958a62c5cefe8fe47876e\",\"name\":\"Reporteros Hoy WP\",\"image\":{\"@type\":\"ImageObject\",\"inLanguage\":\"es\",\"@id\":\"https:\\\/\\\/secure.gravatar.com\\\/avatar\\\/fd2917f79a7dae30f8ac9ddc2f35e1756bb59e25e01d1cd09deaa64df7b2f73e?s=96&d=mm&r=g\",\"url\":\"https:\\\/\\\/secure.gravatar.com\\\/avatar\\\/fd2917f79a7dae30f8ac9ddc2f35e1756bb59e25e01d1cd09deaa64df7b2f73e?s=96&d=mm&r=g\",\"contentUrl\":\"https:\\\/\\\/secure.gravatar.com\\\/avatar\\\/fd2917f79a7dae30f8ac9ddc2f35e1756bb59e25e01d1cd09deaa64df7b2f73e?s=96&d=mm&r=g\",\"caption\":\"Reporteros Hoy WP\"},\"url\":\"https:\\\/\\\/reporteroshoy.mx\\\/noticias\\\/author\\\/walfer\\\/\"}]}<\/script>\n<!-- \/ Yoast SEO plugin. -->","yoast_head_json":{"title":"Inteligencia artificial, revoluci\u00f3n del siglo","description":"La Semana de Econom\u00eda Digital en M\u00e9rida promueve la adopci\u00f3n de inteligencia artificial como clave para crecimiento empresarial.","robots":{"index":"index","follow":"follow","max-snippet":"max-snippet:-1","max-image-preview":"max-image-preview:large","max-video-preview":"max-video-preview:-1"},"canonical":"https:\/\/reporteroshoy.mx\/noticias\/inteligencia-artificial-revolucion-del-siglo\/","og_locale":"es_ES","og_type":"article","og_title":"Inteligencia artificial, revoluci\u00f3n del siglo","og_description":"La Semana de Econom\u00eda Digital en M\u00e9rida promueve la adopci\u00f3n de inteligencia artificial como clave para crecimiento empresarial.","og_url":"https:\/\/reporteroshoy.mx\/noticias\/inteligencia-artificial-revolucion-del-siglo\/","og_site_name":"Reporteros Hoy | Noticias de Yucat\u00e1n","article_publisher":"http:\/\/www.facebook.com\/reporteroshoymx","article_published_time":"2024-11-26T20:34:43+00:00","og_image":[{"width":768,"height":432,"url":"https:\/\/reporteroshoy.mx\/noticias\/wp-content\/uploads\/2024\/11\/Economia-Digital-scaled.jpeg","type":"image\/jpeg"}],"author":"Reporteros Hoy WP","twitter_card":"summary_large_image","twitter_creator":"@reporteroshoy","twitter_site":"@reporteroshoy","twitter_misc":{"Escrito por":"Reporteros Hoy WP","Tiempo de lectura":"3 minutos"},"schema":{"@context":"https:\/\/schema.org","@graph":[{"@type":"Article","@id":"https:\/\/reporteroshoy.mx\/noticias\/inteligencia-artificial-revolucion-del-siglo\/#article","isPartOf":{"@id":"https:\/\/reporteroshoy.mx\/noticias\/inteligencia-artificial-revolucion-del-siglo\/"},"author":{"name":"Reporteros Hoy WP","@id":"https:\/\/reporteroshoy.mx\/noticias\/#\/schema\/person\/c977527e57c958a62c5cefe8fe47876e"},"headline":"Inteligencia artificial, revoluci\u00f3n del siglo","datePublished":"2024-11-26T20:34:43+00:00","mainEntityOfPage":{"@id":"https:\/\/reporteroshoy.mx\/noticias\/inteligencia-artificial-revolucion-del-siglo\/"},"wordCount":503,"commentCount":0,"image":{"@id":"https:\/\/reporteroshoy.mx\/noticias\/inteligencia-artificial-revolucion-del-siglo\/#primaryimage"},"thumbnailUrl":"https:\/\/reporteroshoy.mx\/noticias\/wp-content\/uploads\/2024\/11\/Economia-Digital-scaled.jpeg","keywords":["Canacintra","CANIETI","Inteligencia artificial","Semana de Econom\u00eda Digital"],"articleSection":["Empresas"],"inLanguage":"es","potentialAction":[{"@type":"CommentAction","name":"Comment","target":["https:\/\/reporteroshoy.mx\/noticias\/inteligencia-artificial-revolucion-del-siglo\/#respond"]}]},{"@type":"WebPage","@id":"https:\/\/reporteroshoy.mx\/noticias\/inteligencia-artificial-revolucion-del-siglo\/","url":"https:\/\/reporteroshoy.mx\/noticias\/inteligencia-artificial-revolucion-del-siglo\/","name":"Inteligencia artificial, revoluci\u00f3n del siglo","isPartOf":{"@id":"https:\/\/reporteroshoy.mx\/noticias\/#website"},"primaryImageOfPage":{"@id":"https:\/\/reporteroshoy.mx\/noticias\/inteligencia-artificial-revolucion-del-siglo\/#primaryimage"},"image":{"@id":"https:\/\/reporteroshoy.mx\/noticias\/inteligencia-artificial-revolucion-del-siglo\/#primaryimage"},"thumbnailUrl":"https:\/\/reporteroshoy.mx\/noticias\/wp-content\/uploads\/2024\/11\/Economia-Digital-scaled.jpeg","datePublished":"2024-11-26T20:34:43+00:00","author":{"@id":"https:\/\/reporteroshoy.mx\/noticias\/#\/schema\/person\/c977527e57c958a62c5cefe8fe47876e"},"description":"La Semana de Econom\u00eda Digital en M\u00e9rida promueve la adopci\u00f3n de inteligencia artificial como clave para crecimiento empresarial.","breadcrumb":{"@id":"https:\/\/reporteroshoy.mx\/noticias\/inteligencia-artificial-revolucion-del-siglo\/#breadcrumb"},"inLanguage":"es","potentialAction":[{"@type":"ReadAction","target":["https:\/\/reporteroshoy.mx\/noticias\/inteligencia-artificial-revolucion-del-siglo\/"]}]},{"@type":"ImageObject","inLanguage":"es","@id":"https:\/\/reporteroshoy.mx\/noticias\/inteligencia-artificial-revolucion-del-siglo\/#primaryimage","url":"https:\/\/reporteroshoy.mx\/noticias\/wp-content\/uploads\/2024\/11\/Economia-Digital-scaled.jpeg","contentUrl":"https:\/\/reporteroshoy.mx\/noticias\/wp-content\/uploads\/2024\/11\/Economia-Digital-scaled.jpeg","width":768,"height":432,"caption":"Inteligencia artificial, revoluci\u00f3n del siglo"},{"@type":"BreadcrumbList","@id":"https:\/\/reporteroshoy.mx\/noticias\/inteligencia-artificial-revolucion-del-siglo\/#breadcrumb","itemListElement":[{"@type":"ListItem","position":1,"name":"Portada","item":"https:\/\/reporteroshoy.mx\/noticias\/"},{"@type":"ListItem","position":2,"name":"Inteligencia artificial, revoluci\u00f3n del siglo"}]},{"@type":"WebSite","@id":"https:\/\/reporteroshoy.mx\/noticias\/#website","url":"https:\/\/reporteroshoy.mx\/noticias\/","name":"Reporteros Hoy | Noticias de Yucat\u00e1n","description":"Peri\u00f3dico digital con noticias diarias desde M\u00e9rida, Yucat\u00e1n para el mundo.","potentialAction":[{"@type":"SearchAction","target":{"@type":"EntryPoint","urlTemplate":"https:\/\/reporteroshoy.mx\/noticias\/?s={search_term_string}"},"query-input":{"@type":"PropertyValueSpecification","valueRequired":true,"valueName":"search_term_string"}}],"inLanguage":"es"},{"@type":"Person","@id":"https:\/\/reporteroshoy.mx\/noticias\/#\/schema\/person\/c977527e57c958a62c5cefe8fe47876e","name":"Reporteros Hoy WP","image":{"@type":"ImageObject","inLanguage":"es","@id":"https:\/\/secure.gravatar.com\/avatar\/fd2917f79a7dae30f8ac9ddc2f35e1756bb59e25e01d1cd09deaa64df7b2f73e?s=96&d=mm&r=g","url":"https:\/\/secure.gravatar.com\/avatar\/fd2917f79a7dae30f8ac9ddc2f35e1756bb59e25e01d1cd09deaa64df7b2f73e?s=96&d=mm&r=g","contentUrl":"https:\/\/secure.gravatar.com\/avatar\/fd2917f79a7dae30f8ac9ddc2f35e1756bb59e25e01d1cd09deaa64df7b2f73e?s=96&d=mm&r=g","caption":"Reporteros Hoy WP"},"url":"https:\/\/reporteroshoy.mx\/noticias\/author\/walfer\/"}]}},"_links":{"self":[{"href":"https:\/\/reporteroshoy.mx\/noticias\/wp-json\/wp\/v2\/posts\/117586","targetHints":{"allow":["GET"]}}],"collection":[{"href":"https:\/\/reporteroshoy.mx\/noticias\/wp-json\/wp\/v2\/posts"}],"about":[{"href":"https:\/\/reporteroshoy.mx\/noticias\/wp-json\/wp\/v2\/types\/post"}],"author":[{"embeddable":true,"href":"https:\/\/reporteroshoy.mx\/noticias\/wp-json\/wp\/v2\/users\/9"}],"replies":[{"embeddable":true,"href":"https:\/\/reporteroshoy.mx\/noticias\/wp-json\/wp\/v2\/comments?post=117586"}],"version-history":[{"count":0,"href":"https:\/\/reporteroshoy.mx\/noticias\/wp-json\/wp\/v2\/posts\/117586\/revisions"}],"wp:featuredmedia":[{"embeddable":true,"href":"https:\/\/reporteroshoy.mx\/noticias\/wp-json\/wp\/v2\/media\/117587"}],"wp:attachment":[{"href":"https:\/\/reporteroshoy.mx\/noticias\/wp-json\/wp\/v2\/media?parent=117586"}],"wp:term":[{"taxonomy":"category","embeddable":true,"href":"https:\/\/reporteroshoy.mx\/noticias\/wp-json\/wp\/v2\/categories?post=117586"},{"taxonomy":"post_tag","embeddable":true,"href":"https:\/\/reporteroshoy.mx\/noticias\/wp-json\/wp\/v2\/tags?post=117586"}],"curies":[{"name":"wp","href":"https:\/\/api.w.org\/{rel}","templated":true}]}}