{"id":117621,"date":"2024-11-27T13:47:37","date_gmt":"2024-11-27T19:47:37","guid":{"rendered":"https:\/\/reporteroshoy.mx\/noticias\/?p=117621"},"modified":"2024-11-27T13:47:37","modified_gmt":"2024-11-27T19:47:37","slug":"linkedin-impulsa-la-economia-digital-en-yucatan","status":"publish","type":"post","link":"https:\/\/reporteroshoy.mx\/noticias\/linkedin-impulsa-la-economia-digital-en-yucatan\/","title":{"rendered":"LinkedIn impulsa la econom\u00eda digital en Yucat\u00e1n"},"content":{"rendered":"<p style=\"text-align: justify;\">A pesar de que LinkedIn es una red profesional con m\u00e1s de 21 a\u00f1os de existencia, M\u00e9xico, y en particular Yucat\u00e1n, se encuentran todav\u00eda en una etapa incipiente en su uso, lo que representa una gran oportunidad para que profesionales y empresas aprovechen esta plataforma para establecer conexiones, desarrollar negocios, encontrar talento o empleo, seg\u00fan se\u00f1al\u00f3 Gabriela Espinosa Lortia, reconocida como \u201cTop Voice\u201d por <strong><span style=\"color: #0000ff;\"><a style=\"color: #0000ff;\" href=\"https:\/\/mx.linkedin.com\/\">LinkedIn<\/a><\/span><\/strong>, durante el curso <em>\u201cLinkedIn, tu aliado para alcanzar tus metas\u201d<\/em>.<\/p>\n<p style=\"text-align: justify;\">Subray\u00f3 que, con un uso adecuado, LinkedIn puede convertirse en una herramienta clave para fortalecer la econom\u00eda digital y abrir nuevas oportunidades de negocio en un estado como Yucat\u00e1n, que busca destacar en innovaci\u00f3n y conectividad profesional.<\/p>\n<p style=\"text-align: justify;\">El evento se llev\u00f3 a cabo en el marco de la Semana de la Econom\u00eda Digital, organizada por <strong><span style=\"color: #0000ff;\"><a style=\"color: #0000ff;\" href=\"https:\/\/canacintrayucatan.org.mx\/\">Canacintra<\/a> <\/span><\/strong>y <strong><span style=\"color: #0000ff;\"><a style=\"color: #0000ff;\" href=\"https:\/\/www.canieti.org\/inicio.aspx\">Canieti<\/a><\/span><\/strong>, con el respaldo del Gobierno del Estado, en el Centro de Convenciones Siglo XXI.<\/p>\n<p><img loading=\"lazy\" decoding=\"async\" class=\"wp-image-117622 aligncenter\" src=\"https:\/\/reporteroshoy.mx\/noticias\/wp-content\/uploads\/2024\/11\/LinkedIn-scaled.jpeg\" alt=\"\" width=\"600\" height=\"338\" \/><\/p>\n<h4 style=\"text-align: justify;\"><strong>Por qu\u00e9 elegir Linkedin<\/strong><\/h4>\n<p style=\"text-align: justify;\">Espinosa destac\u00f3 que LinkedIn es \u00fanica en su tipo al enfocarse exclusivamente en la creaci\u00f3n de conexiones profesionales de valor. \u201cEs una plataforma para generar relaciones humanas que beneficien a ambas partes: encontrar un socio, un proveedor, capacitarse, buscar empleo o atraer talento ejecutivo\u201d, explic\u00f3. La experta aclar\u00f3 que LinkedIn no est\u00e1 dise\u00f1ada exclusivamente para ventas, como otras redes sociales, sino para fomentar alianzas estrat\u00e9gicas y potenciar el networking profesional.<\/p>\n<h4 style=\"text-align: justify;\"><strong>Errores comunes al usar LinkedIn<\/strong><\/h4>\n<p style=\"text-align: justify;\">Uno de los principales errores que se\u00f1al\u00f3 Espinosa es entrar a LinkedIn sin capacitaci\u00f3n previa. \u201cMuchas personas act\u00faan de manera intuitiva, intentando vender desde el primer contacto, lo que genera desconfianza. Antes de vender, es fundamental establecer relaciones de confianza\u201d, enfatiz\u00f3. Otro error frecuente es no comprender el prop\u00f3sito de la plataforma, creyendo que es \u00fanicamente un canal de ventas, cuando en realidad su enfoque es la conexi\u00f3n y el intercambio profesional.<\/p>\n<h4 style=\"text-align: justify;\"><strong>La seguridad y el papel de la inteligencia artificial<\/strong><\/h4>\n<p style=\"text-align: justify;\">La seguridad de LinkedIn ha sido reforzada desde que Microsoft adquiri\u00f3 la plataforma en 2017. Espinosa asegur\u00f3 que las buenas pr\u00e1cticas y pol\u00edticas de uso ayudan a garantizar un entorno profesional confiable. Adem\u00e1s, LinkedIn ha integrado herramientas de inteligencia artificial que optimizan la experiencia de los usuarios, desde sugerencias para mejorar perfiles hasta recomendaciones para publicaciones. Sin embargo, advirti\u00f3 sobre el uso excesivo de estas herramientas: \u201cLa inteligencia artificial debe ser un apoyo, no un sustituto de la voz y el talento personal\u201d.<\/p>\n<h4 style=\"text-align: justify;\"><strong>Potencial en M\u00e9xico y Yucat\u00e1n<\/strong><\/h4>\n<p style=\"text-align: justify;\">Aunque no se cuenta con cifras exactas de usuarios en Yucat\u00e1n, la especialista asegur\u00f3 que el inter\u00e9s est\u00e1 creciendo debido a los beneficios tangibles que ofrece. \u201cLinkedIn no solo es un escaparate para mostrar productos o servicios, sino una plataforma para ser visto y conectar con otros profesionales de manera estrat\u00e9gica\u201d, se\u00f1al\u00f3.<\/p>\n<p><strong>ACOM<\/strong><\/p>\n","protected":false},"excerpt":{"rendered":"<p>LinkedIn fortalece la econom\u00eda digital, conectando a profesionales y empresas en Yucat\u00e1n, destacaron expertos en curso especializado.<\/p>\n","protected":false},"author":9,"featured_media":117622,"comment_status":"open","ping_status":"closed","sticky":false,"template":"","format":"standard","meta":{"footnotes":""},"categories":[5],"tags":[369,2984,18319,26834],"class_list":["post-117621","post","type-post","status-publish","format-standard","has-post-thumbnail","hentry","category-empresas","tag-canacintra","tag-canieti","tag-economia-digital","tag-linkedin"],"yoast_head":"<!-- This site is optimized with the Yoast SEO plugin v28.4 - https:\/\/yoast.com\/product\/yoast-seo-wordpress\/ -->\n<title>LinkedIn impulsa la econom\u00eda digital en Yucat\u00e1n<\/title>\n<meta name=\"description\" content=\"LinkedIn fortalece la econom\u00eda digital, conectando a profesionales y empresas en Yucat\u00e1n, destacaron expertos en curso especializado.\" \/>\n<meta name=\"robots\" content=\"index, follow, max-snippet:-1, max-image-preview:large, max-video-preview:-1\" \/>\n<link rel=\"canonical\" href=\"https:\/\/reporteroshoy.mx\/noticias\/linkedin-impulsa-la-economia-digital-en-yucatan\/\" \/>\n<meta property=\"og:locale\" content=\"es_ES\" \/>\n<meta property=\"og:type\" content=\"article\" \/>\n<meta property=\"og:title\" content=\"LinkedIn impulsa la econom\u00eda digital en Yucat\u00e1n\" \/>\n<meta property=\"og:description\" content=\"LinkedIn fortalece la econom\u00eda digital, conectando a profesionales y empresas en Yucat\u00e1n, destacaron expertos en curso especializado.\" \/>\n<meta property=\"og:url\" content=\"https:\/\/reporteroshoy.mx\/noticias\/linkedin-impulsa-la-economia-digital-en-yucatan\/\" \/>\n<meta property=\"og:site_name\" content=\"Reporteros Hoy | Noticias de Yucat\u00e1n\" \/>\n<meta property=\"article:publisher\" content=\"http:\/\/www.facebook.com\/reporteroshoymx\" \/>\n<meta property=\"article:published_time\" content=\"2024-11-27T19:47:37+00:00\" \/>\n<meta property=\"og:image\" content=\"https:\/\/reporteroshoy.mx\/noticias\/wp-content\/uploads\/2024\/11\/LinkedIn-scaled.jpeg\" \/>\n\t<meta property=\"og:image:width\" content=\"768\" \/>\n\t<meta property=\"og:image:height\" content=\"432\" \/>\n\t<meta property=\"og:image:type\" content=\"image\/jpeg\" \/>\n<meta name=\"author\" content=\"Reporteros Hoy WP\" \/>\n<meta name=\"twitter:card\" content=\"summary_large_image\" \/>\n<meta name=\"twitter:creator\" content=\"@reporteroshoy\" \/>\n<meta name=\"twitter:site\" content=\"@reporteroshoy\" \/>\n<meta name=\"twitter:label1\" content=\"Escrito por\" \/>\n\t<meta name=\"twitter:data1\" content=\"Reporteros Hoy WP\" \/>\n\t<meta name=\"twitter:label2\" content=\"Tiempo de lectura\" \/>\n\t<meta name=\"twitter:data2\" content=\"3 minutos\" \/>\n<script type=\"application\/ld+json\" class=\"yoast-schema-graph\">{\"@context\":\"https:\\\/\\\/schema.org\",\"@graph\":[{\"@type\":\"Article\",\"@id\":\"https:\\\/\\\/reporteroshoy.mx\\\/noticias\\\/linkedin-impulsa-la-economia-digital-en-yucatan\\\/#article\",\"isPartOf\":{\"@id\":\"https:\\\/\\\/reporteroshoy.mx\\\/noticias\\\/linkedin-impulsa-la-economia-digital-en-yucatan\\\/\"},\"author\":{\"name\":\"Reporteros Hoy WP\",\"@id\":\"https:\\\/\\\/reporteroshoy.mx\\\/noticias\\\/#\\\/schema\\\/person\\\/c977527e57c958a62c5cefe8fe47876e\"},\"headline\":\"LinkedIn impulsa la econom\u00eda digital en Yucat\u00e1n\",\"datePublished\":\"2024-11-27T19:47:37+00:00\",\"mainEntityOfPage\":{\"@id\":\"https:\\\/\\\/reporteroshoy.mx\\\/noticias\\\/linkedin-impulsa-la-economia-digital-en-yucatan\\\/\"},\"wordCount\":483,\"commentCount\":0,\"image\":{\"@id\":\"https:\\\/\\\/reporteroshoy.mx\\\/noticias\\\/linkedin-impulsa-la-economia-digital-en-yucatan\\\/#primaryimage\"},\"thumbnailUrl\":\"https:\\\/\\\/reporteroshoy.mx\\\/noticias\\\/wp-content\\\/uploads\\\/2024\\\/11\\\/LinkedIn-scaled.jpeg\",\"keywords\":[\"Canacintra\",\"CANIETI\",\"Econom\u00eda Digital\",\"LinkedIn\"],\"articleSection\":[\"Empresas\"],\"inLanguage\":\"es\",\"potentialAction\":[{\"@type\":\"CommentAction\",\"name\":\"Comment\",\"target\":[\"https:\\\/\\\/reporteroshoy.mx\\\/noticias\\\/linkedin-impulsa-la-economia-digital-en-yucatan\\\/#respond\"]}]},{\"@type\":\"WebPage\",\"@id\":\"https:\\\/\\\/reporteroshoy.mx\\\/noticias\\\/linkedin-impulsa-la-economia-digital-en-yucatan\\\/\",\"url\":\"https:\\\/\\\/reporteroshoy.mx\\\/noticias\\\/linkedin-impulsa-la-economia-digital-en-yucatan\\\/\",\"name\":\"LinkedIn impulsa la econom\u00eda digital en Yucat\u00e1n\",\"isPartOf\":{\"@id\":\"https:\\\/\\\/reporteroshoy.mx\\\/noticias\\\/#website\"},\"primaryImageOfPage\":{\"@id\":\"https:\\\/\\\/reporteroshoy.mx\\\/noticias\\\/linkedin-impulsa-la-economia-digital-en-yucatan\\\/#primaryimage\"},\"image\":{\"@id\":\"https:\\\/\\\/reporteroshoy.mx\\\/noticias\\\/linkedin-impulsa-la-economia-digital-en-yucatan\\\/#primaryimage\"},\"thumbnailUrl\":\"https:\\\/\\\/reporteroshoy.mx\\\/noticias\\\/wp-content\\\/uploads\\\/2024\\\/11\\\/LinkedIn-scaled.jpeg\",\"datePublished\":\"2024-11-27T19:47:37+00:00\",\"author\":{\"@id\":\"https:\\\/\\\/reporteroshoy.mx\\\/noticias\\\/#\\\/schema\\\/person\\\/c977527e57c958a62c5cefe8fe47876e\"},\"description\":\"LinkedIn fortalece la econom\u00eda digital, conectando a profesionales y empresas en Yucat\u00e1n, destacaron expertos en curso especializado.\",\"breadcrumb\":{\"@id\":\"https:\\\/\\\/reporteroshoy.mx\\\/noticias\\\/linkedin-impulsa-la-economia-digital-en-yucatan\\\/#breadcrumb\"},\"inLanguage\":\"es\",\"potentialAction\":[{\"@type\":\"ReadAction\",\"target\":[\"https:\\\/\\\/reporteroshoy.mx\\\/noticias\\\/linkedin-impulsa-la-economia-digital-en-yucatan\\\/\"]}]},{\"@type\":\"ImageObject\",\"inLanguage\":\"es\",\"@id\":\"https:\\\/\\\/reporteroshoy.mx\\\/noticias\\\/linkedin-impulsa-la-economia-digital-en-yucatan\\\/#primaryimage\",\"url\":\"https:\\\/\\\/reporteroshoy.mx\\\/noticias\\\/wp-content\\\/uploads\\\/2024\\\/11\\\/LinkedIn-scaled.jpeg\",\"contentUrl\":\"https:\\\/\\\/reporteroshoy.mx\\\/noticias\\\/wp-content\\\/uploads\\\/2024\\\/11\\\/LinkedIn-scaled.jpeg\",\"width\":768,\"height\":432,\"caption\":\"LinkedIn impulsa la econom\u00eda digital en Yucat\u00e1n\"},{\"@type\":\"BreadcrumbList\",\"@id\":\"https:\\\/\\\/reporteroshoy.mx\\\/noticias\\\/linkedin-impulsa-la-economia-digital-en-yucatan\\\/#breadcrumb\",\"itemListElement\":[{\"@type\":\"ListItem\",\"position\":1,\"name\":\"Portada\",\"item\":\"https:\\\/\\\/reporteroshoy.mx\\\/noticias\\\/\"},{\"@type\":\"ListItem\",\"position\":2,\"name\":\"LinkedIn impulsa la econom\u00eda digital en Yucat\u00e1n\"}]},{\"@type\":\"WebSite\",\"@id\":\"https:\\\/\\\/reporteroshoy.mx\\\/noticias\\\/#website\",\"url\":\"https:\\\/\\\/reporteroshoy.mx\\\/noticias\\\/\",\"name\":\"Reporteros Hoy | Noticias de Yucat\u00e1n\",\"description\":\"Peri\u00f3dico digital con noticias diarias desde M\u00e9rida, Yucat\u00e1n para el mundo.\",\"potentialAction\":[{\"@type\":\"SearchAction\",\"target\":{\"@type\":\"EntryPoint\",\"urlTemplate\":\"https:\\\/\\\/reporteroshoy.mx\\\/noticias\\\/?s={search_term_string}\"},\"query-input\":{\"@type\":\"PropertyValueSpecification\",\"valueRequired\":true,\"valueName\":\"search_term_string\"}}],\"inLanguage\":\"es\"},{\"@type\":\"Person\",\"@id\":\"https:\\\/\\\/reporteroshoy.mx\\\/noticias\\\/#\\\/schema\\\/person\\\/c977527e57c958a62c5cefe8fe47876e\",\"name\":\"Reporteros Hoy WP\",\"image\":{\"@type\":\"ImageObject\",\"inLanguage\":\"es\",\"@id\":\"https:\\\/\\\/secure.gravatar.com\\\/avatar\\\/fd2917f79a7dae30f8ac9ddc2f35e1756bb59e25e01d1cd09deaa64df7b2f73e?s=96&d=mm&r=g\",\"url\":\"https:\\\/\\\/secure.gravatar.com\\\/avatar\\\/fd2917f79a7dae30f8ac9ddc2f35e1756bb59e25e01d1cd09deaa64df7b2f73e?s=96&d=mm&r=g\",\"contentUrl\":\"https:\\\/\\\/secure.gravatar.com\\\/avatar\\\/fd2917f79a7dae30f8ac9ddc2f35e1756bb59e25e01d1cd09deaa64df7b2f73e?s=96&d=mm&r=g\",\"caption\":\"Reporteros Hoy WP\"},\"url\":\"https:\\\/\\\/reporteroshoy.mx\\\/noticias\\\/author\\\/walfer\\\/\"}]}<\/script>\n<!-- \/ Yoast SEO plugin. -->","yoast_head_json":{"title":"LinkedIn impulsa la econom\u00eda digital en Yucat\u00e1n","description":"LinkedIn fortalece la econom\u00eda digital, conectando a profesionales y empresas en Yucat\u00e1n, destacaron expertos en curso especializado.","robots":{"index":"index","follow":"follow","max-snippet":"max-snippet:-1","max-image-preview":"max-image-preview:large","max-video-preview":"max-video-preview:-1"},"canonical":"https:\/\/reporteroshoy.mx\/noticias\/linkedin-impulsa-la-economia-digital-en-yucatan\/","og_locale":"es_ES","og_type":"article","og_title":"LinkedIn impulsa la econom\u00eda digital en Yucat\u00e1n","og_description":"LinkedIn fortalece la econom\u00eda digital, conectando a profesionales y empresas en Yucat\u00e1n, destacaron expertos en curso especializado.","og_url":"https:\/\/reporteroshoy.mx\/noticias\/linkedin-impulsa-la-economia-digital-en-yucatan\/","og_site_name":"Reporteros Hoy | Noticias de Yucat\u00e1n","article_publisher":"http:\/\/www.facebook.com\/reporteroshoymx","article_published_time":"2024-11-27T19:47:37+00:00","og_image":[{"width":768,"height":432,"url":"https:\/\/reporteroshoy.mx\/noticias\/wp-content\/uploads\/2024\/11\/LinkedIn-scaled.jpeg","type":"image\/jpeg"}],"author":"Reporteros Hoy WP","twitter_card":"summary_large_image","twitter_creator":"@reporteroshoy","twitter_site":"@reporteroshoy","twitter_misc":{"Escrito por":"Reporteros Hoy WP","Tiempo de lectura":"3 minutos"},"schema":{"@context":"https:\/\/schema.org","@graph":[{"@type":"Article","@id":"https:\/\/reporteroshoy.mx\/noticias\/linkedin-impulsa-la-economia-digital-en-yucatan\/#article","isPartOf":{"@id":"https:\/\/reporteroshoy.mx\/noticias\/linkedin-impulsa-la-economia-digital-en-yucatan\/"},"author":{"name":"Reporteros Hoy WP","@id":"https:\/\/reporteroshoy.mx\/noticias\/#\/schema\/person\/c977527e57c958a62c5cefe8fe47876e"},"headline":"LinkedIn impulsa la econom\u00eda digital en Yucat\u00e1n","datePublished":"2024-11-27T19:47:37+00:00","mainEntityOfPage":{"@id":"https:\/\/reporteroshoy.mx\/noticias\/linkedin-impulsa-la-economia-digital-en-yucatan\/"},"wordCount":483,"commentCount":0,"image":{"@id":"https:\/\/reporteroshoy.mx\/noticias\/linkedin-impulsa-la-economia-digital-en-yucatan\/#primaryimage"},"thumbnailUrl":"https:\/\/reporteroshoy.mx\/noticias\/wp-content\/uploads\/2024\/11\/LinkedIn-scaled.jpeg","keywords":["Canacintra","CANIETI","Econom\u00eda Digital","LinkedIn"],"articleSection":["Empresas"],"inLanguage":"es","potentialAction":[{"@type":"CommentAction","name":"Comment","target":["https:\/\/reporteroshoy.mx\/noticias\/linkedin-impulsa-la-economia-digital-en-yucatan\/#respond"]}]},{"@type":"WebPage","@id":"https:\/\/reporteroshoy.mx\/noticias\/linkedin-impulsa-la-economia-digital-en-yucatan\/","url":"https:\/\/reporteroshoy.mx\/noticias\/linkedin-impulsa-la-economia-digital-en-yucatan\/","name":"LinkedIn impulsa la econom\u00eda digital en Yucat\u00e1n","isPartOf":{"@id":"https:\/\/reporteroshoy.mx\/noticias\/#website"},"primaryImageOfPage":{"@id":"https:\/\/reporteroshoy.mx\/noticias\/linkedin-impulsa-la-economia-digital-en-yucatan\/#primaryimage"},"image":{"@id":"https:\/\/reporteroshoy.mx\/noticias\/linkedin-impulsa-la-economia-digital-en-yucatan\/#primaryimage"},"thumbnailUrl":"https:\/\/reporteroshoy.mx\/noticias\/wp-content\/uploads\/2024\/11\/LinkedIn-scaled.jpeg","datePublished":"2024-11-27T19:47:37+00:00","author":{"@id":"https:\/\/reporteroshoy.mx\/noticias\/#\/schema\/person\/c977527e57c958a62c5cefe8fe47876e"},"description":"LinkedIn fortalece la econom\u00eda digital, conectando a profesionales y empresas en Yucat\u00e1n, destacaron expertos en curso especializado.","breadcrumb":{"@id":"https:\/\/reporteroshoy.mx\/noticias\/linkedin-impulsa-la-economia-digital-en-yucatan\/#breadcrumb"},"inLanguage":"es","potentialAction":[{"@type":"ReadAction","target":["https:\/\/reporteroshoy.mx\/noticias\/linkedin-impulsa-la-economia-digital-en-yucatan\/"]}]},{"@type":"ImageObject","inLanguage":"es","@id":"https:\/\/reporteroshoy.mx\/noticias\/linkedin-impulsa-la-economia-digital-en-yucatan\/#primaryimage","url":"https:\/\/reporteroshoy.mx\/noticias\/wp-content\/uploads\/2024\/11\/LinkedIn-scaled.jpeg","contentUrl":"https:\/\/reporteroshoy.mx\/noticias\/wp-content\/uploads\/2024\/11\/LinkedIn-scaled.jpeg","width":768,"height":432,"caption":"LinkedIn impulsa la econom\u00eda digital en Yucat\u00e1n"},{"@type":"BreadcrumbList","@id":"https:\/\/reporteroshoy.mx\/noticias\/linkedin-impulsa-la-economia-digital-en-yucatan\/#breadcrumb","itemListElement":[{"@type":"ListItem","position":1,"name":"Portada","item":"https:\/\/reporteroshoy.mx\/noticias\/"},{"@type":"ListItem","position":2,"name":"LinkedIn impulsa la econom\u00eda digital en Yucat\u00e1n"}]},{"@type":"WebSite","@id":"https:\/\/reporteroshoy.mx\/noticias\/#website","url":"https:\/\/reporteroshoy.mx\/noticias\/","name":"Reporteros Hoy | Noticias de Yucat\u00e1n","description":"Peri\u00f3dico digital con noticias diarias desde M\u00e9rida, Yucat\u00e1n para el mundo.","potentialAction":[{"@type":"SearchAction","target":{"@type":"EntryPoint","urlTemplate":"https:\/\/reporteroshoy.mx\/noticias\/?s={search_term_string}"},"query-input":{"@type":"PropertyValueSpecification","valueRequired":true,"valueName":"search_term_string"}}],"inLanguage":"es"},{"@type":"Person","@id":"https:\/\/reporteroshoy.mx\/noticias\/#\/schema\/person\/c977527e57c958a62c5cefe8fe47876e","name":"Reporteros Hoy WP","image":{"@type":"ImageObject","inLanguage":"es","@id":"https:\/\/secure.gravatar.com\/avatar\/fd2917f79a7dae30f8ac9ddc2f35e1756bb59e25e01d1cd09deaa64df7b2f73e?s=96&d=mm&r=g","url":"https:\/\/secure.gravatar.com\/avatar\/fd2917f79a7dae30f8ac9ddc2f35e1756bb59e25e01d1cd09deaa64df7b2f73e?s=96&d=mm&r=g","contentUrl":"https:\/\/secure.gravatar.com\/avatar\/fd2917f79a7dae30f8ac9ddc2f35e1756bb59e25e01d1cd09deaa64df7b2f73e?s=96&d=mm&r=g","caption":"Reporteros Hoy WP"},"url":"https:\/\/reporteroshoy.mx\/noticias\/author\/walfer\/"}]}},"_links":{"self":[{"href":"https:\/\/reporteroshoy.mx\/noticias\/wp-json\/wp\/v2\/posts\/117621","targetHints":{"allow":["GET"]}}],"collection":[{"href":"https:\/\/reporteroshoy.mx\/noticias\/wp-json\/wp\/v2\/posts"}],"about":[{"href":"https:\/\/reporteroshoy.mx\/noticias\/wp-json\/wp\/v2\/types\/post"}],"author":[{"embeddable":true,"href":"https:\/\/reporteroshoy.mx\/noticias\/wp-json\/wp\/v2\/users\/9"}],"replies":[{"embeddable":true,"href":"https:\/\/reporteroshoy.mx\/noticias\/wp-json\/wp\/v2\/comments?post=117621"}],"version-history":[{"count":0,"href":"https:\/\/reporteroshoy.mx\/noticias\/wp-json\/wp\/v2\/posts\/117621\/revisions"}],"wp:featuredmedia":[{"embeddable":true,"href":"https:\/\/reporteroshoy.mx\/noticias\/wp-json\/wp\/v2\/media\/117622"}],"wp:attachment":[{"href":"https:\/\/reporteroshoy.mx\/noticias\/wp-json\/wp\/v2\/media?parent=117621"}],"wp:term":[{"taxonomy":"category","embeddable":true,"href":"https:\/\/reporteroshoy.mx\/noticias\/wp-json\/wp\/v2\/categories?post=117621"},{"taxonomy":"post_tag","embeddable":true,"href":"https:\/\/reporteroshoy.mx\/noticias\/wp-json\/wp\/v2\/tags?post=117621"}],"curies":[{"name":"wp","href":"https:\/\/api.w.org\/{rel}","templated":true}]}}