{"id":117644,"date":"2024-11-27T21:54:11","date_gmt":"2024-11-28T03:54:11","guid":{"rendered":"https:\/\/reporteroshoy.mx\/noticias\/?p=117644"},"modified":"2024-11-27T21:54:11","modified_gmt":"2024-11-28T03:54:11","slug":"entregan-becas-economicas-a-personas-con-discapacidad","status":"publish","type":"post","link":"https:\/\/reporteroshoy.mx\/noticias\/entregan-becas-economicas-a-personas-con-discapacidad\/","title":{"rendered":"Entregan becas econ\u00f3micas a personas con discapacidad"},"content":{"rendered":"<p style=\"text-align: justify;\">La alcaldesa de M\u00e9rida, Cecilia Patr\u00f3n Laviada encabez\u00f3 la entrega de becas econ\u00f3micas para personas con discapacidad para el ciclo 2024-2025.<\/p>\n<p style=\"text-align: justify;\">Este programa busca brindar un apoyo para que puedan acceder a servicios de educaci\u00f3n especial, rehabilitaci\u00f3n y otros mecanismos que les permitan alcanzar su m\u00e1ximo potencial.<\/p>\n<p><img loading=\"lazy\" decoding=\"async\" class=\"alignnone size-full wp-image-117646\" src=\"https:\/\/reporteroshoy.mx\/noticias\/wp-content\/uploads\/2024\/11\/Imagen-de-WhatsApp-2024-11-27-a-las-20.55.09_b7fa3016-scaled.jpg\" alt=\"\" width=\"768\" height=\"511\" \/><\/p>\n<p style=\"text-align: justify;\">Ante un nutrido grupo de beneficiarios, subray\u00f3 que el Ayuntamiento refrenda su compromiso por la inclusi\u00f3n apoyando a los que m\u00e1s lo necesita con 560 becas que consisten en 1 mil 200 pesos bimestrales.<\/p>\n<p style=\"text-align: justify;\">\u00abLa inclusi\u00f3n y la equidad son fundamentales para el Ayuntamiento de M\u00e9rida, por lo que estamos comprometidos con brindar oportunidades a las personas con discapacidad\u00bb, destac\u00f3.<\/p>\n<h3><strong>Becas econ\u00f3micas a m\u00e1s de 500 personas<\/strong><\/h3>\n<p style=\"text-align: justify;\">\u201cTenemos que incluir, tenemos que dar calidad de vida a las personas con discapacidad, y hoy esta administraci\u00f3n pone la parte que le corresponde para que puedan acceder a una mejor calidad de vida\u201d, expres\u00f3.<\/p>\n<p><img loading=\"lazy\" decoding=\"async\" class=\"alignnone size-full wp-image-117645\" src=\"https:\/\/reporteroshoy.mx\/noticias\/wp-content\/uploads\/2024\/11\/Imagen-de-WhatsApp-2024-11-27-a-las-20.55.06_d0423c53-scaled.jpg\" alt=\"\" width=\"768\" height=\"511\" \/><\/p>\n<p style=\"text-align: justify;\">En su intervenci\u00f3n, la directora del DIF Municipal, Brenda Ruz Dur\u00e1n, precis\u00f3 que en este ciclo 326 beneficiarios lo reciben por primera vez y los 225 restantes renovaron, lo que indica que las familias siguen confiando en el\u00a0<strong><a href=\"https:\/\/www.merida.gob.mx\/\">Ayuntamiento de M\u00e9rida<\/a><\/strong> para conseguir sus apoyos.<\/p>\n<p style=\"text-align: justify;\"><strong>Te puede interesar:<\/strong> <strong><a href=\"https:\/\/reporteroshoy.mx\/noticias\/servicios-para-atencion-y-empoderamiento-de-mujeres-meridanas\/\">Servicios para atenci\u00f3n y empoderamiento de mujeres meridanas<\/a><\/strong><\/p>\n<p style=\"text-align: justify;\">La Presidenta Municipal entreg\u00f3 de manera simb\u00f3lica cinco becas a Patricia Betel Naal Fuentes, Emilio Mart\u00edn S\u00e1nchez, Alexis Sulub Yam, Jasiel Cupul Ocho y a Lluvia Marisol Mart\u00ednez P\u00e9rez.<\/p>\n<p style=\"text-align: justify;\">Bolet\u00edn de Prensa.<\/p>\n","protected":false},"excerpt":{"rendered":"<p>La alcaldesa de M\u00e9rida, Cecilia Patr\u00f3n Laviada encabez\u00f3 la entrega de becas para personas con discapacidad para el ciclo 2024-2025. <\/p>\n","protected":false},"author":5,"featured_media":117646,"comment_status":"open","ping_status":"closed","sticky":false,"template":"","format":"standard","meta":{"footnotes":""},"categories":[24379],"tags":[24,9192,875],"class_list":["post-117644","post","type-post","status-publish","format-standard","has-post-thumbnail","hentry","category-merida","tag-ayuntamiento-de-merida","tag-becas-economicas","tag-discapacidad"],"yoast_head":"<!-- This site is optimized with the Yoast SEO plugin v28.4 - https:\/\/yoast.com\/product\/yoast-seo-wordpress\/ -->\n<title>Entregan becas econ\u00f3micas a personas con discapacidad<\/title>\n<meta name=\"description\" content=\"La alcaldesa de M\u00e9rida, Cecilia Patr\u00f3n Laviada encabez\u00f3 la entrega de becas para personas con discapacidad para el ciclo 2024-2025.\" \/>\n<meta name=\"robots\" content=\"index, follow, max-snippet:-1, max-image-preview:large, max-video-preview:-1\" \/>\n<link rel=\"canonical\" href=\"https:\/\/reporteroshoy.mx\/noticias\/entregan-becas-economicas-a-personas-con-discapacidad\/\" \/>\n<meta property=\"og:locale\" content=\"es_ES\" \/>\n<meta property=\"og:type\" content=\"article\" \/>\n<meta property=\"og:title\" content=\"Entregan becas econ\u00f3micas a personas con discapacidad\" \/>\n<meta property=\"og:description\" content=\"La alcaldesa de M\u00e9rida, Cecilia Patr\u00f3n Laviada encabez\u00f3 la entrega de becas para personas con discapacidad para el ciclo 2024-2025.\" \/>\n<meta property=\"og:url\" content=\"https:\/\/reporteroshoy.mx\/noticias\/entregan-becas-economicas-a-personas-con-discapacidad\/\" \/>\n<meta property=\"og:site_name\" content=\"Reporteros Hoy | Noticias de Yucat\u00e1n\" \/>\n<meta property=\"article:publisher\" content=\"http:\/\/www.facebook.com\/reporteroshoymx\" \/>\n<meta property=\"article:published_time\" content=\"2024-11-28T03:54:11+00:00\" \/>\n<meta property=\"og:image\" content=\"https:\/\/reporteroshoy.mx\/noticias\/wp-content\/uploads\/2024\/11\/Imagen-de-WhatsApp-2024-11-27-a-las-20.55.09_b7fa3016-scaled.jpg\" \/>\n\t<meta property=\"og:image:width\" content=\"768\" \/>\n\t<meta property=\"og:image:height\" content=\"511\" \/>\n\t<meta property=\"og:image:type\" content=\"image\/jpeg\" \/>\n<meta name=\"author\" content=\"Reporteros Hoy IM\" \/>\n<meta name=\"twitter:card\" content=\"summary_large_image\" \/>\n<meta name=\"twitter:creator\" content=\"@reporteroshoy\" \/>\n<meta name=\"twitter:site\" content=\"@reporteroshoy\" \/>\n<meta name=\"twitter:label1\" content=\"Escrito por\" \/>\n\t<meta name=\"twitter:data1\" content=\"Reporteros Hoy IM\" \/>\n\t<meta name=\"twitter:label2\" content=\"Tiempo de lectura\" \/>\n\t<meta name=\"twitter:data2\" content=\"2 minutos\" \/>\n<script type=\"application\/ld+json\" class=\"yoast-schema-graph\">{\"@context\":\"https:\\\/\\\/schema.org\",\"@graph\":[{\"@type\":\"Article\",\"@id\":\"https:\\\/\\\/reporteroshoy.mx\\\/noticias\\\/entregan-becas-economicas-a-personas-con-discapacidad\\\/#article\",\"isPartOf\":{\"@id\":\"https:\\\/\\\/reporteroshoy.mx\\\/noticias\\\/entregan-becas-economicas-a-personas-con-discapacidad\\\/\"},\"author\":{\"name\":\"Reporteros Hoy IM\",\"@id\":\"https:\\\/\\\/reporteroshoy.mx\\\/noticias\\\/#\\\/schema\\\/person\\\/948520f0d88b01be2e5266bc4acbbc15\"},\"headline\":\"Entregan becas econ\u00f3micas a personas con discapacidad\",\"datePublished\":\"2024-11-28T03:54:11+00:00\",\"mainEntityOfPage\":{\"@id\":\"https:\\\/\\\/reporteroshoy.mx\\\/noticias\\\/entregan-becas-economicas-a-personas-con-discapacidad\\\/\"},\"wordCount\":262,\"commentCount\":0,\"image\":{\"@id\":\"https:\\\/\\\/reporteroshoy.mx\\\/noticias\\\/entregan-becas-economicas-a-personas-con-discapacidad\\\/#primaryimage\"},\"thumbnailUrl\":\"https:\\\/\\\/reporteroshoy.mx\\\/noticias\\\/wp-content\\\/uploads\\\/2024\\\/11\\\/Imagen-de-WhatsApp-2024-11-27-a-las-20.55.09_b7fa3016-scaled.jpg\",\"keywords\":[\"ayuntamiento de merida\",\"Becas econ\u00f3micas\",\"discapacidad\"],\"articleSection\":[\"M\u00e9rida\"],\"inLanguage\":\"es\",\"potentialAction\":[{\"@type\":\"CommentAction\",\"name\":\"Comment\",\"target\":[\"https:\\\/\\\/reporteroshoy.mx\\\/noticias\\\/entregan-becas-economicas-a-personas-con-discapacidad\\\/#respond\"]}]},{\"@type\":\"WebPage\",\"@id\":\"https:\\\/\\\/reporteroshoy.mx\\\/noticias\\\/entregan-becas-economicas-a-personas-con-discapacidad\\\/\",\"url\":\"https:\\\/\\\/reporteroshoy.mx\\\/noticias\\\/entregan-becas-economicas-a-personas-con-discapacidad\\\/\",\"name\":\"Entregan becas econ\u00f3micas a personas con discapacidad\",\"isPartOf\":{\"@id\":\"https:\\\/\\\/reporteroshoy.mx\\\/noticias\\\/#website\"},\"primaryImageOfPage\":{\"@id\":\"https:\\\/\\\/reporteroshoy.mx\\\/noticias\\\/entregan-becas-economicas-a-personas-con-discapacidad\\\/#primaryimage\"},\"image\":{\"@id\":\"https:\\\/\\\/reporteroshoy.mx\\\/noticias\\\/entregan-becas-economicas-a-personas-con-discapacidad\\\/#primaryimage\"},\"thumbnailUrl\":\"https:\\\/\\\/reporteroshoy.mx\\\/noticias\\\/wp-content\\\/uploads\\\/2024\\\/11\\\/Imagen-de-WhatsApp-2024-11-27-a-las-20.55.09_b7fa3016-scaled.jpg\",\"datePublished\":\"2024-11-28T03:54:11+00:00\",\"author\":{\"@id\":\"https:\\\/\\\/reporteroshoy.mx\\\/noticias\\\/#\\\/schema\\\/person\\\/948520f0d88b01be2e5266bc4acbbc15\"},\"description\":\"La alcaldesa de M\u00e9rida, Cecilia Patr\u00f3n Laviada encabez\u00f3 la entrega de becas para personas con discapacidad para el ciclo 2024-2025.\",\"breadcrumb\":{\"@id\":\"https:\\\/\\\/reporteroshoy.mx\\\/noticias\\\/entregan-becas-economicas-a-personas-con-discapacidad\\\/#breadcrumb\"},\"inLanguage\":\"es\",\"potentialAction\":[{\"@type\":\"ReadAction\",\"target\":[\"https:\\\/\\\/reporteroshoy.mx\\\/noticias\\\/entregan-becas-economicas-a-personas-con-discapacidad\\\/\"]}]},{\"@type\":\"ImageObject\",\"inLanguage\":\"es\",\"@id\":\"https:\\\/\\\/reporteroshoy.mx\\\/noticias\\\/entregan-becas-economicas-a-personas-con-discapacidad\\\/#primaryimage\",\"url\":\"https:\\\/\\\/reporteroshoy.mx\\\/noticias\\\/wp-content\\\/uploads\\\/2024\\\/11\\\/Imagen-de-WhatsApp-2024-11-27-a-las-20.55.09_b7fa3016-scaled.jpg\",\"contentUrl\":\"https:\\\/\\\/reporteroshoy.mx\\\/noticias\\\/wp-content\\\/uploads\\\/2024\\\/11\\\/Imagen-de-WhatsApp-2024-11-27-a-las-20.55.09_b7fa3016-scaled.jpg\",\"width\":768,\"height\":511},{\"@type\":\"BreadcrumbList\",\"@id\":\"https:\\\/\\\/reporteroshoy.mx\\\/noticias\\\/entregan-becas-economicas-a-personas-con-discapacidad\\\/#breadcrumb\",\"itemListElement\":[{\"@type\":\"ListItem\",\"position\":1,\"name\":\"Portada\",\"item\":\"https:\\\/\\\/reporteroshoy.mx\\\/noticias\\\/\"},{\"@type\":\"ListItem\",\"position\":2,\"name\":\"Entregan becas econ\u00f3micas a personas con discapacidad\"}]},{\"@type\":\"WebSite\",\"@id\":\"https:\\\/\\\/reporteroshoy.mx\\\/noticias\\\/#website\",\"url\":\"https:\\\/\\\/reporteroshoy.mx\\\/noticias\\\/\",\"name\":\"Reporteros Hoy | Noticias de Yucat\u00e1n\",\"description\":\"Peri\u00f3dico digital con noticias diarias desde M\u00e9rida, Yucat\u00e1n para el mundo.\",\"potentialAction\":[{\"@type\":\"SearchAction\",\"target\":{\"@type\":\"EntryPoint\",\"urlTemplate\":\"https:\\\/\\\/reporteroshoy.mx\\\/noticias\\\/?s={search_term_string}\"},\"query-input\":{\"@type\":\"PropertyValueSpecification\",\"valueRequired\":true,\"valueName\":\"search_term_string\"}}],\"inLanguage\":\"es\"},{\"@type\":\"Person\",\"@id\":\"https:\\\/\\\/reporteroshoy.mx\\\/noticias\\\/#\\\/schema\\\/person\\\/948520f0d88b01be2e5266bc4acbbc15\",\"name\":\"Reporteros Hoy IM\",\"image\":{\"@type\":\"ImageObject\",\"inLanguage\":\"es\",\"@id\":\"https:\\\/\\\/secure.gravatar.com\\\/avatar\\\/d843030b96552826ac048bdfe26f2895604b800ed0c880ee55765a74d95dfc65?s=96&d=mm&r=g\",\"url\":\"https:\\\/\\\/secure.gravatar.com\\\/avatar\\\/d843030b96552826ac048bdfe26f2895604b800ed0c880ee55765a74d95dfc65?s=96&d=mm&r=g\",\"contentUrl\":\"https:\\\/\\\/secure.gravatar.com\\\/avatar\\\/d843030b96552826ac048bdfe26f2895604b800ed0c880ee55765a74d95dfc65?s=96&d=mm&r=g\",\"caption\":\"Reporteros Hoy IM\"},\"url\":\"https:\\\/\\\/reporteroshoy.mx\\\/noticias\\\/author\\\/israel\\\/\"}]}<\/script>\n<!-- \/ Yoast SEO plugin. -->","yoast_head_json":{"title":"Entregan becas econ\u00f3micas a personas con discapacidad","description":"La alcaldesa de M\u00e9rida, Cecilia Patr\u00f3n Laviada encabez\u00f3 la entrega de becas para personas con discapacidad para el ciclo 2024-2025.","robots":{"index":"index","follow":"follow","max-snippet":"max-snippet:-1","max-image-preview":"max-image-preview:large","max-video-preview":"max-video-preview:-1"},"canonical":"https:\/\/reporteroshoy.mx\/noticias\/entregan-becas-economicas-a-personas-con-discapacidad\/","og_locale":"es_ES","og_type":"article","og_title":"Entregan becas econ\u00f3micas a personas con discapacidad","og_description":"La alcaldesa de M\u00e9rida, Cecilia Patr\u00f3n Laviada encabez\u00f3 la entrega de becas para personas con discapacidad para el ciclo 2024-2025.","og_url":"https:\/\/reporteroshoy.mx\/noticias\/entregan-becas-economicas-a-personas-con-discapacidad\/","og_site_name":"Reporteros Hoy | Noticias de Yucat\u00e1n","article_publisher":"http:\/\/www.facebook.com\/reporteroshoymx","article_published_time":"2024-11-28T03:54:11+00:00","og_image":[{"width":768,"height":511,"url":"https:\/\/reporteroshoy.mx\/noticias\/wp-content\/uploads\/2024\/11\/Imagen-de-WhatsApp-2024-11-27-a-las-20.55.09_b7fa3016-scaled.jpg","type":"image\/jpeg"}],"author":"Reporteros Hoy IM","twitter_card":"summary_large_image","twitter_creator":"@reporteroshoy","twitter_site":"@reporteroshoy","twitter_misc":{"Escrito por":"Reporteros Hoy IM","Tiempo de lectura":"2 minutos"},"schema":{"@context":"https:\/\/schema.org","@graph":[{"@type":"Article","@id":"https:\/\/reporteroshoy.mx\/noticias\/entregan-becas-economicas-a-personas-con-discapacidad\/#article","isPartOf":{"@id":"https:\/\/reporteroshoy.mx\/noticias\/entregan-becas-economicas-a-personas-con-discapacidad\/"},"author":{"name":"Reporteros Hoy IM","@id":"https:\/\/reporteroshoy.mx\/noticias\/#\/schema\/person\/948520f0d88b01be2e5266bc4acbbc15"},"headline":"Entregan becas econ\u00f3micas a personas con discapacidad","datePublished":"2024-11-28T03:54:11+00:00","mainEntityOfPage":{"@id":"https:\/\/reporteroshoy.mx\/noticias\/entregan-becas-economicas-a-personas-con-discapacidad\/"},"wordCount":262,"commentCount":0,"image":{"@id":"https:\/\/reporteroshoy.mx\/noticias\/entregan-becas-economicas-a-personas-con-discapacidad\/#primaryimage"},"thumbnailUrl":"https:\/\/reporteroshoy.mx\/noticias\/wp-content\/uploads\/2024\/11\/Imagen-de-WhatsApp-2024-11-27-a-las-20.55.09_b7fa3016-scaled.jpg","keywords":["ayuntamiento de merida","Becas econ\u00f3micas","discapacidad"],"articleSection":["M\u00e9rida"],"inLanguage":"es","potentialAction":[{"@type":"CommentAction","name":"Comment","target":["https:\/\/reporteroshoy.mx\/noticias\/entregan-becas-economicas-a-personas-con-discapacidad\/#respond"]}]},{"@type":"WebPage","@id":"https:\/\/reporteroshoy.mx\/noticias\/entregan-becas-economicas-a-personas-con-discapacidad\/","url":"https:\/\/reporteroshoy.mx\/noticias\/entregan-becas-economicas-a-personas-con-discapacidad\/","name":"Entregan becas econ\u00f3micas a personas con discapacidad","isPartOf":{"@id":"https:\/\/reporteroshoy.mx\/noticias\/#website"},"primaryImageOfPage":{"@id":"https:\/\/reporteroshoy.mx\/noticias\/entregan-becas-economicas-a-personas-con-discapacidad\/#primaryimage"},"image":{"@id":"https:\/\/reporteroshoy.mx\/noticias\/entregan-becas-economicas-a-personas-con-discapacidad\/#primaryimage"},"thumbnailUrl":"https:\/\/reporteroshoy.mx\/noticias\/wp-content\/uploads\/2024\/11\/Imagen-de-WhatsApp-2024-11-27-a-las-20.55.09_b7fa3016-scaled.jpg","datePublished":"2024-11-28T03:54:11+00:00","author":{"@id":"https:\/\/reporteroshoy.mx\/noticias\/#\/schema\/person\/948520f0d88b01be2e5266bc4acbbc15"},"description":"La alcaldesa de M\u00e9rida, Cecilia Patr\u00f3n Laviada encabez\u00f3 la entrega de becas para personas con discapacidad para el ciclo 2024-2025.","breadcrumb":{"@id":"https:\/\/reporteroshoy.mx\/noticias\/entregan-becas-economicas-a-personas-con-discapacidad\/#breadcrumb"},"inLanguage":"es","potentialAction":[{"@type":"ReadAction","target":["https:\/\/reporteroshoy.mx\/noticias\/entregan-becas-economicas-a-personas-con-discapacidad\/"]}]},{"@type":"ImageObject","inLanguage":"es","@id":"https:\/\/reporteroshoy.mx\/noticias\/entregan-becas-economicas-a-personas-con-discapacidad\/#primaryimage","url":"https:\/\/reporteroshoy.mx\/noticias\/wp-content\/uploads\/2024\/11\/Imagen-de-WhatsApp-2024-11-27-a-las-20.55.09_b7fa3016-scaled.jpg","contentUrl":"https:\/\/reporteroshoy.mx\/noticias\/wp-content\/uploads\/2024\/11\/Imagen-de-WhatsApp-2024-11-27-a-las-20.55.09_b7fa3016-scaled.jpg","width":768,"height":511},{"@type":"BreadcrumbList","@id":"https:\/\/reporteroshoy.mx\/noticias\/entregan-becas-economicas-a-personas-con-discapacidad\/#breadcrumb","itemListElement":[{"@type":"ListItem","position":1,"name":"Portada","item":"https:\/\/reporteroshoy.mx\/noticias\/"},{"@type":"ListItem","position":2,"name":"Entregan becas econ\u00f3micas a personas con discapacidad"}]},{"@type":"WebSite","@id":"https:\/\/reporteroshoy.mx\/noticias\/#website","url":"https:\/\/reporteroshoy.mx\/noticias\/","name":"Reporteros Hoy | Noticias de Yucat\u00e1n","description":"Peri\u00f3dico digital con noticias diarias desde M\u00e9rida, Yucat\u00e1n para el mundo.","potentialAction":[{"@type":"SearchAction","target":{"@type":"EntryPoint","urlTemplate":"https:\/\/reporteroshoy.mx\/noticias\/?s={search_term_string}"},"query-input":{"@type":"PropertyValueSpecification","valueRequired":true,"valueName":"search_term_string"}}],"inLanguage":"es"},{"@type":"Person","@id":"https:\/\/reporteroshoy.mx\/noticias\/#\/schema\/person\/948520f0d88b01be2e5266bc4acbbc15","name":"Reporteros Hoy IM","image":{"@type":"ImageObject","inLanguage":"es","@id":"https:\/\/secure.gravatar.com\/avatar\/d843030b96552826ac048bdfe26f2895604b800ed0c880ee55765a74d95dfc65?s=96&d=mm&r=g","url":"https:\/\/secure.gravatar.com\/avatar\/d843030b96552826ac048bdfe26f2895604b800ed0c880ee55765a74d95dfc65?s=96&d=mm&r=g","contentUrl":"https:\/\/secure.gravatar.com\/avatar\/d843030b96552826ac048bdfe26f2895604b800ed0c880ee55765a74d95dfc65?s=96&d=mm&r=g","caption":"Reporteros Hoy IM"},"url":"https:\/\/reporteroshoy.mx\/noticias\/author\/israel\/"}]}},"_links":{"self":[{"href":"https:\/\/reporteroshoy.mx\/noticias\/wp-json\/wp\/v2\/posts\/117644","targetHints":{"allow":["GET"]}}],"collection":[{"href":"https:\/\/reporteroshoy.mx\/noticias\/wp-json\/wp\/v2\/posts"}],"about":[{"href":"https:\/\/reporteroshoy.mx\/noticias\/wp-json\/wp\/v2\/types\/post"}],"author":[{"embeddable":true,"href":"https:\/\/reporteroshoy.mx\/noticias\/wp-json\/wp\/v2\/users\/5"}],"replies":[{"embeddable":true,"href":"https:\/\/reporteroshoy.mx\/noticias\/wp-json\/wp\/v2\/comments?post=117644"}],"version-history":[{"count":0,"href":"https:\/\/reporteroshoy.mx\/noticias\/wp-json\/wp\/v2\/posts\/117644\/revisions"}],"wp:featuredmedia":[{"embeddable":true,"href":"https:\/\/reporteroshoy.mx\/noticias\/wp-json\/wp\/v2\/media\/117646"}],"wp:attachment":[{"href":"https:\/\/reporteroshoy.mx\/noticias\/wp-json\/wp\/v2\/media?parent=117644"}],"wp:term":[{"taxonomy":"category","embeddable":true,"href":"https:\/\/reporteroshoy.mx\/noticias\/wp-json\/wp\/v2\/categories?post=117644"},{"taxonomy":"post_tag","embeddable":true,"href":"https:\/\/reporteroshoy.mx\/noticias\/wp-json\/wp\/v2\/tags?post=117644"}],"curies":[{"name":"wp","href":"https:\/\/api.w.org\/{rel}","templated":true}]}}