{"id":117748,"date":"2024-12-03T21:51:18","date_gmt":"2024-12-04T03:51:18","guid":{"rendered":"https:\/\/reporteroshoy.mx\/noticias\/?p=117748"},"modified":"2024-12-04T01:36:27","modified_gmt":"2024-12-04T07:36:27","slug":"a-donde-se-va-lo-que-redondeamos-en-super-aki","status":"publish","type":"post","link":"https:\/\/reporteroshoy.mx\/noticias\/a-donde-se-va-lo-que-redondeamos-en-super-aki\/","title":{"rendered":"\u00bfA d\u00f3nde se va lo que redondeamos en S\u00faper Ak\u00ed?"},"content":{"rendered":"<p style=\"font-weight: 400; text-align: justify;\"><span style=\"color: #000000;\">Cuando acudes a una sucursal de S\u00faper Ak\u00ed y eliges decir que \u00a1<strong>S\u00ed al redondeo!, <\/strong>quiz\u00e1s te has preguntado: <strong>\u00bfA d\u00f3nde va mi aportaci\u00f3n? <\/strong><\/span><\/p>\n<p style=\"font-weight: 400; text-align: justify;\"><span style=\"color: #000000;\">La respuesta est\u00e1 en <strong>Ciudad Vicentina<\/strong>, un refugio ubicado al oriente de M\u00e9rida que, desde hace casi 40 a\u00f1os, ha sido un hogar para personas en situaci\u00f3n de desamparo y con alguna discapacidad, brind\u00e1ndoles atenci\u00f3n integral y, sobre todo, una nueva esperanza.<\/span><\/p>\n<p style=\"font-weight: 400; text-align: justify;\"><span style=\"color: #000000;\">Ciudad Vicentina se encuentra en la colonia Unidad Habitacional CTM, en una lateral del Anillo Perif\u00e9rico, cerca de la salida hacia Canc\u00fan.<\/span><\/p>\n<p style=\"text-align: justify;\"><img loading=\"lazy\" decoding=\"async\" class=\"wp-image-117749 aligncenter\" src=\"https:\/\/reporteroshoy.mx\/noticias\/wp-content\/uploads\/2024\/12\/CD_VICENTINA-48-scaled.jpg\" alt=\"\" width=\"628\" height=\"368\" \/> <span style=\"color: #000000;\">Este espacio acoge actualmente alrededor de 100 residentes, hombres y mujeres de entre 18 y 99 a\u00f1os, quienes encuentran aqu\u00ed no solo un techo, sino tambi\u00e9n atenci\u00f3n m\u00e9dica las 24 horas, alimentaci\u00f3n, vestimenta, terapia y rehabilitaci\u00f3n adaptadas a sus necesidades.<\/span><\/p>\n<p style=\"font-weight: 400; text-align: justify;\"><span style=\"color: #000000;\">Con una amplia sonrisa que contagia, Mar\u00eda Silvia Rodr\u00edguez, coordinadora del refugio, explica emocionada que la labor diaria ser\u00eda imposible sin el compromiso de las 33 personas que trabajan junto a un grupo de monjas de la Congregaci\u00f3n Hermanas de la Caridad. \u201cCada residente es como un miembro de nuestra familia. Aqu\u00ed les damos lo que necesitan para vivir con dignidad\u201d, comenta.<\/span><\/p>\n<h4 style=\"font-weight: 400; text-align: justify;\"><span style=\"color: #000000;\"><strong>Tu apoyo llega a quienes m\u00e1s lo necesitan<\/strong><\/span><\/h4>\n<p style=\"font-weight: 400; text-align: justify;\"><span style=\"color: #000000;\">Mantener este refugio requiere un esfuerzo constante, el mantenimiento de las instalaciones, la n\u00f3mina del personal hasta la manutenci\u00f3n de los residentes entre otras necesidades.<\/span><\/p>\n<p><img loading=\"lazy\" decoding=\"async\" class=\"wp-image-117750 aligncenter\" src=\"https:\/\/reporteroshoy.mx\/noticias\/wp-content\/uploads\/2024\/12\/CD_VICENTINA-50-scaled.jpg\" alt=\"\" width=\"611\" height=\"394\" \/><\/p>\n<p style=\"font-weight: 400; text-align: justify;\"><span style=\"color: #000000;\">Cada d\u00eda surgen nuevas necesidades: medicamentos, tratamientos costosos, terapias para mantener a los residentes activos, e incluso atenci\u00f3n especial para enfermedades cr\u00f3nicas.<\/span><\/p>\n<p style=\"font-weight: 400; text-align: justify;\"><span style=\"color: #000000;\">\u201cEs un mosaico de situaciones que atendemos con generosidad y amor\u201d, comparte Mar\u00eda Silvia, quien siempre enfrenta los desaf\u00edos con una sonrisa llena de esperanza. Quiz\u00e1s esa misma actitud contagiosa es la que ha permitido que Ciudad Vicentina, fundada por el Grupo San Francisco, se mantenga en pie despu\u00e9s de tantos a\u00f1os.<\/span><\/p>\n<p><img loading=\"lazy\" decoding=\"async\" class=\"wp-image-117751 aligncenter\" src=\"https:\/\/reporteroshoy.mx\/noticias\/wp-content\/uploads\/2024\/12\/CD_VICENTINA-46-scaled.jpg\" alt=\"\" width=\"619\" height=\"400\" \/><\/p>\n<p style=\"font-weight: 400; text-align: justify;\"><span style=\"color: #000000;\">La coordinadora agradece el apoyo que el redondeo de S\u00faper Ak\u00ed brinda a esta noble causa. \u00abEs incre\u00edble c\u00f3mo algo tan sencillo puede tener un impacto tan grande\u00bb, asegura, mientras invita a los clientes a seguir redondeando para que m\u00e1s personas puedan beneficiarse de esta labor. <\/span><\/p>\n<p style=\"font-weight: 400; text-align: justify;\"><span style=\"color: #000000;\">Todo lo recaudado a trav\u00e9s del redondeo en las 51 sucursales de S\u00faper Ak\u00ed, incluidas las ubicadas en Yucat\u00e1n, Campeche y Quintana Roo, se destina \u00edntegramente a Ciudad Vicentina.<\/span><\/p>\n<p><img loading=\"lazy\" decoding=\"async\" class=\"wp-image-117752 aligncenter\" src=\"https:\/\/reporteroshoy.mx\/noticias\/wp-content\/uploads\/2024\/12\/CD_VICENTINA-1-scaled.jpg\" alt=\"\" width=\"635\" height=\"423\" \/><\/p>\n<p style=\"font-weight: 400; text-align: justify;\"><span style=\"color: #000000;\">Adem\u00e1s, las puertas de Ciudad Vicentina est\u00e1n abiertas para quienes deseen colaborar como voluntarios, participando en actividades recreativas y brindando compa\u00f1\u00eda a los residentes, o apoyando con donaciones en especie o en efectivo. Tambi\u00e9n diciendo que s\u00ed al redondeo cuando vayas a S\u00faper Ak\u00ed a hacer tus compras, una acci\u00f3n que, aunque parezca peque\u00f1a, tiene un impacto enorme en la vida de quienes residen en este refugio.<\/span><\/p>\n<p style=\"font-weight: 400; text-align: justify;\"><span style=\"color: #000000;\">Ciudad Vicentina es m\u00e1s que un refugio; es un ejemplo vivo de solidaridad y amor al pr\u00f3jimo. <strong>Cada gesto cuenta apoyando de coraz\u00f3n a qui\u00e9n m\u00e1s lo necesita.<\/strong><\/span><\/p>\n","protected":false},"excerpt":{"rendered":"<p>Cuando acudes a una sucursal de S\u00faper Ak\u00ed y eliges decir que \u00a1S\u00ed al redondeo!, quiz\u00e1s te has preguntado: \u00bfA d\u00f3nde va mi aportaci\u00f3n?<\/p>\n","protected":false},"author":2,"featured_media":117750,"comment_status":"open","ping_status":"closed","sticky":false,"template":"","format":"standard","meta":{"footnotes":""},"categories":[24409],"tags":[26850,11618,23],"class_list":["post-117748","post","type-post","status-publish","format-standard","has-post-thumbnail","hentry","category-de-interes","tag-ciudad-vicentina","tag-super-aki","tag-yucatan"],"yoast_head":"<!-- This site is optimized with the Yoast SEO plugin v28.3 - https:\/\/yoast.com\/product\/yoast-seo-wordpress\/ -->\n<title>\u00bfA d\u00f3nde se va lo que redondeamos en S\u00faper Ak\u00ed?<\/title>\n<meta name=\"description\" content=\"Cuando acudes a una sucursal de S\u00faper Ak\u00ed y eliges decir que \u00a1S\u00ed al redondeo!, quiz\u00e1s te has preguntado: \u00bfA d\u00f3nde va mi aportaci\u00f3n?\" \/>\n<meta name=\"robots\" content=\"index, follow, max-snippet:-1, max-image-preview:large, max-video-preview:-1\" \/>\n<link rel=\"canonical\" href=\"https:\/\/reporteroshoy.mx\/noticias\/a-donde-se-va-lo-que-redondeamos-en-super-aki\/\" \/>\n<meta property=\"og:locale\" content=\"es_ES\" \/>\n<meta property=\"og:type\" content=\"article\" \/>\n<meta property=\"og:title\" content=\"\u00bfA d\u00f3nde se va lo que redondeamos en S\u00faper Ak\u00ed?\" \/>\n<meta property=\"og:description\" content=\"Cuando acudes a una sucursal de S\u00faper Ak\u00ed y eliges decir que \u00a1S\u00ed al redondeo!, quiz\u00e1s te has preguntado: \u00bfA d\u00f3nde va mi aportaci\u00f3n?\" \/>\n<meta property=\"og:url\" content=\"https:\/\/reporteroshoy.mx\/noticias\/a-donde-se-va-lo-que-redondeamos-en-super-aki\/\" \/>\n<meta property=\"og:site_name\" content=\"Reporteros Hoy | Noticias de Yucat\u00e1n\" \/>\n<meta property=\"article:publisher\" content=\"http:\/\/www.facebook.com\/reporteroshoymx\" \/>\n<meta property=\"article:published_time\" content=\"2024-12-04T03:51:18+00:00\" \/>\n<meta property=\"article:modified_time\" content=\"2024-12-04T07:36:27+00:00\" \/>\n<meta property=\"og:image\" content=\"https:\/\/reporteroshoy.mx\/noticias\/wp-content\/uploads\/2024\/12\/CD_VICENTINA-50-scaled.jpg\" \/>\n\t<meta property=\"og:image:width\" content=\"768\" \/>\n\t<meta property=\"og:image:height\" content=\"495\" \/>\n\t<meta property=\"og:image:type\" content=\"image\/jpeg\" \/>\n<meta name=\"author\" content=\"Reporteros Hoy HY\" \/>\n<meta name=\"twitter:card\" content=\"summary_large_image\" \/>\n<meta name=\"twitter:creator\" content=\"@reporteroshoy\" \/>\n<meta name=\"twitter:site\" content=\"@reporteroshoy\" \/>\n<meta name=\"twitter:label1\" content=\"Escrito por\" \/>\n\t<meta name=\"twitter:data1\" content=\"Reporteros Hoy HY\" \/>\n\t<meta name=\"twitter:label2\" content=\"Tiempo de lectura\" \/>\n\t<meta name=\"twitter:data2\" content=\"4 minutos\" \/>\n<script type=\"application\/ld+json\" class=\"yoast-schema-graph\">{\"@context\":\"https:\\\/\\\/schema.org\",\"@graph\":[{\"@type\":\"Article\",\"@id\":\"https:\\\/\\\/reporteroshoy.mx\\\/noticias\\\/a-donde-se-va-lo-que-redondeamos-en-super-aki\\\/#article\",\"isPartOf\":{\"@id\":\"https:\\\/\\\/reporteroshoy.mx\\\/noticias\\\/a-donde-se-va-lo-que-redondeamos-en-super-aki\\\/\"},\"author\":{\"name\":\"Reporteros Hoy HY\",\"@id\":\"https:\\\/\\\/reporteroshoy.mx\\\/noticias\\\/#\\\/schema\\\/person\\\/d32189074678a9d41498d4248e29aac3\"},\"headline\":\"\u00bfA d\u00f3nde se va lo que redondeamos en S\u00faper Ak\u00ed?\",\"datePublished\":\"2024-12-04T03:51:18+00:00\",\"dateModified\":\"2024-12-04T07:36:27+00:00\",\"mainEntityOfPage\":{\"@id\":\"https:\\\/\\\/reporteroshoy.mx\\\/noticias\\\/a-donde-se-va-lo-que-redondeamos-en-super-aki\\\/\"},\"wordCount\":523,\"commentCount\":0,\"image\":{\"@id\":\"https:\\\/\\\/reporteroshoy.mx\\\/noticias\\\/a-donde-se-va-lo-que-redondeamos-en-super-aki\\\/#primaryimage\"},\"thumbnailUrl\":\"https:\\\/\\\/reporteroshoy.mx\\\/noticias\\\/wp-content\\\/uploads\\\/2024\\\/12\\\/CD_VICENTINA-50-scaled.jpg\",\"keywords\":[\"Ciudad Vicentina\",\"S\u00faper Aki\",\"Yucat\u00e1n\"],\"articleSection\":[\"De inter\u00e9s\"],\"inLanguage\":\"es\",\"potentialAction\":[{\"@type\":\"CommentAction\",\"name\":\"Comment\",\"target\":[\"https:\\\/\\\/reporteroshoy.mx\\\/noticias\\\/a-donde-se-va-lo-que-redondeamos-en-super-aki\\\/#respond\"]}]},{\"@type\":\"WebPage\",\"@id\":\"https:\\\/\\\/reporteroshoy.mx\\\/noticias\\\/a-donde-se-va-lo-que-redondeamos-en-super-aki\\\/\",\"url\":\"https:\\\/\\\/reporteroshoy.mx\\\/noticias\\\/a-donde-se-va-lo-que-redondeamos-en-super-aki\\\/\",\"name\":\"\u00bfA d\u00f3nde se va lo que redondeamos en S\u00faper Ak\u00ed?\",\"isPartOf\":{\"@id\":\"https:\\\/\\\/reporteroshoy.mx\\\/noticias\\\/#website\"},\"primaryImageOfPage\":{\"@id\":\"https:\\\/\\\/reporteroshoy.mx\\\/noticias\\\/a-donde-se-va-lo-que-redondeamos-en-super-aki\\\/#primaryimage\"},\"image\":{\"@id\":\"https:\\\/\\\/reporteroshoy.mx\\\/noticias\\\/a-donde-se-va-lo-que-redondeamos-en-super-aki\\\/#primaryimage\"},\"thumbnailUrl\":\"https:\\\/\\\/reporteroshoy.mx\\\/noticias\\\/wp-content\\\/uploads\\\/2024\\\/12\\\/CD_VICENTINA-50-scaled.jpg\",\"datePublished\":\"2024-12-04T03:51:18+00:00\",\"dateModified\":\"2024-12-04T07:36:27+00:00\",\"author\":{\"@id\":\"https:\\\/\\\/reporteroshoy.mx\\\/noticias\\\/#\\\/schema\\\/person\\\/d32189074678a9d41498d4248e29aac3\"},\"description\":\"Cuando acudes a una sucursal de S\u00faper Ak\u00ed y eliges decir que \u00a1S\u00ed al redondeo!, quiz\u00e1s te has preguntado: \u00bfA d\u00f3nde va mi aportaci\u00f3n?\",\"breadcrumb\":{\"@id\":\"https:\\\/\\\/reporteroshoy.mx\\\/noticias\\\/a-donde-se-va-lo-que-redondeamos-en-super-aki\\\/#breadcrumb\"},\"inLanguage\":\"es\",\"potentialAction\":[{\"@type\":\"ReadAction\",\"target\":[\"https:\\\/\\\/reporteroshoy.mx\\\/noticias\\\/a-donde-se-va-lo-que-redondeamos-en-super-aki\\\/\"]}]},{\"@type\":\"ImageObject\",\"inLanguage\":\"es\",\"@id\":\"https:\\\/\\\/reporteroshoy.mx\\\/noticias\\\/a-donde-se-va-lo-que-redondeamos-en-super-aki\\\/#primaryimage\",\"url\":\"https:\\\/\\\/reporteroshoy.mx\\\/noticias\\\/wp-content\\\/uploads\\\/2024\\\/12\\\/CD_VICENTINA-50-scaled.jpg\",\"contentUrl\":\"https:\\\/\\\/reporteroshoy.mx\\\/noticias\\\/wp-content\\\/uploads\\\/2024\\\/12\\\/CD_VICENTINA-50-scaled.jpg\",\"width\":768,\"height\":495},{\"@type\":\"BreadcrumbList\",\"@id\":\"https:\\\/\\\/reporteroshoy.mx\\\/noticias\\\/a-donde-se-va-lo-que-redondeamos-en-super-aki\\\/#breadcrumb\",\"itemListElement\":[{\"@type\":\"ListItem\",\"position\":1,\"name\":\"Portada\",\"item\":\"https:\\\/\\\/reporteroshoy.mx\\\/noticias\\\/\"},{\"@type\":\"ListItem\",\"position\":2,\"name\":\"\u00bfA d\u00f3nde se va lo que redondeamos en S\u00faper Ak\u00ed?\"}]},{\"@type\":\"WebSite\",\"@id\":\"https:\\\/\\\/reporteroshoy.mx\\\/noticias\\\/#website\",\"url\":\"https:\\\/\\\/reporteroshoy.mx\\\/noticias\\\/\",\"name\":\"Reporteros Hoy | Noticias de Yucat\u00e1n\",\"description\":\"Peri\u00f3dico digital con noticias diarias desde M\u00e9rida, Yucat\u00e1n para el mundo.\",\"potentialAction\":[{\"@type\":\"SearchAction\",\"target\":{\"@type\":\"EntryPoint\",\"urlTemplate\":\"https:\\\/\\\/reporteroshoy.mx\\\/noticias\\\/?s={search_term_string}\"},\"query-input\":{\"@type\":\"PropertyValueSpecification\",\"valueRequired\":true,\"valueName\":\"search_term_string\"}}],\"inLanguage\":\"es\"},{\"@type\":\"Person\",\"@id\":\"https:\\\/\\\/reporteroshoy.mx\\\/noticias\\\/#\\\/schema\\\/person\\\/d32189074678a9d41498d4248e29aac3\",\"name\":\"Reporteros Hoy HY\",\"image\":{\"@type\":\"ImageObject\",\"inLanguage\":\"es\",\"@id\":\"https:\\\/\\\/secure.gravatar.com\\\/avatar\\\/c539a82770f256437b35bda44650bb50f5fd4b7017f8b29672ed9f27a43cec47?s=96&d=mm&r=g\",\"url\":\"https:\\\/\\\/secure.gravatar.com\\\/avatar\\\/c539a82770f256437b35bda44650bb50f5fd4b7017f8b29672ed9f27a43cec47?s=96&d=mm&r=g\",\"contentUrl\":\"https:\\\/\\\/secure.gravatar.com\\\/avatar\\\/c539a82770f256437b35bda44650bb50f5fd4b7017f8b29672ed9f27a43cec47?s=96&d=mm&r=g\",\"caption\":\"Reporteros Hoy HY\"},\"url\":\"https:\\\/\\\/reporteroshoy.mx\\\/noticias\\\/author\\\/thelmo\\\/\"}]}<\/script>\n<!-- \/ Yoast SEO plugin. -->","yoast_head_json":{"title":"\u00bfA d\u00f3nde se va lo que redondeamos en S\u00faper Ak\u00ed?","description":"Cuando acudes a una sucursal de S\u00faper Ak\u00ed y eliges decir que \u00a1S\u00ed al redondeo!, quiz\u00e1s te has preguntado: \u00bfA d\u00f3nde va mi aportaci\u00f3n?","robots":{"index":"index","follow":"follow","max-snippet":"max-snippet:-1","max-image-preview":"max-image-preview:large","max-video-preview":"max-video-preview:-1"},"canonical":"https:\/\/reporteroshoy.mx\/noticias\/a-donde-se-va-lo-que-redondeamos-en-super-aki\/","og_locale":"es_ES","og_type":"article","og_title":"\u00bfA d\u00f3nde se va lo que redondeamos en S\u00faper Ak\u00ed?","og_description":"Cuando acudes a una sucursal de S\u00faper Ak\u00ed y eliges decir que \u00a1S\u00ed al redondeo!, quiz\u00e1s te has preguntado: \u00bfA d\u00f3nde va mi aportaci\u00f3n?","og_url":"https:\/\/reporteroshoy.mx\/noticias\/a-donde-se-va-lo-que-redondeamos-en-super-aki\/","og_site_name":"Reporteros Hoy | Noticias de Yucat\u00e1n","article_publisher":"http:\/\/www.facebook.com\/reporteroshoymx","article_published_time":"2024-12-04T03:51:18+00:00","article_modified_time":"2024-12-04T07:36:27+00:00","og_image":[{"width":768,"height":495,"url":"https:\/\/reporteroshoy.mx\/noticias\/wp-content\/uploads\/2024\/12\/CD_VICENTINA-50-scaled.jpg","type":"image\/jpeg"}],"author":"Reporteros Hoy HY","twitter_card":"summary_large_image","twitter_creator":"@reporteroshoy","twitter_site":"@reporteroshoy","twitter_misc":{"Escrito por":"Reporteros Hoy HY","Tiempo de lectura":"4 minutos"},"schema":{"@context":"https:\/\/schema.org","@graph":[{"@type":"Article","@id":"https:\/\/reporteroshoy.mx\/noticias\/a-donde-se-va-lo-que-redondeamos-en-super-aki\/#article","isPartOf":{"@id":"https:\/\/reporteroshoy.mx\/noticias\/a-donde-se-va-lo-que-redondeamos-en-super-aki\/"},"author":{"name":"Reporteros Hoy HY","@id":"https:\/\/reporteroshoy.mx\/noticias\/#\/schema\/person\/d32189074678a9d41498d4248e29aac3"},"headline":"\u00bfA d\u00f3nde se va lo que redondeamos en S\u00faper Ak\u00ed?","datePublished":"2024-12-04T03:51:18+00:00","dateModified":"2024-12-04T07:36:27+00:00","mainEntityOfPage":{"@id":"https:\/\/reporteroshoy.mx\/noticias\/a-donde-se-va-lo-que-redondeamos-en-super-aki\/"},"wordCount":523,"commentCount":0,"image":{"@id":"https:\/\/reporteroshoy.mx\/noticias\/a-donde-se-va-lo-que-redondeamos-en-super-aki\/#primaryimage"},"thumbnailUrl":"https:\/\/reporteroshoy.mx\/noticias\/wp-content\/uploads\/2024\/12\/CD_VICENTINA-50-scaled.jpg","keywords":["Ciudad Vicentina","S\u00faper Aki","Yucat\u00e1n"],"articleSection":["De inter\u00e9s"],"inLanguage":"es","potentialAction":[{"@type":"CommentAction","name":"Comment","target":["https:\/\/reporteroshoy.mx\/noticias\/a-donde-se-va-lo-que-redondeamos-en-super-aki\/#respond"]}]},{"@type":"WebPage","@id":"https:\/\/reporteroshoy.mx\/noticias\/a-donde-se-va-lo-que-redondeamos-en-super-aki\/","url":"https:\/\/reporteroshoy.mx\/noticias\/a-donde-se-va-lo-que-redondeamos-en-super-aki\/","name":"\u00bfA d\u00f3nde se va lo que redondeamos en S\u00faper Ak\u00ed?","isPartOf":{"@id":"https:\/\/reporteroshoy.mx\/noticias\/#website"},"primaryImageOfPage":{"@id":"https:\/\/reporteroshoy.mx\/noticias\/a-donde-se-va-lo-que-redondeamos-en-super-aki\/#primaryimage"},"image":{"@id":"https:\/\/reporteroshoy.mx\/noticias\/a-donde-se-va-lo-que-redondeamos-en-super-aki\/#primaryimage"},"thumbnailUrl":"https:\/\/reporteroshoy.mx\/noticias\/wp-content\/uploads\/2024\/12\/CD_VICENTINA-50-scaled.jpg","datePublished":"2024-12-04T03:51:18+00:00","dateModified":"2024-12-04T07:36:27+00:00","author":{"@id":"https:\/\/reporteroshoy.mx\/noticias\/#\/schema\/person\/d32189074678a9d41498d4248e29aac3"},"description":"Cuando acudes a una sucursal de S\u00faper Ak\u00ed y eliges decir que \u00a1S\u00ed al redondeo!, quiz\u00e1s te has preguntado: \u00bfA d\u00f3nde va mi aportaci\u00f3n?","breadcrumb":{"@id":"https:\/\/reporteroshoy.mx\/noticias\/a-donde-se-va-lo-que-redondeamos-en-super-aki\/#breadcrumb"},"inLanguage":"es","potentialAction":[{"@type":"ReadAction","target":["https:\/\/reporteroshoy.mx\/noticias\/a-donde-se-va-lo-que-redondeamos-en-super-aki\/"]}]},{"@type":"ImageObject","inLanguage":"es","@id":"https:\/\/reporteroshoy.mx\/noticias\/a-donde-se-va-lo-que-redondeamos-en-super-aki\/#primaryimage","url":"https:\/\/reporteroshoy.mx\/noticias\/wp-content\/uploads\/2024\/12\/CD_VICENTINA-50-scaled.jpg","contentUrl":"https:\/\/reporteroshoy.mx\/noticias\/wp-content\/uploads\/2024\/12\/CD_VICENTINA-50-scaled.jpg","width":768,"height":495},{"@type":"BreadcrumbList","@id":"https:\/\/reporteroshoy.mx\/noticias\/a-donde-se-va-lo-que-redondeamos-en-super-aki\/#breadcrumb","itemListElement":[{"@type":"ListItem","position":1,"name":"Portada","item":"https:\/\/reporteroshoy.mx\/noticias\/"},{"@type":"ListItem","position":2,"name":"\u00bfA d\u00f3nde se va lo que redondeamos en S\u00faper Ak\u00ed?"}]},{"@type":"WebSite","@id":"https:\/\/reporteroshoy.mx\/noticias\/#website","url":"https:\/\/reporteroshoy.mx\/noticias\/","name":"Reporteros Hoy | Noticias de Yucat\u00e1n","description":"Peri\u00f3dico digital con noticias diarias desde M\u00e9rida, Yucat\u00e1n para el mundo.","potentialAction":[{"@type":"SearchAction","target":{"@type":"EntryPoint","urlTemplate":"https:\/\/reporteroshoy.mx\/noticias\/?s={search_term_string}"},"query-input":{"@type":"PropertyValueSpecification","valueRequired":true,"valueName":"search_term_string"}}],"inLanguage":"es"},{"@type":"Person","@id":"https:\/\/reporteroshoy.mx\/noticias\/#\/schema\/person\/d32189074678a9d41498d4248e29aac3","name":"Reporteros Hoy HY","image":{"@type":"ImageObject","inLanguage":"es","@id":"https:\/\/secure.gravatar.com\/avatar\/c539a82770f256437b35bda44650bb50f5fd4b7017f8b29672ed9f27a43cec47?s=96&d=mm&r=g","url":"https:\/\/secure.gravatar.com\/avatar\/c539a82770f256437b35bda44650bb50f5fd4b7017f8b29672ed9f27a43cec47?s=96&d=mm&r=g","contentUrl":"https:\/\/secure.gravatar.com\/avatar\/c539a82770f256437b35bda44650bb50f5fd4b7017f8b29672ed9f27a43cec47?s=96&d=mm&r=g","caption":"Reporteros Hoy HY"},"url":"https:\/\/reporteroshoy.mx\/noticias\/author\/thelmo\/"}]}},"_links":{"self":[{"href":"https:\/\/reporteroshoy.mx\/noticias\/wp-json\/wp\/v2\/posts\/117748","targetHints":{"allow":["GET"]}}],"collection":[{"href":"https:\/\/reporteroshoy.mx\/noticias\/wp-json\/wp\/v2\/posts"}],"about":[{"href":"https:\/\/reporteroshoy.mx\/noticias\/wp-json\/wp\/v2\/types\/post"}],"author":[{"embeddable":true,"href":"https:\/\/reporteroshoy.mx\/noticias\/wp-json\/wp\/v2\/users\/2"}],"replies":[{"embeddable":true,"href":"https:\/\/reporteroshoy.mx\/noticias\/wp-json\/wp\/v2\/comments?post=117748"}],"version-history":[{"count":0,"href":"https:\/\/reporteroshoy.mx\/noticias\/wp-json\/wp\/v2\/posts\/117748\/revisions"}],"wp:featuredmedia":[{"embeddable":true,"href":"https:\/\/reporteroshoy.mx\/noticias\/wp-json\/wp\/v2\/media\/117750"}],"wp:attachment":[{"href":"https:\/\/reporteroshoy.mx\/noticias\/wp-json\/wp\/v2\/media?parent=117748"}],"wp:term":[{"taxonomy":"category","embeddable":true,"href":"https:\/\/reporteroshoy.mx\/noticias\/wp-json\/wp\/v2\/categories?post=117748"},{"taxonomy":"post_tag","embeddable":true,"href":"https:\/\/reporteroshoy.mx\/noticias\/wp-json\/wp\/v2\/tags?post=117748"}],"curies":[{"name":"wp","href":"https:\/\/api.w.org\/{rel}","templated":true}]}}