{"id":118287,"date":"2024-12-28T15:26:14","date_gmt":"2024-12-28T21:26:14","guid":{"rendered":"https:\/\/reporteroshoy.mx\/noticias\/?p=118287"},"modified":"2024-12-28T15:33:50","modified_gmt":"2024-12-28T21:33:50","slug":"morena-aprueba-el-cobro-del-reemplacamiento-en-yucatan","status":"publish","type":"post","link":"https:\/\/reporteroshoy.mx\/noticias\/morena-aprueba-el-cobro-del-reemplacamiento-en-yucatan\/","title":{"rendered":"Morena aprueba el cobro del reemplacamiento en Yucat\u00e1n"},"content":{"rendered":"<p style=\"text-align: justify;\">El Congreso de Yucat\u00e1n aprob\u00f3 por mayor\u00eda el paquete fiscal 2025 enviado por el gobernador <strong><a href=\"https:\/\/www.facebook.com\/huachodiazmena\">Joaqu\u00edn D\u00edaz Mena<\/a><\/strong> que incluye el cobro del reemplacamiento vehicular que, junto con otros derechos, ser\u00e1 de 2,118 pesos.<\/p>\n<p style=\"text-align: justify;\">El debate entre las bancadas de Morena, PAN y Movimiento Ciudadano se centr\u00f3 en esa pol\u00e9mica contribuci\u00f3n.<\/p>\n<p><img loading=\"lazy\" decoding=\"async\" class=\"alignnone size-full wp-image-118288\" src=\"https:\/\/reporteroshoy.mx\/noticias\/wp-content\/uploads\/2024\/12\/Congreso_reemplacamiento-scaled.jpg\" alt=\"\" width=\"768\" height=\"512\" srcset=\"https:\/\/reporteroshoy.mx\/noticias\/wp-content\/uploads\/2024\/12\/Congreso_reemplacamiento-scaled.jpg 768w, https:\/\/reporteroshoy.mx\/noticias\/wp-content\/uploads\/2024\/12\/Congreso_reemplacamiento-1536x1024.jpg 1536w\" sizes=\"auto, (max-width: 768px) 100vw, 768px\" \/><\/p>\n<p style=\"text-align: justify;\">El diputado local guinda, Alejandro Cuevas Mena, asegur\u00f3 que no se crearon nuevos impuestos, ni se incrementaron los existentes.<\/p>\n<p style=\"text-align: justify;\">\u201cNo somos iguales, s\u00ed somos diferentes\u201d, alarde\u00f3 en la tribuna.<\/p>\n<p style=\"text-align: justify;\">Atribuy\u00f3 el rechazo del PAN al canje de placas a una revancha pol\u00edtica porque Morena, PT y PVEM modificaron las tablas de valores para el cobro del impuesto predial al ayuntamiento de M\u00e9rida de extracci\u00f3n blanquiazul.<\/p>\n<p style=\"text-align: justify;\">\u201cLes quitamos 80 millones de pesos de sus moches\u201d, afirm\u00f3.<\/p>\n<p style=\"text-align: justify;\">De igual manera, mencion\u00f3 que el proceso de renovaci\u00f3n de las matr\u00edculas de automotores se cre\u00f3 durante de los gobiernos prianistas.<\/p>\n<p style=\"text-align: justify;\">Por su parte, la diputada morenista, Mar\u00eda Esther Magad\u00e1n Alonzo, cuestion\u00f3 al PAN por no oponerse antes al canje de placas, cuando gobernaba la entidad.<\/p>\n<p style=\"text-align: justify;\">Sostuvo que el reemplacamiento permite actualizar el padr\u00f3n vehicular de Yucat\u00e1n lo que refuerza la seguridad al saber de qui\u00e9nes son los autom\u00f3viles que circulan por el estado.<\/p>\n<p style=\"text-align: justify;\">\u201cCon la seguridad no se juega. Ustedes son viejos lobos queriendo vestirse con piel de oveja\u201d, dijo a la oposici\u00f3n.<\/p>\n<h3><strong>El cobro s\u00f3lo es para recaudar dinero<\/strong><\/h3>\n<p style=\"text-align: justify;\">En respuesta, el coordinador de la bancada del PAN, Roger Torres Peniche, refut\u00f3 que no se creen nuevas contribuciones ya que al hacer el tr\u00e1mite del reemplacamiento se tendr\u00e1 que pagar 353 pesos por concepto de un impuesto adicional para obras y asistencia social que no exist\u00eda antes.<\/p>\n<p style=\"text-align: justify;\">Tambi\u00e9n dijo que el argumento de que es raz\u00f3n de la seguridad p\u00fablica es falso porque de los casi 700 millones de pesos que se recaudar\u00e1n solo otorgar\u00e1n 280 millones adicionales a la polic\u00eda estatal.<\/p>\n<p style=\"text-align: justify;\">\u201cEl fin es recaudar dinero\u201d, asever\u00f3.<\/p>\n<p style=\"text-align: justify;\">El ex secretario estatal de Desarrollo Rural propuso que en vez del reemplacamiento se realice un refrendo vehicular y solamente hagan el cambio de matr\u00edculas los propietarios de veh\u00edculos que provienes de otras entidades.<\/p>\n<p style=\"text-align: justify;\">Por su parte, el diputado de Movimiento Ciudadano, Javier Osante Sol\u00eds, cuestion\u00f3 que en los primeros 100 d\u00edas del gobierno morenista la deuda p\u00fablica se incrementar\u00e1 de 7,400 a 10,500 millones de pesos,<\/p>\n<p style=\"text-align: justify;\">Y es que se utilizar\u00e1n 1,600 millones de pesos que contrat\u00f3 el gobierno anterior para las obras de ampliaci\u00f3n del puerto del Altura de Progreso y se hizo otro pr\u00e9stamo de corto plazo por 1,500 millones de pesos.<\/p>\n<p style=\"text-align: justify;\">\u201cHay un doble discurso en Morena, antes cuestionaban que se contrate m\u00e1s deuda\u201d, reclam\u00f3.<\/p>\n<p style=\"text-align: justify;\">A la sesi\u00f3n no asisti\u00f3 el coordinador de la fracci\u00f3n del PRI, Gaspar Quintal Parra, por lo que ese partido no particip\u00f3 en el debate del canje de placas.<\/p>\n<h3><strong>M\u00e1s gastos en viajes en el extranjero<\/strong><\/h3>\n<p style=\"text-align: justify;\">En la discusi\u00f3n del presupuesto de egresos de Yucat\u00e1n que ser\u00e1 de m\u00e1s de 62 mil millones de pesos, Movimiento Ciudadano reproch\u00f3 que el pr\u00f3ximo a\u00f1o haya menos recursos para la atenci\u00f3n de las mujeres y la salud mental.<\/p>\n<p style=\"text-align: justify;\">El PAN se\u00f1al\u00f3 que mientras hubo reducciones en el rengl\u00f3n de educaci\u00f3n superior se increment\u00f3 el gasto en el Instituto Promotor de Ferias y en viajes del gobernador Joaqu\u00edn D\u00edaz Mena al extranjero.<\/p>\n<p>ACOM<\/p>\n","protected":false},"excerpt":{"rendered":"<p>El Congreso Local aprob\u00f3 por mayor\u00eda la propuesta del gobernador Joaqu\u00edn D\u00edaz para el cobro de 2,118 pesos a propietarios de veh\u00edculos. <\/p>\n","protected":false},"author":5,"featured_media":118288,"comment_status":"open","ping_status":"closed","sticky":false,"template":"","format":"standard","meta":{"footnotes":""},"categories":[24410],"tags":[26674,8566,23],"class_list":["post-118287","post","type-post","status-publish","format-standard","has-post-thumbnail","hentry","category-politica","tag-26674","tag-reemplacamiento","tag-yucatan"],"yoast_head":"<!-- This site is optimized with the Yoast SEO plugin v28.3 - https:\/\/yoast.com\/product\/yoast-seo-wordpress\/ -->\n<title>Morena aprueba el cobro del reemplacamiento en Yucat\u00e1n<\/title>\n<meta name=\"description\" content=\"El Congreso Local aprob\u00f3 por mayor\u00eda la propuesta del gobernador Joaqu\u00edn D\u00edaz para el cobro de 2,118 pesos a propietarios de veh\u00edculos.\" \/>\n<meta name=\"robots\" content=\"index, follow, max-snippet:-1, max-image-preview:large, max-video-preview:-1\" \/>\n<link rel=\"canonical\" href=\"https:\/\/reporteroshoy.mx\/noticias\/morena-aprueba-el-cobro-del-reemplacamiento-en-yucatan\/\" \/>\n<meta property=\"og:locale\" content=\"es_ES\" \/>\n<meta property=\"og:type\" content=\"article\" \/>\n<meta property=\"og:title\" content=\"Morena aprueba el cobro del reemplacamiento en Yucat\u00e1n\" \/>\n<meta property=\"og:description\" content=\"El Congreso Local aprob\u00f3 por mayor\u00eda la propuesta del gobernador Joaqu\u00edn D\u00edaz para el cobro de 2,118 pesos a propietarios de veh\u00edculos.\" \/>\n<meta property=\"og:url\" content=\"https:\/\/reporteroshoy.mx\/noticias\/morena-aprueba-el-cobro-del-reemplacamiento-en-yucatan\/\" \/>\n<meta property=\"og:site_name\" content=\"Reporteros Hoy | Noticias de Yucat\u00e1n\" \/>\n<meta property=\"article:publisher\" content=\"http:\/\/www.facebook.com\/reporteroshoymx\" \/>\n<meta property=\"article:published_time\" content=\"2024-12-28T21:26:14+00:00\" \/>\n<meta property=\"article:modified_time\" content=\"2024-12-28T21:33:50+00:00\" \/>\n<meta property=\"og:image\" content=\"https:\/\/reporteroshoy.mx\/noticias\/wp-content\/uploads\/2024\/12\/Congreso_reemplacamiento-scaled.jpg\" \/>\n\t<meta property=\"og:image:width\" content=\"768\" \/>\n\t<meta property=\"og:image:height\" content=\"512\" \/>\n\t<meta property=\"og:image:type\" content=\"image\/jpeg\" \/>\n<meta name=\"author\" content=\"Reporteros Hoy IM\" \/>\n<meta name=\"twitter:card\" content=\"summary_large_image\" \/>\n<meta name=\"twitter:creator\" content=\"@reporteroshoy\" \/>\n<meta name=\"twitter:site\" content=\"@reporteroshoy\" \/>\n<meta name=\"twitter:label1\" content=\"Escrito por\" \/>\n\t<meta name=\"twitter:data1\" content=\"Reporteros Hoy IM\" \/>\n\t<meta name=\"twitter:label2\" content=\"Tiempo de lectura\" \/>\n\t<meta name=\"twitter:data2\" content=\"3 minutos\" \/>\n<script type=\"application\/ld+json\" class=\"yoast-schema-graph\">{\"@context\":\"https:\\\/\\\/schema.org\",\"@graph\":[{\"@type\":\"Article\",\"@id\":\"https:\\\/\\\/reporteroshoy.mx\\\/noticias\\\/morena-aprueba-el-cobro-del-reemplacamiento-en-yucatan\\\/#article\",\"isPartOf\":{\"@id\":\"https:\\\/\\\/reporteroshoy.mx\\\/noticias\\\/morena-aprueba-el-cobro-del-reemplacamiento-en-yucatan\\\/\"},\"author\":{\"name\":\"Reporteros Hoy IM\",\"@id\":\"https:\\\/\\\/reporteroshoy.mx\\\/noticias\\\/#\\\/schema\\\/person\\\/948520f0d88b01be2e5266bc4acbbc15\"},\"headline\":\"Morena aprueba el cobro del reemplacamiento en Yucat\u00e1n\",\"datePublished\":\"2024-12-28T21:26:14+00:00\",\"dateModified\":\"2024-12-28T21:33:50+00:00\",\"mainEntityOfPage\":{\"@id\":\"https:\\\/\\\/reporteroshoy.mx\\\/noticias\\\/morena-aprueba-el-cobro-del-reemplacamiento-en-yucatan\\\/\"},\"wordCount\":591,\"commentCount\":0,\"image\":{\"@id\":\"https:\\\/\\\/reporteroshoy.mx\\\/noticias\\\/morena-aprueba-el-cobro-del-reemplacamiento-en-yucatan\\\/#primaryimage\"},\"thumbnailUrl\":\"https:\\\/\\\/reporteroshoy.mx\\\/noticias\\\/wp-content\\\/uploads\\\/2024\\\/12\\\/Congreso_reemplacamiento-scaled.jpg\",\"keywords\":[\"2025\",\"Reemplacamiento\",\"Yucat\u00e1n\"],\"articleSection\":[\"Pol\u00edtica\"],\"inLanguage\":\"es\",\"potentialAction\":[{\"@type\":\"CommentAction\",\"name\":\"Comment\",\"target\":[\"https:\\\/\\\/reporteroshoy.mx\\\/noticias\\\/morena-aprueba-el-cobro-del-reemplacamiento-en-yucatan\\\/#respond\"]}]},{\"@type\":\"WebPage\",\"@id\":\"https:\\\/\\\/reporteroshoy.mx\\\/noticias\\\/morena-aprueba-el-cobro-del-reemplacamiento-en-yucatan\\\/\",\"url\":\"https:\\\/\\\/reporteroshoy.mx\\\/noticias\\\/morena-aprueba-el-cobro-del-reemplacamiento-en-yucatan\\\/\",\"name\":\"Morena aprueba el cobro del reemplacamiento en Yucat\u00e1n\",\"isPartOf\":{\"@id\":\"https:\\\/\\\/reporteroshoy.mx\\\/noticias\\\/#website\"},\"primaryImageOfPage\":{\"@id\":\"https:\\\/\\\/reporteroshoy.mx\\\/noticias\\\/morena-aprueba-el-cobro-del-reemplacamiento-en-yucatan\\\/#primaryimage\"},\"image\":{\"@id\":\"https:\\\/\\\/reporteroshoy.mx\\\/noticias\\\/morena-aprueba-el-cobro-del-reemplacamiento-en-yucatan\\\/#primaryimage\"},\"thumbnailUrl\":\"https:\\\/\\\/reporteroshoy.mx\\\/noticias\\\/wp-content\\\/uploads\\\/2024\\\/12\\\/Congreso_reemplacamiento-scaled.jpg\",\"datePublished\":\"2024-12-28T21:26:14+00:00\",\"dateModified\":\"2024-12-28T21:33:50+00:00\",\"author\":{\"@id\":\"https:\\\/\\\/reporteroshoy.mx\\\/noticias\\\/#\\\/schema\\\/person\\\/948520f0d88b01be2e5266bc4acbbc15\"},\"description\":\"El Congreso Local aprob\u00f3 por mayor\u00eda la propuesta del gobernador Joaqu\u00edn D\u00edaz para el cobro de 2,118 pesos a propietarios de veh\u00edculos.\",\"breadcrumb\":{\"@id\":\"https:\\\/\\\/reporteroshoy.mx\\\/noticias\\\/morena-aprueba-el-cobro-del-reemplacamiento-en-yucatan\\\/#breadcrumb\"},\"inLanguage\":\"es\",\"potentialAction\":[{\"@type\":\"ReadAction\",\"target\":[\"https:\\\/\\\/reporteroshoy.mx\\\/noticias\\\/morena-aprueba-el-cobro-del-reemplacamiento-en-yucatan\\\/\"]}]},{\"@type\":\"ImageObject\",\"inLanguage\":\"es\",\"@id\":\"https:\\\/\\\/reporteroshoy.mx\\\/noticias\\\/morena-aprueba-el-cobro-del-reemplacamiento-en-yucatan\\\/#primaryimage\",\"url\":\"https:\\\/\\\/reporteroshoy.mx\\\/noticias\\\/wp-content\\\/uploads\\\/2024\\\/12\\\/Congreso_reemplacamiento-scaled.jpg\",\"contentUrl\":\"https:\\\/\\\/reporteroshoy.mx\\\/noticias\\\/wp-content\\\/uploads\\\/2024\\\/12\\\/Congreso_reemplacamiento-scaled.jpg\",\"width\":768,\"height\":512},{\"@type\":\"BreadcrumbList\",\"@id\":\"https:\\\/\\\/reporteroshoy.mx\\\/noticias\\\/morena-aprueba-el-cobro-del-reemplacamiento-en-yucatan\\\/#breadcrumb\",\"itemListElement\":[{\"@type\":\"ListItem\",\"position\":1,\"name\":\"Portada\",\"item\":\"https:\\\/\\\/reporteroshoy.mx\\\/noticias\\\/\"},{\"@type\":\"ListItem\",\"position\":2,\"name\":\"Morena aprueba el cobro del reemplacamiento en Yucat\u00e1n\"}]},{\"@type\":\"WebSite\",\"@id\":\"https:\\\/\\\/reporteroshoy.mx\\\/noticias\\\/#website\",\"url\":\"https:\\\/\\\/reporteroshoy.mx\\\/noticias\\\/\",\"name\":\"Reporteros Hoy | Noticias de Yucat\u00e1n\",\"description\":\"Peri\u00f3dico digital con noticias diarias desde M\u00e9rida, Yucat\u00e1n para el mundo.\",\"potentialAction\":[{\"@type\":\"SearchAction\",\"target\":{\"@type\":\"EntryPoint\",\"urlTemplate\":\"https:\\\/\\\/reporteroshoy.mx\\\/noticias\\\/?s={search_term_string}\"},\"query-input\":{\"@type\":\"PropertyValueSpecification\",\"valueRequired\":true,\"valueName\":\"search_term_string\"}}],\"inLanguage\":\"es\"},{\"@type\":\"Person\",\"@id\":\"https:\\\/\\\/reporteroshoy.mx\\\/noticias\\\/#\\\/schema\\\/person\\\/948520f0d88b01be2e5266bc4acbbc15\",\"name\":\"Reporteros Hoy IM\",\"image\":{\"@type\":\"ImageObject\",\"inLanguage\":\"es\",\"@id\":\"https:\\\/\\\/secure.gravatar.com\\\/avatar\\\/d843030b96552826ac048bdfe26f2895604b800ed0c880ee55765a74d95dfc65?s=96&d=mm&r=g\",\"url\":\"https:\\\/\\\/secure.gravatar.com\\\/avatar\\\/d843030b96552826ac048bdfe26f2895604b800ed0c880ee55765a74d95dfc65?s=96&d=mm&r=g\",\"contentUrl\":\"https:\\\/\\\/secure.gravatar.com\\\/avatar\\\/d843030b96552826ac048bdfe26f2895604b800ed0c880ee55765a74d95dfc65?s=96&d=mm&r=g\",\"caption\":\"Reporteros Hoy IM\"},\"url\":\"https:\\\/\\\/reporteroshoy.mx\\\/noticias\\\/author\\\/israel\\\/\"}]}<\/script>\n<!-- \/ Yoast SEO plugin. -->","yoast_head_json":{"title":"Morena aprueba el cobro del reemplacamiento en Yucat\u00e1n","description":"El Congreso Local aprob\u00f3 por mayor\u00eda la propuesta del gobernador Joaqu\u00edn D\u00edaz para el cobro de 2,118 pesos a propietarios de veh\u00edculos.","robots":{"index":"index","follow":"follow","max-snippet":"max-snippet:-1","max-image-preview":"max-image-preview:large","max-video-preview":"max-video-preview:-1"},"canonical":"https:\/\/reporteroshoy.mx\/noticias\/morena-aprueba-el-cobro-del-reemplacamiento-en-yucatan\/","og_locale":"es_ES","og_type":"article","og_title":"Morena aprueba el cobro del reemplacamiento en Yucat\u00e1n","og_description":"El Congreso Local aprob\u00f3 por mayor\u00eda la propuesta del gobernador Joaqu\u00edn D\u00edaz para el cobro de 2,118 pesos a propietarios de veh\u00edculos.","og_url":"https:\/\/reporteroshoy.mx\/noticias\/morena-aprueba-el-cobro-del-reemplacamiento-en-yucatan\/","og_site_name":"Reporteros Hoy | Noticias de Yucat\u00e1n","article_publisher":"http:\/\/www.facebook.com\/reporteroshoymx","article_published_time":"2024-12-28T21:26:14+00:00","article_modified_time":"2024-12-28T21:33:50+00:00","og_image":[{"width":768,"height":512,"url":"https:\/\/reporteroshoy.mx\/noticias\/wp-content\/uploads\/2024\/12\/Congreso_reemplacamiento-scaled.jpg","type":"image\/jpeg"}],"author":"Reporteros Hoy IM","twitter_card":"summary_large_image","twitter_creator":"@reporteroshoy","twitter_site":"@reporteroshoy","twitter_misc":{"Escrito por":"Reporteros Hoy IM","Tiempo de lectura":"3 minutos"},"schema":{"@context":"https:\/\/schema.org","@graph":[{"@type":"Article","@id":"https:\/\/reporteroshoy.mx\/noticias\/morena-aprueba-el-cobro-del-reemplacamiento-en-yucatan\/#article","isPartOf":{"@id":"https:\/\/reporteroshoy.mx\/noticias\/morena-aprueba-el-cobro-del-reemplacamiento-en-yucatan\/"},"author":{"name":"Reporteros Hoy IM","@id":"https:\/\/reporteroshoy.mx\/noticias\/#\/schema\/person\/948520f0d88b01be2e5266bc4acbbc15"},"headline":"Morena aprueba el cobro del reemplacamiento en Yucat\u00e1n","datePublished":"2024-12-28T21:26:14+00:00","dateModified":"2024-12-28T21:33:50+00:00","mainEntityOfPage":{"@id":"https:\/\/reporteroshoy.mx\/noticias\/morena-aprueba-el-cobro-del-reemplacamiento-en-yucatan\/"},"wordCount":591,"commentCount":0,"image":{"@id":"https:\/\/reporteroshoy.mx\/noticias\/morena-aprueba-el-cobro-del-reemplacamiento-en-yucatan\/#primaryimage"},"thumbnailUrl":"https:\/\/reporteroshoy.mx\/noticias\/wp-content\/uploads\/2024\/12\/Congreso_reemplacamiento-scaled.jpg","keywords":["2025","Reemplacamiento","Yucat\u00e1n"],"articleSection":["Pol\u00edtica"],"inLanguage":"es","potentialAction":[{"@type":"CommentAction","name":"Comment","target":["https:\/\/reporteroshoy.mx\/noticias\/morena-aprueba-el-cobro-del-reemplacamiento-en-yucatan\/#respond"]}]},{"@type":"WebPage","@id":"https:\/\/reporteroshoy.mx\/noticias\/morena-aprueba-el-cobro-del-reemplacamiento-en-yucatan\/","url":"https:\/\/reporteroshoy.mx\/noticias\/morena-aprueba-el-cobro-del-reemplacamiento-en-yucatan\/","name":"Morena aprueba el cobro del reemplacamiento en Yucat\u00e1n","isPartOf":{"@id":"https:\/\/reporteroshoy.mx\/noticias\/#website"},"primaryImageOfPage":{"@id":"https:\/\/reporteroshoy.mx\/noticias\/morena-aprueba-el-cobro-del-reemplacamiento-en-yucatan\/#primaryimage"},"image":{"@id":"https:\/\/reporteroshoy.mx\/noticias\/morena-aprueba-el-cobro-del-reemplacamiento-en-yucatan\/#primaryimage"},"thumbnailUrl":"https:\/\/reporteroshoy.mx\/noticias\/wp-content\/uploads\/2024\/12\/Congreso_reemplacamiento-scaled.jpg","datePublished":"2024-12-28T21:26:14+00:00","dateModified":"2024-12-28T21:33:50+00:00","author":{"@id":"https:\/\/reporteroshoy.mx\/noticias\/#\/schema\/person\/948520f0d88b01be2e5266bc4acbbc15"},"description":"El Congreso Local aprob\u00f3 por mayor\u00eda la propuesta del gobernador Joaqu\u00edn D\u00edaz para el cobro de 2,118 pesos a propietarios de veh\u00edculos.","breadcrumb":{"@id":"https:\/\/reporteroshoy.mx\/noticias\/morena-aprueba-el-cobro-del-reemplacamiento-en-yucatan\/#breadcrumb"},"inLanguage":"es","potentialAction":[{"@type":"ReadAction","target":["https:\/\/reporteroshoy.mx\/noticias\/morena-aprueba-el-cobro-del-reemplacamiento-en-yucatan\/"]}]},{"@type":"ImageObject","inLanguage":"es","@id":"https:\/\/reporteroshoy.mx\/noticias\/morena-aprueba-el-cobro-del-reemplacamiento-en-yucatan\/#primaryimage","url":"https:\/\/reporteroshoy.mx\/noticias\/wp-content\/uploads\/2024\/12\/Congreso_reemplacamiento-scaled.jpg","contentUrl":"https:\/\/reporteroshoy.mx\/noticias\/wp-content\/uploads\/2024\/12\/Congreso_reemplacamiento-scaled.jpg","width":768,"height":512},{"@type":"BreadcrumbList","@id":"https:\/\/reporteroshoy.mx\/noticias\/morena-aprueba-el-cobro-del-reemplacamiento-en-yucatan\/#breadcrumb","itemListElement":[{"@type":"ListItem","position":1,"name":"Portada","item":"https:\/\/reporteroshoy.mx\/noticias\/"},{"@type":"ListItem","position":2,"name":"Morena aprueba el cobro del reemplacamiento en Yucat\u00e1n"}]},{"@type":"WebSite","@id":"https:\/\/reporteroshoy.mx\/noticias\/#website","url":"https:\/\/reporteroshoy.mx\/noticias\/","name":"Reporteros Hoy | Noticias de Yucat\u00e1n","description":"Peri\u00f3dico digital con noticias diarias desde M\u00e9rida, Yucat\u00e1n para el mundo.","potentialAction":[{"@type":"SearchAction","target":{"@type":"EntryPoint","urlTemplate":"https:\/\/reporteroshoy.mx\/noticias\/?s={search_term_string}"},"query-input":{"@type":"PropertyValueSpecification","valueRequired":true,"valueName":"search_term_string"}}],"inLanguage":"es"},{"@type":"Person","@id":"https:\/\/reporteroshoy.mx\/noticias\/#\/schema\/person\/948520f0d88b01be2e5266bc4acbbc15","name":"Reporteros Hoy IM","image":{"@type":"ImageObject","inLanguage":"es","@id":"https:\/\/secure.gravatar.com\/avatar\/d843030b96552826ac048bdfe26f2895604b800ed0c880ee55765a74d95dfc65?s=96&d=mm&r=g","url":"https:\/\/secure.gravatar.com\/avatar\/d843030b96552826ac048bdfe26f2895604b800ed0c880ee55765a74d95dfc65?s=96&d=mm&r=g","contentUrl":"https:\/\/secure.gravatar.com\/avatar\/d843030b96552826ac048bdfe26f2895604b800ed0c880ee55765a74d95dfc65?s=96&d=mm&r=g","caption":"Reporteros Hoy IM"},"url":"https:\/\/reporteroshoy.mx\/noticias\/author\/israel\/"}]}},"_links":{"self":[{"href":"https:\/\/reporteroshoy.mx\/noticias\/wp-json\/wp\/v2\/posts\/118287","targetHints":{"allow":["GET"]}}],"collection":[{"href":"https:\/\/reporteroshoy.mx\/noticias\/wp-json\/wp\/v2\/posts"}],"about":[{"href":"https:\/\/reporteroshoy.mx\/noticias\/wp-json\/wp\/v2\/types\/post"}],"author":[{"embeddable":true,"href":"https:\/\/reporteroshoy.mx\/noticias\/wp-json\/wp\/v2\/users\/5"}],"replies":[{"embeddable":true,"href":"https:\/\/reporteroshoy.mx\/noticias\/wp-json\/wp\/v2\/comments?post=118287"}],"version-history":[{"count":0,"href":"https:\/\/reporteroshoy.mx\/noticias\/wp-json\/wp\/v2\/posts\/118287\/revisions"}],"wp:featuredmedia":[{"embeddable":true,"href":"https:\/\/reporteroshoy.mx\/noticias\/wp-json\/wp\/v2\/media\/118288"}],"wp:attachment":[{"href":"https:\/\/reporteroshoy.mx\/noticias\/wp-json\/wp\/v2\/media?parent=118287"}],"wp:term":[{"taxonomy":"category","embeddable":true,"href":"https:\/\/reporteroshoy.mx\/noticias\/wp-json\/wp\/v2\/categories?post=118287"},{"taxonomy":"post_tag","embeddable":true,"href":"https:\/\/reporteroshoy.mx\/noticias\/wp-json\/wp\/v2\/tags?post=118287"}],"curies":[{"name":"wp","href":"https:\/\/api.w.org\/{rel}","templated":true}]}}