{"id":119531,"date":"2025-02-16T21:30:05","date_gmt":"2025-02-17T03:30:05","guid":{"rendered":"https:\/\/reporteroshoy.mx\/noticias\/?p=119531"},"modified":"2025-02-17T05:51:13","modified_gmt":"2025-02-17T11:51:13","slug":"coronacion-de-los-reyes-caninos-del-carnaval-de-merida","status":"publish","type":"post","link":"https:\/\/reporteroshoy.mx\/noticias\/coronacion-de-los-reyes-caninos-del-carnaval-de-merida\/","title":{"rendered":"Coronaci\u00f3n de los reyes caninos del Carnaval de M\u00e9rida"},"content":{"rendered":"<p style=\"text-align: justify;\">En un ambiente de alegr\u00eda, color y emoci\u00f3n, la alcaldesa, Cecilia Patr\u00f3n Laviada, presidi\u00f3 la coronaci\u00f3n de los reyes caninos del Carnaval de M\u00e9rida, Amaz\u00f3nico 2025.<\/p>\n<p style=\"text-align: justify;\">Cientos de familias y decenas de animales de compa\u00f1\u00eda formaron parte de esta celebraci\u00f3n, muestra de lo que se vivir\u00e1 en los pr\u00f3ximos d\u00edas en la ciudad.<\/p>\n<p><img loading=\"lazy\" decoding=\"async\" class=\"alignnone size-full wp-image-119529\" src=\"https:\/\/reporteroshoy.mx\/noticias\/wp-content\/uploads\/2025\/02\/Imagen-de-WhatsApp-2025-02-16-a-las-20.59.55_4e713fee-scaled.jpg\" alt=\"\" width=\"768\" height=\"512\" \/><\/p>\n<p style=\"text-align: justify;\">La edil coron\u00f3 como reyes a \u201cLeyenda\u201d, una perrita mestiza de siete a\u00f1os, residente del Centro Municipal de Atenci\u00f3n Animal (CEMAA)\u201d acompa\u00f1ada de \u201cTomate\u201d, un bello mestizo rescatado y que cuenta con una pr\u00f3tesis de cadera, quienes llevar\u00e1n la fiesta a todas partes.<\/p>\n<p style=\"text-align: justify;\">En el momento m\u00e1s emotivo de la noche, Patr\u00f3n Laviada entreg\u00f3 a los Aguilar Teyer el certificado que los acredita como la nueva familia de \u201cLeyenda\u201d.<\/p>\n<p style=\"text-align: justify;\">Por su parte, Mariana Villamil Rodr\u00edguez, Secretar\u00eda Ejecutiva del Comit\u00e9 Permanente del Carnaval, y Ra\u00fal Escalante Aguilar, director de la Unidad de Medio Ambiente y Bienestar Animal, coronaron a los reyes de talla grande \u201cBruno el Salvaje\u201d, un pastor belga malinois y a \u201cMargareth Elaine Elizabeth\u201d, una borde collie.<\/p>\n<p style=\"text-align: justify;\">Tambi\u00e9n a los soberanos de raza peque\u00f1a \u201cBenito Medina\u201d, un chihuahua de pelo largo, y la reina \u201cCata\u201d, una chihuahua, y los de talla mediana \u201cAslan\u201d, un chow chow, y \u201cBolita\u201d, una french poodle.<\/p>\n<p style=\"text-align: justify;\">En este\u00a0<strong><a href=\"https:\/\/reporteroshoy.mx\/noticias\/merida-con-carnaval-amazonico-en-su-edicion-2025\/\">Carnaval Amaz\u00f3nico 2025<\/a><\/strong> los monarcas caninos mostrar\u00e1n la perronalidad (temperamento) y sociabilidad que los caracterizan, para promover la conciencia sobre el cuidado, protecci\u00f3n, adopci\u00f3n y tenencia responsable de las mascotas, as\u00ed como la importancia de hacerlas part\u00edcipes de espacios de convivencia familiar seguros.<\/p>\n<p><img loading=\"lazy\" decoding=\"async\" class=\"alignnone size-full wp-image-119530\" src=\"https:\/\/reporteroshoy.mx\/noticias\/wp-content\/uploads\/2025\/02\/Imagen-de-WhatsApp-2025-02-16-a-las-20.59.56_cb376239-scaled.jpg\" alt=\"\" width=\"768\" height=\"512\" \/><\/p>\n<p style=\"text-align: justify;\">De igual forma se llevaron a cabo concursos de trajes carnavalescos, y se cont\u00f3 con un m\u00f3dulo de adopci\u00f3n para quienes buscan un nuevo hogar.<\/p>\n<p style=\"text-align: justify;\">El Esterim\u00f3vil ofreci\u00f3 vacunas antirr\u00e1bicas y desparasitaciones, adem\u00e1s se instal\u00f3 un bazar en apoyo a las organizaciones civiles que promueven el bienestar animal.<\/p>\n<p style=\"text-align: justify;\">\n","protected":false},"excerpt":{"rendered":"<p>En un ambiente de alegr\u00eda, color y emoci\u00f3n, la alcaldesa, Cecilia Patr\u00f3n Laviada, presidi\u00f3 la coronaci\u00f3n de los reyes caninos.<\/p>\n","protected":false},"author":5,"featured_media":119529,"comment_status":"open","ping_status":"closed","sticky":false,"template":"","format":"standard","meta":{"footnotes":""},"categories":[24379],"tags":[9258,51,27013],"class_list":["post-119531","post","type-post","status-publish","format-standard","has-post-thumbnail","hentry","category-merida","tag-cecilia-patron-laviada","tag-merida","tag-reyes-caninos"],"yoast_head":"<!-- This site is optimized with the Yoast SEO plugin v28.3 - https:\/\/yoast.com\/product\/yoast-seo-wordpress\/ -->\n<title>Coronaci\u00f3n de los reyes caninos del Carnaval de M\u00e9rida<\/title>\n<meta name=\"description\" content=\"En un ambiente de alegr\u00eda, color y emoci\u00f3n, la alcaldesa, Cecilia Patr\u00f3n Laviada, presidi\u00f3 la coronaci\u00f3n de los reyes caninos.\" \/>\n<meta name=\"robots\" content=\"index, follow, max-snippet:-1, max-image-preview:large, max-video-preview:-1\" \/>\n<link rel=\"canonical\" href=\"https:\/\/reporteroshoy.mx\/noticias\/coronacion-de-los-reyes-caninos-del-carnaval-de-merida\/\" \/>\n<meta property=\"og:locale\" content=\"es_ES\" \/>\n<meta property=\"og:type\" content=\"article\" \/>\n<meta property=\"og:title\" content=\"Coronaci\u00f3n de los reyes caninos del Carnaval de M\u00e9rida\" \/>\n<meta property=\"og:description\" content=\"En un ambiente de alegr\u00eda, color y emoci\u00f3n, la alcaldesa, Cecilia Patr\u00f3n Laviada, presidi\u00f3 la coronaci\u00f3n de los reyes caninos.\" \/>\n<meta property=\"og:url\" content=\"https:\/\/reporteroshoy.mx\/noticias\/coronacion-de-los-reyes-caninos-del-carnaval-de-merida\/\" \/>\n<meta property=\"og:site_name\" content=\"Reporteros Hoy | Noticias de Yucat\u00e1n\" \/>\n<meta property=\"article:publisher\" content=\"http:\/\/www.facebook.com\/reporteroshoymx\" \/>\n<meta property=\"article:published_time\" content=\"2025-02-17T03:30:05+00:00\" \/>\n<meta property=\"article:modified_time\" content=\"2025-02-17T11:51:13+00:00\" \/>\n<meta property=\"og:image\" content=\"https:\/\/reporteroshoy.mx\/noticias\/wp-content\/uploads\/2025\/02\/Imagen-de-WhatsApp-2025-02-16-a-las-20.59.55_4e713fee-scaled.jpg\" \/>\n\t<meta property=\"og:image:width\" content=\"768\" \/>\n\t<meta property=\"og:image:height\" content=\"512\" \/>\n\t<meta property=\"og:image:type\" content=\"image\/jpeg\" \/>\n<meta name=\"author\" content=\"Reporteros Hoy IM\" \/>\n<meta name=\"twitter:card\" content=\"summary_large_image\" \/>\n<meta name=\"twitter:creator\" content=\"@reporteroshoy\" \/>\n<meta name=\"twitter:site\" content=\"@reporteroshoy\" \/>\n<meta name=\"twitter:label1\" content=\"Escrito por\" \/>\n\t<meta name=\"twitter:data1\" content=\"Reporteros Hoy IM\" \/>\n\t<meta name=\"twitter:label2\" content=\"Tiempo de lectura\" \/>\n\t<meta name=\"twitter:data2\" content=\"2 minutos\" \/>\n<script type=\"application\/ld+json\" class=\"yoast-schema-graph\">{\"@context\":\"https:\\\/\\\/schema.org\",\"@graph\":[{\"@type\":\"Article\",\"@id\":\"https:\\\/\\\/reporteroshoy.mx\\\/noticias\\\/coronacion-de-los-reyes-caninos-del-carnaval-de-merida\\\/#article\",\"isPartOf\":{\"@id\":\"https:\\\/\\\/reporteroshoy.mx\\\/noticias\\\/coronacion-de-los-reyes-caninos-del-carnaval-de-merida\\\/\"},\"author\":{\"name\":\"Reporteros Hoy IM\",\"@id\":\"https:\\\/\\\/reporteroshoy.mx\\\/noticias\\\/#\\\/schema\\\/person\\\/948520f0d88b01be2e5266bc4acbbc15\"},\"headline\":\"Coronaci\u00f3n de los reyes caninos del Carnaval de M\u00e9rida\",\"datePublished\":\"2025-02-17T03:30:05+00:00\",\"dateModified\":\"2025-02-17T11:51:13+00:00\",\"mainEntityOfPage\":{\"@id\":\"https:\\\/\\\/reporteroshoy.mx\\\/noticias\\\/coronacion-de-los-reyes-caninos-del-carnaval-de-merida\\\/\"},\"wordCount\":339,\"commentCount\":0,\"image\":{\"@id\":\"https:\\\/\\\/reporteroshoy.mx\\\/noticias\\\/coronacion-de-los-reyes-caninos-del-carnaval-de-merida\\\/#primaryimage\"},\"thumbnailUrl\":\"https:\\\/\\\/reporteroshoy.mx\\\/noticias\\\/wp-content\\\/uploads\\\/2025\\\/02\\\/Imagen-de-WhatsApp-2025-02-16-a-las-20.59.55_4e713fee-scaled.jpg\",\"keywords\":[\"Cecilia Patr\u00f3n Laviada\",\"M\u00e9rida\",\"Reyes caninos\"],\"articleSection\":[\"M\u00e9rida\"],\"inLanguage\":\"es\",\"potentialAction\":[{\"@type\":\"CommentAction\",\"name\":\"Comment\",\"target\":[\"https:\\\/\\\/reporteroshoy.mx\\\/noticias\\\/coronacion-de-los-reyes-caninos-del-carnaval-de-merida\\\/#respond\"]}]},{\"@type\":\"WebPage\",\"@id\":\"https:\\\/\\\/reporteroshoy.mx\\\/noticias\\\/coronacion-de-los-reyes-caninos-del-carnaval-de-merida\\\/\",\"url\":\"https:\\\/\\\/reporteroshoy.mx\\\/noticias\\\/coronacion-de-los-reyes-caninos-del-carnaval-de-merida\\\/\",\"name\":\"Coronaci\u00f3n de los reyes caninos del Carnaval de M\u00e9rida\",\"isPartOf\":{\"@id\":\"https:\\\/\\\/reporteroshoy.mx\\\/noticias\\\/#website\"},\"primaryImageOfPage\":{\"@id\":\"https:\\\/\\\/reporteroshoy.mx\\\/noticias\\\/coronacion-de-los-reyes-caninos-del-carnaval-de-merida\\\/#primaryimage\"},\"image\":{\"@id\":\"https:\\\/\\\/reporteroshoy.mx\\\/noticias\\\/coronacion-de-los-reyes-caninos-del-carnaval-de-merida\\\/#primaryimage\"},\"thumbnailUrl\":\"https:\\\/\\\/reporteroshoy.mx\\\/noticias\\\/wp-content\\\/uploads\\\/2025\\\/02\\\/Imagen-de-WhatsApp-2025-02-16-a-las-20.59.55_4e713fee-scaled.jpg\",\"datePublished\":\"2025-02-17T03:30:05+00:00\",\"dateModified\":\"2025-02-17T11:51:13+00:00\",\"author\":{\"@id\":\"https:\\\/\\\/reporteroshoy.mx\\\/noticias\\\/#\\\/schema\\\/person\\\/948520f0d88b01be2e5266bc4acbbc15\"},\"description\":\"En un ambiente de alegr\u00eda, color y emoci\u00f3n, la alcaldesa, Cecilia Patr\u00f3n Laviada, presidi\u00f3 la coronaci\u00f3n de los reyes caninos.\",\"breadcrumb\":{\"@id\":\"https:\\\/\\\/reporteroshoy.mx\\\/noticias\\\/coronacion-de-los-reyes-caninos-del-carnaval-de-merida\\\/#breadcrumb\"},\"inLanguage\":\"es\",\"potentialAction\":[{\"@type\":\"ReadAction\",\"target\":[\"https:\\\/\\\/reporteroshoy.mx\\\/noticias\\\/coronacion-de-los-reyes-caninos-del-carnaval-de-merida\\\/\"]}]},{\"@type\":\"ImageObject\",\"inLanguage\":\"es\",\"@id\":\"https:\\\/\\\/reporteroshoy.mx\\\/noticias\\\/coronacion-de-los-reyes-caninos-del-carnaval-de-merida\\\/#primaryimage\",\"url\":\"https:\\\/\\\/reporteroshoy.mx\\\/noticias\\\/wp-content\\\/uploads\\\/2025\\\/02\\\/Imagen-de-WhatsApp-2025-02-16-a-las-20.59.55_4e713fee-scaled.jpg\",\"contentUrl\":\"https:\\\/\\\/reporteroshoy.mx\\\/noticias\\\/wp-content\\\/uploads\\\/2025\\\/02\\\/Imagen-de-WhatsApp-2025-02-16-a-las-20.59.55_4e713fee-scaled.jpg\",\"width\":768,\"height\":512},{\"@type\":\"BreadcrumbList\",\"@id\":\"https:\\\/\\\/reporteroshoy.mx\\\/noticias\\\/coronacion-de-los-reyes-caninos-del-carnaval-de-merida\\\/#breadcrumb\",\"itemListElement\":[{\"@type\":\"ListItem\",\"position\":1,\"name\":\"Portada\",\"item\":\"https:\\\/\\\/reporteroshoy.mx\\\/noticias\\\/\"},{\"@type\":\"ListItem\",\"position\":2,\"name\":\"Coronaci\u00f3n de los reyes caninos del Carnaval de M\u00e9rida\"}]},{\"@type\":\"WebSite\",\"@id\":\"https:\\\/\\\/reporteroshoy.mx\\\/noticias\\\/#website\",\"url\":\"https:\\\/\\\/reporteroshoy.mx\\\/noticias\\\/\",\"name\":\"Reporteros Hoy | Noticias de Yucat\u00e1n\",\"description\":\"Peri\u00f3dico digital con noticias diarias desde M\u00e9rida, Yucat\u00e1n para el mundo.\",\"potentialAction\":[{\"@type\":\"SearchAction\",\"target\":{\"@type\":\"EntryPoint\",\"urlTemplate\":\"https:\\\/\\\/reporteroshoy.mx\\\/noticias\\\/?s={search_term_string}\"},\"query-input\":{\"@type\":\"PropertyValueSpecification\",\"valueRequired\":true,\"valueName\":\"search_term_string\"}}],\"inLanguage\":\"es\"},{\"@type\":\"Person\",\"@id\":\"https:\\\/\\\/reporteroshoy.mx\\\/noticias\\\/#\\\/schema\\\/person\\\/948520f0d88b01be2e5266bc4acbbc15\",\"name\":\"Reporteros Hoy IM\",\"image\":{\"@type\":\"ImageObject\",\"inLanguage\":\"es\",\"@id\":\"https:\\\/\\\/secure.gravatar.com\\\/avatar\\\/d843030b96552826ac048bdfe26f2895604b800ed0c880ee55765a74d95dfc65?s=96&d=mm&r=g\",\"url\":\"https:\\\/\\\/secure.gravatar.com\\\/avatar\\\/d843030b96552826ac048bdfe26f2895604b800ed0c880ee55765a74d95dfc65?s=96&d=mm&r=g\",\"contentUrl\":\"https:\\\/\\\/secure.gravatar.com\\\/avatar\\\/d843030b96552826ac048bdfe26f2895604b800ed0c880ee55765a74d95dfc65?s=96&d=mm&r=g\",\"caption\":\"Reporteros Hoy IM\"},\"url\":\"https:\\\/\\\/reporteroshoy.mx\\\/noticias\\\/author\\\/israel\\\/\"}]}<\/script>\n<!-- \/ Yoast SEO plugin. -->","yoast_head_json":{"title":"Coronaci\u00f3n de los reyes caninos del Carnaval de M\u00e9rida","description":"En un ambiente de alegr\u00eda, color y emoci\u00f3n, la alcaldesa, Cecilia Patr\u00f3n Laviada, presidi\u00f3 la coronaci\u00f3n de los reyes caninos.","robots":{"index":"index","follow":"follow","max-snippet":"max-snippet:-1","max-image-preview":"max-image-preview:large","max-video-preview":"max-video-preview:-1"},"canonical":"https:\/\/reporteroshoy.mx\/noticias\/coronacion-de-los-reyes-caninos-del-carnaval-de-merida\/","og_locale":"es_ES","og_type":"article","og_title":"Coronaci\u00f3n de los reyes caninos del Carnaval de M\u00e9rida","og_description":"En un ambiente de alegr\u00eda, color y emoci\u00f3n, la alcaldesa, Cecilia Patr\u00f3n Laviada, presidi\u00f3 la coronaci\u00f3n de los reyes caninos.","og_url":"https:\/\/reporteroshoy.mx\/noticias\/coronacion-de-los-reyes-caninos-del-carnaval-de-merida\/","og_site_name":"Reporteros Hoy | Noticias de Yucat\u00e1n","article_publisher":"http:\/\/www.facebook.com\/reporteroshoymx","article_published_time":"2025-02-17T03:30:05+00:00","article_modified_time":"2025-02-17T11:51:13+00:00","og_image":[{"width":768,"height":512,"url":"https:\/\/reporteroshoy.mx\/noticias\/wp-content\/uploads\/2025\/02\/Imagen-de-WhatsApp-2025-02-16-a-las-20.59.55_4e713fee-scaled.jpg","type":"image\/jpeg"}],"author":"Reporteros Hoy IM","twitter_card":"summary_large_image","twitter_creator":"@reporteroshoy","twitter_site":"@reporteroshoy","twitter_misc":{"Escrito por":"Reporteros Hoy IM","Tiempo de lectura":"2 minutos"},"schema":{"@context":"https:\/\/schema.org","@graph":[{"@type":"Article","@id":"https:\/\/reporteroshoy.mx\/noticias\/coronacion-de-los-reyes-caninos-del-carnaval-de-merida\/#article","isPartOf":{"@id":"https:\/\/reporteroshoy.mx\/noticias\/coronacion-de-los-reyes-caninos-del-carnaval-de-merida\/"},"author":{"name":"Reporteros Hoy IM","@id":"https:\/\/reporteroshoy.mx\/noticias\/#\/schema\/person\/948520f0d88b01be2e5266bc4acbbc15"},"headline":"Coronaci\u00f3n de los reyes caninos del Carnaval de M\u00e9rida","datePublished":"2025-02-17T03:30:05+00:00","dateModified":"2025-02-17T11:51:13+00:00","mainEntityOfPage":{"@id":"https:\/\/reporteroshoy.mx\/noticias\/coronacion-de-los-reyes-caninos-del-carnaval-de-merida\/"},"wordCount":339,"commentCount":0,"image":{"@id":"https:\/\/reporteroshoy.mx\/noticias\/coronacion-de-los-reyes-caninos-del-carnaval-de-merida\/#primaryimage"},"thumbnailUrl":"https:\/\/reporteroshoy.mx\/noticias\/wp-content\/uploads\/2025\/02\/Imagen-de-WhatsApp-2025-02-16-a-las-20.59.55_4e713fee-scaled.jpg","keywords":["Cecilia Patr\u00f3n Laviada","M\u00e9rida","Reyes caninos"],"articleSection":["M\u00e9rida"],"inLanguage":"es","potentialAction":[{"@type":"CommentAction","name":"Comment","target":["https:\/\/reporteroshoy.mx\/noticias\/coronacion-de-los-reyes-caninos-del-carnaval-de-merida\/#respond"]}]},{"@type":"WebPage","@id":"https:\/\/reporteroshoy.mx\/noticias\/coronacion-de-los-reyes-caninos-del-carnaval-de-merida\/","url":"https:\/\/reporteroshoy.mx\/noticias\/coronacion-de-los-reyes-caninos-del-carnaval-de-merida\/","name":"Coronaci\u00f3n de los reyes caninos del Carnaval de M\u00e9rida","isPartOf":{"@id":"https:\/\/reporteroshoy.mx\/noticias\/#website"},"primaryImageOfPage":{"@id":"https:\/\/reporteroshoy.mx\/noticias\/coronacion-de-los-reyes-caninos-del-carnaval-de-merida\/#primaryimage"},"image":{"@id":"https:\/\/reporteroshoy.mx\/noticias\/coronacion-de-los-reyes-caninos-del-carnaval-de-merida\/#primaryimage"},"thumbnailUrl":"https:\/\/reporteroshoy.mx\/noticias\/wp-content\/uploads\/2025\/02\/Imagen-de-WhatsApp-2025-02-16-a-las-20.59.55_4e713fee-scaled.jpg","datePublished":"2025-02-17T03:30:05+00:00","dateModified":"2025-02-17T11:51:13+00:00","author":{"@id":"https:\/\/reporteroshoy.mx\/noticias\/#\/schema\/person\/948520f0d88b01be2e5266bc4acbbc15"},"description":"En un ambiente de alegr\u00eda, color y emoci\u00f3n, la alcaldesa, Cecilia Patr\u00f3n Laviada, presidi\u00f3 la coronaci\u00f3n de los reyes caninos.","breadcrumb":{"@id":"https:\/\/reporteroshoy.mx\/noticias\/coronacion-de-los-reyes-caninos-del-carnaval-de-merida\/#breadcrumb"},"inLanguage":"es","potentialAction":[{"@type":"ReadAction","target":["https:\/\/reporteroshoy.mx\/noticias\/coronacion-de-los-reyes-caninos-del-carnaval-de-merida\/"]}]},{"@type":"ImageObject","inLanguage":"es","@id":"https:\/\/reporteroshoy.mx\/noticias\/coronacion-de-los-reyes-caninos-del-carnaval-de-merida\/#primaryimage","url":"https:\/\/reporteroshoy.mx\/noticias\/wp-content\/uploads\/2025\/02\/Imagen-de-WhatsApp-2025-02-16-a-las-20.59.55_4e713fee-scaled.jpg","contentUrl":"https:\/\/reporteroshoy.mx\/noticias\/wp-content\/uploads\/2025\/02\/Imagen-de-WhatsApp-2025-02-16-a-las-20.59.55_4e713fee-scaled.jpg","width":768,"height":512},{"@type":"BreadcrumbList","@id":"https:\/\/reporteroshoy.mx\/noticias\/coronacion-de-los-reyes-caninos-del-carnaval-de-merida\/#breadcrumb","itemListElement":[{"@type":"ListItem","position":1,"name":"Portada","item":"https:\/\/reporteroshoy.mx\/noticias\/"},{"@type":"ListItem","position":2,"name":"Coronaci\u00f3n de los reyes caninos del Carnaval de M\u00e9rida"}]},{"@type":"WebSite","@id":"https:\/\/reporteroshoy.mx\/noticias\/#website","url":"https:\/\/reporteroshoy.mx\/noticias\/","name":"Reporteros Hoy | Noticias de Yucat\u00e1n","description":"Peri\u00f3dico digital con noticias diarias desde M\u00e9rida, Yucat\u00e1n para el mundo.","potentialAction":[{"@type":"SearchAction","target":{"@type":"EntryPoint","urlTemplate":"https:\/\/reporteroshoy.mx\/noticias\/?s={search_term_string}"},"query-input":{"@type":"PropertyValueSpecification","valueRequired":true,"valueName":"search_term_string"}}],"inLanguage":"es"},{"@type":"Person","@id":"https:\/\/reporteroshoy.mx\/noticias\/#\/schema\/person\/948520f0d88b01be2e5266bc4acbbc15","name":"Reporteros Hoy IM","image":{"@type":"ImageObject","inLanguage":"es","@id":"https:\/\/secure.gravatar.com\/avatar\/d843030b96552826ac048bdfe26f2895604b800ed0c880ee55765a74d95dfc65?s=96&d=mm&r=g","url":"https:\/\/secure.gravatar.com\/avatar\/d843030b96552826ac048bdfe26f2895604b800ed0c880ee55765a74d95dfc65?s=96&d=mm&r=g","contentUrl":"https:\/\/secure.gravatar.com\/avatar\/d843030b96552826ac048bdfe26f2895604b800ed0c880ee55765a74d95dfc65?s=96&d=mm&r=g","caption":"Reporteros Hoy IM"},"url":"https:\/\/reporteroshoy.mx\/noticias\/author\/israel\/"}]}},"_links":{"self":[{"href":"https:\/\/reporteroshoy.mx\/noticias\/wp-json\/wp\/v2\/posts\/119531","targetHints":{"allow":["GET"]}}],"collection":[{"href":"https:\/\/reporteroshoy.mx\/noticias\/wp-json\/wp\/v2\/posts"}],"about":[{"href":"https:\/\/reporteroshoy.mx\/noticias\/wp-json\/wp\/v2\/types\/post"}],"author":[{"embeddable":true,"href":"https:\/\/reporteroshoy.mx\/noticias\/wp-json\/wp\/v2\/users\/5"}],"replies":[{"embeddable":true,"href":"https:\/\/reporteroshoy.mx\/noticias\/wp-json\/wp\/v2\/comments?post=119531"}],"version-history":[{"count":0,"href":"https:\/\/reporteroshoy.mx\/noticias\/wp-json\/wp\/v2\/posts\/119531\/revisions"}],"wp:featuredmedia":[{"embeddable":true,"href":"https:\/\/reporteroshoy.mx\/noticias\/wp-json\/wp\/v2\/media\/119529"}],"wp:attachment":[{"href":"https:\/\/reporteroshoy.mx\/noticias\/wp-json\/wp\/v2\/media?parent=119531"}],"wp:term":[{"taxonomy":"category","embeddable":true,"href":"https:\/\/reporteroshoy.mx\/noticias\/wp-json\/wp\/v2\/categories?post=119531"},{"taxonomy":"post_tag","embeddable":true,"href":"https:\/\/reporteroshoy.mx\/noticias\/wp-json\/wp\/v2\/tags?post=119531"}],"curies":[{"name":"wp","href":"https:\/\/api.w.org\/{rel}","templated":true}]}}