{"id":119844,"date":"2025-02-28T23:59:38","date_gmt":"2025-03-01T05:59:38","guid":{"rendered":"https:\/\/reporteroshoy.mx\/noticias\/?p=119844"},"modified":"2025-03-01T09:25:20","modified_gmt":"2025-03-01T15:25:20","slug":"mas-de-37-mil-personas-en-el-viernes-de-corso","status":"publish","type":"post","link":"https:\/\/reporteroshoy.mx\/noticias\/mas-de-37-mil-personas-en-el-viernes-de-corso\/","title":{"rendered":"M\u00e1s de 37 mil personas en el Viernes de Corso"},"content":{"rendered":"<p style=\"text-align: justify;\">Acompa\u00f1ada de m\u00e1s de 37 mil meridanas y meridanos,\u00a0<strong><a href=\"https:\/\/www.facebook.com\/CeciliaPatronL\">Cecilia Patr\u00f3n Laviada<\/a><\/strong> inaugur\u00f3 el Carnaval de M\u00e9rida Amaz\u00f3nico 2025 en el recinto ferial de Xmatkuil.<\/p>\n<p style=\"text-align: justify;\">\u201cPor primera vez realizamos un carnaval amigable con el ambiente y la protecci\u00f3n de los animales\u201d, destac\u00f3 la presidenta municipal.<\/p>\n<p><img loading=\"lazy\" decoding=\"async\" class=\"alignnone size-full wp-image-119847\" src=\"https:\/\/reporteroshoy.mx\/noticias\/wp-content\/uploads\/2025\/03\/Imagen-de-WhatsApp-2025-02-28-a-las-23.35.24_c7ca9a18-scaled.jpg\" alt=\"\" width=\"768\" height=\"512\" \/><\/p>\n<p style=\"text-align: justify;\">Entre aplausos y gritos de j\u00fabilo, miles de asistentes recibieron la llegada del \u201cRey Momo\u201d con entusiasmo y alegr\u00eda, para disfrutar de la m\u00fasica, la danza, el desfile de las comparsas y m\u00e1s de 122 actividades y espect\u00e1culos art\u00edsticos y musicales que se presentar\u00e1 del 28 de febrero al 4 de marzo en Ciudad Carnaval con la participaci\u00f3n de 250 artistas locales y nacionales.<\/p>\n<p><img loading=\"lazy\" decoding=\"async\" class=\"alignnone size-full wp-image-119845\" src=\"https:\/\/reporteroshoy.mx\/noticias\/wp-content\/uploads\/2025\/03\/Imagen-de-WhatsApp-2025-02-28-a-las-23.35.26_f22beb53-scaled.jpg\" alt=\"\" width=\"768\" height=\"512\" \/><\/p>\n<p style=\"text-align: justify;\">La emoci\u00f3n y la energ\u00eda de la multitud se palparon en cada momento de la inauguraci\u00f3n que tuvo su m\u00e1ximo realce con el espect\u00e1culo de luces con drones que se present\u00f3 en lugar de la tradicional pirotecnia para proteger la fauna de la Reserva Ecol\u00f3gica Cuxtal.<\/p>\n<p style=\"text-align: justify;\">Posterior al acto protocolario, Patr\u00f3n Laviada se traslad\u00f3 a su palco para disfrutar junto con las y los asistentes de la creatividad, del desfile del viernes de Corso encabezado por los soberanos \u201cJulia Rivera I\u201d y \u201cOscar Pereira I\u201d, y que esta noche tuvo como invitados especiales a Karime Pindter, Wendy Guevara y Poncho De Nigris.<\/p>\n<p><img loading=\"lazy\" decoding=\"async\" class=\"alignnone size-full wp-image-119846\" src=\"https:\/\/reporteroshoy.mx\/noticias\/wp-content\/uploads\/2025\/03\/Imagen-de-WhatsApp-2025-02-28-a-las-23.35.27_d668a322-scaled.jpg\" alt=\"\" width=\"768\" height=\"512\" \/><\/p>\n<p style=\"text-align: justify;\">Los 27 contingentes alegraron el derrotero, causando euforia con el paso del nutrido grupo de los <strong><a href=\"https:\/\/reporteroshoy.mx\/noticias\/coronacion-de-los-reyes-caninos-del-carnaval-de-merida\/\">Reyes Caninos<\/a><\/strong>, as\u00ed como de los grupos de Inclusi\u00f3n y Diversidad, y de los influencers.<\/p>\n<p><img loading=\"lazy\" decoding=\"async\" class=\"alignnone size-full wp-image-119848\" src=\"https:\/\/reporteroshoy.mx\/noticias\/wp-content\/uploads\/2025\/03\/Imagen-de-WhatsApp-2025-03-01-a-las-08.38.44_caa96aff.jpg\" alt=\"\" width=\"720\" height=\"409\" \/><\/p>\n<p style=\"text-align: justify;\">La noche se prendi\u00f3 con el concierto del grupo musical Piso 21 que se present\u00f3 en el Centro de Espect\u00e1culos Montejo.<\/p>\n","protected":false},"excerpt":{"rendered":"<p>Acompa\u00f1ada de m\u00e1s de 37 mil meridanas y meridanos, Cecilia Patr\u00f3n Laviada inaugur\u00f3 el Carnaval de M\u00e9rida Amaz\u00f3nico 2025.<\/p>\n","protected":false},"author":5,"featured_media":119847,"comment_status":"open","ping_status":"closed","sticky":false,"template":"","format":"standard","meta":{"footnotes":""},"categories":[24379],"tags":[739,9258,27162],"class_list":["post-119844","post","type-post","status-publish","format-standard","has-post-thumbnail","hentry","category-merida","tag-carnaval-de-merida","tag-cecilia-patron-laviada","tag-viernes-de-corso"],"yoast_head":"<!-- This site is optimized with the Yoast SEO plugin v28.3 - https:\/\/yoast.com\/product\/yoast-seo-wordpress\/ -->\n<title>M\u00e1s de 37 mil personas en el Viernes de Corso<\/title>\n<meta name=\"description\" content=\"Acompa\u00f1ada de m\u00e1s de 37 mil meridanas y meridanos, Cecilia Patr\u00f3n Laviada inaugur\u00f3 el Carnaval de M\u00e9rida Amaz\u00f3nico 2025.\" \/>\n<meta name=\"robots\" content=\"index, follow, max-snippet:-1, max-image-preview:large, max-video-preview:-1\" \/>\n<link rel=\"canonical\" href=\"https:\/\/reporteroshoy.mx\/noticias\/mas-de-37-mil-personas-en-el-viernes-de-corso\/\" \/>\n<meta property=\"og:locale\" content=\"es_ES\" \/>\n<meta property=\"og:type\" content=\"article\" \/>\n<meta property=\"og:title\" content=\"M\u00e1s de 37 mil personas en el Viernes de Corso\" \/>\n<meta property=\"og:description\" content=\"Acompa\u00f1ada de m\u00e1s de 37 mil meridanas y meridanos, Cecilia Patr\u00f3n Laviada inaugur\u00f3 el Carnaval de M\u00e9rida Amaz\u00f3nico 2025.\" \/>\n<meta property=\"og:url\" content=\"https:\/\/reporteroshoy.mx\/noticias\/mas-de-37-mil-personas-en-el-viernes-de-corso\/\" \/>\n<meta property=\"og:site_name\" content=\"Reporteros Hoy | Noticias de Yucat\u00e1n\" \/>\n<meta property=\"article:publisher\" content=\"http:\/\/www.facebook.com\/reporteroshoymx\" \/>\n<meta property=\"article:published_time\" content=\"2025-03-01T05:59:38+00:00\" \/>\n<meta property=\"article:modified_time\" content=\"2025-03-01T15:25:20+00:00\" \/>\n<meta property=\"og:image\" content=\"https:\/\/reporteroshoy.mx\/noticias\/wp-content\/uploads\/2025\/03\/Imagen-de-WhatsApp-2025-02-28-a-las-23.35.24_c7ca9a18-scaled.jpg\" \/>\n\t<meta property=\"og:image:width\" content=\"768\" \/>\n\t<meta property=\"og:image:height\" content=\"512\" \/>\n\t<meta property=\"og:image:type\" content=\"image\/jpeg\" \/>\n<meta name=\"author\" content=\"Reporteros Hoy IM\" \/>\n<meta name=\"twitter:card\" content=\"summary_large_image\" \/>\n<meta name=\"twitter:creator\" content=\"@reporteroshoy\" \/>\n<meta name=\"twitter:site\" content=\"@reporteroshoy\" \/>\n<meta name=\"twitter:label1\" content=\"Escrito por\" \/>\n\t<meta name=\"twitter:data1\" content=\"Reporteros Hoy IM\" \/>\n\t<meta name=\"twitter:label2\" content=\"Tiempo de lectura\" \/>\n\t<meta name=\"twitter:data2\" content=\"3 minutos\" \/>\n<script type=\"application\/ld+json\" class=\"yoast-schema-graph\">{\"@context\":\"https:\\\/\\\/schema.org\",\"@graph\":[{\"@type\":\"Article\",\"@id\":\"https:\\\/\\\/reporteroshoy.mx\\\/noticias\\\/mas-de-37-mil-personas-en-el-viernes-de-corso\\\/#article\",\"isPartOf\":{\"@id\":\"https:\\\/\\\/reporteroshoy.mx\\\/noticias\\\/mas-de-37-mil-personas-en-el-viernes-de-corso\\\/\"},\"author\":{\"name\":\"Reporteros Hoy IM\",\"@id\":\"https:\\\/\\\/reporteroshoy.mx\\\/noticias\\\/#\\\/schema\\\/person\\\/948520f0d88b01be2e5266bc4acbbc15\"},\"headline\":\"M\u00e1s de 37 mil personas en el Viernes de Corso\",\"datePublished\":\"2025-03-01T05:59:38+00:00\",\"dateModified\":\"2025-03-01T15:25:20+00:00\",\"mainEntityOfPage\":{\"@id\":\"https:\\\/\\\/reporteroshoy.mx\\\/noticias\\\/mas-de-37-mil-personas-en-el-viernes-de-corso\\\/\"},\"wordCount\":287,\"commentCount\":0,\"image\":{\"@id\":\"https:\\\/\\\/reporteroshoy.mx\\\/noticias\\\/mas-de-37-mil-personas-en-el-viernes-de-corso\\\/#primaryimage\"},\"thumbnailUrl\":\"https:\\\/\\\/reporteroshoy.mx\\\/noticias\\\/wp-content\\\/uploads\\\/2025\\\/03\\\/Imagen-de-WhatsApp-2025-02-28-a-las-23.35.24_c7ca9a18-scaled.jpg\",\"keywords\":[\"Carnaval de M\u00e9rida\",\"Cecilia Patr\u00f3n Laviada\",\"Viernes de Corso\"],\"articleSection\":[\"M\u00e9rida\"],\"inLanguage\":\"es\",\"potentialAction\":[{\"@type\":\"CommentAction\",\"name\":\"Comment\",\"target\":[\"https:\\\/\\\/reporteroshoy.mx\\\/noticias\\\/mas-de-37-mil-personas-en-el-viernes-de-corso\\\/#respond\"]}]},{\"@type\":\"WebPage\",\"@id\":\"https:\\\/\\\/reporteroshoy.mx\\\/noticias\\\/mas-de-37-mil-personas-en-el-viernes-de-corso\\\/\",\"url\":\"https:\\\/\\\/reporteroshoy.mx\\\/noticias\\\/mas-de-37-mil-personas-en-el-viernes-de-corso\\\/\",\"name\":\"M\u00e1s de 37 mil personas en el Viernes de Corso\",\"isPartOf\":{\"@id\":\"https:\\\/\\\/reporteroshoy.mx\\\/noticias\\\/#website\"},\"primaryImageOfPage\":{\"@id\":\"https:\\\/\\\/reporteroshoy.mx\\\/noticias\\\/mas-de-37-mil-personas-en-el-viernes-de-corso\\\/#primaryimage\"},\"image\":{\"@id\":\"https:\\\/\\\/reporteroshoy.mx\\\/noticias\\\/mas-de-37-mil-personas-en-el-viernes-de-corso\\\/#primaryimage\"},\"thumbnailUrl\":\"https:\\\/\\\/reporteroshoy.mx\\\/noticias\\\/wp-content\\\/uploads\\\/2025\\\/03\\\/Imagen-de-WhatsApp-2025-02-28-a-las-23.35.24_c7ca9a18-scaled.jpg\",\"datePublished\":\"2025-03-01T05:59:38+00:00\",\"dateModified\":\"2025-03-01T15:25:20+00:00\",\"author\":{\"@id\":\"https:\\\/\\\/reporteroshoy.mx\\\/noticias\\\/#\\\/schema\\\/person\\\/948520f0d88b01be2e5266bc4acbbc15\"},\"description\":\"Acompa\u00f1ada de m\u00e1s de 37 mil meridanas y meridanos, Cecilia Patr\u00f3n Laviada inaugur\u00f3 el Carnaval de M\u00e9rida Amaz\u00f3nico 2025.\",\"breadcrumb\":{\"@id\":\"https:\\\/\\\/reporteroshoy.mx\\\/noticias\\\/mas-de-37-mil-personas-en-el-viernes-de-corso\\\/#breadcrumb\"},\"inLanguage\":\"es\",\"potentialAction\":[{\"@type\":\"ReadAction\",\"target\":[\"https:\\\/\\\/reporteroshoy.mx\\\/noticias\\\/mas-de-37-mil-personas-en-el-viernes-de-corso\\\/\"]}]},{\"@type\":\"ImageObject\",\"inLanguage\":\"es\",\"@id\":\"https:\\\/\\\/reporteroshoy.mx\\\/noticias\\\/mas-de-37-mil-personas-en-el-viernes-de-corso\\\/#primaryimage\",\"url\":\"https:\\\/\\\/reporteroshoy.mx\\\/noticias\\\/wp-content\\\/uploads\\\/2025\\\/03\\\/Imagen-de-WhatsApp-2025-02-28-a-las-23.35.24_c7ca9a18-scaled.jpg\",\"contentUrl\":\"https:\\\/\\\/reporteroshoy.mx\\\/noticias\\\/wp-content\\\/uploads\\\/2025\\\/03\\\/Imagen-de-WhatsApp-2025-02-28-a-las-23.35.24_c7ca9a18-scaled.jpg\",\"width\":768,\"height\":512},{\"@type\":\"BreadcrumbList\",\"@id\":\"https:\\\/\\\/reporteroshoy.mx\\\/noticias\\\/mas-de-37-mil-personas-en-el-viernes-de-corso\\\/#breadcrumb\",\"itemListElement\":[{\"@type\":\"ListItem\",\"position\":1,\"name\":\"Portada\",\"item\":\"https:\\\/\\\/reporteroshoy.mx\\\/noticias\\\/\"},{\"@type\":\"ListItem\",\"position\":2,\"name\":\"M\u00e1s de 37 mil personas en el Viernes de Corso\"}]},{\"@type\":\"WebSite\",\"@id\":\"https:\\\/\\\/reporteroshoy.mx\\\/noticias\\\/#website\",\"url\":\"https:\\\/\\\/reporteroshoy.mx\\\/noticias\\\/\",\"name\":\"Reporteros Hoy | Noticias de Yucat\u00e1n\",\"description\":\"Peri\u00f3dico digital con noticias diarias desde M\u00e9rida, Yucat\u00e1n para el mundo.\",\"potentialAction\":[{\"@type\":\"SearchAction\",\"target\":{\"@type\":\"EntryPoint\",\"urlTemplate\":\"https:\\\/\\\/reporteroshoy.mx\\\/noticias\\\/?s={search_term_string}\"},\"query-input\":{\"@type\":\"PropertyValueSpecification\",\"valueRequired\":true,\"valueName\":\"search_term_string\"}}],\"inLanguage\":\"es\"},{\"@type\":\"Person\",\"@id\":\"https:\\\/\\\/reporteroshoy.mx\\\/noticias\\\/#\\\/schema\\\/person\\\/948520f0d88b01be2e5266bc4acbbc15\",\"name\":\"Reporteros Hoy IM\",\"image\":{\"@type\":\"ImageObject\",\"inLanguage\":\"es\",\"@id\":\"https:\\\/\\\/secure.gravatar.com\\\/avatar\\\/d843030b96552826ac048bdfe26f2895604b800ed0c880ee55765a74d95dfc65?s=96&d=mm&r=g\",\"url\":\"https:\\\/\\\/secure.gravatar.com\\\/avatar\\\/d843030b96552826ac048bdfe26f2895604b800ed0c880ee55765a74d95dfc65?s=96&d=mm&r=g\",\"contentUrl\":\"https:\\\/\\\/secure.gravatar.com\\\/avatar\\\/d843030b96552826ac048bdfe26f2895604b800ed0c880ee55765a74d95dfc65?s=96&d=mm&r=g\",\"caption\":\"Reporteros Hoy IM\"},\"url\":\"https:\\\/\\\/reporteroshoy.mx\\\/noticias\\\/author\\\/israel\\\/\"}]}<\/script>\n<!-- \/ Yoast SEO plugin. -->","yoast_head_json":{"title":"M\u00e1s de 37 mil personas en el Viernes de Corso","description":"Acompa\u00f1ada de m\u00e1s de 37 mil meridanas y meridanos, Cecilia Patr\u00f3n Laviada inaugur\u00f3 el Carnaval de M\u00e9rida Amaz\u00f3nico 2025.","robots":{"index":"index","follow":"follow","max-snippet":"max-snippet:-1","max-image-preview":"max-image-preview:large","max-video-preview":"max-video-preview:-1"},"canonical":"https:\/\/reporteroshoy.mx\/noticias\/mas-de-37-mil-personas-en-el-viernes-de-corso\/","og_locale":"es_ES","og_type":"article","og_title":"M\u00e1s de 37 mil personas en el Viernes de Corso","og_description":"Acompa\u00f1ada de m\u00e1s de 37 mil meridanas y meridanos, Cecilia Patr\u00f3n Laviada inaugur\u00f3 el Carnaval de M\u00e9rida Amaz\u00f3nico 2025.","og_url":"https:\/\/reporteroshoy.mx\/noticias\/mas-de-37-mil-personas-en-el-viernes-de-corso\/","og_site_name":"Reporteros Hoy | Noticias de Yucat\u00e1n","article_publisher":"http:\/\/www.facebook.com\/reporteroshoymx","article_published_time":"2025-03-01T05:59:38+00:00","article_modified_time":"2025-03-01T15:25:20+00:00","og_image":[{"width":768,"height":512,"url":"https:\/\/reporteroshoy.mx\/noticias\/wp-content\/uploads\/2025\/03\/Imagen-de-WhatsApp-2025-02-28-a-las-23.35.24_c7ca9a18-scaled.jpg","type":"image\/jpeg"}],"author":"Reporteros Hoy IM","twitter_card":"summary_large_image","twitter_creator":"@reporteroshoy","twitter_site":"@reporteroshoy","twitter_misc":{"Escrito por":"Reporteros Hoy IM","Tiempo de lectura":"3 minutos"},"schema":{"@context":"https:\/\/schema.org","@graph":[{"@type":"Article","@id":"https:\/\/reporteroshoy.mx\/noticias\/mas-de-37-mil-personas-en-el-viernes-de-corso\/#article","isPartOf":{"@id":"https:\/\/reporteroshoy.mx\/noticias\/mas-de-37-mil-personas-en-el-viernes-de-corso\/"},"author":{"name":"Reporteros Hoy IM","@id":"https:\/\/reporteroshoy.mx\/noticias\/#\/schema\/person\/948520f0d88b01be2e5266bc4acbbc15"},"headline":"M\u00e1s de 37 mil personas en el Viernes de Corso","datePublished":"2025-03-01T05:59:38+00:00","dateModified":"2025-03-01T15:25:20+00:00","mainEntityOfPage":{"@id":"https:\/\/reporteroshoy.mx\/noticias\/mas-de-37-mil-personas-en-el-viernes-de-corso\/"},"wordCount":287,"commentCount":0,"image":{"@id":"https:\/\/reporteroshoy.mx\/noticias\/mas-de-37-mil-personas-en-el-viernes-de-corso\/#primaryimage"},"thumbnailUrl":"https:\/\/reporteroshoy.mx\/noticias\/wp-content\/uploads\/2025\/03\/Imagen-de-WhatsApp-2025-02-28-a-las-23.35.24_c7ca9a18-scaled.jpg","keywords":["Carnaval de M\u00e9rida","Cecilia Patr\u00f3n Laviada","Viernes de Corso"],"articleSection":["M\u00e9rida"],"inLanguage":"es","potentialAction":[{"@type":"CommentAction","name":"Comment","target":["https:\/\/reporteroshoy.mx\/noticias\/mas-de-37-mil-personas-en-el-viernes-de-corso\/#respond"]}]},{"@type":"WebPage","@id":"https:\/\/reporteroshoy.mx\/noticias\/mas-de-37-mil-personas-en-el-viernes-de-corso\/","url":"https:\/\/reporteroshoy.mx\/noticias\/mas-de-37-mil-personas-en-el-viernes-de-corso\/","name":"M\u00e1s de 37 mil personas en el Viernes de Corso","isPartOf":{"@id":"https:\/\/reporteroshoy.mx\/noticias\/#website"},"primaryImageOfPage":{"@id":"https:\/\/reporteroshoy.mx\/noticias\/mas-de-37-mil-personas-en-el-viernes-de-corso\/#primaryimage"},"image":{"@id":"https:\/\/reporteroshoy.mx\/noticias\/mas-de-37-mil-personas-en-el-viernes-de-corso\/#primaryimage"},"thumbnailUrl":"https:\/\/reporteroshoy.mx\/noticias\/wp-content\/uploads\/2025\/03\/Imagen-de-WhatsApp-2025-02-28-a-las-23.35.24_c7ca9a18-scaled.jpg","datePublished":"2025-03-01T05:59:38+00:00","dateModified":"2025-03-01T15:25:20+00:00","author":{"@id":"https:\/\/reporteroshoy.mx\/noticias\/#\/schema\/person\/948520f0d88b01be2e5266bc4acbbc15"},"description":"Acompa\u00f1ada de m\u00e1s de 37 mil meridanas y meridanos, Cecilia Patr\u00f3n Laviada inaugur\u00f3 el Carnaval de M\u00e9rida Amaz\u00f3nico 2025.","breadcrumb":{"@id":"https:\/\/reporteroshoy.mx\/noticias\/mas-de-37-mil-personas-en-el-viernes-de-corso\/#breadcrumb"},"inLanguage":"es","potentialAction":[{"@type":"ReadAction","target":["https:\/\/reporteroshoy.mx\/noticias\/mas-de-37-mil-personas-en-el-viernes-de-corso\/"]}]},{"@type":"ImageObject","inLanguage":"es","@id":"https:\/\/reporteroshoy.mx\/noticias\/mas-de-37-mil-personas-en-el-viernes-de-corso\/#primaryimage","url":"https:\/\/reporteroshoy.mx\/noticias\/wp-content\/uploads\/2025\/03\/Imagen-de-WhatsApp-2025-02-28-a-las-23.35.24_c7ca9a18-scaled.jpg","contentUrl":"https:\/\/reporteroshoy.mx\/noticias\/wp-content\/uploads\/2025\/03\/Imagen-de-WhatsApp-2025-02-28-a-las-23.35.24_c7ca9a18-scaled.jpg","width":768,"height":512},{"@type":"BreadcrumbList","@id":"https:\/\/reporteroshoy.mx\/noticias\/mas-de-37-mil-personas-en-el-viernes-de-corso\/#breadcrumb","itemListElement":[{"@type":"ListItem","position":1,"name":"Portada","item":"https:\/\/reporteroshoy.mx\/noticias\/"},{"@type":"ListItem","position":2,"name":"M\u00e1s de 37 mil personas en el Viernes de Corso"}]},{"@type":"WebSite","@id":"https:\/\/reporteroshoy.mx\/noticias\/#website","url":"https:\/\/reporteroshoy.mx\/noticias\/","name":"Reporteros Hoy | Noticias de Yucat\u00e1n","description":"Peri\u00f3dico digital con noticias diarias desde M\u00e9rida, Yucat\u00e1n para el mundo.","potentialAction":[{"@type":"SearchAction","target":{"@type":"EntryPoint","urlTemplate":"https:\/\/reporteroshoy.mx\/noticias\/?s={search_term_string}"},"query-input":{"@type":"PropertyValueSpecification","valueRequired":true,"valueName":"search_term_string"}}],"inLanguage":"es"},{"@type":"Person","@id":"https:\/\/reporteroshoy.mx\/noticias\/#\/schema\/person\/948520f0d88b01be2e5266bc4acbbc15","name":"Reporteros Hoy IM","image":{"@type":"ImageObject","inLanguage":"es","@id":"https:\/\/secure.gravatar.com\/avatar\/d843030b96552826ac048bdfe26f2895604b800ed0c880ee55765a74d95dfc65?s=96&d=mm&r=g","url":"https:\/\/secure.gravatar.com\/avatar\/d843030b96552826ac048bdfe26f2895604b800ed0c880ee55765a74d95dfc65?s=96&d=mm&r=g","contentUrl":"https:\/\/secure.gravatar.com\/avatar\/d843030b96552826ac048bdfe26f2895604b800ed0c880ee55765a74d95dfc65?s=96&d=mm&r=g","caption":"Reporteros Hoy IM"},"url":"https:\/\/reporteroshoy.mx\/noticias\/author\/israel\/"}]}},"_links":{"self":[{"href":"https:\/\/reporteroshoy.mx\/noticias\/wp-json\/wp\/v2\/posts\/119844","targetHints":{"allow":["GET"]}}],"collection":[{"href":"https:\/\/reporteroshoy.mx\/noticias\/wp-json\/wp\/v2\/posts"}],"about":[{"href":"https:\/\/reporteroshoy.mx\/noticias\/wp-json\/wp\/v2\/types\/post"}],"author":[{"embeddable":true,"href":"https:\/\/reporteroshoy.mx\/noticias\/wp-json\/wp\/v2\/users\/5"}],"replies":[{"embeddable":true,"href":"https:\/\/reporteroshoy.mx\/noticias\/wp-json\/wp\/v2\/comments?post=119844"}],"version-history":[{"count":0,"href":"https:\/\/reporteroshoy.mx\/noticias\/wp-json\/wp\/v2\/posts\/119844\/revisions"}],"wp:featuredmedia":[{"embeddable":true,"href":"https:\/\/reporteroshoy.mx\/noticias\/wp-json\/wp\/v2\/media\/119847"}],"wp:attachment":[{"href":"https:\/\/reporteroshoy.mx\/noticias\/wp-json\/wp\/v2\/media?parent=119844"}],"wp:term":[{"taxonomy":"category","embeddable":true,"href":"https:\/\/reporteroshoy.mx\/noticias\/wp-json\/wp\/v2\/categories?post=119844"},{"taxonomy":"post_tag","embeddable":true,"href":"https:\/\/reporteroshoy.mx\/noticias\/wp-json\/wp\/v2\/tags?post=119844"}],"curies":[{"name":"wp","href":"https:\/\/api.w.org\/{rel}","templated":true}]}}