{"id":119856,"date":"2025-03-01T23:59:01","date_gmt":"2025-03-02T05:59:01","guid":{"rendered":"https:\/\/reporteroshoy.mx\/noticias\/?p=119856"},"modified":"2025-03-02T11:20:37","modified_gmt":"2025-03-02T17:20:37","slug":"sabado-de-fantasia-con-yuri-en-el-carnaval-amazonico","status":"publish","type":"post","link":"https:\/\/reporteroshoy.mx\/noticias\/sabado-de-fantasia-con-yuri-en-el-carnaval-amazonico\/","title":{"rendered":"S\u00e1bado de Fantas\u00eda con Yuri en el Carnaval Amaz\u00f3nico"},"content":{"rendered":"<p style=\"text-align: justify;\">Con la presencia de m\u00e1s de 40 mil meridanas y meridanos, se realiz\u00f3 el S\u00e1bado de Fantas\u00eda al continuar el Carnaval de M\u00e9rida en el recinto ferial de X\u00b4matkuil.<\/p>\n<p><img loading=\"lazy\" decoding=\"async\" class=\"alignnone size-full wp-image-119858\" src=\"https:\/\/reporteroshoy.mx\/noticias\/wp-content\/uploads\/2025\/03\/Imagen-de-WhatsApp-2025-03-02-a-las-10.39.22_bfb65c2f-scaled.jpg\" alt=\"\" width=\"768\" height=\"511\" \/><\/p>\n<p style=\"text-align: justify;\">A lo largo del derrotero destacaron la presencia de Vanessa Claudio y Nicola Porcella, que desataron algarab\u00eda a su paso.<\/p>\n<p style=\"text-align: justify;\">Largos aplausos recibieron las comparsas de las colonias con la tem\u00e1tica de la amaz\u00f3nica entre vegetaci\u00f3n y fauna.<\/p>\n<h3><strong>Yuri engalan\u00f3 el S\u00e1bado de Fantas\u00eda<\/strong><\/h3>\n<p style=\"text-align: justify;\">El cierre de la velada corri\u00f3 a cargo de Yuri quien interpret\u00f3 sus m\u00e1s grandes \u00e9xitos en el Centro de Espect\u00e1culos Montejo.<\/p>\n<p><img loading=\"lazy\" decoding=\"async\" class=\"alignnone size-full wp-image-119859\" src=\"https:\/\/reporteroshoy.mx\/noticias\/wp-content\/uploads\/2025\/03\/Imagen-de-WhatsApp-2025-03-02-a-las-10.39.22_31aac048-scaled.jpg\" alt=\"\" width=\"768\" height=\"512\" \/><\/p>\n<p style=\"text-align: justify;\">\u201cEs un carnaval muy alegre, seguro para todas las familias y especial para las mujeres que acuden a disfrutar con alegr\u00eda\u201d, indic\u00f3 la alcaldesa <strong><a href=\"https:\/\/www.facebook.com\/CeciliaPatronL\">Cecilia Patr\u00f3n Laviada<\/a><\/strong>.<\/p>\n<p style=\"text-align: justify;\">Adem\u00e1s, inform\u00f3 que las mujeres cuentan con espacios seguros en Ciudad Carnaval, durante el derrotero y en los eventos.<\/p>\n<p style=\"text-align: justify;\">De igual manera, se habilit\u00f3 un servicio de transporte gratuito dirigido a las mujeres, y sus hijas e hijos.<\/p>\n<p><img loading=\"lazy\" decoding=\"async\" class=\"alignnone size-full wp-image-119857\" src=\"https:\/\/reporteroshoy.mx\/noticias\/wp-content\/uploads\/2025\/03\/Imagen-de-WhatsApp-2025-03-02-a-las-10.39.22_97a686fb-scaled.jpg\" alt=\"\" width=\"768\" height=\"511\" \/><\/p>\n<p style=\"text-align: justify;\">Este transporte cuenta con paradas en la calle 63 por 62 y 64 del centro de M\u00e9rida, as\u00ed como en el paradero de Ciudad Carnaval.<\/p>\n<p style=\"text-align: justify;\">Se precis\u00f3 que esta ruta es directa, sin paradas intermedias, para mayor comodidad y seguridad.<\/p>\n<p><strong>Te puede interesar:\u00a0<\/strong><strong><a href=\"https:\/\/reporteroshoy.mx\/noticias\/mas-de-37-mil-personas-en-el-viernes-de-corso\/\">M\u00e1s de 37 mil personas en el Viernes de Corso<\/a><\/strong><\/p>\n<p style=\"text-align: justify;\">En un balance de estos dos d\u00edas se registr\u00f3 atenci\u00f3n de transporte a 650 personas entre mujeres, ni\u00f1as, ni\u00f1os y adolescencia y una presencia de m\u00e1s de 720 mujeres con sus hijas e hijos en estas zonas seguras.<\/p>\n","protected":false},"excerpt":{"rendered":"<p>Con la presencia de m\u00e1s de 40 mil meridanas y meridanos, se realiz\u00f3 el S\u00e1bado de Fantas\u00eda al continuar el Carnaval de M\u00e9rida.<\/p>\n","protected":false},"author":5,"featured_media":119858,"comment_status":"open","ping_status":"closed","sticky":false,"template":"","format":"standard","meta":{"footnotes":""},"categories":[24379],"tags":[739,9258,27163],"class_list":["post-119856","post","type-post","status-publish","format-standard","has-post-thumbnail","hentry","category-merida","tag-carnaval-de-merida","tag-cecilia-patron-laviada","tag-sabado-de-fantasia"],"yoast_head":"<!-- This site is optimized with the Yoast SEO plugin v28.3 - https:\/\/yoast.com\/product\/yoast-seo-wordpress\/ -->\n<title>S\u00e1bado de Fantas\u00eda con Yuri en el Carnaval Amaz\u00f3nico<\/title>\n<meta name=\"description\" content=\"Con la presencia de m\u00e1s de 40 mil meridanas y meridanos, se realiz\u00f3 el S\u00e1bado de Fantas\u00eda al continuar el Carnaval de M\u00e9rida.\" \/>\n<meta name=\"robots\" content=\"index, follow, max-snippet:-1, max-image-preview:large, max-video-preview:-1\" \/>\n<link rel=\"canonical\" href=\"https:\/\/reporteroshoy.mx\/noticias\/sabado-de-fantasia-con-yuri-en-el-carnaval-amazonico\/\" \/>\n<meta property=\"og:locale\" content=\"es_ES\" \/>\n<meta property=\"og:type\" content=\"article\" \/>\n<meta property=\"og:title\" content=\"S\u00e1bado de Fantas\u00eda con Yuri en el Carnaval Amaz\u00f3nico\" \/>\n<meta property=\"og:description\" content=\"Con la presencia de m\u00e1s de 40 mil meridanas y meridanos, se realiz\u00f3 el S\u00e1bado de Fantas\u00eda al continuar el Carnaval de M\u00e9rida.\" \/>\n<meta property=\"og:url\" content=\"https:\/\/reporteroshoy.mx\/noticias\/sabado-de-fantasia-con-yuri-en-el-carnaval-amazonico\/\" \/>\n<meta property=\"og:site_name\" content=\"Reporteros Hoy | Noticias de Yucat\u00e1n\" \/>\n<meta property=\"article:publisher\" content=\"http:\/\/www.facebook.com\/reporteroshoymx\" \/>\n<meta property=\"article:published_time\" content=\"2025-03-02T05:59:01+00:00\" \/>\n<meta property=\"article:modified_time\" content=\"2025-03-02T17:20:37+00:00\" \/>\n<meta property=\"og:image\" content=\"https:\/\/reporteroshoy.mx\/noticias\/wp-content\/uploads\/2025\/03\/Imagen-de-WhatsApp-2025-03-02-a-las-10.39.22_bfb65c2f-scaled.jpg\" \/>\n\t<meta property=\"og:image:width\" content=\"768\" \/>\n\t<meta property=\"og:image:height\" content=\"511\" \/>\n\t<meta property=\"og:image:type\" content=\"image\/jpeg\" \/>\n<meta name=\"author\" content=\"Reporteros Hoy IM\" \/>\n<meta name=\"twitter:card\" content=\"summary_large_image\" \/>\n<meta name=\"twitter:creator\" content=\"@reporteroshoy\" \/>\n<meta name=\"twitter:site\" content=\"@reporteroshoy\" \/>\n<meta name=\"twitter:label1\" content=\"Escrito por\" \/>\n\t<meta name=\"twitter:data1\" content=\"Reporteros Hoy IM\" \/>\n\t<meta name=\"twitter:label2\" content=\"Tiempo de lectura\" \/>\n\t<meta name=\"twitter:data2\" content=\"2 minutos\" \/>\n<script type=\"application\/ld+json\" class=\"yoast-schema-graph\">{\"@context\":\"https:\\\/\\\/schema.org\",\"@graph\":[{\"@type\":\"Article\",\"@id\":\"https:\\\/\\\/reporteroshoy.mx\\\/noticias\\\/sabado-de-fantasia-con-yuri-en-el-carnaval-amazonico\\\/#article\",\"isPartOf\":{\"@id\":\"https:\\\/\\\/reporteroshoy.mx\\\/noticias\\\/sabado-de-fantasia-con-yuri-en-el-carnaval-amazonico\\\/\"},\"author\":{\"name\":\"Reporteros Hoy IM\",\"@id\":\"https:\\\/\\\/reporteroshoy.mx\\\/noticias\\\/#\\\/schema\\\/person\\\/948520f0d88b01be2e5266bc4acbbc15\"},\"headline\":\"S\u00e1bado de Fantas\u00eda con Yuri en el Carnaval Amaz\u00f3nico\",\"datePublished\":\"2025-03-02T05:59:01+00:00\",\"dateModified\":\"2025-03-02T17:20:37+00:00\",\"mainEntityOfPage\":{\"@id\":\"https:\\\/\\\/reporteroshoy.mx\\\/noticias\\\/sabado-de-fantasia-con-yuri-en-el-carnaval-amazonico\\\/\"},\"wordCount\":279,\"commentCount\":0,\"image\":{\"@id\":\"https:\\\/\\\/reporteroshoy.mx\\\/noticias\\\/sabado-de-fantasia-con-yuri-en-el-carnaval-amazonico\\\/#primaryimage\"},\"thumbnailUrl\":\"https:\\\/\\\/reporteroshoy.mx\\\/noticias\\\/wp-content\\\/uploads\\\/2025\\\/03\\\/Imagen-de-WhatsApp-2025-03-02-a-las-10.39.22_bfb65c2f-scaled.jpg\",\"keywords\":[\"Carnaval de M\u00e9rida\",\"Cecilia Patr\u00f3n Laviada\",\"S\u00e1bado de Fantas\u00eda\"],\"articleSection\":[\"M\u00e9rida\"],\"inLanguage\":\"es\",\"potentialAction\":[{\"@type\":\"CommentAction\",\"name\":\"Comment\",\"target\":[\"https:\\\/\\\/reporteroshoy.mx\\\/noticias\\\/sabado-de-fantasia-con-yuri-en-el-carnaval-amazonico\\\/#respond\"]}]},{\"@type\":\"WebPage\",\"@id\":\"https:\\\/\\\/reporteroshoy.mx\\\/noticias\\\/sabado-de-fantasia-con-yuri-en-el-carnaval-amazonico\\\/\",\"url\":\"https:\\\/\\\/reporteroshoy.mx\\\/noticias\\\/sabado-de-fantasia-con-yuri-en-el-carnaval-amazonico\\\/\",\"name\":\"S\u00e1bado de Fantas\u00eda con Yuri en el Carnaval Amaz\u00f3nico\",\"isPartOf\":{\"@id\":\"https:\\\/\\\/reporteroshoy.mx\\\/noticias\\\/#website\"},\"primaryImageOfPage\":{\"@id\":\"https:\\\/\\\/reporteroshoy.mx\\\/noticias\\\/sabado-de-fantasia-con-yuri-en-el-carnaval-amazonico\\\/#primaryimage\"},\"image\":{\"@id\":\"https:\\\/\\\/reporteroshoy.mx\\\/noticias\\\/sabado-de-fantasia-con-yuri-en-el-carnaval-amazonico\\\/#primaryimage\"},\"thumbnailUrl\":\"https:\\\/\\\/reporteroshoy.mx\\\/noticias\\\/wp-content\\\/uploads\\\/2025\\\/03\\\/Imagen-de-WhatsApp-2025-03-02-a-las-10.39.22_bfb65c2f-scaled.jpg\",\"datePublished\":\"2025-03-02T05:59:01+00:00\",\"dateModified\":\"2025-03-02T17:20:37+00:00\",\"author\":{\"@id\":\"https:\\\/\\\/reporteroshoy.mx\\\/noticias\\\/#\\\/schema\\\/person\\\/948520f0d88b01be2e5266bc4acbbc15\"},\"description\":\"Con la presencia de m\u00e1s de 40 mil meridanas y meridanos, se realiz\u00f3 el S\u00e1bado de Fantas\u00eda al continuar el Carnaval de M\u00e9rida.\",\"breadcrumb\":{\"@id\":\"https:\\\/\\\/reporteroshoy.mx\\\/noticias\\\/sabado-de-fantasia-con-yuri-en-el-carnaval-amazonico\\\/#breadcrumb\"},\"inLanguage\":\"es\",\"potentialAction\":[{\"@type\":\"ReadAction\",\"target\":[\"https:\\\/\\\/reporteroshoy.mx\\\/noticias\\\/sabado-de-fantasia-con-yuri-en-el-carnaval-amazonico\\\/\"]}]},{\"@type\":\"ImageObject\",\"inLanguage\":\"es\",\"@id\":\"https:\\\/\\\/reporteroshoy.mx\\\/noticias\\\/sabado-de-fantasia-con-yuri-en-el-carnaval-amazonico\\\/#primaryimage\",\"url\":\"https:\\\/\\\/reporteroshoy.mx\\\/noticias\\\/wp-content\\\/uploads\\\/2025\\\/03\\\/Imagen-de-WhatsApp-2025-03-02-a-las-10.39.22_bfb65c2f-scaled.jpg\",\"contentUrl\":\"https:\\\/\\\/reporteroshoy.mx\\\/noticias\\\/wp-content\\\/uploads\\\/2025\\\/03\\\/Imagen-de-WhatsApp-2025-03-02-a-las-10.39.22_bfb65c2f-scaled.jpg\",\"width\":768,\"height\":511},{\"@type\":\"BreadcrumbList\",\"@id\":\"https:\\\/\\\/reporteroshoy.mx\\\/noticias\\\/sabado-de-fantasia-con-yuri-en-el-carnaval-amazonico\\\/#breadcrumb\",\"itemListElement\":[{\"@type\":\"ListItem\",\"position\":1,\"name\":\"Portada\",\"item\":\"https:\\\/\\\/reporteroshoy.mx\\\/noticias\\\/\"},{\"@type\":\"ListItem\",\"position\":2,\"name\":\"S\u00e1bado de Fantas\u00eda con Yuri en el Carnaval Amaz\u00f3nico\"}]},{\"@type\":\"WebSite\",\"@id\":\"https:\\\/\\\/reporteroshoy.mx\\\/noticias\\\/#website\",\"url\":\"https:\\\/\\\/reporteroshoy.mx\\\/noticias\\\/\",\"name\":\"Reporteros Hoy | Noticias de Yucat\u00e1n\",\"description\":\"Peri\u00f3dico digital con noticias diarias desde M\u00e9rida, Yucat\u00e1n para el mundo.\",\"potentialAction\":[{\"@type\":\"SearchAction\",\"target\":{\"@type\":\"EntryPoint\",\"urlTemplate\":\"https:\\\/\\\/reporteroshoy.mx\\\/noticias\\\/?s={search_term_string}\"},\"query-input\":{\"@type\":\"PropertyValueSpecification\",\"valueRequired\":true,\"valueName\":\"search_term_string\"}}],\"inLanguage\":\"es\"},{\"@type\":\"Person\",\"@id\":\"https:\\\/\\\/reporteroshoy.mx\\\/noticias\\\/#\\\/schema\\\/person\\\/948520f0d88b01be2e5266bc4acbbc15\",\"name\":\"Reporteros Hoy IM\",\"image\":{\"@type\":\"ImageObject\",\"inLanguage\":\"es\",\"@id\":\"https:\\\/\\\/secure.gravatar.com\\\/avatar\\\/d843030b96552826ac048bdfe26f2895604b800ed0c880ee55765a74d95dfc65?s=96&d=mm&r=g\",\"url\":\"https:\\\/\\\/secure.gravatar.com\\\/avatar\\\/d843030b96552826ac048bdfe26f2895604b800ed0c880ee55765a74d95dfc65?s=96&d=mm&r=g\",\"contentUrl\":\"https:\\\/\\\/secure.gravatar.com\\\/avatar\\\/d843030b96552826ac048bdfe26f2895604b800ed0c880ee55765a74d95dfc65?s=96&d=mm&r=g\",\"caption\":\"Reporteros Hoy IM\"},\"url\":\"https:\\\/\\\/reporteroshoy.mx\\\/noticias\\\/author\\\/israel\\\/\"}]}<\/script>\n<!-- \/ Yoast SEO plugin. -->","yoast_head_json":{"title":"S\u00e1bado de Fantas\u00eda con Yuri en el Carnaval Amaz\u00f3nico","description":"Con la presencia de m\u00e1s de 40 mil meridanas y meridanos, se realiz\u00f3 el S\u00e1bado de Fantas\u00eda al continuar el Carnaval de M\u00e9rida.","robots":{"index":"index","follow":"follow","max-snippet":"max-snippet:-1","max-image-preview":"max-image-preview:large","max-video-preview":"max-video-preview:-1"},"canonical":"https:\/\/reporteroshoy.mx\/noticias\/sabado-de-fantasia-con-yuri-en-el-carnaval-amazonico\/","og_locale":"es_ES","og_type":"article","og_title":"S\u00e1bado de Fantas\u00eda con Yuri en el Carnaval Amaz\u00f3nico","og_description":"Con la presencia de m\u00e1s de 40 mil meridanas y meridanos, se realiz\u00f3 el S\u00e1bado de Fantas\u00eda al continuar el Carnaval de M\u00e9rida.","og_url":"https:\/\/reporteroshoy.mx\/noticias\/sabado-de-fantasia-con-yuri-en-el-carnaval-amazonico\/","og_site_name":"Reporteros Hoy | Noticias de Yucat\u00e1n","article_publisher":"http:\/\/www.facebook.com\/reporteroshoymx","article_published_time":"2025-03-02T05:59:01+00:00","article_modified_time":"2025-03-02T17:20:37+00:00","og_image":[{"width":768,"height":511,"url":"https:\/\/reporteroshoy.mx\/noticias\/wp-content\/uploads\/2025\/03\/Imagen-de-WhatsApp-2025-03-02-a-las-10.39.22_bfb65c2f-scaled.jpg","type":"image\/jpeg"}],"author":"Reporteros Hoy IM","twitter_card":"summary_large_image","twitter_creator":"@reporteroshoy","twitter_site":"@reporteroshoy","twitter_misc":{"Escrito por":"Reporteros Hoy IM","Tiempo de lectura":"2 minutos"},"schema":{"@context":"https:\/\/schema.org","@graph":[{"@type":"Article","@id":"https:\/\/reporteroshoy.mx\/noticias\/sabado-de-fantasia-con-yuri-en-el-carnaval-amazonico\/#article","isPartOf":{"@id":"https:\/\/reporteroshoy.mx\/noticias\/sabado-de-fantasia-con-yuri-en-el-carnaval-amazonico\/"},"author":{"name":"Reporteros Hoy IM","@id":"https:\/\/reporteroshoy.mx\/noticias\/#\/schema\/person\/948520f0d88b01be2e5266bc4acbbc15"},"headline":"S\u00e1bado de Fantas\u00eda con Yuri en el Carnaval Amaz\u00f3nico","datePublished":"2025-03-02T05:59:01+00:00","dateModified":"2025-03-02T17:20:37+00:00","mainEntityOfPage":{"@id":"https:\/\/reporteroshoy.mx\/noticias\/sabado-de-fantasia-con-yuri-en-el-carnaval-amazonico\/"},"wordCount":279,"commentCount":0,"image":{"@id":"https:\/\/reporteroshoy.mx\/noticias\/sabado-de-fantasia-con-yuri-en-el-carnaval-amazonico\/#primaryimage"},"thumbnailUrl":"https:\/\/reporteroshoy.mx\/noticias\/wp-content\/uploads\/2025\/03\/Imagen-de-WhatsApp-2025-03-02-a-las-10.39.22_bfb65c2f-scaled.jpg","keywords":["Carnaval de M\u00e9rida","Cecilia Patr\u00f3n Laviada","S\u00e1bado de Fantas\u00eda"],"articleSection":["M\u00e9rida"],"inLanguage":"es","potentialAction":[{"@type":"CommentAction","name":"Comment","target":["https:\/\/reporteroshoy.mx\/noticias\/sabado-de-fantasia-con-yuri-en-el-carnaval-amazonico\/#respond"]}]},{"@type":"WebPage","@id":"https:\/\/reporteroshoy.mx\/noticias\/sabado-de-fantasia-con-yuri-en-el-carnaval-amazonico\/","url":"https:\/\/reporteroshoy.mx\/noticias\/sabado-de-fantasia-con-yuri-en-el-carnaval-amazonico\/","name":"S\u00e1bado de Fantas\u00eda con Yuri en el Carnaval Amaz\u00f3nico","isPartOf":{"@id":"https:\/\/reporteroshoy.mx\/noticias\/#website"},"primaryImageOfPage":{"@id":"https:\/\/reporteroshoy.mx\/noticias\/sabado-de-fantasia-con-yuri-en-el-carnaval-amazonico\/#primaryimage"},"image":{"@id":"https:\/\/reporteroshoy.mx\/noticias\/sabado-de-fantasia-con-yuri-en-el-carnaval-amazonico\/#primaryimage"},"thumbnailUrl":"https:\/\/reporteroshoy.mx\/noticias\/wp-content\/uploads\/2025\/03\/Imagen-de-WhatsApp-2025-03-02-a-las-10.39.22_bfb65c2f-scaled.jpg","datePublished":"2025-03-02T05:59:01+00:00","dateModified":"2025-03-02T17:20:37+00:00","author":{"@id":"https:\/\/reporteroshoy.mx\/noticias\/#\/schema\/person\/948520f0d88b01be2e5266bc4acbbc15"},"description":"Con la presencia de m\u00e1s de 40 mil meridanas y meridanos, se realiz\u00f3 el S\u00e1bado de Fantas\u00eda al continuar el Carnaval de M\u00e9rida.","breadcrumb":{"@id":"https:\/\/reporteroshoy.mx\/noticias\/sabado-de-fantasia-con-yuri-en-el-carnaval-amazonico\/#breadcrumb"},"inLanguage":"es","potentialAction":[{"@type":"ReadAction","target":["https:\/\/reporteroshoy.mx\/noticias\/sabado-de-fantasia-con-yuri-en-el-carnaval-amazonico\/"]}]},{"@type":"ImageObject","inLanguage":"es","@id":"https:\/\/reporteroshoy.mx\/noticias\/sabado-de-fantasia-con-yuri-en-el-carnaval-amazonico\/#primaryimage","url":"https:\/\/reporteroshoy.mx\/noticias\/wp-content\/uploads\/2025\/03\/Imagen-de-WhatsApp-2025-03-02-a-las-10.39.22_bfb65c2f-scaled.jpg","contentUrl":"https:\/\/reporteroshoy.mx\/noticias\/wp-content\/uploads\/2025\/03\/Imagen-de-WhatsApp-2025-03-02-a-las-10.39.22_bfb65c2f-scaled.jpg","width":768,"height":511},{"@type":"BreadcrumbList","@id":"https:\/\/reporteroshoy.mx\/noticias\/sabado-de-fantasia-con-yuri-en-el-carnaval-amazonico\/#breadcrumb","itemListElement":[{"@type":"ListItem","position":1,"name":"Portada","item":"https:\/\/reporteroshoy.mx\/noticias\/"},{"@type":"ListItem","position":2,"name":"S\u00e1bado de Fantas\u00eda con Yuri en el Carnaval Amaz\u00f3nico"}]},{"@type":"WebSite","@id":"https:\/\/reporteroshoy.mx\/noticias\/#website","url":"https:\/\/reporteroshoy.mx\/noticias\/","name":"Reporteros Hoy | Noticias de Yucat\u00e1n","description":"Peri\u00f3dico digital con noticias diarias desde M\u00e9rida, Yucat\u00e1n para el mundo.","potentialAction":[{"@type":"SearchAction","target":{"@type":"EntryPoint","urlTemplate":"https:\/\/reporteroshoy.mx\/noticias\/?s={search_term_string}"},"query-input":{"@type":"PropertyValueSpecification","valueRequired":true,"valueName":"search_term_string"}}],"inLanguage":"es"},{"@type":"Person","@id":"https:\/\/reporteroshoy.mx\/noticias\/#\/schema\/person\/948520f0d88b01be2e5266bc4acbbc15","name":"Reporteros Hoy IM","image":{"@type":"ImageObject","inLanguage":"es","@id":"https:\/\/secure.gravatar.com\/avatar\/d843030b96552826ac048bdfe26f2895604b800ed0c880ee55765a74d95dfc65?s=96&d=mm&r=g","url":"https:\/\/secure.gravatar.com\/avatar\/d843030b96552826ac048bdfe26f2895604b800ed0c880ee55765a74d95dfc65?s=96&d=mm&r=g","contentUrl":"https:\/\/secure.gravatar.com\/avatar\/d843030b96552826ac048bdfe26f2895604b800ed0c880ee55765a74d95dfc65?s=96&d=mm&r=g","caption":"Reporteros Hoy IM"},"url":"https:\/\/reporteroshoy.mx\/noticias\/author\/israel\/"}]}},"_links":{"self":[{"href":"https:\/\/reporteroshoy.mx\/noticias\/wp-json\/wp\/v2\/posts\/119856","targetHints":{"allow":["GET"]}}],"collection":[{"href":"https:\/\/reporteroshoy.mx\/noticias\/wp-json\/wp\/v2\/posts"}],"about":[{"href":"https:\/\/reporteroshoy.mx\/noticias\/wp-json\/wp\/v2\/types\/post"}],"author":[{"embeddable":true,"href":"https:\/\/reporteroshoy.mx\/noticias\/wp-json\/wp\/v2\/users\/5"}],"replies":[{"embeddable":true,"href":"https:\/\/reporteroshoy.mx\/noticias\/wp-json\/wp\/v2\/comments?post=119856"}],"version-history":[{"count":0,"href":"https:\/\/reporteroshoy.mx\/noticias\/wp-json\/wp\/v2\/posts\/119856\/revisions"}],"wp:featuredmedia":[{"embeddable":true,"href":"https:\/\/reporteroshoy.mx\/noticias\/wp-json\/wp\/v2\/media\/119858"}],"wp:attachment":[{"href":"https:\/\/reporteroshoy.mx\/noticias\/wp-json\/wp\/v2\/media?parent=119856"}],"wp:term":[{"taxonomy":"category","embeddable":true,"href":"https:\/\/reporteroshoy.mx\/noticias\/wp-json\/wp\/v2\/categories?post=119856"},{"taxonomy":"post_tag","embeddable":true,"href":"https:\/\/reporteroshoy.mx\/noticias\/wp-json\/wp\/v2\/tags?post=119856"}],"curies":[{"name":"wp","href":"https:\/\/api.w.org\/{rel}","templated":true}]}}