{"id":119980,"date":"2025-03-06T19:00:19","date_gmt":"2025-03-07T01:00:19","guid":{"rendered":"https:\/\/reporteroshoy.mx\/noticias\/?p=119980"},"modified":"2025-03-06T19:00:19","modified_gmt":"2025-03-07T01:00:19","slug":"foros-para-ley-de-educacion-media-superior-en-yucatan","status":"publish","type":"post","link":"https:\/\/reporteroshoy.mx\/noticias\/foros-para-ley-de-educacion-media-superior-en-yucatan\/","title":{"rendered":"Foros para Ley de Educaci\u00f3n Media Superior en Yucat\u00e1n"},"content":{"rendered":"<p style=\"text-align: justify;\">Desde Yucat\u00e1n, se contribuye a la transformaci\u00f3n profunda del sistema educativo de nuestro pa\u00eds, al inaugurar los Foros Regionales y Consulta para la construcci\u00f3n del anteproyecto de la Ley General de Educaci\u00f3n Media Superior en la regi\u00f3n sureste, que re\u00fane a docentes, acad\u00e9micos, especialistas, autoridades educativas, legisladores, estudiantes, padres y madres de familia, y representantes de la organizaci\u00f3n civil de Yucat\u00e1n y los estados de Campeche, Chiapas, Oaxaca, Quintana Roo, Tabasco y Veracruz.<\/p>\n<p>En este sentido, en el Instituto Tecnol\u00f3gico de M\u00e9rida, el Gobernador Joaqu\u00edn D\u00edaz Mena y la subsecretaria de Educaci\u00f3n Media Superior de la Secretar\u00eda de Educaci\u00f3n P\u00fablica, Tania Rodr\u00edguez Mora, pusieron en marcha las actividades de los Foros y Consultas de la zona sureste, donde se pretende reunir propuestas para la elaboraci\u00f3n de pol\u00edticas p\u00fablicas que permitan alcanzar una educaci\u00f3n con equidad y excelencia.<\/p>\n<p style=\"text-align: justify;\"><img loading=\"lazy\" decoding=\"async\" class=\"aligncenter wp-image-119981\" src=\"https:\/\/reporteroshoy.mx\/noticias\/wp-content\/uploads\/2025\/03\/WhatsApp-Image-2025-03-06-at-18.40.45-scaled.jpeg\" alt=\"Foros para Ley de Educaci\u00f3n Media Superior en Yucat\u00e1n\" width=\"615\" height=\"410\" \/><br \/>\n\u00abHagamos pol\u00edticas p\u00fablicas que atiendan el problema, no demos paso a la letra muerta en la Ley de Educaci\u00f3n Media Superior. Que cada l\u00ednea y enunciado que pongamos aqu\u00ed sea exhaustivamente discutido por quienes d\u00eda a d\u00eda viven la realidad desde las aulas\u00bb, asever\u00f3 el titular del Ejecutivo estatal.<\/p>\n<p>En ese sentido, el Gobernador afirm\u00f3 que Yucat\u00e1n alza la voz para que ning\u00fan ni\u00f1o, ni\u00f1a ni joven se quede atr\u00e1s, acabando con la desigualdad en la educaci\u00f3n y garantizando oportunidades en todos los rincones del estado y el pa\u00eds.<\/p>\n<p>Por eso, D\u00edaz Mena celebr\u00f3 que la SEP, encabezada por Mario Delgado, est\u00e9 realizando estos Foros que involucran a los actores diarios de la educaci\u00f3n y que en Yucat\u00e1n se tiene claro que este sector es piedra angular del desarrollo, y que no hay mejor inversi\u00f3n que aquella que se hace en nuestras y nuestros j\u00f3venes.<\/p>\n<p>Por ello, el mandatario estatal indic\u00f3 que su administraci\u00f3n no solo est\u00e1 trabajando para respaldar el esfuerzo de la Presidenta Claudia Sheinbaum, sino contribuyendo con las becas Felipe Carrillo Puerto y J\u00f3venes Renacimiento, as\u00ed como alejando a la ni\u00f1ez y la juventud de la drogadicci\u00f3n y problemas de salud mental, a trav\u00e9s de la iniciativa Aliados por la Vida.<\/p>\n<p>\u00abLa educaci\u00f3n tiene que ser un escudo contra las malas pr\u00e1cticas. Queremos lograr la prosperidad compartida, que la riqueza no quede en unas cuantas manos, y para eso hay que darle educaci\u00f3n de calidad a todos los yucatecos y mexicanos\u00bb, finaliz\u00f3 el Gobernador.<\/p>\n<p>A su vez, la subsecretaria de Educaci\u00f3n Media Superior de la Secretar\u00eda de Educaci\u00f3n P\u00fablica, Tania Rodr\u00edguez Mora, agradeci\u00f3 la presencia del Gobernador D\u00edaz Mena, como muestra de la importancia de la disposici\u00f3n y la suma de esfuerzos de todos los niveles educativos e integrantes del sector de la educaci\u00f3n. \u00abTenemos en Yucat\u00e1n a un Gobernador que re\u00fane en su persona el esfuerzo de articulaci\u00f3n que queremos hacer y que entiende desde adentro las necesidades del sistema educativo por su trayectoria pol\u00edtica, pero tambi\u00e9n educativa y en la docencia\u00bb.<\/p>\n<p>La funcionaria federal apunt\u00f3 que, con estos Foros y Consultas, se pretende que todas y todos los estudiantes cuenten con piso parejo para acceder a una educaci\u00f3n de calidad que les permita desarrollarse personal y profesionalmente.<\/p>\n<p>En su turno, el secretario general ejecutivo de la Asociaci\u00f3n Nacional de Universidades e Instituciones de Educaci\u00f3n Superior (ANUIES), Luis Gonz\u00e1lez Placencia, resalt\u00f3 la voluntad de participaci\u00f3n de todos los actores involucrados en el nivel medio superior, quienes se han mostrado dispuestos a aportar su experiencia y a construir juntos una ley que complemente el marco jur\u00eddico existente y que respalde a la Nueva Escuela Mexicana, ofreciendo la garant\u00eda de educaci\u00f3n a las y los mexicanos.<\/p>\n<p>En ese marco, el Gobernador Joaqu\u00edn D\u00edaz Mena aprovech\u00f3 para reconocer a la Presidenta Claudia Sheinbaum, de quien dijo, en momentos complicados para el pa\u00eds ha sabido enfrentar la adversidad con el orgullo de ser mujer y de ser mexicana.<\/p>\n<p>Lo anterior, continu\u00f3 el mandatario estatal, ha dado como resultado que Estados Unidos haya decidido detener los aranceles a M\u00e9xico hasta el 2 de abril. Adem\u00e1s, el Gobierno de Donald Trump ha destacado el excelente trabajo de la mandataria en la frontera, as\u00ed como la buena relaci\u00f3n del Gobierno de nuestro pa\u00eds con el estadounidense, puntualiz\u00f3.<\/p>\n<p>Estuvieron presentes el titular de la SEGEY, Juan Balam V\u00e1rguez; el director del Instituto Tecnol\u00f3gico de M\u00e9rida, Jos\u00e9 Antonio Canto Esquivel; la diputada federal Roc\u00edo Barrera Puc; as\u00ed como las diputadas locales Estefan\u00eda Baeza Mart\u00ednez y Maribel Chuc Ayala.<\/p>\n","protected":false},"excerpt":{"rendered":"<p>Participan en los  Foros Regionales para la ley: Yucat\u00e1n, Campeche, Chiapas, Oaxaca, Quintana Roo, Tabasco y Veracruz.<\/p>\n","protected":false},"author":6,"featured_media":119981,"comment_status":"open","ping_status":"closed","sticky":false,"template":"","format":"standard","meta":{"footnotes":""},"categories":[17],"tags":[],"class_list":["post-119980","post","type-post","status-publish","format-standard","has-post-thumbnail","hentry","category-yucatan"],"yoast_head":"<!-- This site is optimized with the Yoast SEO plugin v28.4 - https:\/\/yoast.com\/product\/yoast-seo-wordpress\/ -->\n<title>Foros para Ley de Educaci\u00f3n Media Superior en Yucat\u00e1n<\/title>\n<meta name=\"description\" content=\"Participan en los Foros Regionales para la ley: Yucat\u00e1n, Campeche, Chiapas, Oaxaca, Quintana Roo, Tabasco y Veracruz.\" \/>\n<meta name=\"robots\" content=\"index, follow, max-snippet:-1, max-image-preview:large, max-video-preview:-1\" \/>\n<link rel=\"canonical\" href=\"https:\/\/reporteroshoy.mx\/noticias\/foros-para-ley-de-educacion-media-superior-en-yucatan\/\" \/>\n<meta property=\"og:locale\" content=\"es_ES\" \/>\n<meta property=\"og:type\" content=\"article\" \/>\n<meta property=\"og:title\" content=\"Foros para Ley de Educaci\u00f3n Media Superior en Yucat\u00e1n\" \/>\n<meta property=\"og:description\" content=\"Participan en los Foros Regionales para la ley: Yucat\u00e1n, Campeche, Chiapas, Oaxaca, Quintana Roo, Tabasco y Veracruz.\" \/>\n<meta property=\"og:url\" content=\"https:\/\/reporteroshoy.mx\/noticias\/foros-para-ley-de-educacion-media-superior-en-yucatan\/\" \/>\n<meta property=\"og:site_name\" content=\"Reporteros Hoy | Noticias de Yucat\u00e1n\" \/>\n<meta property=\"article:publisher\" content=\"http:\/\/www.facebook.com\/reporteroshoymx\" \/>\n<meta property=\"article:published_time\" content=\"2025-03-07T01:00:19+00:00\" \/>\n<meta property=\"og:image\" content=\"https:\/\/reporteroshoy.mx\/noticias\/wp-content\/uploads\/2025\/03\/WhatsApp-Image-2025-03-06-at-18.40.45-scaled.jpeg\" \/>\n\t<meta property=\"og:image:width\" content=\"768\" \/>\n\t<meta property=\"og:image:height\" content=\"512\" \/>\n\t<meta property=\"og:image:type\" content=\"image\/jpeg\" \/>\n<meta name=\"author\" content=\"Reporteros Hoy GS\" \/>\n<meta name=\"twitter:card\" content=\"summary_large_image\" \/>\n<meta name=\"twitter:creator\" content=\"@reporteroshoy\" \/>\n<meta name=\"twitter:site\" content=\"@reporteroshoy\" \/>\n<meta name=\"twitter:label1\" content=\"Escrito por\" \/>\n\t<meta name=\"twitter:data1\" content=\"Reporteros Hoy GS\" \/>\n\t<meta name=\"twitter:label2\" content=\"Tiempo de lectura\" \/>\n\t<meta name=\"twitter:data2\" content=\"4 minutos\" \/>\n<script type=\"application\/ld+json\" class=\"yoast-schema-graph\">{\"@context\":\"https:\\\/\\\/schema.org\",\"@graph\":[{\"@type\":\"Article\",\"@id\":\"https:\\\/\\\/reporteroshoy.mx\\\/noticias\\\/foros-para-ley-de-educacion-media-superior-en-yucatan\\\/#article\",\"isPartOf\":{\"@id\":\"https:\\\/\\\/reporteroshoy.mx\\\/noticias\\\/foros-para-ley-de-educacion-media-superior-en-yucatan\\\/\"},\"author\":{\"name\":\"Reporteros Hoy GS\",\"@id\":\"https:\\\/\\\/reporteroshoy.mx\\\/noticias\\\/#\\\/schema\\\/person\\\/49ae631fc906b44554e4ba3866c505d7\"},\"headline\":\"Foros para Ley de Educaci\u00f3n Media Superior en Yucat\u00e1n\",\"datePublished\":\"2025-03-07T01:00:19+00:00\",\"mainEntityOfPage\":{\"@id\":\"https:\\\/\\\/reporteroshoy.mx\\\/noticias\\\/foros-para-ley-de-educacion-media-superior-en-yucatan\\\/\"},\"wordCount\":813,\"commentCount\":0,\"image\":{\"@id\":\"https:\\\/\\\/reporteroshoy.mx\\\/noticias\\\/foros-para-ley-de-educacion-media-superior-en-yucatan\\\/#primaryimage\"},\"thumbnailUrl\":\"https:\\\/\\\/reporteroshoy.mx\\\/noticias\\\/wp-content\\\/uploads\\\/2025\\\/03\\\/WhatsApp-Image-2025-03-06-at-18.40.45-scaled.jpeg\",\"articleSection\":[\"Yucat\u00e1n\"],\"inLanguage\":\"es\",\"potentialAction\":[{\"@type\":\"CommentAction\",\"name\":\"Comment\",\"target\":[\"https:\\\/\\\/reporteroshoy.mx\\\/noticias\\\/foros-para-ley-de-educacion-media-superior-en-yucatan\\\/#respond\"]}]},{\"@type\":\"WebPage\",\"@id\":\"https:\\\/\\\/reporteroshoy.mx\\\/noticias\\\/foros-para-ley-de-educacion-media-superior-en-yucatan\\\/\",\"url\":\"https:\\\/\\\/reporteroshoy.mx\\\/noticias\\\/foros-para-ley-de-educacion-media-superior-en-yucatan\\\/\",\"name\":\"Foros para Ley de Educaci\u00f3n Media Superior en Yucat\u00e1n\",\"isPartOf\":{\"@id\":\"https:\\\/\\\/reporteroshoy.mx\\\/noticias\\\/#website\"},\"primaryImageOfPage\":{\"@id\":\"https:\\\/\\\/reporteroshoy.mx\\\/noticias\\\/foros-para-ley-de-educacion-media-superior-en-yucatan\\\/#primaryimage\"},\"image\":{\"@id\":\"https:\\\/\\\/reporteroshoy.mx\\\/noticias\\\/foros-para-ley-de-educacion-media-superior-en-yucatan\\\/#primaryimage\"},\"thumbnailUrl\":\"https:\\\/\\\/reporteroshoy.mx\\\/noticias\\\/wp-content\\\/uploads\\\/2025\\\/03\\\/WhatsApp-Image-2025-03-06-at-18.40.45-scaled.jpeg\",\"datePublished\":\"2025-03-07T01:00:19+00:00\",\"author\":{\"@id\":\"https:\\\/\\\/reporteroshoy.mx\\\/noticias\\\/#\\\/schema\\\/person\\\/49ae631fc906b44554e4ba3866c505d7\"},\"description\":\"Participan en los Foros Regionales para la ley: Yucat\u00e1n, Campeche, Chiapas, Oaxaca, Quintana Roo, Tabasco y Veracruz.\",\"breadcrumb\":{\"@id\":\"https:\\\/\\\/reporteroshoy.mx\\\/noticias\\\/foros-para-ley-de-educacion-media-superior-en-yucatan\\\/#breadcrumb\"},\"inLanguage\":\"es\",\"potentialAction\":[{\"@type\":\"ReadAction\",\"target\":[\"https:\\\/\\\/reporteroshoy.mx\\\/noticias\\\/foros-para-ley-de-educacion-media-superior-en-yucatan\\\/\"]}]},{\"@type\":\"ImageObject\",\"inLanguage\":\"es\",\"@id\":\"https:\\\/\\\/reporteroshoy.mx\\\/noticias\\\/foros-para-ley-de-educacion-media-superior-en-yucatan\\\/#primaryimage\",\"url\":\"https:\\\/\\\/reporteroshoy.mx\\\/noticias\\\/wp-content\\\/uploads\\\/2025\\\/03\\\/WhatsApp-Image-2025-03-06-at-18.40.45-scaled.jpeg\",\"contentUrl\":\"https:\\\/\\\/reporteroshoy.mx\\\/noticias\\\/wp-content\\\/uploads\\\/2025\\\/03\\\/WhatsApp-Image-2025-03-06-at-18.40.45-scaled.jpeg\",\"width\":768,\"height\":512},{\"@type\":\"BreadcrumbList\",\"@id\":\"https:\\\/\\\/reporteroshoy.mx\\\/noticias\\\/foros-para-ley-de-educacion-media-superior-en-yucatan\\\/#breadcrumb\",\"itemListElement\":[{\"@type\":\"ListItem\",\"position\":1,\"name\":\"Portada\",\"item\":\"https:\\\/\\\/reporteroshoy.mx\\\/noticias\\\/\"},{\"@type\":\"ListItem\",\"position\":2,\"name\":\"Foros para Ley de Educaci\u00f3n Media Superior en Yucat\u00e1n\"}]},{\"@type\":\"WebSite\",\"@id\":\"https:\\\/\\\/reporteroshoy.mx\\\/noticias\\\/#website\",\"url\":\"https:\\\/\\\/reporteroshoy.mx\\\/noticias\\\/\",\"name\":\"Reporteros Hoy | Noticias de Yucat\u00e1n\",\"description\":\"Peri\u00f3dico digital con noticias diarias desde M\u00e9rida, Yucat\u00e1n para el mundo.\",\"potentialAction\":[{\"@type\":\"SearchAction\",\"target\":{\"@type\":\"EntryPoint\",\"urlTemplate\":\"https:\\\/\\\/reporteroshoy.mx\\\/noticias\\\/?s={search_term_string}\"},\"query-input\":{\"@type\":\"PropertyValueSpecification\",\"valueRequired\":true,\"valueName\":\"search_term_string\"}}],\"inLanguage\":\"es\"},{\"@type\":\"Person\",\"@id\":\"https:\\\/\\\/reporteroshoy.mx\\\/noticias\\\/#\\\/schema\\\/person\\\/49ae631fc906b44554e4ba3866c505d7\",\"name\":\"Reporteros Hoy GS\",\"image\":{\"@type\":\"ImageObject\",\"inLanguage\":\"es\",\"@id\":\"https:\\\/\\\/secure.gravatar.com\\\/avatar\\\/00d32adb620345c3db2cfc175917f65c584e1e338fdc49ad126aa1f9830eb6a9?s=96&d=mm&r=g\",\"url\":\"https:\\\/\\\/secure.gravatar.com\\\/avatar\\\/00d32adb620345c3db2cfc175917f65c584e1e338fdc49ad126aa1f9830eb6a9?s=96&d=mm&r=g\",\"contentUrl\":\"https:\\\/\\\/secure.gravatar.com\\\/avatar\\\/00d32adb620345c3db2cfc175917f65c584e1e338fdc49ad126aa1f9830eb6a9?s=96&d=mm&r=g\",\"caption\":\"Reporteros Hoy GS\"},\"url\":\"https:\\\/\\\/reporteroshoy.mx\\\/noticias\\\/author\\\/lupis\\\/\"}]}<\/script>\n<!-- \/ Yoast SEO plugin. -->","yoast_head_json":{"title":"Foros para Ley de Educaci\u00f3n Media Superior en Yucat\u00e1n","description":"Participan en los Foros Regionales para la ley: Yucat\u00e1n, Campeche, Chiapas, Oaxaca, Quintana Roo, Tabasco y Veracruz.","robots":{"index":"index","follow":"follow","max-snippet":"max-snippet:-1","max-image-preview":"max-image-preview:large","max-video-preview":"max-video-preview:-1"},"canonical":"https:\/\/reporteroshoy.mx\/noticias\/foros-para-ley-de-educacion-media-superior-en-yucatan\/","og_locale":"es_ES","og_type":"article","og_title":"Foros para Ley de Educaci\u00f3n Media Superior en Yucat\u00e1n","og_description":"Participan en los Foros Regionales para la ley: Yucat\u00e1n, Campeche, Chiapas, Oaxaca, Quintana Roo, Tabasco y Veracruz.","og_url":"https:\/\/reporteroshoy.mx\/noticias\/foros-para-ley-de-educacion-media-superior-en-yucatan\/","og_site_name":"Reporteros Hoy | Noticias de Yucat\u00e1n","article_publisher":"http:\/\/www.facebook.com\/reporteroshoymx","article_published_time":"2025-03-07T01:00:19+00:00","og_image":[{"width":768,"height":512,"url":"https:\/\/reporteroshoy.mx\/noticias\/wp-content\/uploads\/2025\/03\/WhatsApp-Image-2025-03-06-at-18.40.45-scaled.jpeg","type":"image\/jpeg"}],"author":"Reporteros Hoy GS","twitter_card":"summary_large_image","twitter_creator":"@reporteroshoy","twitter_site":"@reporteroshoy","twitter_misc":{"Escrito por":"Reporteros Hoy GS","Tiempo de lectura":"4 minutos"},"schema":{"@context":"https:\/\/schema.org","@graph":[{"@type":"Article","@id":"https:\/\/reporteroshoy.mx\/noticias\/foros-para-ley-de-educacion-media-superior-en-yucatan\/#article","isPartOf":{"@id":"https:\/\/reporteroshoy.mx\/noticias\/foros-para-ley-de-educacion-media-superior-en-yucatan\/"},"author":{"name":"Reporteros Hoy GS","@id":"https:\/\/reporteroshoy.mx\/noticias\/#\/schema\/person\/49ae631fc906b44554e4ba3866c505d7"},"headline":"Foros para Ley de Educaci\u00f3n Media Superior en Yucat\u00e1n","datePublished":"2025-03-07T01:00:19+00:00","mainEntityOfPage":{"@id":"https:\/\/reporteroshoy.mx\/noticias\/foros-para-ley-de-educacion-media-superior-en-yucatan\/"},"wordCount":813,"commentCount":0,"image":{"@id":"https:\/\/reporteroshoy.mx\/noticias\/foros-para-ley-de-educacion-media-superior-en-yucatan\/#primaryimage"},"thumbnailUrl":"https:\/\/reporteroshoy.mx\/noticias\/wp-content\/uploads\/2025\/03\/WhatsApp-Image-2025-03-06-at-18.40.45-scaled.jpeg","articleSection":["Yucat\u00e1n"],"inLanguage":"es","potentialAction":[{"@type":"CommentAction","name":"Comment","target":["https:\/\/reporteroshoy.mx\/noticias\/foros-para-ley-de-educacion-media-superior-en-yucatan\/#respond"]}]},{"@type":"WebPage","@id":"https:\/\/reporteroshoy.mx\/noticias\/foros-para-ley-de-educacion-media-superior-en-yucatan\/","url":"https:\/\/reporteroshoy.mx\/noticias\/foros-para-ley-de-educacion-media-superior-en-yucatan\/","name":"Foros para Ley de Educaci\u00f3n Media Superior en Yucat\u00e1n","isPartOf":{"@id":"https:\/\/reporteroshoy.mx\/noticias\/#website"},"primaryImageOfPage":{"@id":"https:\/\/reporteroshoy.mx\/noticias\/foros-para-ley-de-educacion-media-superior-en-yucatan\/#primaryimage"},"image":{"@id":"https:\/\/reporteroshoy.mx\/noticias\/foros-para-ley-de-educacion-media-superior-en-yucatan\/#primaryimage"},"thumbnailUrl":"https:\/\/reporteroshoy.mx\/noticias\/wp-content\/uploads\/2025\/03\/WhatsApp-Image-2025-03-06-at-18.40.45-scaled.jpeg","datePublished":"2025-03-07T01:00:19+00:00","author":{"@id":"https:\/\/reporteroshoy.mx\/noticias\/#\/schema\/person\/49ae631fc906b44554e4ba3866c505d7"},"description":"Participan en los Foros Regionales para la ley: Yucat\u00e1n, Campeche, Chiapas, Oaxaca, Quintana Roo, Tabasco y Veracruz.","breadcrumb":{"@id":"https:\/\/reporteroshoy.mx\/noticias\/foros-para-ley-de-educacion-media-superior-en-yucatan\/#breadcrumb"},"inLanguage":"es","potentialAction":[{"@type":"ReadAction","target":["https:\/\/reporteroshoy.mx\/noticias\/foros-para-ley-de-educacion-media-superior-en-yucatan\/"]}]},{"@type":"ImageObject","inLanguage":"es","@id":"https:\/\/reporteroshoy.mx\/noticias\/foros-para-ley-de-educacion-media-superior-en-yucatan\/#primaryimage","url":"https:\/\/reporteroshoy.mx\/noticias\/wp-content\/uploads\/2025\/03\/WhatsApp-Image-2025-03-06-at-18.40.45-scaled.jpeg","contentUrl":"https:\/\/reporteroshoy.mx\/noticias\/wp-content\/uploads\/2025\/03\/WhatsApp-Image-2025-03-06-at-18.40.45-scaled.jpeg","width":768,"height":512},{"@type":"BreadcrumbList","@id":"https:\/\/reporteroshoy.mx\/noticias\/foros-para-ley-de-educacion-media-superior-en-yucatan\/#breadcrumb","itemListElement":[{"@type":"ListItem","position":1,"name":"Portada","item":"https:\/\/reporteroshoy.mx\/noticias\/"},{"@type":"ListItem","position":2,"name":"Foros para Ley de Educaci\u00f3n Media Superior en Yucat\u00e1n"}]},{"@type":"WebSite","@id":"https:\/\/reporteroshoy.mx\/noticias\/#website","url":"https:\/\/reporteroshoy.mx\/noticias\/","name":"Reporteros Hoy | Noticias de Yucat\u00e1n","description":"Peri\u00f3dico digital con noticias diarias desde M\u00e9rida, Yucat\u00e1n para el mundo.","potentialAction":[{"@type":"SearchAction","target":{"@type":"EntryPoint","urlTemplate":"https:\/\/reporteroshoy.mx\/noticias\/?s={search_term_string}"},"query-input":{"@type":"PropertyValueSpecification","valueRequired":true,"valueName":"search_term_string"}}],"inLanguage":"es"},{"@type":"Person","@id":"https:\/\/reporteroshoy.mx\/noticias\/#\/schema\/person\/49ae631fc906b44554e4ba3866c505d7","name":"Reporteros Hoy GS","image":{"@type":"ImageObject","inLanguage":"es","@id":"https:\/\/secure.gravatar.com\/avatar\/00d32adb620345c3db2cfc175917f65c584e1e338fdc49ad126aa1f9830eb6a9?s=96&d=mm&r=g","url":"https:\/\/secure.gravatar.com\/avatar\/00d32adb620345c3db2cfc175917f65c584e1e338fdc49ad126aa1f9830eb6a9?s=96&d=mm&r=g","contentUrl":"https:\/\/secure.gravatar.com\/avatar\/00d32adb620345c3db2cfc175917f65c584e1e338fdc49ad126aa1f9830eb6a9?s=96&d=mm&r=g","caption":"Reporteros Hoy GS"},"url":"https:\/\/reporteroshoy.mx\/noticias\/author\/lupis\/"}]}},"_links":{"self":[{"href":"https:\/\/reporteroshoy.mx\/noticias\/wp-json\/wp\/v2\/posts\/119980","targetHints":{"allow":["GET"]}}],"collection":[{"href":"https:\/\/reporteroshoy.mx\/noticias\/wp-json\/wp\/v2\/posts"}],"about":[{"href":"https:\/\/reporteroshoy.mx\/noticias\/wp-json\/wp\/v2\/types\/post"}],"author":[{"embeddable":true,"href":"https:\/\/reporteroshoy.mx\/noticias\/wp-json\/wp\/v2\/users\/6"}],"replies":[{"embeddable":true,"href":"https:\/\/reporteroshoy.mx\/noticias\/wp-json\/wp\/v2\/comments?post=119980"}],"version-history":[{"count":0,"href":"https:\/\/reporteroshoy.mx\/noticias\/wp-json\/wp\/v2\/posts\/119980\/revisions"}],"wp:featuredmedia":[{"embeddable":true,"href":"https:\/\/reporteroshoy.mx\/noticias\/wp-json\/wp\/v2\/media\/119981"}],"wp:attachment":[{"href":"https:\/\/reporteroshoy.mx\/noticias\/wp-json\/wp\/v2\/media?parent=119980"}],"wp:term":[{"taxonomy":"category","embeddable":true,"href":"https:\/\/reporteroshoy.mx\/noticias\/wp-json\/wp\/v2\/categories?post=119980"},{"taxonomy":"post_tag","embeddable":true,"href":"https:\/\/reporteroshoy.mx\/noticias\/wp-json\/wp\/v2\/tags?post=119980"}],"curies":[{"name":"wp","href":"https:\/\/api.w.org\/{rel}","templated":true}]}}