{"id":120005,"date":"2025-03-07T14:30:47","date_gmt":"2025-03-07T20:30:47","guid":{"rendered":"https:\/\/reporteroshoy.mx\/noticias\/?p=120005"},"modified":"2025-03-07T14:30:47","modified_gmt":"2025-03-07T20:30:47","slug":"docentes-de-yucatan-se-suman-a-paro-nacional","status":"publish","type":"post","link":"https:\/\/reporteroshoy.mx\/noticias\/docentes-de-yucatan-se-suman-a-paro-nacional\/","title":{"rendered":"Docentes de Yucat\u00e1n se suman a paro nacional"},"content":{"rendered":"<p style=\"text-align: justify;\">Docentes de Yucat\u00e1n se unieron a un paro nacional de labores para manifestar su descontento en contra de la reforma a la Ley del <strong><span style=\"color: #0000ff;\"><a style=\"color: #0000ff;\" href=\"https:\/\/www.gob.mx\/issste\">ISSSTE<\/a><\/span><\/strong>.<\/p>\n<p style=\"text-align: justify;\">Varias escuelas del estado anunciaron con anterioridad que no habr\u00eda labores, mientras que, en otras, los alumnos acudieron, pero luego fueron retirados.<\/p>\n<p style=\"text-align: justify;\">En todos los casos, los profesores y personal administrativo se presentaron a su centro de trabajo, aunque no realizaron ninguna labor, adem\u00e1s de que colocaron mantas en las que daban cuenta de la protesta.<\/p>\n<p><img loading=\"lazy\" decoding=\"async\" class=\"wp-image-120006 aligncenter\" src=\"https:\/\/reporteroshoy.mx\/noticias\/wp-content\/uploads\/2025\/03\/Paro-docentes-scaled.jpg\" alt=\"\" width=\"598\" height=\"337\" \/><\/p>\n<p style=\"text-align: justify;\">Cabe recordar que, dentro de las peticiones magisteriales, se encuentra la modificaci\u00f3n de que la reforma 2025, de modo que esta incluya la abrogaci\u00f3n de la ley 1997, desaparici\u00f3n de afores, as\u00ed como derecho a la jubilaci\u00f3n de los trabajadores a los 28 a\u00f1os para mujeres y 30 a\u00f1os para los hombres.<\/p>\n<p style=\"text-align: justify;\">De igual manera, se solicit\u00f3 la cancelaci\u00f3n de las Unidades de Medida y Actualizaci\u00f3n para tasar las pensiones, pues se aleg\u00f3 que el magisterio no tiene una jubilaci\u00f3n digna, en cuanto a acceso a medicamentos y tratos de salud.<\/p>\n<p><em><strong>Te interesa:\u00a0<a href=\"https:\/\/reporteroshoy.mx\/noticias\/foros-para-ley-de-educacion-media-superior-en-yucatan\/\">Foros para Ley de Educaci\u00f3n Media Superior en Yucat\u00e1n<\/a><\/strong><\/em><\/p>\n<p style=\"text-align: justify;\">Se inform\u00f3 que, inicialmente, unas 45 escuelas de los municipios de M\u00e9rida, Valladolid, Tekax, Motul, Kanas\u00edn, Panab\u00e1, Oxkutzcab, entre otros, se unieron a este paro, aunque la cifra podr\u00eda ser mayor, pues varias se unieron por su voluntad al movimiento.<\/p>\n<p style=\"text-align: justify;\">Sin embargo, los docentes en protesta afirmaron que a\u00fan se analiza si la protesta se mantendr\u00e1 permanente, por lo que no habr\u00eda clases la pr\u00f3xima semana, de continuar.<\/p>\n<p><strong>ACOM<\/strong><\/p>\n","protected":false},"excerpt":{"rendered":"<p> Profesores yucatecos suspendieron labores en protesta contra la reforma del ISSSTE, exigiendo mejores condiciones de jubilaci\u00f3n y pensiones dignas.<\/p>\n","protected":false},"author":9,"featured_media":120006,"comment_status":"open","ping_status":"closed","sticky":false,"template":"","format":"standard","meta":{"footnotes":""},"categories":[17],"tags":[13461,1804,9600],"class_list":["post-120005","post","type-post","status-publish","format-standard","has-post-thumbnail","hentry","category-yucatan","tag-docentes","tag-issste","tag-paro"],"yoast_head":"<!-- This site is optimized with the Yoast SEO plugin v28.4 - https:\/\/yoast.com\/product\/yoast-seo-wordpress\/ -->\n<title>Docentes de Yucat\u00e1n se suman a paro nacional<\/title>\n<meta name=\"description\" content=\"Profesores yucatecos suspendieron labores en protesta contra la reforma del ISSSTE, exigiendo mejores condiciones de jubilaci\u00f3n y pensiones dignas.\" \/>\n<meta name=\"robots\" content=\"index, follow, max-snippet:-1, max-image-preview:large, max-video-preview:-1\" \/>\n<link rel=\"canonical\" href=\"https:\/\/reporteroshoy.mx\/noticias\/docentes-de-yucatan-se-suman-a-paro-nacional\/\" \/>\n<meta property=\"og:locale\" content=\"es_ES\" \/>\n<meta property=\"og:type\" content=\"article\" \/>\n<meta property=\"og:title\" content=\"Docentes de Yucat\u00e1n se suman a paro nacional\" \/>\n<meta property=\"og:description\" content=\"Profesores yucatecos suspendieron labores en protesta contra la reforma del ISSSTE, exigiendo mejores condiciones de jubilaci\u00f3n y pensiones dignas.\" \/>\n<meta property=\"og:url\" content=\"https:\/\/reporteroshoy.mx\/noticias\/docentes-de-yucatan-se-suman-a-paro-nacional\/\" \/>\n<meta property=\"og:site_name\" content=\"Reporteros Hoy | Noticias de Yucat\u00e1n\" \/>\n<meta property=\"article:publisher\" content=\"http:\/\/www.facebook.com\/reporteroshoymx\" \/>\n<meta property=\"article:published_time\" content=\"2025-03-07T20:30:47+00:00\" \/>\n<meta property=\"og:image\" content=\"https:\/\/reporteroshoy.mx\/noticias\/wp-content\/uploads\/2025\/03\/Paro-docentes-scaled.jpg\" \/>\n\t<meta property=\"og:image:width\" content=\"768\" \/>\n\t<meta property=\"og:image:height\" content=\"432\" \/>\n\t<meta property=\"og:image:type\" content=\"image\/jpeg\" \/>\n<meta name=\"author\" content=\"Reporteros Hoy WP\" \/>\n<meta name=\"twitter:card\" content=\"summary_large_image\" \/>\n<meta name=\"twitter:creator\" content=\"@reporteroshoy\" \/>\n<meta name=\"twitter:site\" content=\"@reporteroshoy\" \/>\n<meta name=\"twitter:label1\" content=\"Escrito por\" \/>\n\t<meta name=\"twitter:data1\" content=\"Reporteros Hoy WP\" \/>\n\t<meta name=\"twitter:label2\" content=\"Tiempo de lectura\" \/>\n\t<meta name=\"twitter:data2\" content=\"2 minutos\" \/>\n<script type=\"application\/ld+json\" class=\"yoast-schema-graph\">{\"@context\":\"https:\\\/\\\/schema.org\",\"@graph\":[{\"@type\":\"Article\",\"@id\":\"https:\\\/\\\/reporteroshoy.mx\\\/noticias\\\/docentes-de-yucatan-se-suman-a-paro-nacional\\\/#article\",\"isPartOf\":{\"@id\":\"https:\\\/\\\/reporteroshoy.mx\\\/noticias\\\/docentes-de-yucatan-se-suman-a-paro-nacional\\\/\"},\"author\":{\"name\":\"Reporteros Hoy WP\",\"@id\":\"https:\\\/\\\/reporteroshoy.mx\\\/noticias\\\/#\\\/schema\\\/person\\\/c977527e57c958a62c5cefe8fe47876e\"},\"headline\":\"Docentes de Yucat\u00e1n se suman a paro nacional\",\"datePublished\":\"2025-03-07T20:30:47+00:00\",\"mainEntityOfPage\":{\"@id\":\"https:\\\/\\\/reporteroshoy.mx\\\/noticias\\\/docentes-de-yucatan-se-suman-a-paro-nacional\\\/\"},\"wordCount\":276,\"commentCount\":0,\"image\":{\"@id\":\"https:\\\/\\\/reporteroshoy.mx\\\/noticias\\\/docentes-de-yucatan-se-suman-a-paro-nacional\\\/#primaryimage\"},\"thumbnailUrl\":\"https:\\\/\\\/reporteroshoy.mx\\\/noticias\\\/wp-content\\\/uploads\\\/2025\\\/03\\\/Paro-docentes-scaled.jpg\",\"keywords\":[\"Docentes\",\"Issste\",\"Paro\"],\"articleSection\":[\"Yucat\u00e1n\"],\"inLanguage\":\"es\",\"potentialAction\":[{\"@type\":\"CommentAction\",\"name\":\"Comment\",\"target\":[\"https:\\\/\\\/reporteroshoy.mx\\\/noticias\\\/docentes-de-yucatan-se-suman-a-paro-nacional\\\/#respond\"]}]},{\"@type\":\"WebPage\",\"@id\":\"https:\\\/\\\/reporteroshoy.mx\\\/noticias\\\/docentes-de-yucatan-se-suman-a-paro-nacional\\\/\",\"url\":\"https:\\\/\\\/reporteroshoy.mx\\\/noticias\\\/docentes-de-yucatan-se-suman-a-paro-nacional\\\/\",\"name\":\"Docentes de Yucat\u00e1n se suman a paro nacional\",\"isPartOf\":{\"@id\":\"https:\\\/\\\/reporteroshoy.mx\\\/noticias\\\/#website\"},\"primaryImageOfPage\":{\"@id\":\"https:\\\/\\\/reporteroshoy.mx\\\/noticias\\\/docentes-de-yucatan-se-suman-a-paro-nacional\\\/#primaryimage\"},\"image\":{\"@id\":\"https:\\\/\\\/reporteroshoy.mx\\\/noticias\\\/docentes-de-yucatan-se-suman-a-paro-nacional\\\/#primaryimage\"},\"thumbnailUrl\":\"https:\\\/\\\/reporteroshoy.mx\\\/noticias\\\/wp-content\\\/uploads\\\/2025\\\/03\\\/Paro-docentes-scaled.jpg\",\"datePublished\":\"2025-03-07T20:30:47+00:00\",\"author\":{\"@id\":\"https:\\\/\\\/reporteroshoy.mx\\\/noticias\\\/#\\\/schema\\\/person\\\/c977527e57c958a62c5cefe8fe47876e\"},\"description\":\"Profesores yucatecos suspendieron labores en protesta contra la reforma del ISSSTE, exigiendo mejores condiciones de jubilaci\u00f3n y pensiones dignas.\",\"breadcrumb\":{\"@id\":\"https:\\\/\\\/reporteroshoy.mx\\\/noticias\\\/docentes-de-yucatan-se-suman-a-paro-nacional\\\/#breadcrumb\"},\"inLanguage\":\"es\",\"potentialAction\":[{\"@type\":\"ReadAction\",\"target\":[\"https:\\\/\\\/reporteroshoy.mx\\\/noticias\\\/docentes-de-yucatan-se-suman-a-paro-nacional\\\/\"]}]},{\"@type\":\"ImageObject\",\"inLanguage\":\"es\",\"@id\":\"https:\\\/\\\/reporteroshoy.mx\\\/noticias\\\/docentes-de-yucatan-se-suman-a-paro-nacional\\\/#primaryimage\",\"url\":\"https:\\\/\\\/reporteroshoy.mx\\\/noticias\\\/wp-content\\\/uploads\\\/2025\\\/03\\\/Paro-docentes-scaled.jpg\",\"contentUrl\":\"https:\\\/\\\/reporteroshoy.mx\\\/noticias\\\/wp-content\\\/uploads\\\/2025\\\/03\\\/Paro-docentes-scaled.jpg\",\"width\":768,\"height\":432,\"caption\":\"Docentes de Yucat\u00e1n se suman a paro nacional\"},{\"@type\":\"BreadcrumbList\",\"@id\":\"https:\\\/\\\/reporteroshoy.mx\\\/noticias\\\/docentes-de-yucatan-se-suman-a-paro-nacional\\\/#breadcrumb\",\"itemListElement\":[{\"@type\":\"ListItem\",\"position\":1,\"name\":\"Portada\",\"item\":\"https:\\\/\\\/reporteroshoy.mx\\\/noticias\\\/\"},{\"@type\":\"ListItem\",\"position\":2,\"name\":\"Docentes de Yucat\u00e1n se suman a paro nacional\"}]},{\"@type\":\"WebSite\",\"@id\":\"https:\\\/\\\/reporteroshoy.mx\\\/noticias\\\/#website\",\"url\":\"https:\\\/\\\/reporteroshoy.mx\\\/noticias\\\/\",\"name\":\"Reporteros Hoy | Noticias de Yucat\u00e1n\",\"description\":\"Peri\u00f3dico digital con noticias diarias desde M\u00e9rida, Yucat\u00e1n para el mundo.\",\"potentialAction\":[{\"@type\":\"SearchAction\",\"target\":{\"@type\":\"EntryPoint\",\"urlTemplate\":\"https:\\\/\\\/reporteroshoy.mx\\\/noticias\\\/?s={search_term_string}\"},\"query-input\":{\"@type\":\"PropertyValueSpecification\",\"valueRequired\":true,\"valueName\":\"search_term_string\"}}],\"inLanguage\":\"es\"},{\"@type\":\"Person\",\"@id\":\"https:\\\/\\\/reporteroshoy.mx\\\/noticias\\\/#\\\/schema\\\/person\\\/c977527e57c958a62c5cefe8fe47876e\",\"name\":\"Reporteros Hoy WP\",\"image\":{\"@type\":\"ImageObject\",\"inLanguage\":\"es\",\"@id\":\"https:\\\/\\\/secure.gravatar.com\\\/avatar\\\/fd2917f79a7dae30f8ac9ddc2f35e1756bb59e25e01d1cd09deaa64df7b2f73e?s=96&d=mm&r=g\",\"url\":\"https:\\\/\\\/secure.gravatar.com\\\/avatar\\\/fd2917f79a7dae30f8ac9ddc2f35e1756bb59e25e01d1cd09deaa64df7b2f73e?s=96&d=mm&r=g\",\"contentUrl\":\"https:\\\/\\\/secure.gravatar.com\\\/avatar\\\/fd2917f79a7dae30f8ac9ddc2f35e1756bb59e25e01d1cd09deaa64df7b2f73e?s=96&d=mm&r=g\",\"caption\":\"Reporteros Hoy WP\"},\"url\":\"https:\\\/\\\/reporteroshoy.mx\\\/noticias\\\/author\\\/walfer\\\/\"}]}<\/script>\n<!-- \/ Yoast SEO plugin. -->","yoast_head_json":{"title":"Docentes de Yucat\u00e1n se suman a paro nacional","description":"Profesores yucatecos suspendieron labores en protesta contra la reforma del ISSSTE, exigiendo mejores condiciones de jubilaci\u00f3n y pensiones dignas.","robots":{"index":"index","follow":"follow","max-snippet":"max-snippet:-1","max-image-preview":"max-image-preview:large","max-video-preview":"max-video-preview:-1"},"canonical":"https:\/\/reporteroshoy.mx\/noticias\/docentes-de-yucatan-se-suman-a-paro-nacional\/","og_locale":"es_ES","og_type":"article","og_title":"Docentes de Yucat\u00e1n se suman a paro nacional","og_description":"Profesores yucatecos suspendieron labores en protesta contra la reforma del ISSSTE, exigiendo mejores condiciones de jubilaci\u00f3n y pensiones dignas.","og_url":"https:\/\/reporteroshoy.mx\/noticias\/docentes-de-yucatan-se-suman-a-paro-nacional\/","og_site_name":"Reporteros Hoy | Noticias de Yucat\u00e1n","article_publisher":"http:\/\/www.facebook.com\/reporteroshoymx","article_published_time":"2025-03-07T20:30:47+00:00","og_image":[{"width":768,"height":432,"url":"https:\/\/reporteroshoy.mx\/noticias\/wp-content\/uploads\/2025\/03\/Paro-docentes-scaled.jpg","type":"image\/jpeg"}],"author":"Reporteros Hoy WP","twitter_card":"summary_large_image","twitter_creator":"@reporteroshoy","twitter_site":"@reporteroshoy","twitter_misc":{"Escrito por":"Reporteros Hoy WP","Tiempo de lectura":"2 minutos"},"schema":{"@context":"https:\/\/schema.org","@graph":[{"@type":"Article","@id":"https:\/\/reporteroshoy.mx\/noticias\/docentes-de-yucatan-se-suman-a-paro-nacional\/#article","isPartOf":{"@id":"https:\/\/reporteroshoy.mx\/noticias\/docentes-de-yucatan-se-suman-a-paro-nacional\/"},"author":{"name":"Reporteros Hoy WP","@id":"https:\/\/reporteroshoy.mx\/noticias\/#\/schema\/person\/c977527e57c958a62c5cefe8fe47876e"},"headline":"Docentes de Yucat\u00e1n se suman a paro nacional","datePublished":"2025-03-07T20:30:47+00:00","mainEntityOfPage":{"@id":"https:\/\/reporteroshoy.mx\/noticias\/docentes-de-yucatan-se-suman-a-paro-nacional\/"},"wordCount":276,"commentCount":0,"image":{"@id":"https:\/\/reporteroshoy.mx\/noticias\/docentes-de-yucatan-se-suman-a-paro-nacional\/#primaryimage"},"thumbnailUrl":"https:\/\/reporteroshoy.mx\/noticias\/wp-content\/uploads\/2025\/03\/Paro-docentes-scaled.jpg","keywords":["Docentes","Issste","Paro"],"articleSection":["Yucat\u00e1n"],"inLanguage":"es","potentialAction":[{"@type":"CommentAction","name":"Comment","target":["https:\/\/reporteroshoy.mx\/noticias\/docentes-de-yucatan-se-suman-a-paro-nacional\/#respond"]}]},{"@type":"WebPage","@id":"https:\/\/reporteroshoy.mx\/noticias\/docentes-de-yucatan-se-suman-a-paro-nacional\/","url":"https:\/\/reporteroshoy.mx\/noticias\/docentes-de-yucatan-se-suman-a-paro-nacional\/","name":"Docentes de Yucat\u00e1n se suman a paro nacional","isPartOf":{"@id":"https:\/\/reporteroshoy.mx\/noticias\/#website"},"primaryImageOfPage":{"@id":"https:\/\/reporteroshoy.mx\/noticias\/docentes-de-yucatan-se-suman-a-paro-nacional\/#primaryimage"},"image":{"@id":"https:\/\/reporteroshoy.mx\/noticias\/docentes-de-yucatan-se-suman-a-paro-nacional\/#primaryimage"},"thumbnailUrl":"https:\/\/reporteroshoy.mx\/noticias\/wp-content\/uploads\/2025\/03\/Paro-docentes-scaled.jpg","datePublished":"2025-03-07T20:30:47+00:00","author":{"@id":"https:\/\/reporteroshoy.mx\/noticias\/#\/schema\/person\/c977527e57c958a62c5cefe8fe47876e"},"description":"Profesores yucatecos suspendieron labores en protesta contra la reforma del ISSSTE, exigiendo mejores condiciones de jubilaci\u00f3n y pensiones dignas.","breadcrumb":{"@id":"https:\/\/reporteroshoy.mx\/noticias\/docentes-de-yucatan-se-suman-a-paro-nacional\/#breadcrumb"},"inLanguage":"es","potentialAction":[{"@type":"ReadAction","target":["https:\/\/reporteroshoy.mx\/noticias\/docentes-de-yucatan-se-suman-a-paro-nacional\/"]}]},{"@type":"ImageObject","inLanguage":"es","@id":"https:\/\/reporteroshoy.mx\/noticias\/docentes-de-yucatan-se-suman-a-paro-nacional\/#primaryimage","url":"https:\/\/reporteroshoy.mx\/noticias\/wp-content\/uploads\/2025\/03\/Paro-docentes-scaled.jpg","contentUrl":"https:\/\/reporteroshoy.mx\/noticias\/wp-content\/uploads\/2025\/03\/Paro-docentes-scaled.jpg","width":768,"height":432,"caption":"Docentes de Yucat\u00e1n se suman a paro nacional"},{"@type":"BreadcrumbList","@id":"https:\/\/reporteroshoy.mx\/noticias\/docentes-de-yucatan-se-suman-a-paro-nacional\/#breadcrumb","itemListElement":[{"@type":"ListItem","position":1,"name":"Portada","item":"https:\/\/reporteroshoy.mx\/noticias\/"},{"@type":"ListItem","position":2,"name":"Docentes de Yucat\u00e1n se suman a paro nacional"}]},{"@type":"WebSite","@id":"https:\/\/reporteroshoy.mx\/noticias\/#website","url":"https:\/\/reporteroshoy.mx\/noticias\/","name":"Reporteros Hoy | Noticias de Yucat\u00e1n","description":"Peri\u00f3dico digital con noticias diarias desde M\u00e9rida, Yucat\u00e1n para el mundo.","potentialAction":[{"@type":"SearchAction","target":{"@type":"EntryPoint","urlTemplate":"https:\/\/reporteroshoy.mx\/noticias\/?s={search_term_string}"},"query-input":{"@type":"PropertyValueSpecification","valueRequired":true,"valueName":"search_term_string"}}],"inLanguage":"es"},{"@type":"Person","@id":"https:\/\/reporteroshoy.mx\/noticias\/#\/schema\/person\/c977527e57c958a62c5cefe8fe47876e","name":"Reporteros Hoy WP","image":{"@type":"ImageObject","inLanguage":"es","@id":"https:\/\/secure.gravatar.com\/avatar\/fd2917f79a7dae30f8ac9ddc2f35e1756bb59e25e01d1cd09deaa64df7b2f73e?s=96&d=mm&r=g","url":"https:\/\/secure.gravatar.com\/avatar\/fd2917f79a7dae30f8ac9ddc2f35e1756bb59e25e01d1cd09deaa64df7b2f73e?s=96&d=mm&r=g","contentUrl":"https:\/\/secure.gravatar.com\/avatar\/fd2917f79a7dae30f8ac9ddc2f35e1756bb59e25e01d1cd09deaa64df7b2f73e?s=96&d=mm&r=g","caption":"Reporteros Hoy WP"},"url":"https:\/\/reporteroshoy.mx\/noticias\/author\/walfer\/"}]}},"_links":{"self":[{"href":"https:\/\/reporteroshoy.mx\/noticias\/wp-json\/wp\/v2\/posts\/120005","targetHints":{"allow":["GET"]}}],"collection":[{"href":"https:\/\/reporteroshoy.mx\/noticias\/wp-json\/wp\/v2\/posts"}],"about":[{"href":"https:\/\/reporteroshoy.mx\/noticias\/wp-json\/wp\/v2\/types\/post"}],"author":[{"embeddable":true,"href":"https:\/\/reporteroshoy.mx\/noticias\/wp-json\/wp\/v2\/users\/9"}],"replies":[{"embeddable":true,"href":"https:\/\/reporteroshoy.mx\/noticias\/wp-json\/wp\/v2\/comments?post=120005"}],"version-history":[{"count":0,"href":"https:\/\/reporteroshoy.mx\/noticias\/wp-json\/wp\/v2\/posts\/120005\/revisions"}],"wp:featuredmedia":[{"embeddable":true,"href":"https:\/\/reporteroshoy.mx\/noticias\/wp-json\/wp\/v2\/media\/120006"}],"wp:attachment":[{"href":"https:\/\/reporteroshoy.mx\/noticias\/wp-json\/wp\/v2\/media?parent=120005"}],"wp:term":[{"taxonomy":"category","embeddable":true,"href":"https:\/\/reporteroshoy.mx\/noticias\/wp-json\/wp\/v2\/categories?post=120005"},{"taxonomy":"post_tag","embeddable":true,"href":"https:\/\/reporteroshoy.mx\/noticias\/wp-json\/wp\/v2\/tags?post=120005"}],"curies":[{"name":"wp","href":"https:\/\/api.w.org\/{rel}","templated":true}]}}