{"id":120869,"date":"2025-04-11T18:31:35","date_gmt":"2025-04-12T00:31:35","guid":{"rendered":"https:\/\/reporteroshoy.mx\/noticias\/?p=120869"},"modified":"2025-04-11T18:31:35","modified_gmt":"2025-04-12T00:31:35","slug":"diputado-pide-mejorar-paraderos-ante-el-calor-extremo-en-yucatan","status":"publish","type":"post","link":"https:\/\/reporteroshoy.mx\/noticias\/diputado-pide-mejorar-paraderos-ante-el-calor-extremo-en-yucatan\/","title":{"rendered":"Diputado pide mejorar paraderos ante el calor extremo en Yucat\u00e1n"},"content":{"rendered":"<p class=\"\" style=\"text-align: justify;\" data-start=\"167\" data-end=\"488\">Con el objetivo de brindar condiciones m\u00e1s dignas a los usuarios del transporte p\u00fablico, el representante ciudadano <span style=\"text-decoration: underline; color: #0000ff;\"><strong><a style=\"color: #0000ff; text-decoration: underline;\" href=\"https:\/\/www.facebook.com\/JavierOsanteSolis\">Javier Osante Sol\u00eds<\/a><\/strong><\/span> solicit\u00f3 la adecuaci\u00f3n de los paraderos para hacer m\u00e1s amable la espera, especialmente ante las altas temperaturas que se registran en la entidad.<\/p>\n<p class=\"\" style=\"text-align: justify;\" data-start=\"490\" data-end=\"890\">Durante su intervenci\u00f3n, Osante Sol\u00eds destac\u00f3 las dificultades que enfrentan diariamente los usuarios, particularmente personas mayores, ni\u00f1os y mujeres embarazadas, quienes deben esperar bajo el sol sin sombra ni un espacio adecuado para resguardarse. \u00abEstar a medio d\u00eda a casi 40 grados, sin sombra, sin un lugar digno donde resguardarse, muchas veces se tiene que esperar hasta una hora\u00bb, expres\u00f3.<\/p>\n<p data-start=\"490\" data-end=\"890\"><img loading=\"lazy\" decoding=\"async\" class=\"wp-image-120871 aligncenter\" src=\"https:\/\/reporteroshoy.mx\/noticias\/wp-content\/uploads\/2025\/04\/JAVIER-OSANTE-SOLIS-scaled.jpeg\" alt=\"Javier Osante transporte paraderos\" width=\"631\" height=\"409\" \/><\/p>\n<p class=\"\" style=\"text-align: justify;\" data-start=\"892\" data-end=\"1151\">El legislador reconoci\u00f3 avances en el sistema de <span style=\"text-decoration: underline; color: #0000ff;\"><strong><a style=\"color: #0000ff; text-decoration: underline;\" href=\"https:\/\/reporteroshoy.mx\/noticias\/tag\/transporte-publico\/\">transporte p\u00fablico<\/a><\/strong><\/span>, como la modernizaci\u00f3n de unidades, rutas m\u00e1s claras, pago con tarjeta y aire acondicionado; sin embargo, se\u00f1al\u00f3 que los paraderos siguen siendo una debilidad que debe atenderse con urgencia.<\/p>\n<p class=\"\" style=\"text-align: justify;\" data-start=\"1153\" data-end=\"1361\">\u00abSi ya se exige a la sociedad que utilice los paraderos asignados, entonces es obligaci\u00f3n del Estado garantizar que esos puntos de espera est\u00e9n funcionales y adecuados al clima extremo de Yucat\u00e1n\u00bb, puntualiz\u00f3.<\/p>\n<p class=\"\" style=\"text-align: justify;\" data-start=\"1363\" data-end=\"1633\">Finalmente, record\u00f3 que durante la actual Legislatura los distintos grupos parlamentarios presentaron 136 iniciativas, pero hasta la fecha solo han aprobado seis, lo que evidencia la necesidad de avanzar en temas prioritarios para la ciudadan\u00eda.<\/p>\n","protected":false},"excerpt":{"rendered":"<p>El legislador de Movimiento Ciudadano, Javier Osante Sol\u00eds,  pidi\u00f3 que se adecuen los paraderos de transporte p\u00fablico para proteger a los usuarios de las altas temperaturas. \u00abNo se puede esperar bajo el sol a 40 grados\u00bb.<\/p>\n","protected":false},"author":2,"featured_media":120871,"comment_status":"open","ping_status":"closed","sticky":false,"template":"","format":"standard","meta":{"footnotes":""},"categories":[17],"tags":[15271,7887,23],"class_list":["post-120869","post","type-post","status-publish","format-standard","has-post-thumbnail","hentry","category-yucatan","tag-javier-osante-solis","tag-transporte-publico","tag-yucatan"],"yoast_head":"<!-- This site is optimized with the Yoast SEO plugin v28.4 - https:\/\/yoast.com\/product\/yoast-seo-wordpress\/ -->\n<title>Diputado pide mejorar paraderos ante el calor extremo en Yucat\u00e1n<\/title>\n<meta name=\"description\" content=\"Pidi\u00f3 que se adecuen los paraderos de transporte p\u00fablico para proteger a los usuarios de las altas temperaturas.\" \/>\n<meta name=\"robots\" content=\"index, follow, max-snippet:-1, max-image-preview:large, max-video-preview:-1\" \/>\n<link rel=\"canonical\" href=\"https:\/\/reporteroshoy.mx\/noticias\/diputado-pide-mejorar-paraderos-ante-el-calor-extremo-en-yucatan\/\" \/>\n<meta property=\"og:locale\" content=\"es_ES\" \/>\n<meta property=\"og:type\" content=\"article\" \/>\n<meta property=\"og:title\" content=\"Diputado pide mejorar paraderos ante el calor extremo en Yucat\u00e1n\" \/>\n<meta property=\"og:description\" content=\"Pidi\u00f3 que se adecuen los paraderos de transporte p\u00fablico para proteger a los usuarios de las altas temperaturas.\" \/>\n<meta property=\"og:url\" content=\"https:\/\/reporteroshoy.mx\/noticias\/diputado-pide-mejorar-paraderos-ante-el-calor-extremo-en-yucatan\/\" \/>\n<meta property=\"og:site_name\" content=\"Reporteros Hoy | Noticias de Yucat\u00e1n\" \/>\n<meta property=\"article:publisher\" content=\"http:\/\/www.facebook.com\/reporteroshoymx\" \/>\n<meta property=\"article:published_time\" content=\"2025-04-12T00:31:35+00:00\" \/>\n<meta property=\"og:image\" content=\"https:\/\/reporteroshoy.mx\/noticias\/wp-content\/uploads\/2025\/04\/JAVIER-OSANTE-SOLIS-scaled.jpeg\" \/>\n\t<meta property=\"og:image:width\" content=\"768\" \/>\n\t<meta property=\"og:image:height\" content=\"498\" \/>\n\t<meta property=\"og:image:type\" content=\"image\/jpeg\" \/>\n<meta name=\"author\" content=\"Reporteros Hoy HY\" \/>\n<meta name=\"twitter:card\" content=\"summary_large_image\" \/>\n<meta name=\"twitter:creator\" content=\"@reporteroshoy\" \/>\n<meta name=\"twitter:site\" content=\"@reporteroshoy\" \/>\n<meta name=\"twitter:label1\" content=\"Escrito por\" \/>\n\t<meta name=\"twitter:data1\" content=\"Reporteros Hoy HY\" \/>\n\t<meta name=\"twitter:label2\" content=\"Tiempo de lectura\" \/>\n\t<meta name=\"twitter:data2\" content=\"2 minutos\" \/>\n<script type=\"application\/ld+json\" class=\"yoast-schema-graph\">{\"@context\":\"https:\\\/\\\/schema.org\",\"@graph\":[{\"@type\":\"Article\",\"@id\":\"https:\\\/\\\/reporteroshoy.mx\\\/noticias\\\/diputado-pide-mejorar-paraderos-ante-el-calor-extremo-en-yucatan\\\/#article\",\"isPartOf\":{\"@id\":\"https:\\\/\\\/reporteroshoy.mx\\\/noticias\\\/diputado-pide-mejorar-paraderos-ante-el-calor-extremo-en-yucatan\\\/\"},\"author\":{\"name\":\"Reporteros Hoy HY\",\"@id\":\"https:\\\/\\\/reporteroshoy.mx\\\/noticias\\\/#\\\/schema\\\/person\\\/d32189074678a9d41498d4248e29aac3\"},\"headline\":\"Diputado pide mejorar paraderos ante el calor extremo en Yucat\u00e1n\",\"datePublished\":\"2025-04-12T00:31:35+00:00\",\"mainEntityOfPage\":{\"@id\":\"https:\\\/\\\/reporteroshoy.mx\\\/noticias\\\/diputado-pide-mejorar-paraderos-ante-el-calor-extremo-en-yucatan\\\/\"},\"wordCount\":236,\"commentCount\":0,\"image\":{\"@id\":\"https:\\\/\\\/reporteroshoy.mx\\\/noticias\\\/diputado-pide-mejorar-paraderos-ante-el-calor-extremo-en-yucatan\\\/#primaryimage\"},\"thumbnailUrl\":\"https:\\\/\\\/reporteroshoy.mx\\\/noticias\\\/wp-content\\\/uploads\\\/2025\\\/04\\\/JAVIER-OSANTE-SOLIS-scaled.jpeg\",\"keywords\":[\"Javier Osante Sol\u00eds\",\"Transporte P\u00fablico\",\"Yucat\u00e1n\"],\"articleSection\":[\"Yucat\u00e1n\"],\"inLanguage\":\"es\",\"potentialAction\":[{\"@type\":\"CommentAction\",\"name\":\"Comment\",\"target\":[\"https:\\\/\\\/reporteroshoy.mx\\\/noticias\\\/diputado-pide-mejorar-paraderos-ante-el-calor-extremo-en-yucatan\\\/#respond\"]}]},{\"@type\":\"WebPage\",\"@id\":\"https:\\\/\\\/reporteroshoy.mx\\\/noticias\\\/diputado-pide-mejorar-paraderos-ante-el-calor-extremo-en-yucatan\\\/\",\"url\":\"https:\\\/\\\/reporteroshoy.mx\\\/noticias\\\/diputado-pide-mejorar-paraderos-ante-el-calor-extremo-en-yucatan\\\/\",\"name\":\"Diputado pide mejorar paraderos ante el calor extremo en Yucat\u00e1n\",\"isPartOf\":{\"@id\":\"https:\\\/\\\/reporteroshoy.mx\\\/noticias\\\/#website\"},\"primaryImageOfPage\":{\"@id\":\"https:\\\/\\\/reporteroshoy.mx\\\/noticias\\\/diputado-pide-mejorar-paraderos-ante-el-calor-extremo-en-yucatan\\\/#primaryimage\"},\"image\":{\"@id\":\"https:\\\/\\\/reporteroshoy.mx\\\/noticias\\\/diputado-pide-mejorar-paraderos-ante-el-calor-extremo-en-yucatan\\\/#primaryimage\"},\"thumbnailUrl\":\"https:\\\/\\\/reporteroshoy.mx\\\/noticias\\\/wp-content\\\/uploads\\\/2025\\\/04\\\/JAVIER-OSANTE-SOLIS-scaled.jpeg\",\"datePublished\":\"2025-04-12T00:31:35+00:00\",\"author\":{\"@id\":\"https:\\\/\\\/reporteroshoy.mx\\\/noticias\\\/#\\\/schema\\\/person\\\/d32189074678a9d41498d4248e29aac3\"},\"description\":\"Pidi\u00f3 que se adecuen los paraderos de transporte p\u00fablico para proteger a los usuarios de las altas temperaturas.\",\"breadcrumb\":{\"@id\":\"https:\\\/\\\/reporteroshoy.mx\\\/noticias\\\/diputado-pide-mejorar-paraderos-ante-el-calor-extremo-en-yucatan\\\/#breadcrumb\"},\"inLanguage\":\"es\",\"potentialAction\":[{\"@type\":\"ReadAction\",\"target\":[\"https:\\\/\\\/reporteroshoy.mx\\\/noticias\\\/diputado-pide-mejorar-paraderos-ante-el-calor-extremo-en-yucatan\\\/\"]}]},{\"@type\":\"ImageObject\",\"inLanguage\":\"es\",\"@id\":\"https:\\\/\\\/reporteroshoy.mx\\\/noticias\\\/diputado-pide-mejorar-paraderos-ante-el-calor-extremo-en-yucatan\\\/#primaryimage\",\"url\":\"https:\\\/\\\/reporteroshoy.mx\\\/noticias\\\/wp-content\\\/uploads\\\/2025\\\/04\\\/JAVIER-OSANTE-SOLIS-scaled.jpeg\",\"contentUrl\":\"https:\\\/\\\/reporteroshoy.mx\\\/noticias\\\/wp-content\\\/uploads\\\/2025\\\/04\\\/JAVIER-OSANTE-SOLIS-scaled.jpeg\",\"width\":768,\"height\":498,\"caption\":\"Javier Osante transporte paraderos\"},{\"@type\":\"BreadcrumbList\",\"@id\":\"https:\\\/\\\/reporteroshoy.mx\\\/noticias\\\/diputado-pide-mejorar-paraderos-ante-el-calor-extremo-en-yucatan\\\/#breadcrumb\",\"itemListElement\":[{\"@type\":\"ListItem\",\"position\":1,\"name\":\"Portada\",\"item\":\"https:\\\/\\\/reporteroshoy.mx\\\/noticias\\\/\"},{\"@type\":\"ListItem\",\"position\":2,\"name\":\"Diputado pide mejorar paraderos ante el calor extremo en Yucat\u00e1n\"}]},{\"@type\":\"WebSite\",\"@id\":\"https:\\\/\\\/reporteroshoy.mx\\\/noticias\\\/#website\",\"url\":\"https:\\\/\\\/reporteroshoy.mx\\\/noticias\\\/\",\"name\":\"Reporteros Hoy | Noticias de Yucat\u00e1n\",\"description\":\"Peri\u00f3dico digital con noticias diarias desde M\u00e9rida, Yucat\u00e1n para el mundo.\",\"potentialAction\":[{\"@type\":\"SearchAction\",\"target\":{\"@type\":\"EntryPoint\",\"urlTemplate\":\"https:\\\/\\\/reporteroshoy.mx\\\/noticias\\\/?s={search_term_string}\"},\"query-input\":{\"@type\":\"PropertyValueSpecification\",\"valueRequired\":true,\"valueName\":\"search_term_string\"}}],\"inLanguage\":\"es\"},{\"@type\":\"Person\",\"@id\":\"https:\\\/\\\/reporteroshoy.mx\\\/noticias\\\/#\\\/schema\\\/person\\\/d32189074678a9d41498d4248e29aac3\",\"name\":\"Reporteros Hoy HY\",\"image\":{\"@type\":\"ImageObject\",\"inLanguage\":\"es\",\"@id\":\"https:\\\/\\\/secure.gravatar.com\\\/avatar\\\/c539a82770f256437b35bda44650bb50f5fd4b7017f8b29672ed9f27a43cec47?s=96&d=mm&r=g\",\"url\":\"https:\\\/\\\/secure.gravatar.com\\\/avatar\\\/c539a82770f256437b35bda44650bb50f5fd4b7017f8b29672ed9f27a43cec47?s=96&d=mm&r=g\",\"contentUrl\":\"https:\\\/\\\/secure.gravatar.com\\\/avatar\\\/c539a82770f256437b35bda44650bb50f5fd4b7017f8b29672ed9f27a43cec47?s=96&d=mm&r=g\",\"caption\":\"Reporteros Hoy HY\"},\"url\":\"https:\\\/\\\/reporteroshoy.mx\\\/noticias\\\/author\\\/thelmo\\\/\"}]}<\/script>\n<!-- \/ Yoast SEO plugin. -->","yoast_head_json":{"title":"Diputado pide mejorar paraderos ante el calor extremo en Yucat\u00e1n","description":"Pidi\u00f3 que se adecuen los paraderos de transporte p\u00fablico para proteger a los usuarios de las altas temperaturas.","robots":{"index":"index","follow":"follow","max-snippet":"max-snippet:-1","max-image-preview":"max-image-preview:large","max-video-preview":"max-video-preview:-1"},"canonical":"https:\/\/reporteroshoy.mx\/noticias\/diputado-pide-mejorar-paraderos-ante-el-calor-extremo-en-yucatan\/","og_locale":"es_ES","og_type":"article","og_title":"Diputado pide mejorar paraderos ante el calor extremo en Yucat\u00e1n","og_description":"Pidi\u00f3 que se adecuen los paraderos de transporte p\u00fablico para proteger a los usuarios de las altas temperaturas.","og_url":"https:\/\/reporteroshoy.mx\/noticias\/diputado-pide-mejorar-paraderos-ante-el-calor-extremo-en-yucatan\/","og_site_name":"Reporteros Hoy | Noticias de Yucat\u00e1n","article_publisher":"http:\/\/www.facebook.com\/reporteroshoymx","article_published_time":"2025-04-12T00:31:35+00:00","og_image":[{"width":768,"height":498,"url":"https:\/\/reporteroshoy.mx\/noticias\/wp-content\/uploads\/2025\/04\/JAVIER-OSANTE-SOLIS-scaled.jpeg","type":"image\/jpeg"}],"author":"Reporteros Hoy HY","twitter_card":"summary_large_image","twitter_creator":"@reporteroshoy","twitter_site":"@reporteroshoy","twitter_misc":{"Escrito por":"Reporteros Hoy HY","Tiempo de lectura":"2 minutos"},"schema":{"@context":"https:\/\/schema.org","@graph":[{"@type":"Article","@id":"https:\/\/reporteroshoy.mx\/noticias\/diputado-pide-mejorar-paraderos-ante-el-calor-extremo-en-yucatan\/#article","isPartOf":{"@id":"https:\/\/reporteroshoy.mx\/noticias\/diputado-pide-mejorar-paraderos-ante-el-calor-extremo-en-yucatan\/"},"author":{"name":"Reporteros Hoy HY","@id":"https:\/\/reporteroshoy.mx\/noticias\/#\/schema\/person\/d32189074678a9d41498d4248e29aac3"},"headline":"Diputado pide mejorar paraderos ante el calor extremo en Yucat\u00e1n","datePublished":"2025-04-12T00:31:35+00:00","mainEntityOfPage":{"@id":"https:\/\/reporteroshoy.mx\/noticias\/diputado-pide-mejorar-paraderos-ante-el-calor-extremo-en-yucatan\/"},"wordCount":236,"commentCount":0,"image":{"@id":"https:\/\/reporteroshoy.mx\/noticias\/diputado-pide-mejorar-paraderos-ante-el-calor-extremo-en-yucatan\/#primaryimage"},"thumbnailUrl":"https:\/\/reporteroshoy.mx\/noticias\/wp-content\/uploads\/2025\/04\/JAVIER-OSANTE-SOLIS-scaled.jpeg","keywords":["Javier Osante Sol\u00eds","Transporte P\u00fablico","Yucat\u00e1n"],"articleSection":["Yucat\u00e1n"],"inLanguage":"es","potentialAction":[{"@type":"CommentAction","name":"Comment","target":["https:\/\/reporteroshoy.mx\/noticias\/diputado-pide-mejorar-paraderos-ante-el-calor-extremo-en-yucatan\/#respond"]}]},{"@type":"WebPage","@id":"https:\/\/reporteroshoy.mx\/noticias\/diputado-pide-mejorar-paraderos-ante-el-calor-extremo-en-yucatan\/","url":"https:\/\/reporteroshoy.mx\/noticias\/diputado-pide-mejorar-paraderos-ante-el-calor-extremo-en-yucatan\/","name":"Diputado pide mejorar paraderos ante el calor extremo en Yucat\u00e1n","isPartOf":{"@id":"https:\/\/reporteroshoy.mx\/noticias\/#website"},"primaryImageOfPage":{"@id":"https:\/\/reporteroshoy.mx\/noticias\/diputado-pide-mejorar-paraderos-ante-el-calor-extremo-en-yucatan\/#primaryimage"},"image":{"@id":"https:\/\/reporteroshoy.mx\/noticias\/diputado-pide-mejorar-paraderos-ante-el-calor-extremo-en-yucatan\/#primaryimage"},"thumbnailUrl":"https:\/\/reporteroshoy.mx\/noticias\/wp-content\/uploads\/2025\/04\/JAVIER-OSANTE-SOLIS-scaled.jpeg","datePublished":"2025-04-12T00:31:35+00:00","author":{"@id":"https:\/\/reporteroshoy.mx\/noticias\/#\/schema\/person\/d32189074678a9d41498d4248e29aac3"},"description":"Pidi\u00f3 que se adecuen los paraderos de transporte p\u00fablico para proteger a los usuarios de las altas temperaturas.","breadcrumb":{"@id":"https:\/\/reporteroshoy.mx\/noticias\/diputado-pide-mejorar-paraderos-ante-el-calor-extremo-en-yucatan\/#breadcrumb"},"inLanguage":"es","potentialAction":[{"@type":"ReadAction","target":["https:\/\/reporteroshoy.mx\/noticias\/diputado-pide-mejorar-paraderos-ante-el-calor-extremo-en-yucatan\/"]}]},{"@type":"ImageObject","inLanguage":"es","@id":"https:\/\/reporteroshoy.mx\/noticias\/diputado-pide-mejorar-paraderos-ante-el-calor-extremo-en-yucatan\/#primaryimage","url":"https:\/\/reporteroshoy.mx\/noticias\/wp-content\/uploads\/2025\/04\/JAVIER-OSANTE-SOLIS-scaled.jpeg","contentUrl":"https:\/\/reporteroshoy.mx\/noticias\/wp-content\/uploads\/2025\/04\/JAVIER-OSANTE-SOLIS-scaled.jpeg","width":768,"height":498,"caption":"Javier Osante transporte paraderos"},{"@type":"BreadcrumbList","@id":"https:\/\/reporteroshoy.mx\/noticias\/diputado-pide-mejorar-paraderos-ante-el-calor-extremo-en-yucatan\/#breadcrumb","itemListElement":[{"@type":"ListItem","position":1,"name":"Portada","item":"https:\/\/reporteroshoy.mx\/noticias\/"},{"@type":"ListItem","position":2,"name":"Diputado pide mejorar paraderos ante el calor extremo en Yucat\u00e1n"}]},{"@type":"WebSite","@id":"https:\/\/reporteroshoy.mx\/noticias\/#website","url":"https:\/\/reporteroshoy.mx\/noticias\/","name":"Reporteros Hoy | Noticias de Yucat\u00e1n","description":"Peri\u00f3dico digital con noticias diarias desde M\u00e9rida, Yucat\u00e1n para el mundo.","potentialAction":[{"@type":"SearchAction","target":{"@type":"EntryPoint","urlTemplate":"https:\/\/reporteroshoy.mx\/noticias\/?s={search_term_string}"},"query-input":{"@type":"PropertyValueSpecification","valueRequired":true,"valueName":"search_term_string"}}],"inLanguage":"es"},{"@type":"Person","@id":"https:\/\/reporteroshoy.mx\/noticias\/#\/schema\/person\/d32189074678a9d41498d4248e29aac3","name":"Reporteros Hoy HY","image":{"@type":"ImageObject","inLanguage":"es","@id":"https:\/\/secure.gravatar.com\/avatar\/c539a82770f256437b35bda44650bb50f5fd4b7017f8b29672ed9f27a43cec47?s=96&d=mm&r=g","url":"https:\/\/secure.gravatar.com\/avatar\/c539a82770f256437b35bda44650bb50f5fd4b7017f8b29672ed9f27a43cec47?s=96&d=mm&r=g","contentUrl":"https:\/\/secure.gravatar.com\/avatar\/c539a82770f256437b35bda44650bb50f5fd4b7017f8b29672ed9f27a43cec47?s=96&d=mm&r=g","caption":"Reporteros Hoy HY"},"url":"https:\/\/reporteroshoy.mx\/noticias\/author\/thelmo\/"}]}},"_links":{"self":[{"href":"https:\/\/reporteroshoy.mx\/noticias\/wp-json\/wp\/v2\/posts\/120869","targetHints":{"allow":["GET"]}}],"collection":[{"href":"https:\/\/reporteroshoy.mx\/noticias\/wp-json\/wp\/v2\/posts"}],"about":[{"href":"https:\/\/reporteroshoy.mx\/noticias\/wp-json\/wp\/v2\/types\/post"}],"author":[{"embeddable":true,"href":"https:\/\/reporteroshoy.mx\/noticias\/wp-json\/wp\/v2\/users\/2"}],"replies":[{"embeddable":true,"href":"https:\/\/reporteroshoy.mx\/noticias\/wp-json\/wp\/v2\/comments?post=120869"}],"version-history":[{"count":0,"href":"https:\/\/reporteroshoy.mx\/noticias\/wp-json\/wp\/v2\/posts\/120869\/revisions"}],"wp:featuredmedia":[{"embeddable":true,"href":"https:\/\/reporteroshoy.mx\/noticias\/wp-json\/wp\/v2\/media\/120871"}],"wp:attachment":[{"href":"https:\/\/reporteroshoy.mx\/noticias\/wp-json\/wp\/v2\/media?parent=120869"}],"wp:term":[{"taxonomy":"category","embeddable":true,"href":"https:\/\/reporteroshoy.mx\/noticias\/wp-json\/wp\/v2\/categories?post=120869"},{"taxonomy":"post_tag","embeddable":true,"href":"https:\/\/reporteroshoy.mx\/noticias\/wp-json\/wp\/v2\/tags?post=120869"}],"curies":[{"name":"wp","href":"https:\/\/api.w.org\/{rel}","templated":true}]}}