{"id":120912,"date":"2025-04-14T21:24:13","date_gmt":"2025-04-15T03:24:13","guid":{"rendered":"https:\/\/reporteroshoy.mx\/noticias\/?p=120912"},"modified":"2025-04-14T21:24:13","modified_gmt":"2025-04-15T03:24:13","slug":"recuperar-la-confianza-en-el-sistema-de-salud-huacho","status":"publish","type":"post","link":"https:\/\/reporteroshoy.mx\/noticias\/recuperar-la-confianza-en-el-sistema-de-salud-huacho\/","title":{"rendered":"\u201cRecuperar la confianza en el sistema de salud\u201d: Huacho"},"content":{"rendered":"<p style=\"text-align: justify;\">El gobernador\u00a0<strong><a href=\"https:\/\/www.facebook.com\/huachodiazmena\">Joaqu\u00edn D\u00edaz Mena<\/a><\/strong> ofreci\u00f3 recuperar la confianza de la gente en su sistema de salud y no administrar inercias del pasado.<\/p>\n<p style=\"text-align: justify;\">En el Sal\u00f3n de la Historia de Palacio de Gobierno, el mandatario estatal encabez\u00f3 el acto de instalaci\u00f3n del Consejo Estatal de Salud.<\/p>\n<p><img loading=\"lazy\" decoding=\"async\" class=\"alignnone size-full wp-image-120914\" src=\"https:\/\/reporteroshoy.mx\/noticias\/wp-content\/uploads\/2025\/04\/Imagen-de-WhatsApp-2025-04-14-a-las-13.09.21_d0d7aabc-scaled.jpg\" alt=\"\" width=\"768\" height=\"512\" srcset=\"https:\/\/reporteroshoy.mx\/noticias\/wp-content\/uploads\/2025\/04\/Imagen-de-WhatsApp-2025-04-14-a-las-13.09.21_d0d7aabc-scaled.jpg 768w, https:\/\/reporteroshoy.mx\/noticias\/wp-content\/uploads\/2025\/04\/Imagen-de-WhatsApp-2025-04-14-a-las-13.09.21_d0d7aabc-1536x1023.jpg 1536w\" sizes=\"auto, (max-width: 768px) 100vw, 768px\" \/><\/p>\n<p style=\"text-align: justify;\">Dicho \u00f3rgano no qued\u00f3 conformado en la administraci\u00f3n pasada, por lo que llevaba seis a\u00f1os sin funcionar.<\/p>\n<p style=\"text-align: justify;\">D\u00edaz Mena afirm\u00f3 que a partir de ahora no ser\u00e1 una instancia burocr\u00e1tica m\u00e1s, sino un punto de encuentro entre instituciones, organizaciones sociales, comunidad cient\u00edfica, sectores privados y ciudadanos, para dise\u00f1ar, implementar y supervisar una pol\u00edtica de salud que responda a la realidad del estado.<\/p>\n<p style=\"text-align: justify;\">Por su parte, la Secretar\u00eda de Salud de Yucat\u00e1n (SSY), Judith Ortega Canto, dijo la dependencia que encabeza ser\u00e1 rectora de los servicios de atenci\u00f3n m\u00e9dica y de la estrategia de atenci\u00f3n primaria de la salud.<\/p>\n<p><img loading=\"lazy\" decoding=\"async\" class=\"alignnone size-full wp-image-120913\" src=\"https:\/\/reporteroshoy.mx\/noticias\/wp-content\/uploads\/2025\/04\/Imagen-de-WhatsApp-2025-04-14-a-las-13.09.19_9bbeb07a-scaled.jpg\" alt=\"\" width=\"768\" height=\"512\" srcset=\"https:\/\/reporteroshoy.mx\/noticias\/wp-content\/uploads\/2025\/04\/Imagen-de-WhatsApp-2025-04-14-a-las-13.09.19_9bbeb07a-scaled.jpg 768w, https:\/\/reporteroshoy.mx\/noticias\/wp-content\/uploads\/2025\/04\/Imagen-de-WhatsApp-2025-04-14-a-las-13.09.19_9bbeb07a-1536x1024.jpg 1536w, https:\/\/reporteroshoy.mx\/noticias\/wp-content\/uploads\/2025\/04\/Imagen-de-WhatsApp-2025-04-14-a-las-13.09.19_9bbeb07a-2048x1366.jpg 2048w\" sizes=\"auto, (max-width: 768px) 100vw, 768px\" \/><\/p>\n<p style=\"text-align: justify;\">En el acto, se nombr\u00f3 secretario de vinculaci\u00f3n estrat\u00e9gica del Consejo Estatal de Salud al director de Planeaci\u00f3n y Desarrollo de la SSY, Alberto Alcocer Gamboa.<\/p>\n<p><strong>Leer tambi\u00e9n:\u00a0<\/strong><strong><a href=\"https:\/\/reporteroshoy.mx\/noticias\/gobierno-estatal-acumula-seis-cambios-en-seis-meses\/\">Gobierno Estatal acumula seis cambios en seis meses<\/a><\/strong><\/p>\n<p style=\"text-align: justify;\">\u201cVamos a recuperar la confianza de la gente en su sistema de salud. Vamos a reconstruir el tejido humano que hace posible la medicina con vocaci\u00f3n, generosidad y visi\u00f3n. No estamos aqu\u00ed para administrar inercias. Estamos para transformar y para hacer historia\u201d, finaliz\u00f3 D\u00edaz Mena.<\/p>\n<p style=\"text-align: justify;\"><strong>Redacci\u00f3n ACOM<\/strong><\/p>\n","protected":false},"excerpt":{"rendered":"<p>El gobernador Joaqu\u00edn D\u00edaz Mena ofreci\u00f3 recuperar la confianza de la gente en su sistema de salud y no administrar inercias del pasado. <\/p>\n","protected":false},"author":5,"featured_media":120914,"comment_status":"open","ping_status":"closed","sticky":false,"template":"","format":"standard","meta":{"footnotes":""},"categories":[17],"tags":[1335,634,23],"class_list":["post-120912","post","type-post","status-publish","format-standard","has-post-thumbnail","hentry","category-yucatan","tag-joaquin-diaz-mena","tag-salud","tag-yucatan"],"yoast_head":"<!-- This site is optimized with the Yoast SEO plugin v28.3 - https:\/\/yoast.com\/product\/yoast-seo-wordpress\/ -->\n<title>\u201cRecuperar la confianza en el sistema de salud\u201d: Huacho<\/title>\n<meta name=\"description\" content=\"El gobernador Joaqu\u00edn D\u00edaz Mena ofreci\u00f3 recuperar la confianza de la gente en su sistema de salud y no administrar inercias del pasado.\" \/>\n<meta name=\"robots\" content=\"index, follow, max-snippet:-1, max-image-preview:large, max-video-preview:-1\" \/>\n<link rel=\"canonical\" href=\"https:\/\/reporteroshoy.mx\/noticias\/recuperar-la-confianza-en-el-sistema-de-salud-huacho\/\" \/>\n<meta property=\"og:locale\" content=\"es_ES\" \/>\n<meta property=\"og:type\" content=\"article\" \/>\n<meta property=\"og:title\" content=\"\u201cRecuperar la confianza en el sistema de salud\u201d: Huacho\" \/>\n<meta property=\"og:description\" content=\"El gobernador Joaqu\u00edn D\u00edaz Mena ofreci\u00f3 recuperar la confianza de la gente en su sistema de salud y no administrar inercias del pasado.\" \/>\n<meta property=\"og:url\" content=\"https:\/\/reporteroshoy.mx\/noticias\/recuperar-la-confianza-en-el-sistema-de-salud-huacho\/\" \/>\n<meta property=\"og:site_name\" content=\"Reporteros Hoy | Noticias de Yucat\u00e1n\" \/>\n<meta property=\"article:publisher\" content=\"http:\/\/www.facebook.com\/reporteroshoymx\" \/>\n<meta property=\"article:published_time\" content=\"2025-04-15T03:24:13+00:00\" \/>\n<meta property=\"og:image\" content=\"https:\/\/reporteroshoy.mx\/noticias\/wp-content\/uploads\/2025\/04\/Imagen-de-WhatsApp-2025-04-14-a-las-13.09.21_d0d7aabc-scaled.jpg\" \/>\n\t<meta property=\"og:image:width\" content=\"768\" \/>\n\t<meta property=\"og:image:height\" content=\"512\" \/>\n\t<meta property=\"og:image:type\" content=\"image\/jpeg\" \/>\n<meta name=\"author\" content=\"Reporteros Hoy IM\" \/>\n<meta name=\"twitter:card\" content=\"summary_large_image\" \/>\n<meta name=\"twitter:creator\" content=\"@reporteroshoy\" \/>\n<meta name=\"twitter:site\" content=\"@reporteroshoy\" \/>\n<meta name=\"twitter:label1\" content=\"Escrito por\" \/>\n\t<meta name=\"twitter:data1\" content=\"Reporteros Hoy IM\" \/>\n\t<meta name=\"twitter:label2\" content=\"Tiempo de lectura\" \/>\n\t<meta name=\"twitter:data2\" content=\"2 minutos\" \/>\n<script type=\"application\/ld+json\" class=\"yoast-schema-graph\">{\"@context\":\"https:\\\/\\\/schema.org\",\"@graph\":[{\"@type\":\"Article\",\"@id\":\"https:\\\/\\\/reporteroshoy.mx\\\/noticias\\\/recuperar-la-confianza-en-el-sistema-de-salud-huacho\\\/#article\",\"isPartOf\":{\"@id\":\"https:\\\/\\\/reporteroshoy.mx\\\/noticias\\\/recuperar-la-confianza-en-el-sistema-de-salud-huacho\\\/\"},\"author\":{\"name\":\"Reporteros Hoy IM\",\"@id\":\"https:\\\/\\\/reporteroshoy.mx\\\/noticias\\\/#\\\/schema\\\/person\\\/948520f0d88b01be2e5266bc4acbbc15\"},\"headline\":\"\u201cRecuperar la confianza en el sistema de salud\u201d: Huacho\",\"datePublished\":\"2025-04-15T03:24:13+00:00\",\"mainEntityOfPage\":{\"@id\":\"https:\\\/\\\/reporteroshoy.mx\\\/noticias\\\/recuperar-la-confianza-en-el-sistema-de-salud-huacho\\\/\"},\"wordCount\":261,\"commentCount\":0,\"image\":{\"@id\":\"https:\\\/\\\/reporteroshoy.mx\\\/noticias\\\/recuperar-la-confianza-en-el-sistema-de-salud-huacho\\\/#primaryimage\"},\"thumbnailUrl\":\"https:\\\/\\\/reporteroshoy.mx\\\/noticias\\\/wp-content\\\/uploads\\\/2025\\\/04\\\/Imagen-de-WhatsApp-2025-04-14-a-las-13.09.21_d0d7aabc-scaled.jpg\",\"keywords\":[\"Joaqu\u00edn D\u00edaz Mena\",\"Salud\",\"Yucat\u00e1n\"],\"articleSection\":[\"Yucat\u00e1n\"],\"inLanguage\":\"es\",\"potentialAction\":[{\"@type\":\"CommentAction\",\"name\":\"Comment\",\"target\":[\"https:\\\/\\\/reporteroshoy.mx\\\/noticias\\\/recuperar-la-confianza-en-el-sistema-de-salud-huacho\\\/#respond\"]}]},{\"@type\":\"WebPage\",\"@id\":\"https:\\\/\\\/reporteroshoy.mx\\\/noticias\\\/recuperar-la-confianza-en-el-sistema-de-salud-huacho\\\/\",\"url\":\"https:\\\/\\\/reporteroshoy.mx\\\/noticias\\\/recuperar-la-confianza-en-el-sistema-de-salud-huacho\\\/\",\"name\":\"\u201cRecuperar la confianza en el sistema de salud\u201d: Huacho\",\"isPartOf\":{\"@id\":\"https:\\\/\\\/reporteroshoy.mx\\\/noticias\\\/#website\"},\"primaryImageOfPage\":{\"@id\":\"https:\\\/\\\/reporteroshoy.mx\\\/noticias\\\/recuperar-la-confianza-en-el-sistema-de-salud-huacho\\\/#primaryimage\"},\"image\":{\"@id\":\"https:\\\/\\\/reporteroshoy.mx\\\/noticias\\\/recuperar-la-confianza-en-el-sistema-de-salud-huacho\\\/#primaryimage\"},\"thumbnailUrl\":\"https:\\\/\\\/reporteroshoy.mx\\\/noticias\\\/wp-content\\\/uploads\\\/2025\\\/04\\\/Imagen-de-WhatsApp-2025-04-14-a-las-13.09.21_d0d7aabc-scaled.jpg\",\"datePublished\":\"2025-04-15T03:24:13+00:00\",\"author\":{\"@id\":\"https:\\\/\\\/reporteroshoy.mx\\\/noticias\\\/#\\\/schema\\\/person\\\/948520f0d88b01be2e5266bc4acbbc15\"},\"description\":\"El gobernador Joaqu\u00edn D\u00edaz Mena ofreci\u00f3 recuperar la confianza de la gente en su sistema de salud y no administrar inercias del pasado.\",\"breadcrumb\":{\"@id\":\"https:\\\/\\\/reporteroshoy.mx\\\/noticias\\\/recuperar-la-confianza-en-el-sistema-de-salud-huacho\\\/#breadcrumb\"},\"inLanguage\":\"es\",\"potentialAction\":[{\"@type\":\"ReadAction\",\"target\":[\"https:\\\/\\\/reporteroshoy.mx\\\/noticias\\\/recuperar-la-confianza-en-el-sistema-de-salud-huacho\\\/\"]}]},{\"@type\":\"ImageObject\",\"inLanguage\":\"es\",\"@id\":\"https:\\\/\\\/reporteroshoy.mx\\\/noticias\\\/recuperar-la-confianza-en-el-sistema-de-salud-huacho\\\/#primaryimage\",\"url\":\"https:\\\/\\\/reporteroshoy.mx\\\/noticias\\\/wp-content\\\/uploads\\\/2025\\\/04\\\/Imagen-de-WhatsApp-2025-04-14-a-las-13.09.21_d0d7aabc-scaled.jpg\",\"contentUrl\":\"https:\\\/\\\/reporteroshoy.mx\\\/noticias\\\/wp-content\\\/uploads\\\/2025\\\/04\\\/Imagen-de-WhatsApp-2025-04-14-a-las-13.09.21_d0d7aabc-scaled.jpg\",\"width\":768,\"height\":512},{\"@type\":\"BreadcrumbList\",\"@id\":\"https:\\\/\\\/reporteroshoy.mx\\\/noticias\\\/recuperar-la-confianza-en-el-sistema-de-salud-huacho\\\/#breadcrumb\",\"itemListElement\":[{\"@type\":\"ListItem\",\"position\":1,\"name\":\"Portada\",\"item\":\"https:\\\/\\\/reporteroshoy.mx\\\/noticias\\\/\"},{\"@type\":\"ListItem\",\"position\":2,\"name\":\"\u201cRecuperar la confianza en el sistema de salud\u201d: Huacho\"}]},{\"@type\":\"WebSite\",\"@id\":\"https:\\\/\\\/reporteroshoy.mx\\\/noticias\\\/#website\",\"url\":\"https:\\\/\\\/reporteroshoy.mx\\\/noticias\\\/\",\"name\":\"Reporteros Hoy | Noticias de Yucat\u00e1n\",\"description\":\"Peri\u00f3dico digital con noticias diarias desde M\u00e9rida, Yucat\u00e1n para el mundo.\",\"potentialAction\":[{\"@type\":\"SearchAction\",\"target\":{\"@type\":\"EntryPoint\",\"urlTemplate\":\"https:\\\/\\\/reporteroshoy.mx\\\/noticias\\\/?s={search_term_string}\"},\"query-input\":{\"@type\":\"PropertyValueSpecification\",\"valueRequired\":true,\"valueName\":\"search_term_string\"}}],\"inLanguage\":\"es\"},{\"@type\":\"Person\",\"@id\":\"https:\\\/\\\/reporteroshoy.mx\\\/noticias\\\/#\\\/schema\\\/person\\\/948520f0d88b01be2e5266bc4acbbc15\",\"name\":\"Reporteros Hoy IM\",\"image\":{\"@type\":\"ImageObject\",\"inLanguage\":\"es\",\"@id\":\"https:\\\/\\\/secure.gravatar.com\\\/avatar\\\/d843030b96552826ac048bdfe26f2895604b800ed0c880ee55765a74d95dfc65?s=96&d=mm&r=g\",\"url\":\"https:\\\/\\\/secure.gravatar.com\\\/avatar\\\/d843030b96552826ac048bdfe26f2895604b800ed0c880ee55765a74d95dfc65?s=96&d=mm&r=g\",\"contentUrl\":\"https:\\\/\\\/secure.gravatar.com\\\/avatar\\\/d843030b96552826ac048bdfe26f2895604b800ed0c880ee55765a74d95dfc65?s=96&d=mm&r=g\",\"caption\":\"Reporteros Hoy IM\"},\"url\":\"https:\\\/\\\/reporteroshoy.mx\\\/noticias\\\/author\\\/israel\\\/\"}]}<\/script>\n<!-- \/ Yoast SEO plugin. -->","yoast_head_json":{"title":"\u201cRecuperar la confianza en el sistema de salud\u201d: Huacho","description":"El gobernador Joaqu\u00edn D\u00edaz Mena ofreci\u00f3 recuperar la confianza de la gente en su sistema de salud y no administrar inercias del pasado.","robots":{"index":"index","follow":"follow","max-snippet":"max-snippet:-1","max-image-preview":"max-image-preview:large","max-video-preview":"max-video-preview:-1"},"canonical":"https:\/\/reporteroshoy.mx\/noticias\/recuperar-la-confianza-en-el-sistema-de-salud-huacho\/","og_locale":"es_ES","og_type":"article","og_title":"\u201cRecuperar la confianza en el sistema de salud\u201d: Huacho","og_description":"El gobernador Joaqu\u00edn D\u00edaz Mena ofreci\u00f3 recuperar la confianza de la gente en su sistema de salud y no administrar inercias del pasado.","og_url":"https:\/\/reporteroshoy.mx\/noticias\/recuperar-la-confianza-en-el-sistema-de-salud-huacho\/","og_site_name":"Reporteros Hoy | Noticias de Yucat\u00e1n","article_publisher":"http:\/\/www.facebook.com\/reporteroshoymx","article_published_time":"2025-04-15T03:24:13+00:00","og_image":[{"width":768,"height":512,"url":"https:\/\/reporteroshoy.mx\/noticias\/wp-content\/uploads\/2025\/04\/Imagen-de-WhatsApp-2025-04-14-a-las-13.09.21_d0d7aabc-scaled.jpg","type":"image\/jpeg"}],"author":"Reporteros Hoy IM","twitter_card":"summary_large_image","twitter_creator":"@reporteroshoy","twitter_site":"@reporteroshoy","twitter_misc":{"Escrito por":"Reporteros Hoy IM","Tiempo de lectura":"2 minutos"},"schema":{"@context":"https:\/\/schema.org","@graph":[{"@type":"Article","@id":"https:\/\/reporteroshoy.mx\/noticias\/recuperar-la-confianza-en-el-sistema-de-salud-huacho\/#article","isPartOf":{"@id":"https:\/\/reporteroshoy.mx\/noticias\/recuperar-la-confianza-en-el-sistema-de-salud-huacho\/"},"author":{"name":"Reporteros Hoy IM","@id":"https:\/\/reporteroshoy.mx\/noticias\/#\/schema\/person\/948520f0d88b01be2e5266bc4acbbc15"},"headline":"\u201cRecuperar la confianza en el sistema de salud\u201d: Huacho","datePublished":"2025-04-15T03:24:13+00:00","mainEntityOfPage":{"@id":"https:\/\/reporteroshoy.mx\/noticias\/recuperar-la-confianza-en-el-sistema-de-salud-huacho\/"},"wordCount":261,"commentCount":0,"image":{"@id":"https:\/\/reporteroshoy.mx\/noticias\/recuperar-la-confianza-en-el-sistema-de-salud-huacho\/#primaryimage"},"thumbnailUrl":"https:\/\/reporteroshoy.mx\/noticias\/wp-content\/uploads\/2025\/04\/Imagen-de-WhatsApp-2025-04-14-a-las-13.09.21_d0d7aabc-scaled.jpg","keywords":["Joaqu\u00edn D\u00edaz Mena","Salud","Yucat\u00e1n"],"articleSection":["Yucat\u00e1n"],"inLanguage":"es","potentialAction":[{"@type":"CommentAction","name":"Comment","target":["https:\/\/reporteroshoy.mx\/noticias\/recuperar-la-confianza-en-el-sistema-de-salud-huacho\/#respond"]}]},{"@type":"WebPage","@id":"https:\/\/reporteroshoy.mx\/noticias\/recuperar-la-confianza-en-el-sistema-de-salud-huacho\/","url":"https:\/\/reporteroshoy.mx\/noticias\/recuperar-la-confianza-en-el-sistema-de-salud-huacho\/","name":"\u201cRecuperar la confianza en el sistema de salud\u201d: Huacho","isPartOf":{"@id":"https:\/\/reporteroshoy.mx\/noticias\/#website"},"primaryImageOfPage":{"@id":"https:\/\/reporteroshoy.mx\/noticias\/recuperar-la-confianza-en-el-sistema-de-salud-huacho\/#primaryimage"},"image":{"@id":"https:\/\/reporteroshoy.mx\/noticias\/recuperar-la-confianza-en-el-sistema-de-salud-huacho\/#primaryimage"},"thumbnailUrl":"https:\/\/reporteroshoy.mx\/noticias\/wp-content\/uploads\/2025\/04\/Imagen-de-WhatsApp-2025-04-14-a-las-13.09.21_d0d7aabc-scaled.jpg","datePublished":"2025-04-15T03:24:13+00:00","author":{"@id":"https:\/\/reporteroshoy.mx\/noticias\/#\/schema\/person\/948520f0d88b01be2e5266bc4acbbc15"},"description":"El gobernador Joaqu\u00edn D\u00edaz Mena ofreci\u00f3 recuperar la confianza de la gente en su sistema de salud y no administrar inercias del pasado.","breadcrumb":{"@id":"https:\/\/reporteroshoy.mx\/noticias\/recuperar-la-confianza-en-el-sistema-de-salud-huacho\/#breadcrumb"},"inLanguage":"es","potentialAction":[{"@type":"ReadAction","target":["https:\/\/reporteroshoy.mx\/noticias\/recuperar-la-confianza-en-el-sistema-de-salud-huacho\/"]}]},{"@type":"ImageObject","inLanguage":"es","@id":"https:\/\/reporteroshoy.mx\/noticias\/recuperar-la-confianza-en-el-sistema-de-salud-huacho\/#primaryimage","url":"https:\/\/reporteroshoy.mx\/noticias\/wp-content\/uploads\/2025\/04\/Imagen-de-WhatsApp-2025-04-14-a-las-13.09.21_d0d7aabc-scaled.jpg","contentUrl":"https:\/\/reporteroshoy.mx\/noticias\/wp-content\/uploads\/2025\/04\/Imagen-de-WhatsApp-2025-04-14-a-las-13.09.21_d0d7aabc-scaled.jpg","width":768,"height":512},{"@type":"BreadcrumbList","@id":"https:\/\/reporteroshoy.mx\/noticias\/recuperar-la-confianza-en-el-sistema-de-salud-huacho\/#breadcrumb","itemListElement":[{"@type":"ListItem","position":1,"name":"Portada","item":"https:\/\/reporteroshoy.mx\/noticias\/"},{"@type":"ListItem","position":2,"name":"\u201cRecuperar la confianza en el sistema de salud\u201d: Huacho"}]},{"@type":"WebSite","@id":"https:\/\/reporteroshoy.mx\/noticias\/#website","url":"https:\/\/reporteroshoy.mx\/noticias\/","name":"Reporteros Hoy | Noticias de Yucat\u00e1n","description":"Peri\u00f3dico digital con noticias diarias desde M\u00e9rida, Yucat\u00e1n para el mundo.","potentialAction":[{"@type":"SearchAction","target":{"@type":"EntryPoint","urlTemplate":"https:\/\/reporteroshoy.mx\/noticias\/?s={search_term_string}"},"query-input":{"@type":"PropertyValueSpecification","valueRequired":true,"valueName":"search_term_string"}}],"inLanguage":"es"},{"@type":"Person","@id":"https:\/\/reporteroshoy.mx\/noticias\/#\/schema\/person\/948520f0d88b01be2e5266bc4acbbc15","name":"Reporteros Hoy IM","image":{"@type":"ImageObject","inLanguage":"es","@id":"https:\/\/secure.gravatar.com\/avatar\/d843030b96552826ac048bdfe26f2895604b800ed0c880ee55765a74d95dfc65?s=96&d=mm&r=g","url":"https:\/\/secure.gravatar.com\/avatar\/d843030b96552826ac048bdfe26f2895604b800ed0c880ee55765a74d95dfc65?s=96&d=mm&r=g","contentUrl":"https:\/\/secure.gravatar.com\/avatar\/d843030b96552826ac048bdfe26f2895604b800ed0c880ee55765a74d95dfc65?s=96&d=mm&r=g","caption":"Reporteros Hoy IM"},"url":"https:\/\/reporteroshoy.mx\/noticias\/author\/israel\/"}]}},"_links":{"self":[{"href":"https:\/\/reporteroshoy.mx\/noticias\/wp-json\/wp\/v2\/posts\/120912","targetHints":{"allow":["GET"]}}],"collection":[{"href":"https:\/\/reporteroshoy.mx\/noticias\/wp-json\/wp\/v2\/posts"}],"about":[{"href":"https:\/\/reporteroshoy.mx\/noticias\/wp-json\/wp\/v2\/types\/post"}],"author":[{"embeddable":true,"href":"https:\/\/reporteroshoy.mx\/noticias\/wp-json\/wp\/v2\/users\/5"}],"replies":[{"embeddable":true,"href":"https:\/\/reporteroshoy.mx\/noticias\/wp-json\/wp\/v2\/comments?post=120912"}],"version-history":[{"count":0,"href":"https:\/\/reporteroshoy.mx\/noticias\/wp-json\/wp\/v2\/posts\/120912\/revisions"}],"wp:featuredmedia":[{"embeddable":true,"href":"https:\/\/reporteroshoy.mx\/noticias\/wp-json\/wp\/v2\/media\/120914"}],"wp:attachment":[{"href":"https:\/\/reporteroshoy.mx\/noticias\/wp-json\/wp\/v2\/media?parent=120912"}],"wp:term":[{"taxonomy":"category","embeddable":true,"href":"https:\/\/reporteroshoy.mx\/noticias\/wp-json\/wp\/v2\/categories?post=120912"},{"taxonomy":"post_tag","embeddable":true,"href":"https:\/\/reporteroshoy.mx\/noticias\/wp-json\/wp\/v2\/tags?post=120912"}],"curies":[{"name":"wp","href":"https:\/\/api.w.org\/{rel}","templated":true}]}}