{"id":121949,"date":"2025-06-02T12:04:33","date_gmt":"2025-06-02T18:04:33","guid":{"rendered":"https:\/\/reporteroshoy.mx\/noticias\/?p=121949"},"modified":"2025-06-02T12:04:33","modified_gmt":"2025-06-02T18:04:33","slug":"imss-yucatan-inaugura-guarderia-en-motul-para-150-infantes","status":"publish","type":"post","link":"https:\/\/reporteroshoy.mx\/noticias\/imss-yucatan-inaugura-guarderia-en-motul-para-150-infantes\/","title":{"rendered":"IMSS Yucat\u00e1n inaugura guarder\u00eda en Motul para 150 infantes"},"content":{"rendered":"<p class=\"x_MsoNormal\" style=\"text-align: justify;\"><span data-olk-copy-source=\"MessageBody\">El Instituto Mexicano del Seguro Social (<strong><span style=\"color: #0000ff;\"><a style=\"color: #0000ff;\" href=\"https:\/\/www.facebook.com\/IMSSyuc\/?locale=es_LA\">IMSS<\/a><\/span><\/strong>) en Yucat\u00e1n llev\u00f3 a cabo la inauguraci\u00f3n de la Guarder\u00eda vecinal comunitaria \u00fanica, n\u00famero U-1759 \u201cDelia Yaniree Cruz Pool\u201d, ubicada en la localidad de Motul, con el objetivo de ofrecer a la poblaci\u00f3n trabajadora el R\u00e9gimen Obligatorio del Instituto, un espacio seguro y saludable para que sus hijas e hijos, a trav\u00e9s de diferentes acciones y estrategias enfocadas a su salud f\u00edsica, mental y emocional, puedan tener un desarrollo integral, sana alimentaci\u00f3n, as\u00ed como \u00e1reas espec\u00edficas donde puedan fortalecer sus habilidades psicomotrices, con personal altamente calificado y capacitado para ofrecer a las y los infantes, el mejor de los servicios para su bienestar.<\/span><\/p>\n<p><img loading=\"lazy\" decoding=\"async\" class=\"aligncenter wp-image-121950\" src=\"https:\/\/reporteroshoy.mx\/noticias\/wp-content\/uploads\/2025\/06\/Guarderia-Motul1-scaled.jpg\" alt=\"IMSS Yucat\u00e1n inaugura guarder\u00eda en Motul para 150 infantes\" width=\"600\" height=\"338\" srcset=\"https:\/\/reporteroshoy.mx\/noticias\/wp-content\/uploads\/2025\/06\/Guarderia-Motul1-scaled.jpg 768w, https:\/\/reporteroshoy.mx\/noticias\/wp-content\/uploads\/2025\/06\/Guarderia-Motul1-1536x864.jpg 1536w\" sizes=\"auto, (max-width: 600px) 100vw, 600px\" \/><\/p>\n<p class=\"x_MsoNormal\" style=\"text-align: justify;\">El titular del IMSS en Yucat\u00e1n, doctor Alonso Sansores R\u00edo, realiz\u00f3 un recorrido acompa\u00f1ado por la doctora Rub\u00ed Sandoval Cruz, titular de la Jefatura de Servicios de Salud en el Trabajo, Prestaciones Econ\u00f3micas y Sociales, y Rilma del Rosario Jim\u00e9nez Interian, titular del Departamento de Guarder\u00edas, en donde inform\u00f3 que\u00a0esta guarder\u00eda tiene una capacidad de 150 lugares, y las madres y padres pueden tener la seguridad de que, mientras ellos trabajan, sus hijas e hijos est\u00e1n bajo el cuidado de personal capacitado y comprometido con ofrecer a los infantes, herramientas educativas necesarias, as\u00ed como atenci\u00f3n de calidad en los rubros pedag\u00f3gicos, l\u00fadicos, nutricionales y recreativos.<\/p>\n<p class=\"x_MsoNormal\" style=\"text-align: justify;\">El\u00a0<span lang=\"ES\">tr\u00e1mite de inscripci\u00f3n se puede realizar por internet o de manera presencial directamente en el plantel. Quienes pueden solicitar este servicio son las y los trabajadores asegurados bajo el R\u00e9gimen Obligatorio del IMSS.<\/span><\/p>\n<p class=\"x_MsoNormal\" style=\"text-align: justify;\"><span lang=\"ES\">Los interesados en iniciar el tr\u00e1mite de inscripci\u00f3n de manera presencial pueden acudir directamente a la guarder\u00eda, que se encuentra ubicada en Calle 24 n\u00famero 305, colonia Centro, Motul, Yucat\u00e1n.<\/span><\/p>\n<p><img loading=\"lazy\" decoding=\"async\" class=\"aligncenter wp-image-121951\" src=\"https:\/\/reporteroshoy.mx\/noticias\/wp-content\/uploads\/2025\/06\/Guarderia-Motul2-scaled.jpg\" alt=\"IMSS Yucat\u00e1n inaugura guarder\u00eda en Motul para 150 infantes\" width=\"600\" height=\"338\" srcset=\"https:\/\/reporteroshoy.mx\/noticias\/wp-content\/uploads\/2025\/06\/Guarderia-Motul2-scaled.jpg 768w, https:\/\/reporteroshoy.mx\/noticias\/wp-content\/uploads\/2025\/06\/Guarderia-Motul2-1536x864.jpg 1536w\" sizes=\"auto, (max-width: 600px) 100vw, 600px\" \/><\/p>\n<p class=\"x_MsoNormal\" style=\"text-align: justify;\"><span lang=\"ES\">Por otro lado, para el tr\u00e1mite de inscripci\u00f3n por Internet solo se requiere ingresar a la <\/span><span lang=\"ES\">p\u00e1gina\u00a0<\/span><a title=\"https:\/\/stigi.imss.gob.mx\/\" href=\"https:\/\/stigi.imss.gob.mx\/\" target=\"_blank\" rel=\"noopener noreferrer\" data-auth=\"NotApplicable\" data-linkindex=\"0\">https:\/\/stigi.imss.gob.mx\/\u00a0\u00a0\u00a0<\/a><span lang=\"ES\" data-olk-copy-source=\"MessageBody\">en el horario para registrar la solicitud es de lunes a viernes, de 7:00 a 19:00 horas.<\/span><\/p>\n<p class=\"x_MsoNormal\" style=\"text-align: justify;\"><span lang=\"ES\">\u00a0<\/span><span lang=\"ES\">Actualmente, el Seguro Social en Yucat\u00e1n cuenta con una red de 25 guarder\u00edas, que representan cerca de 4 mil lugares para atender a las ni\u00f1as y ni\u00f1os.<\/span><\/p>\n<p class=\"x_MsoNormal\" style=\"text-align: justify;\"><span lang=\"ES\">\u00a0<\/span><span lang=\"ES\">El Instituto en el estado reitera que en el servicio de Guarder\u00eda se atiende el desarrollo integral de todas sus ni\u00f1as y ni\u00f1os, a trav\u00e9s del cuidado, la educaci\u00f3n y el fortalecimiento de su salud.<\/span><a id=\"LPlnk521406\" title=\"https:\/\/stigi.imss.gob.mx\/\" href=\"https:\/\/stigi.imss.gob.mx\/\" target=\"_blank\" rel=\"noopener noreferrer\" data-auth=\"NotApplicable\" data-linkindex=\"0\"><\/a><\/p>\n","protected":false},"excerpt":{"rendered":"<p>El IMSS inaugur\u00f3 en Motul una guarder\u00eda comunitaria que brindar\u00e1 atenci\u00f3n integral a 150 infantes con personal capacitado.<\/p>\n","protected":false},"author":9,"featured_media":121952,"comment_status":"open","ping_status":"closed","sticky":false,"template":"","format":"standard","meta":{"footnotes":""},"categories":[17],"tags":[17474,2201,103],"class_list":["post-121949","post","type-post","status-publish","format-standard","has-post-thumbnail","hentry","category-yucatan","tag-guarderia","tag-imss-yucatan","tag-motul"],"yoast_head":"<!-- This site is optimized with the Yoast SEO plugin v28.4 - https:\/\/yoast.com\/product\/yoast-seo-wordpress\/ -->\n<title>IMSS Yucat\u00e1n inaugura guarder\u00eda en Motul para 150 infantes<\/title>\n<meta name=\"description\" content=\"El IMSS inaugur\u00f3 en Motul una guarder\u00eda comunitaria que brindar\u00e1 atenci\u00f3n integral a 150 infantes con personal capacitado.\" \/>\n<meta name=\"robots\" content=\"index, follow, max-snippet:-1, max-image-preview:large, max-video-preview:-1\" \/>\n<link rel=\"canonical\" href=\"https:\/\/reporteroshoy.mx\/noticias\/imss-yucatan-inaugura-guarderia-en-motul-para-150-infantes\/\" \/>\n<meta property=\"og:locale\" content=\"es_ES\" \/>\n<meta property=\"og:type\" content=\"article\" \/>\n<meta property=\"og:title\" content=\"IMSS Yucat\u00e1n inaugura guarder\u00eda en Motul para 150 infantes\" \/>\n<meta property=\"og:description\" content=\"El IMSS inaugur\u00f3 en Motul una guarder\u00eda comunitaria que brindar\u00e1 atenci\u00f3n integral a 150 infantes con personal capacitado.\" \/>\n<meta property=\"og:url\" content=\"https:\/\/reporteroshoy.mx\/noticias\/imss-yucatan-inaugura-guarderia-en-motul-para-150-infantes\/\" \/>\n<meta property=\"og:site_name\" content=\"Reporteros Hoy | Noticias de Yucat\u00e1n\" \/>\n<meta property=\"article:publisher\" content=\"http:\/\/www.facebook.com\/reporteroshoymx\" \/>\n<meta property=\"article:published_time\" content=\"2025-06-02T18:04:33+00:00\" \/>\n<meta property=\"og:image\" content=\"https:\/\/reporteroshoy.mx\/noticias\/wp-content\/uploads\/2025\/06\/Guarderia-Motul-scaled.jpg\" \/>\n\t<meta property=\"og:image:width\" content=\"768\" \/>\n\t<meta property=\"og:image:height\" content=\"432\" \/>\n\t<meta property=\"og:image:type\" content=\"image\/jpeg\" \/>\n<meta name=\"author\" content=\"Reporteros Hoy WP\" \/>\n<meta name=\"twitter:card\" content=\"summary_large_image\" \/>\n<meta name=\"twitter:creator\" content=\"@reporteroshoy\" \/>\n<meta name=\"twitter:site\" content=\"@reporteroshoy\" \/>\n<meta name=\"twitter:label1\" content=\"Escrito por\" \/>\n\t<meta name=\"twitter:data1\" content=\"Reporteros Hoy WP\" \/>\n\t<meta name=\"twitter:label2\" content=\"Tiempo de lectura\" \/>\n\t<meta name=\"twitter:data2\" content=\"3 minutos\" \/>\n<script type=\"application\/ld+json\" class=\"yoast-schema-graph\">{\"@context\":\"https:\\\/\\\/schema.org\",\"@graph\":[{\"@type\":\"Article\",\"@id\":\"https:\\\/\\\/reporteroshoy.mx\\\/noticias\\\/imss-yucatan-inaugura-guarderia-en-motul-para-150-infantes\\\/#article\",\"isPartOf\":{\"@id\":\"https:\\\/\\\/reporteroshoy.mx\\\/noticias\\\/imss-yucatan-inaugura-guarderia-en-motul-para-150-infantes\\\/\"},\"author\":{\"name\":\"Reporteros Hoy WP\",\"@id\":\"https:\\\/\\\/reporteroshoy.mx\\\/noticias\\\/#\\\/schema\\\/person\\\/c977527e57c958a62c5cefe8fe47876e\"},\"headline\":\"IMSS Yucat\u00e1n inaugura guarder\u00eda en Motul para 150 infantes\",\"datePublished\":\"2025-06-02T18:04:33+00:00\",\"mainEntityOfPage\":{\"@id\":\"https:\\\/\\\/reporteroshoy.mx\\\/noticias\\\/imss-yucatan-inaugura-guarderia-en-motul-para-150-infantes\\\/\"},\"wordCount\":425,\"commentCount\":0,\"image\":{\"@id\":\"https:\\\/\\\/reporteroshoy.mx\\\/noticias\\\/imss-yucatan-inaugura-guarderia-en-motul-para-150-infantes\\\/#primaryimage\"},\"thumbnailUrl\":\"https:\\\/\\\/reporteroshoy.mx\\\/noticias\\\/wp-content\\\/uploads\\\/2025\\\/06\\\/Guarderia-Motul-scaled.jpg\",\"keywords\":[\"Guarder\u00eda\",\"IMSS Yucat\u00e1n\",\"Motul\"],\"articleSection\":[\"Yucat\u00e1n\"],\"inLanguage\":\"es\",\"potentialAction\":[{\"@type\":\"CommentAction\",\"name\":\"Comment\",\"target\":[\"https:\\\/\\\/reporteroshoy.mx\\\/noticias\\\/imss-yucatan-inaugura-guarderia-en-motul-para-150-infantes\\\/#respond\"]}]},{\"@type\":\"WebPage\",\"@id\":\"https:\\\/\\\/reporteroshoy.mx\\\/noticias\\\/imss-yucatan-inaugura-guarderia-en-motul-para-150-infantes\\\/\",\"url\":\"https:\\\/\\\/reporteroshoy.mx\\\/noticias\\\/imss-yucatan-inaugura-guarderia-en-motul-para-150-infantes\\\/\",\"name\":\"IMSS Yucat\u00e1n inaugura guarder\u00eda en Motul para 150 infantes\",\"isPartOf\":{\"@id\":\"https:\\\/\\\/reporteroshoy.mx\\\/noticias\\\/#website\"},\"primaryImageOfPage\":{\"@id\":\"https:\\\/\\\/reporteroshoy.mx\\\/noticias\\\/imss-yucatan-inaugura-guarderia-en-motul-para-150-infantes\\\/#primaryimage\"},\"image\":{\"@id\":\"https:\\\/\\\/reporteroshoy.mx\\\/noticias\\\/imss-yucatan-inaugura-guarderia-en-motul-para-150-infantes\\\/#primaryimage\"},\"thumbnailUrl\":\"https:\\\/\\\/reporteroshoy.mx\\\/noticias\\\/wp-content\\\/uploads\\\/2025\\\/06\\\/Guarderia-Motul-scaled.jpg\",\"datePublished\":\"2025-06-02T18:04:33+00:00\",\"author\":{\"@id\":\"https:\\\/\\\/reporteroshoy.mx\\\/noticias\\\/#\\\/schema\\\/person\\\/c977527e57c958a62c5cefe8fe47876e\"},\"description\":\"El IMSS inaugur\u00f3 en Motul una guarder\u00eda comunitaria que brindar\u00e1 atenci\u00f3n integral a 150 infantes con personal capacitado.\",\"breadcrumb\":{\"@id\":\"https:\\\/\\\/reporteroshoy.mx\\\/noticias\\\/imss-yucatan-inaugura-guarderia-en-motul-para-150-infantes\\\/#breadcrumb\"},\"inLanguage\":\"es\",\"potentialAction\":[{\"@type\":\"ReadAction\",\"target\":[\"https:\\\/\\\/reporteroshoy.mx\\\/noticias\\\/imss-yucatan-inaugura-guarderia-en-motul-para-150-infantes\\\/\"]}]},{\"@type\":\"ImageObject\",\"inLanguage\":\"es\",\"@id\":\"https:\\\/\\\/reporteroshoy.mx\\\/noticias\\\/imss-yucatan-inaugura-guarderia-en-motul-para-150-infantes\\\/#primaryimage\",\"url\":\"https:\\\/\\\/reporteroshoy.mx\\\/noticias\\\/wp-content\\\/uploads\\\/2025\\\/06\\\/Guarderia-Motul-scaled.jpg\",\"contentUrl\":\"https:\\\/\\\/reporteroshoy.mx\\\/noticias\\\/wp-content\\\/uploads\\\/2025\\\/06\\\/Guarderia-Motul-scaled.jpg\",\"width\":768,\"height\":432,\"caption\":\"IMSS Yucat\u00e1n inaugura guarder\u00eda en Motul para 150 infantes\"},{\"@type\":\"BreadcrumbList\",\"@id\":\"https:\\\/\\\/reporteroshoy.mx\\\/noticias\\\/imss-yucatan-inaugura-guarderia-en-motul-para-150-infantes\\\/#breadcrumb\",\"itemListElement\":[{\"@type\":\"ListItem\",\"position\":1,\"name\":\"Portada\",\"item\":\"https:\\\/\\\/reporteroshoy.mx\\\/noticias\\\/\"},{\"@type\":\"ListItem\",\"position\":2,\"name\":\"IMSS Yucat\u00e1n inaugura guarder\u00eda en Motul para 150 infantes\"}]},{\"@type\":\"WebSite\",\"@id\":\"https:\\\/\\\/reporteroshoy.mx\\\/noticias\\\/#website\",\"url\":\"https:\\\/\\\/reporteroshoy.mx\\\/noticias\\\/\",\"name\":\"Reporteros Hoy | Noticias de Yucat\u00e1n\",\"description\":\"Peri\u00f3dico digital con noticias diarias desde M\u00e9rida, Yucat\u00e1n para el mundo.\",\"potentialAction\":[{\"@type\":\"SearchAction\",\"target\":{\"@type\":\"EntryPoint\",\"urlTemplate\":\"https:\\\/\\\/reporteroshoy.mx\\\/noticias\\\/?s={search_term_string}\"},\"query-input\":{\"@type\":\"PropertyValueSpecification\",\"valueRequired\":true,\"valueName\":\"search_term_string\"}}],\"inLanguage\":\"es\"},{\"@type\":\"Person\",\"@id\":\"https:\\\/\\\/reporteroshoy.mx\\\/noticias\\\/#\\\/schema\\\/person\\\/c977527e57c958a62c5cefe8fe47876e\",\"name\":\"Reporteros Hoy WP\",\"image\":{\"@type\":\"ImageObject\",\"inLanguage\":\"es\",\"@id\":\"https:\\\/\\\/secure.gravatar.com\\\/avatar\\\/fd2917f79a7dae30f8ac9ddc2f35e1756bb59e25e01d1cd09deaa64df7b2f73e?s=96&d=mm&r=g\",\"url\":\"https:\\\/\\\/secure.gravatar.com\\\/avatar\\\/fd2917f79a7dae30f8ac9ddc2f35e1756bb59e25e01d1cd09deaa64df7b2f73e?s=96&d=mm&r=g\",\"contentUrl\":\"https:\\\/\\\/secure.gravatar.com\\\/avatar\\\/fd2917f79a7dae30f8ac9ddc2f35e1756bb59e25e01d1cd09deaa64df7b2f73e?s=96&d=mm&r=g\",\"caption\":\"Reporteros Hoy WP\"},\"url\":\"https:\\\/\\\/reporteroshoy.mx\\\/noticias\\\/author\\\/walfer\\\/\"}]}<\/script>\n<!-- \/ Yoast SEO plugin. -->","yoast_head_json":{"title":"IMSS Yucat\u00e1n inaugura guarder\u00eda en Motul para 150 infantes","description":"El IMSS inaugur\u00f3 en Motul una guarder\u00eda comunitaria que brindar\u00e1 atenci\u00f3n integral a 150 infantes con personal capacitado.","robots":{"index":"index","follow":"follow","max-snippet":"max-snippet:-1","max-image-preview":"max-image-preview:large","max-video-preview":"max-video-preview:-1"},"canonical":"https:\/\/reporteroshoy.mx\/noticias\/imss-yucatan-inaugura-guarderia-en-motul-para-150-infantes\/","og_locale":"es_ES","og_type":"article","og_title":"IMSS Yucat\u00e1n inaugura guarder\u00eda en Motul para 150 infantes","og_description":"El IMSS inaugur\u00f3 en Motul una guarder\u00eda comunitaria que brindar\u00e1 atenci\u00f3n integral a 150 infantes con personal capacitado.","og_url":"https:\/\/reporteroshoy.mx\/noticias\/imss-yucatan-inaugura-guarderia-en-motul-para-150-infantes\/","og_site_name":"Reporteros Hoy | Noticias de Yucat\u00e1n","article_publisher":"http:\/\/www.facebook.com\/reporteroshoymx","article_published_time":"2025-06-02T18:04:33+00:00","og_image":[{"width":768,"height":432,"url":"https:\/\/reporteroshoy.mx\/noticias\/wp-content\/uploads\/2025\/06\/Guarderia-Motul-scaled.jpg","type":"image\/jpeg"}],"author":"Reporteros Hoy WP","twitter_card":"summary_large_image","twitter_creator":"@reporteroshoy","twitter_site":"@reporteroshoy","twitter_misc":{"Escrito por":"Reporteros Hoy WP","Tiempo de lectura":"3 minutos"},"schema":{"@context":"https:\/\/schema.org","@graph":[{"@type":"Article","@id":"https:\/\/reporteroshoy.mx\/noticias\/imss-yucatan-inaugura-guarderia-en-motul-para-150-infantes\/#article","isPartOf":{"@id":"https:\/\/reporteroshoy.mx\/noticias\/imss-yucatan-inaugura-guarderia-en-motul-para-150-infantes\/"},"author":{"name":"Reporteros Hoy WP","@id":"https:\/\/reporteroshoy.mx\/noticias\/#\/schema\/person\/c977527e57c958a62c5cefe8fe47876e"},"headline":"IMSS Yucat\u00e1n inaugura guarder\u00eda en Motul para 150 infantes","datePublished":"2025-06-02T18:04:33+00:00","mainEntityOfPage":{"@id":"https:\/\/reporteroshoy.mx\/noticias\/imss-yucatan-inaugura-guarderia-en-motul-para-150-infantes\/"},"wordCount":425,"commentCount":0,"image":{"@id":"https:\/\/reporteroshoy.mx\/noticias\/imss-yucatan-inaugura-guarderia-en-motul-para-150-infantes\/#primaryimage"},"thumbnailUrl":"https:\/\/reporteroshoy.mx\/noticias\/wp-content\/uploads\/2025\/06\/Guarderia-Motul-scaled.jpg","keywords":["Guarder\u00eda","IMSS Yucat\u00e1n","Motul"],"articleSection":["Yucat\u00e1n"],"inLanguage":"es","potentialAction":[{"@type":"CommentAction","name":"Comment","target":["https:\/\/reporteroshoy.mx\/noticias\/imss-yucatan-inaugura-guarderia-en-motul-para-150-infantes\/#respond"]}]},{"@type":"WebPage","@id":"https:\/\/reporteroshoy.mx\/noticias\/imss-yucatan-inaugura-guarderia-en-motul-para-150-infantes\/","url":"https:\/\/reporteroshoy.mx\/noticias\/imss-yucatan-inaugura-guarderia-en-motul-para-150-infantes\/","name":"IMSS Yucat\u00e1n inaugura guarder\u00eda en Motul para 150 infantes","isPartOf":{"@id":"https:\/\/reporteroshoy.mx\/noticias\/#website"},"primaryImageOfPage":{"@id":"https:\/\/reporteroshoy.mx\/noticias\/imss-yucatan-inaugura-guarderia-en-motul-para-150-infantes\/#primaryimage"},"image":{"@id":"https:\/\/reporteroshoy.mx\/noticias\/imss-yucatan-inaugura-guarderia-en-motul-para-150-infantes\/#primaryimage"},"thumbnailUrl":"https:\/\/reporteroshoy.mx\/noticias\/wp-content\/uploads\/2025\/06\/Guarderia-Motul-scaled.jpg","datePublished":"2025-06-02T18:04:33+00:00","author":{"@id":"https:\/\/reporteroshoy.mx\/noticias\/#\/schema\/person\/c977527e57c958a62c5cefe8fe47876e"},"description":"El IMSS inaugur\u00f3 en Motul una guarder\u00eda comunitaria que brindar\u00e1 atenci\u00f3n integral a 150 infantes con personal capacitado.","breadcrumb":{"@id":"https:\/\/reporteroshoy.mx\/noticias\/imss-yucatan-inaugura-guarderia-en-motul-para-150-infantes\/#breadcrumb"},"inLanguage":"es","potentialAction":[{"@type":"ReadAction","target":["https:\/\/reporteroshoy.mx\/noticias\/imss-yucatan-inaugura-guarderia-en-motul-para-150-infantes\/"]}]},{"@type":"ImageObject","inLanguage":"es","@id":"https:\/\/reporteroshoy.mx\/noticias\/imss-yucatan-inaugura-guarderia-en-motul-para-150-infantes\/#primaryimage","url":"https:\/\/reporteroshoy.mx\/noticias\/wp-content\/uploads\/2025\/06\/Guarderia-Motul-scaled.jpg","contentUrl":"https:\/\/reporteroshoy.mx\/noticias\/wp-content\/uploads\/2025\/06\/Guarderia-Motul-scaled.jpg","width":768,"height":432,"caption":"IMSS Yucat\u00e1n inaugura guarder\u00eda en Motul para 150 infantes"},{"@type":"BreadcrumbList","@id":"https:\/\/reporteroshoy.mx\/noticias\/imss-yucatan-inaugura-guarderia-en-motul-para-150-infantes\/#breadcrumb","itemListElement":[{"@type":"ListItem","position":1,"name":"Portada","item":"https:\/\/reporteroshoy.mx\/noticias\/"},{"@type":"ListItem","position":2,"name":"IMSS Yucat\u00e1n inaugura guarder\u00eda en Motul para 150 infantes"}]},{"@type":"WebSite","@id":"https:\/\/reporteroshoy.mx\/noticias\/#website","url":"https:\/\/reporteroshoy.mx\/noticias\/","name":"Reporteros Hoy | Noticias de Yucat\u00e1n","description":"Peri\u00f3dico digital con noticias diarias desde M\u00e9rida, Yucat\u00e1n para el mundo.","potentialAction":[{"@type":"SearchAction","target":{"@type":"EntryPoint","urlTemplate":"https:\/\/reporteroshoy.mx\/noticias\/?s={search_term_string}"},"query-input":{"@type":"PropertyValueSpecification","valueRequired":true,"valueName":"search_term_string"}}],"inLanguage":"es"},{"@type":"Person","@id":"https:\/\/reporteroshoy.mx\/noticias\/#\/schema\/person\/c977527e57c958a62c5cefe8fe47876e","name":"Reporteros Hoy WP","image":{"@type":"ImageObject","inLanguage":"es","@id":"https:\/\/secure.gravatar.com\/avatar\/fd2917f79a7dae30f8ac9ddc2f35e1756bb59e25e01d1cd09deaa64df7b2f73e?s=96&d=mm&r=g","url":"https:\/\/secure.gravatar.com\/avatar\/fd2917f79a7dae30f8ac9ddc2f35e1756bb59e25e01d1cd09deaa64df7b2f73e?s=96&d=mm&r=g","contentUrl":"https:\/\/secure.gravatar.com\/avatar\/fd2917f79a7dae30f8ac9ddc2f35e1756bb59e25e01d1cd09deaa64df7b2f73e?s=96&d=mm&r=g","caption":"Reporteros Hoy WP"},"url":"https:\/\/reporteroshoy.mx\/noticias\/author\/walfer\/"}]}},"_links":{"self":[{"href":"https:\/\/reporteroshoy.mx\/noticias\/wp-json\/wp\/v2\/posts\/121949","targetHints":{"allow":["GET"]}}],"collection":[{"href":"https:\/\/reporteroshoy.mx\/noticias\/wp-json\/wp\/v2\/posts"}],"about":[{"href":"https:\/\/reporteroshoy.mx\/noticias\/wp-json\/wp\/v2\/types\/post"}],"author":[{"embeddable":true,"href":"https:\/\/reporteroshoy.mx\/noticias\/wp-json\/wp\/v2\/users\/9"}],"replies":[{"embeddable":true,"href":"https:\/\/reporteroshoy.mx\/noticias\/wp-json\/wp\/v2\/comments?post=121949"}],"version-history":[{"count":0,"href":"https:\/\/reporteroshoy.mx\/noticias\/wp-json\/wp\/v2\/posts\/121949\/revisions"}],"wp:featuredmedia":[{"embeddable":true,"href":"https:\/\/reporteroshoy.mx\/noticias\/wp-json\/wp\/v2\/media\/121952"}],"wp:attachment":[{"href":"https:\/\/reporteroshoy.mx\/noticias\/wp-json\/wp\/v2\/media?parent=121949"}],"wp:term":[{"taxonomy":"category","embeddable":true,"href":"https:\/\/reporteroshoy.mx\/noticias\/wp-json\/wp\/v2\/categories?post=121949"},{"taxonomy":"post_tag","embeddable":true,"href":"https:\/\/reporteroshoy.mx\/noticias\/wp-json\/wp\/v2\/tags?post=121949"}],"curies":[{"name":"wp","href":"https:\/\/api.w.org\/{rel}","templated":true}]}}