{"id":122640,"date":"2025-07-04T18:05:36","date_gmt":"2025-07-05T00:05:36","guid":{"rendered":"https:\/\/reporteroshoy.mx\/noticias\/?p=122640"},"modified":"2025-07-05T02:23:15","modified_gmt":"2025-07-05T08:23:15","slug":"la-vaqueria-de-merida-celebrara-43-anos-ininterrumpidos","status":"publish","type":"post","link":"https:\/\/reporteroshoy.mx\/noticias\/la-vaqueria-de-merida-celebrara-43-anos-ininterrumpidos\/","title":{"rendered":"La Vaquer\u00eda de M\u00e9rida celebrar\u00e1 43 a\u00f1os ininterrumpidos"},"content":{"rendered":"<p style=\"text-align: justify;\">Con m\u00e1s de 80 bailarines en escena y orquesta en vivo, este lunes 7 de julio la Vaquer\u00eda Yucateca festejar\u00e1 su 43 aniversario con una colorida y alegre fiesta en punto de las 9 de la noche en los bajos del Palacio Municipal.<\/p>\n<p style=\"text-align: justify;\">Ataviadas con coloridos ternos y rosarios de filigrana y, los hombres, con filipina blanca y elegantes alpargatas, el grupo folkl\u00f3rico deleitar\u00e1 a los asistentes con repertorio musical que incluye los acordes de la jarana \u201cAires Yucatecos\u201d, sones y jaranas tan conocidas como \u201cNict\u00e9 Ha\u201d, \u201cLas mujeres que se pintan\u201d, \u201cChinito koy koy\u201d, entre muchas m\u00e1s, hasta llegar al tradicional son de jaleo, el \u201cTorito\u201d.<\/p>\n<p><img loading=\"lazy\" decoding=\"async\" class=\"alignnone size-full wp-image-122632\" src=\"https:\/\/reporteroshoy.mx\/noticias\/wp-content\/uploads\/2025\/07\/VAQUERIA-1-scaled.jpg\" alt=\"\" width=\"768\" height=\"513\" srcset=\"https:\/\/reporteroshoy.mx\/noticias\/wp-content\/uploads\/2025\/07\/VAQUERIA-1-scaled.jpg 768w, https:\/\/reporteroshoy.mx\/noticias\/wp-content\/uploads\/2025\/07\/VAQUERIA-1-1536x1025.jpg 1536w\" sizes=\"auto, (max-width: 768px) 100vw, 768px\" \/><\/p>\n<p style=\"text-align: justify;\">Tambi\u00e9n participar\u00e1n los maestros Sergio C\u00e1mara Gurbiel, como declamador, y Ra\u00fal Lam Medina como conductor del programa.<\/p>\n<p style=\"text-align: justify;\">La historia de este espect\u00e1culo que se ha consolidado dentro del gusto del p\u00fablico local y extranjero inicia en 1982, cuando el director de Cultura y Turismo Luis P\u00e9rez Sabido, buscando un espacio digno para las presentaciones de la vaquer\u00eda a cargo del grupo folcl\u00f3rico de la instituci\u00f3n, realiz\u00f3 la adaptaci\u00f3n en la parte posterior del Palacio Municipal, actualmente conocido como El Jard\u00edn de los compositores.<\/p>\n<p style=\"text-align: justify;\">Debido al \u00e9xito, en 1985 a iniciativa del alcalde Herb\u00e9 Rodr\u00edguez Abraham, se trasladaron al frente del Palacio Municipal, donde hasta la fecha se siguen efectuando.<\/p>\n<p><img loading=\"lazy\" decoding=\"async\" class=\"alignnone size-full wp-image-122633\" src=\"https:\/\/reporteroshoy.mx\/noticias\/wp-content\/uploads\/2025\/07\/VAQUERIA-4-scaled.jpg\" alt=\"\" width=\"768\" height=\"512\" \/><\/p>\n<p style=\"text-align: justify;\">Hace algunos a\u00f1os, a las presentaciones de la vaquer\u00eda se integraron los Ballets Folcl\u00f3ricos Representativo y Ballet Folcl\u00f3rico del Adulto Mayor, siendo actualmente 5 Ballets Folcl\u00f3ricos de alta calidad con los que cuenta el Ayuntamiento de M\u00e9rida, dirigidos por: Irene Andrade Burgos (Titular), Evelin Arz\u00e1palo Caballero (Infantil), Joel Agust\u00edn Baas (Juvenil), Jairo Aban Zapata (Representativo) y Omar Ortiz Canul (Adulto Mayor).<\/p>\n<p style=\"text-align: justify;\">\n","protected":false},"excerpt":{"rendered":"<p>Con m\u00e1s de 80 bailarines en escena y orquesta en vivo, la vaquer\u00eda conmemorar\u00e1 su aniversario con una colorida y alegre fiesta.<\/p>\n","protected":false},"author":5,"featured_media":122632,"comment_status":"open","ping_status":"closed","sticky":false,"template":"","format":"standard","meta":{"footnotes":""},"categories":[3],"tags":[24,2622,1378],"class_list":["post-122640","post","type-post","status-publish","format-standard","has-post-thumbnail","hentry","category-cultura","tag-ayuntamiento-de-merida","tag-cultura","tag-vaqueria"],"yoast_head":"<!-- This site is optimized with the Yoast SEO plugin v28.4 - https:\/\/yoast.com\/product\/yoast-seo-wordpress\/ -->\n<title>La Vaquer\u00eda de M\u00e9rida celebrar\u00e1 43 a\u00f1os ininterrumpidos<\/title>\n<meta name=\"description\" content=\"Con m\u00e1s de 80 bailarines en escena y orquesta en vivo, la vaquer\u00eda conmemorar\u00e1 su aniversario con una colorida y alegre fiesta.\" \/>\n<meta name=\"robots\" content=\"index, follow, max-snippet:-1, max-image-preview:large, max-video-preview:-1\" \/>\n<link rel=\"canonical\" href=\"https:\/\/reporteroshoy.mx\/noticias\/la-vaqueria-de-merida-celebrara-43-anos-ininterrumpidos\/\" \/>\n<meta property=\"og:locale\" content=\"es_ES\" \/>\n<meta property=\"og:type\" content=\"article\" \/>\n<meta property=\"og:title\" content=\"La Vaquer\u00eda de M\u00e9rida celebrar\u00e1 43 a\u00f1os ininterrumpidos\" \/>\n<meta property=\"og:description\" content=\"Con m\u00e1s de 80 bailarines en escena y orquesta en vivo, la vaquer\u00eda conmemorar\u00e1 su aniversario con una colorida y alegre fiesta.\" \/>\n<meta property=\"og:url\" content=\"https:\/\/reporteroshoy.mx\/noticias\/la-vaqueria-de-merida-celebrara-43-anos-ininterrumpidos\/\" \/>\n<meta property=\"og:site_name\" content=\"Reporteros Hoy | Noticias de Yucat\u00e1n\" \/>\n<meta property=\"article:publisher\" content=\"http:\/\/www.facebook.com\/reporteroshoymx\" \/>\n<meta property=\"article:published_time\" content=\"2025-07-05T00:05:36+00:00\" \/>\n<meta property=\"article:modified_time\" content=\"2025-07-05T08:23:15+00:00\" \/>\n<meta property=\"og:image\" content=\"https:\/\/reporteroshoy.mx\/noticias\/wp-content\/uploads\/2025\/07\/VAQUERIA-1-scaled.jpg\" \/>\n\t<meta property=\"og:image:width\" content=\"768\" \/>\n\t<meta property=\"og:image:height\" content=\"513\" \/>\n\t<meta property=\"og:image:type\" content=\"image\/jpeg\" \/>\n<meta name=\"author\" content=\"Reporteros Hoy IM\" \/>\n<meta name=\"twitter:card\" content=\"summary_large_image\" \/>\n<meta name=\"twitter:creator\" content=\"@reporteroshoy\" \/>\n<meta name=\"twitter:site\" content=\"@reporteroshoy\" \/>\n<meta name=\"twitter:label1\" content=\"Escrito por\" \/>\n\t<meta name=\"twitter:data1\" content=\"Reporteros Hoy IM\" \/>\n\t<meta name=\"twitter:label2\" content=\"Tiempo de lectura\" \/>\n\t<meta name=\"twitter:data2\" content=\"2 minutos\" \/>\n<script type=\"application\/ld+json\" class=\"yoast-schema-graph\">{\"@context\":\"https:\\\/\\\/schema.org\",\"@graph\":[{\"@type\":\"Article\",\"@id\":\"https:\\\/\\\/reporteroshoy.mx\\\/noticias\\\/la-vaqueria-de-merida-celebrara-43-anos-ininterrumpidos\\\/#article\",\"isPartOf\":{\"@id\":\"https:\\\/\\\/reporteroshoy.mx\\\/noticias\\\/la-vaqueria-de-merida-celebrara-43-anos-ininterrumpidos\\\/\"},\"author\":{\"name\":\"Reporteros Hoy IM\",\"@id\":\"https:\\\/\\\/reporteroshoy.mx\\\/noticias\\\/#\\\/schema\\\/person\\\/948520f0d88b01be2e5266bc4acbbc15\"},\"headline\":\"La Vaquer\u00eda de M\u00e9rida celebrar\u00e1 43 a\u00f1os ininterrumpidos\",\"datePublished\":\"2025-07-05T00:05:36+00:00\",\"dateModified\":\"2025-07-05T08:23:15+00:00\",\"mainEntityOfPage\":{\"@id\":\"https:\\\/\\\/reporteroshoy.mx\\\/noticias\\\/la-vaqueria-de-merida-celebrara-43-anos-ininterrumpidos\\\/\"},\"wordCount\":305,\"commentCount\":0,\"image\":{\"@id\":\"https:\\\/\\\/reporteroshoy.mx\\\/noticias\\\/la-vaqueria-de-merida-celebrara-43-anos-ininterrumpidos\\\/#primaryimage\"},\"thumbnailUrl\":\"https:\\\/\\\/reporteroshoy.mx\\\/noticias\\\/wp-content\\\/uploads\\\/2025\\\/07\\\/VAQUERIA-1-scaled.jpg\",\"keywords\":[\"ayuntamiento de merida\",\"Cultura\",\"Vaquer\u00eda\"],\"articleSection\":[\"Cultura\"],\"inLanguage\":\"es\",\"potentialAction\":[{\"@type\":\"CommentAction\",\"name\":\"Comment\",\"target\":[\"https:\\\/\\\/reporteroshoy.mx\\\/noticias\\\/la-vaqueria-de-merida-celebrara-43-anos-ininterrumpidos\\\/#respond\"]}]},{\"@type\":\"WebPage\",\"@id\":\"https:\\\/\\\/reporteroshoy.mx\\\/noticias\\\/la-vaqueria-de-merida-celebrara-43-anos-ininterrumpidos\\\/\",\"url\":\"https:\\\/\\\/reporteroshoy.mx\\\/noticias\\\/la-vaqueria-de-merida-celebrara-43-anos-ininterrumpidos\\\/\",\"name\":\"La Vaquer\u00eda de M\u00e9rida celebrar\u00e1 43 a\u00f1os ininterrumpidos\",\"isPartOf\":{\"@id\":\"https:\\\/\\\/reporteroshoy.mx\\\/noticias\\\/#website\"},\"primaryImageOfPage\":{\"@id\":\"https:\\\/\\\/reporteroshoy.mx\\\/noticias\\\/la-vaqueria-de-merida-celebrara-43-anos-ininterrumpidos\\\/#primaryimage\"},\"image\":{\"@id\":\"https:\\\/\\\/reporteroshoy.mx\\\/noticias\\\/la-vaqueria-de-merida-celebrara-43-anos-ininterrumpidos\\\/#primaryimage\"},\"thumbnailUrl\":\"https:\\\/\\\/reporteroshoy.mx\\\/noticias\\\/wp-content\\\/uploads\\\/2025\\\/07\\\/VAQUERIA-1-scaled.jpg\",\"datePublished\":\"2025-07-05T00:05:36+00:00\",\"dateModified\":\"2025-07-05T08:23:15+00:00\",\"author\":{\"@id\":\"https:\\\/\\\/reporteroshoy.mx\\\/noticias\\\/#\\\/schema\\\/person\\\/948520f0d88b01be2e5266bc4acbbc15\"},\"description\":\"Con m\u00e1s de 80 bailarines en escena y orquesta en vivo, la vaquer\u00eda conmemorar\u00e1 su aniversario con una colorida y alegre fiesta.\",\"breadcrumb\":{\"@id\":\"https:\\\/\\\/reporteroshoy.mx\\\/noticias\\\/la-vaqueria-de-merida-celebrara-43-anos-ininterrumpidos\\\/#breadcrumb\"},\"inLanguage\":\"es\",\"potentialAction\":[{\"@type\":\"ReadAction\",\"target\":[\"https:\\\/\\\/reporteroshoy.mx\\\/noticias\\\/la-vaqueria-de-merida-celebrara-43-anos-ininterrumpidos\\\/\"]}]},{\"@type\":\"ImageObject\",\"inLanguage\":\"es\",\"@id\":\"https:\\\/\\\/reporteroshoy.mx\\\/noticias\\\/la-vaqueria-de-merida-celebrara-43-anos-ininterrumpidos\\\/#primaryimage\",\"url\":\"https:\\\/\\\/reporteroshoy.mx\\\/noticias\\\/wp-content\\\/uploads\\\/2025\\\/07\\\/VAQUERIA-1-scaled.jpg\",\"contentUrl\":\"https:\\\/\\\/reporteroshoy.mx\\\/noticias\\\/wp-content\\\/uploads\\\/2025\\\/07\\\/VAQUERIA-1-scaled.jpg\",\"width\":768,\"height\":513},{\"@type\":\"BreadcrumbList\",\"@id\":\"https:\\\/\\\/reporteroshoy.mx\\\/noticias\\\/la-vaqueria-de-merida-celebrara-43-anos-ininterrumpidos\\\/#breadcrumb\",\"itemListElement\":[{\"@type\":\"ListItem\",\"position\":1,\"name\":\"Portada\",\"item\":\"https:\\\/\\\/reporteroshoy.mx\\\/noticias\\\/\"},{\"@type\":\"ListItem\",\"position\":2,\"name\":\"La Vaquer\u00eda de M\u00e9rida celebrar\u00e1 43 a\u00f1os ininterrumpidos\"}]},{\"@type\":\"WebSite\",\"@id\":\"https:\\\/\\\/reporteroshoy.mx\\\/noticias\\\/#website\",\"url\":\"https:\\\/\\\/reporteroshoy.mx\\\/noticias\\\/\",\"name\":\"Reporteros Hoy | Noticias de Yucat\u00e1n\",\"description\":\"Peri\u00f3dico digital con noticias diarias desde M\u00e9rida, Yucat\u00e1n para el mundo.\",\"potentialAction\":[{\"@type\":\"SearchAction\",\"target\":{\"@type\":\"EntryPoint\",\"urlTemplate\":\"https:\\\/\\\/reporteroshoy.mx\\\/noticias\\\/?s={search_term_string}\"},\"query-input\":{\"@type\":\"PropertyValueSpecification\",\"valueRequired\":true,\"valueName\":\"search_term_string\"}}],\"inLanguage\":\"es\"},{\"@type\":\"Person\",\"@id\":\"https:\\\/\\\/reporteroshoy.mx\\\/noticias\\\/#\\\/schema\\\/person\\\/948520f0d88b01be2e5266bc4acbbc15\",\"name\":\"Reporteros Hoy IM\",\"image\":{\"@type\":\"ImageObject\",\"inLanguage\":\"es\",\"@id\":\"https:\\\/\\\/secure.gravatar.com\\\/avatar\\\/d843030b96552826ac048bdfe26f2895604b800ed0c880ee55765a74d95dfc65?s=96&d=mm&r=g\",\"url\":\"https:\\\/\\\/secure.gravatar.com\\\/avatar\\\/d843030b96552826ac048bdfe26f2895604b800ed0c880ee55765a74d95dfc65?s=96&d=mm&r=g\",\"contentUrl\":\"https:\\\/\\\/secure.gravatar.com\\\/avatar\\\/d843030b96552826ac048bdfe26f2895604b800ed0c880ee55765a74d95dfc65?s=96&d=mm&r=g\",\"caption\":\"Reporteros Hoy IM\"},\"url\":\"https:\\\/\\\/reporteroshoy.mx\\\/noticias\\\/author\\\/israel\\\/\"}]}<\/script>\n<!-- \/ Yoast SEO plugin. -->","yoast_head_json":{"title":"La Vaquer\u00eda de M\u00e9rida celebrar\u00e1 43 a\u00f1os ininterrumpidos","description":"Con m\u00e1s de 80 bailarines en escena y orquesta en vivo, la vaquer\u00eda conmemorar\u00e1 su aniversario con una colorida y alegre fiesta.","robots":{"index":"index","follow":"follow","max-snippet":"max-snippet:-1","max-image-preview":"max-image-preview:large","max-video-preview":"max-video-preview:-1"},"canonical":"https:\/\/reporteroshoy.mx\/noticias\/la-vaqueria-de-merida-celebrara-43-anos-ininterrumpidos\/","og_locale":"es_ES","og_type":"article","og_title":"La Vaquer\u00eda de M\u00e9rida celebrar\u00e1 43 a\u00f1os ininterrumpidos","og_description":"Con m\u00e1s de 80 bailarines en escena y orquesta en vivo, la vaquer\u00eda conmemorar\u00e1 su aniversario con una colorida y alegre fiesta.","og_url":"https:\/\/reporteroshoy.mx\/noticias\/la-vaqueria-de-merida-celebrara-43-anos-ininterrumpidos\/","og_site_name":"Reporteros Hoy | Noticias de Yucat\u00e1n","article_publisher":"http:\/\/www.facebook.com\/reporteroshoymx","article_published_time":"2025-07-05T00:05:36+00:00","article_modified_time":"2025-07-05T08:23:15+00:00","og_image":[{"width":768,"height":513,"url":"https:\/\/reporteroshoy.mx\/noticias\/wp-content\/uploads\/2025\/07\/VAQUERIA-1-scaled.jpg","type":"image\/jpeg"}],"author":"Reporteros Hoy IM","twitter_card":"summary_large_image","twitter_creator":"@reporteroshoy","twitter_site":"@reporteroshoy","twitter_misc":{"Escrito por":"Reporteros Hoy IM","Tiempo de lectura":"2 minutos"},"schema":{"@context":"https:\/\/schema.org","@graph":[{"@type":"Article","@id":"https:\/\/reporteroshoy.mx\/noticias\/la-vaqueria-de-merida-celebrara-43-anos-ininterrumpidos\/#article","isPartOf":{"@id":"https:\/\/reporteroshoy.mx\/noticias\/la-vaqueria-de-merida-celebrara-43-anos-ininterrumpidos\/"},"author":{"name":"Reporteros Hoy IM","@id":"https:\/\/reporteroshoy.mx\/noticias\/#\/schema\/person\/948520f0d88b01be2e5266bc4acbbc15"},"headline":"La Vaquer\u00eda de M\u00e9rida celebrar\u00e1 43 a\u00f1os ininterrumpidos","datePublished":"2025-07-05T00:05:36+00:00","dateModified":"2025-07-05T08:23:15+00:00","mainEntityOfPage":{"@id":"https:\/\/reporteroshoy.mx\/noticias\/la-vaqueria-de-merida-celebrara-43-anos-ininterrumpidos\/"},"wordCount":305,"commentCount":0,"image":{"@id":"https:\/\/reporteroshoy.mx\/noticias\/la-vaqueria-de-merida-celebrara-43-anos-ininterrumpidos\/#primaryimage"},"thumbnailUrl":"https:\/\/reporteroshoy.mx\/noticias\/wp-content\/uploads\/2025\/07\/VAQUERIA-1-scaled.jpg","keywords":["ayuntamiento de merida","Cultura","Vaquer\u00eda"],"articleSection":["Cultura"],"inLanguage":"es","potentialAction":[{"@type":"CommentAction","name":"Comment","target":["https:\/\/reporteroshoy.mx\/noticias\/la-vaqueria-de-merida-celebrara-43-anos-ininterrumpidos\/#respond"]}]},{"@type":"WebPage","@id":"https:\/\/reporteroshoy.mx\/noticias\/la-vaqueria-de-merida-celebrara-43-anos-ininterrumpidos\/","url":"https:\/\/reporteroshoy.mx\/noticias\/la-vaqueria-de-merida-celebrara-43-anos-ininterrumpidos\/","name":"La Vaquer\u00eda de M\u00e9rida celebrar\u00e1 43 a\u00f1os ininterrumpidos","isPartOf":{"@id":"https:\/\/reporteroshoy.mx\/noticias\/#website"},"primaryImageOfPage":{"@id":"https:\/\/reporteroshoy.mx\/noticias\/la-vaqueria-de-merida-celebrara-43-anos-ininterrumpidos\/#primaryimage"},"image":{"@id":"https:\/\/reporteroshoy.mx\/noticias\/la-vaqueria-de-merida-celebrara-43-anos-ininterrumpidos\/#primaryimage"},"thumbnailUrl":"https:\/\/reporteroshoy.mx\/noticias\/wp-content\/uploads\/2025\/07\/VAQUERIA-1-scaled.jpg","datePublished":"2025-07-05T00:05:36+00:00","dateModified":"2025-07-05T08:23:15+00:00","author":{"@id":"https:\/\/reporteroshoy.mx\/noticias\/#\/schema\/person\/948520f0d88b01be2e5266bc4acbbc15"},"description":"Con m\u00e1s de 80 bailarines en escena y orquesta en vivo, la vaquer\u00eda conmemorar\u00e1 su aniversario con una colorida y alegre fiesta.","breadcrumb":{"@id":"https:\/\/reporteroshoy.mx\/noticias\/la-vaqueria-de-merida-celebrara-43-anos-ininterrumpidos\/#breadcrumb"},"inLanguage":"es","potentialAction":[{"@type":"ReadAction","target":["https:\/\/reporteroshoy.mx\/noticias\/la-vaqueria-de-merida-celebrara-43-anos-ininterrumpidos\/"]}]},{"@type":"ImageObject","inLanguage":"es","@id":"https:\/\/reporteroshoy.mx\/noticias\/la-vaqueria-de-merida-celebrara-43-anos-ininterrumpidos\/#primaryimage","url":"https:\/\/reporteroshoy.mx\/noticias\/wp-content\/uploads\/2025\/07\/VAQUERIA-1-scaled.jpg","contentUrl":"https:\/\/reporteroshoy.mx\/noticias\/wp-content\/uploads\/2025\/07\/VAQUERIA-1-scaled.jpg","width":768,"height":513},{"@type":"BreadcrumbList","@id":"https:\/\/reporteroshoy.mx\/noticias\/la-vaqueria-de-merida-celebrara-43-anos-ininterrumpidos\/#breadcrumb","itemListElement":[{"@type":"ListItem","position":1,"name":"Portada","item":"https:\/\/reporteroshoy.mx\/noticias\/"},{"@type":"ListItem","position":2,"name":"La Vaquer\u00eda de M\u00e9rida celebrar\u00e1 43 a\u00f1os ininterrumpidos"}]},{"@type":"WebSite","@id":"https:\/\/reporteroshoy.mx\/noticias\/#website","url":"https:\/\/reporteroshoy.mx\/noticias\/","name":"Reporteros Hoy | Noticias de Yucat\u00e1n","description":"Peri\u00f3dico digital con noticias diarias desde M\u00e9rida, Yucat\u00e1n para el mundo.","potentialAction":[{"@type":"SearchAction","target":{"@type":"EntryPoint","urlTemplate":"https:\/\/reporteroshoy.mx\/noticias\/?s={search_term_string}"},"query-input":{"@type":"PropertyValueSpecification","valueRequired":true,"valueName":"search_term_string"}}],"inLanguage":"es"},{"@type":"Person","@id":"https:\/\/reporteroshoy.mx\/noticias\/#\/schema\/person\/948520f0d88b01be2e5266bc4acbbc15","name":"Reporteros Hoy IM","image":{"@type":"ImageObject","inLanguage":"es","@id":"https:\/\/secure.gravatar.com\/avatar\/d843030b96552826ac048bdfe26f2895604b800ed0c880ee55765a74d95dfc65?s=96&d=mm&r=g","url":"https:\/\/secure.gravatar.com\/avatar\/d843030b96552826ac048bdfe26f2895604b800ed0c880ee55765a74d95dfc65?s=96&d=mm&r=g","contentUrl":"https:\/\/secure.gravatar.com\/avatar\/d843030b96552826ac048bdfe26f2895604b800ed0c880ee55765a74d95dfc65?s=96&d=mm&r=g","caption":"Reporteros Hoy IM"},"url":"https:\/\/reporteroshoy.mx\/noticias\/author\/israel\/"}]}},"_links":{"self":[{"href":"https:\/\/reporteroshoy.mx\/noticias\/wp-json\/wp\/v2\/posts\/122640","targetHints":{"allow":["GET"]}}],"collection":[{"href":"https:\/\/reporteroshoy.mx\/noticias\/wp-json\/wp\/v2\/posts"}],"about":[{"href":"https:\/\/reporteroshoy.mx\/noticias\/wp-json\/wp\/v2\/types\/post"}],"author":[{"embeddable":true,"href":"https:\/\/reporteroshoy.mx\/noticias\/wp-json\/wp\/v2\/users\/5"}],"replies":[{"embeddable":true,"href":"https:\/\/reporteroshoy.mx\/noticias\/wp-json\/wp\/v2\/comments?post=122640"}],"version-history":[{"count":0,"href":"https:\/\/reporteroshoy.mx\/noticias\/wp-json\/wp\/v2\/posts\/122640\/revisions"}],"wp:featuredmedia":[{"embeddable":true,"href":"https:\/\/reporteroshoy.mx\/noticias\/wp-json\/wp\/v2\/media\/122632"}],"wp:attachment":[{"href":"https:\/\/reporteroshoy.mx\/noticias\/wp-json\/wp\/v2\/media?parent=122640"}],"wp:term":[{"taxonomy":"category","embeddable":true,"href":"https:\/\/reporteroshoy.mx\/noticias\/wp-json\/wp\/v2\/categories?post=122640"},{"taxonomy":"post_tag","embeddable":true,"href":"https:\/\/reporteroshoy.mx\/noticias\/wp-json\/wp\/v2\/tags?post=122640"}],"curies":[{"name":"wp","href":"https:\/\/api.w.org\/{rel}","templated":true}]}}